{"id":55710,"date":"2014-05-13T12:25:10","date_gmt":"2014-05-13T10:25:10","guid":{"rendered":"http:\/\/www.cinevox.be\/?p=55710"},"modified":"2014-05-13T13:43:57","modified_gmt":"2014-05-13T11:43:57","slug":"grace-bande-annonce","status":"publish","type":"post","link":"https:\/\/welovecinema.be\/fr\/grace-bande-annonce\/","title":{"rendered":"Grace &#8211; La bande-annonce"},"content":{"rendered":"<p>Lorsqu&rsquo;elle \u00e9pouse le Prince Rainier en 1956, Grace Kelly est alors une immense star de cin\u00e9ma, promise \u00e0 une carri\u00e8re extraordinaire.<\/p>\n<p>Six ans plus tard, alors que son couple rencontre de s\u00e9rieuses difficult\u00e9s, Alfred Hitchcock lui propose de revenir \u00e0 Hollywood, pour incarner Marnie dans son prochain film.<\/p>\n<p>Mais c&rsquo;est aussi le moment ou la France menace d&rsquo;annexer Monaco, ce petit pays dont elle est maintenant la Princesse. Grace est d\u00e9chir\u00e9e.<\/p>\n<p>Il lui faudra choisir entre la flamme artistique qui la consume encore ou devenir d\u00e9finitivement : Son Altesse S\u00e9r\u00e9nissime, la Princesse Grace de Monaco.\u00a0<!--more--><\/p>\n<p>&nbsp;<\/p>\n<p>Grace, un film d&rsquo;Olivier Dahan avec Nicole Kidman et Tim Roth<\/p>\n<p>Coproduit en Belgique par Umedia.<\/p>\n<p>Ouverture du Festival de Cannes le 14 mai 2014, un des films vedette de la Nuit du Palmar\u00e8s Magnum le 24 mai \u00e0 Bruxelles, Li\u00e8ge, Namur, Gand et anvers<\/p>\n","protected":false},"excerpt":{"rendered":"<p>Lorsqu&rsquo;elle \u00e9pouse le Prince Rainier en 1956, Grace Kelly est alors une immense star de cin\u00e9ma, promise \u00e0 une carri\u00e8re extraordinaire. Six ans plus tard, alors que son couple rencontre de s\u00e9rieuses difficult\u00e9s, Alfred Hitchcock lui propose de revenir \u00e0 Hollywood, pour incarner Marnie dans son prochain film. Mais c&rsquo;est aussi le moment ou la &hellip;<\/p>\n","protected":false},"author":7,"featured_media":55711,"comment_status":"closed","ping_status":"closed","sticky":false,"template":"","format":"standard","meta":{"ngg_post_thumbnail":0,"footnotes":""},"categories":[53],"tags":[],"class_list":["post-55710","post","type-post","status-publish","format-standard","has-post-thumbnail","","category-coming-soon"],"yoast_head":"<!-- This site is optimized with the Yoast SEO plugin v20.4 - https:\/\/yoast.com\/wordpress\/plugins\/seo\/ -->\n<title>Grace - La bande-annonce - We Love Cinema<\/title>\n<meta name=\"robots\" content=\"index, follow, max-snippet:-1, max-image-preview:large, max-video-preview:-1\" \/>\n<link rel=\"canonical\" href=\"https:\/\/welovecinema.be\/fr\/grace-bande-annonce\/\" \/>\n<meta property=\"og:locale\" content=\"fr_FR\" \/>\n<meta property=\"og:type\" content=\"article\" \/>\n<meta property=\"og:title\" content=\"Grace - La bande-annonce - We Love Cinema\" \/>\n<meta property=\"og:description\" content=\"Lorsqu&rsquo;elle \u00e9pouse le Prince Rainier en 1956, Grace Kelly est alors une immense star de cin\u00e9ma, promise \u00e0 une carri\u00e8re extraordinaire. Six ans plus tard, alors que son couple rencontre de s\u00e9rieuses difficult\u00e9s, Alfred Hitchcock lui propose de revenir \u00e0 Hollywood, pour incarner Marnie dans son prochain film. Mais c&rsquo;est aussi le moment ou la &hellip;\" \/>\n<meta property=\"og:url\" content=\"https:\/\/welovecinema.be\/fr\/grace-bande-annonce\/\" \/>\n<meta property=\"og:site_name\" content=\"We Love Cinema\" \/>\n<meta property=\"article:publisher\" content=\"https:\/\/www.facebook.com\/welovecinema.be\" \/>\n<meta property=\"article:published_time\" content=\"2014-05-13T10:25:10+00:00\" \/>\n<meta property=\"article:modified_time\" content=\"2014-05-13T11:43:57+00:00\" \/>\n<meta property=\"og:image\" content=\"https:\/\/welovecinema.be\/wp-content\/uploads\/sites\/2\/2014\/04\/le-biopic-parlera-d-un-moment-cle-de-la-vie.jpg\" \/>\n\t<meta property=\"og:image:width\" content=\"930\" \/>\n\t<meta property=\"og:image:height\" content=\"615\" \/>\n\t<meta property=\"og:image:type\" content=\"image\/jpeg\" \/>\n<meta name=\"author\" content=\"Philippe.Pierquin\" \/>\n<meta name=\"twitter:card\" content=\"summary_large_image\" \/>\n<meta name=\"twitter:label1\" content=\"\u00c9crit par\" \/>\n\t<meta name=\"twitter:data1\" content=\"Philippe.Pierquin\" \/>\n\t<meta name=\"twitter:label2\" content=\"Dur\u00e9e de lecture estim\u00e9e\" \/>\n\t<meta name=\"twitter:data2\" content=\"1 minute\" \/>\n<script type=\"application\/ld+json\" class=\"yoast-schema-graph\">{\"@context\":\"https:\/\/schema.org\",\"@graph\":[{\"@type\":\"Article\",\"@id\":\"https:\/\/welovecinema.be\/fr\/grace-bande-annonce\/#article\",\"isPartOf\":{\"@id\":\"https:\/\/welovecinema.be\/fr\/grace-bande-annonce\/\"},\"author\":{\"name\":\"Philippe.Pierquin\",\"@id\":\"https:\/\/welovecinema.be\/nl\/#\/schema\/person\/4b9b1d857f0943453a38a7c2859ef756\"},\"headline\":\"Grace &#8211; La bande-annonce\",\"datePublished\":\"2014-05-13T10:25:10+00:00\",\"dateModified\":\"2014-05-13T11:43:57+00:00\",\"mainEntityOfPage\":{\"@id\":\"https:\/\/welovecinema.be\/fr\/grace-bande-annonce\/\"},\"wordCount\":152,\"publisher\":{\"@id\":\"https:\/\/welovecinema.be\/nl\/#organization\"},\"articleSection\":[\"Coming soon\"],\"inLanguage\":\"fr-FR\"},{\"@type\":\"WebPage\",\"@id\":\"https:\/\/welovecinema.be\/fr\/grace-bande-annonce\/\",\"url\":\"https:\/\/welovecinema.be\/fr\/grace-bande-annonce\/\",\"name\":\"Grace - La bande-annonce - We Love Cinema\",\"isPartOf\":{\"@id\":\"https:\/\/welovecinema.be\/nl\/#website\"},\"datePublished\":\"2014-05-13T10:25:10+00:00\",\"dateModified\":\"2014-05-13T11:43:57+00:00\",\"breadcrumb\":{\"@id\":\"https:\/\/welovecinema.be\/fr\/grace-bande-annonce\/#breadcrumb\"},\"inLanguage\":\"fr-FR\",\"potentialAction\":[{\"@type\":\"ReadAction\",\"target\":[\"https:\/\/welovecinema.be\/fr\/grace-bande-annonce\/\"]}]},{\"@type\":\"BreadcrumbList\",\"@id\":\"https:\/\/welovecinema.be\/fr\/grace-bande-annonce\/#breadcrumb\",\"itemListElement\":[{\"@type\":\"ListItem\",\"position\":1,\"name\":\"Accueil\",\"item\":\"https:\/\/welovecinema.be\/fr\/\"},{\"@type\":\"ListItem\",\"position\":2,\"name\":\"Grace &#8211; La bande-annonce\"}]},{\"@type\":\"WebSite\",\"@id\":\"https:\/\/welovecinema.be\/nl\/#website\",\"url\":\"https:\/\/welovecinema.be\/nl\/\",\"name\":\"We Love Cinema\",\"description\":\"Toute l\u2019information du cin\u00e9ma en Belgique\",\"publisher\":{\"@id\":\"https:\/\/welovecinema.be\/nl\/#organization\"},\"potentialAction\":[{\"@type\":\"SearchAction\",\"target\":{\"@type\":\"EntryPoint\",\"urlTemplate\":\"https:\/\/welovecinema.be\/nl\/?s={search_term_string}\"},\"query-input\":\"required name=search_term_string\"}],\"inLanguage\":\"fr-FR\"},{\"@type\":\"Organization\",\"@id\":\"https:\/\/welovecinema.be\/nl\/#organization\",\"name\":\"We Love Cinema\",\"url\":\"https:\/\/welovecinema.be\/nl\/\",\"logo\":{\"@type\":\"ImageObject\",\"inLanguage\":\"fr-FR\",\"@id\":\"https:\/\/welovecinema.be\/nl\/#\/schema\/logo\/image\/\",\"url\":\"https:\/\/welovecinema.be\/wp-content\/uploads\/sites\/2\/2023\/03\/Logo-We-Love-Cinema305x128.jpg\",\"contentUrl\":\"https:\/\/welovecinema.be\/wp-content\/uploads\/sites\/2\/2023\/03\/Logo-We-Love-Cinema305x128.jpg\",\"width\":305,\"height\":128,\"caption\":\"We Love Cinema\"},\"image\":{\"@id\":\"https:\/\/welovecinema.be\/nl\/#\/schema\/logo\/image\/\"},\"sameAs\":[\"https:\/\/www.facebook.com\/welovecinema.be\",\"https:\/\/www.youtube.com\/channel\/UCX5LYGVhnKvYauW4Nta4HJA\",\"https:\/\/www.instagram.com\/welovecinema.be\/\"]},{\"@type\":\"Person\",\"@id\":\"https:\/\/welovecinema.be\/nl\/#\/schema\/person\/4b9b1d857f0943453a38a7c2859ef756\",\"name\":\"Philippe.Pierquin\",\"url\":\"https:\/\/welovecinema.be\/fr\/author\/philippe-pierquin\/\"}]}<\/script>\n<!-- \/ Yoast SEO plugin. -->","yoast_head_json":{"title":"Grace - La bande-annonce - We Love Cinema","robots":{"index":"index","follow":"follow","max-snippet":"max-snippet:-1","max-image-preview":"max-image-preview:large","max-video-preview":"max-video-preview:-1"},"canonical":"https:\/\/welovecinema.be\/fr\/grace-bande-annonce\/","og_locale":"fr_FR","og_type":"article","og_title":"Grace - La bande-annonce - We Love Cinema","og_description":"Lorsqu&rsquo;elle \u00e9pouse le Prince Rainier en 1956, Grace Kelly est alors une immense star de cin\u00e9ma, promise \u00e0 une carri\u00e8re extraordinaire. Six ans plus tard, alors que son couple rencontre de s\u00e9rieuses difficult\u00e9s, Alfred Hitchcock lui propose de revenir \u00e0 Hollywood, pour incarner Marnie dans son prochain film. Mais c&rsquo;est aussi le moment ou la &hellip;","og_url":"https:\/\/welovecinema.be\/fr\/grace-bande-annonce\/","og_site_name":"We Love Cinema","article_publisher":"https:\/\/www.facebook.com\/welovecinema.be","article_published_time":"2014-05-13T10:25:10+00:00","article_modified_time":"2014-05-13T11:43:57+00:00","og_image":[{"width":930,"height":615,"url":"https:\/\/welovecinema.be\/wp-content\/uploads\/sites\/2\/2014\/04\/le-biopic-parlera-d-un-moment-cle-de-la-vie.jpg","type":"image\/jpeg"}],"author":"Philippe.Pierquin","twitter_card":"summary_large_image","twitter_misc":{"\u00c9crit par":"Philippe.Pierquin","Dur\u00e9e de lecture estim\u00e9e":"1 minute"},"schema":{"@context":"https:\/\/schema.org","@graph":[{"@type":"Article","@id":"https:\/\/welovecinema.be\/fr\/grace-bande-annonce\/#article","isPartOf":{"@id":"https:\/\/welovecinema.be\/fr\/grace-bande-annonce\/"},"author":{"name":"Philippe.Pierquin","@id":"https:\/\/welovecinema.be\/nl\/#\/schema\/person\/4b9b1d857f0943453a38a7c2859ef756"},"headline":"Grace &#8211; La bande-annonce","datePublished":"2014-05-13T10:25:10+00:00","dateModified":"2014-05-13T11:43:57+00:00","mainEntityOfPage":{"@id":"https:\/\/welovecinema.be\/fr\/grace-bande-annonce\/"},"wordCount":152,"publisher":{"@id":"https:\/\/welovecinema.be\/nl\/#organization"},"articleSection":["Coming soon"],"inLanguage":"fr-FR"},{"@type":"WebPage","@id":"https:\/\/welovecinema.be\/fr\/grace-bande-annonce\/","url":"https:\/\/welovecinema.be\/fr\/grace-bande-annonce\/","name":"Grace - La bande-annonce - We Love Cinema","isPartOf":{"@id":"https:\/\/welovecinema.be\/nl\/#website"},"datePublished":"2014-05-13T10:25:10+00:00","dateModified":"2014-05-13T11:43:57+00:00","breadcrumb":{"@id":"https:\/\/welovecinema.be\/fr\/grace-bande-annonce\/#breadcrumb"},"inLanguage":"fr-FR","potentialAction":[{"@type":"ReadAction","target":["https:\/\/welovecinema.be\/fr\/grace-bande-annonce\/"]}]},{"@type":"BreadcrumbList","@id":"https:\/\/welovecinema.be\/fr\/grace-bande-annonce\/#breadcrumb","itemListElement":[{"@type":"ListItem","position":1,"name":"Accueil","item":"https:\/\/welovecinema.be\/fr\/"},{"@type":"ListItem","position":2,"name":"Grace &#8211; La bande-annonce"}]},{"@type":"WebSite","@id":"https:\/\/welovecinema.be\/nl\/#website","url":"https:\/\/welovecinema.be\/nl\/","name":"We Love Cinema","description":"Toute l\u2019information du cin\u00e9ma en Belgique","publisher":{"@id":"https:\/\/welovecinema.be\/nl\/#organization"},"potentialAction":[{"@type":"SearchAction","target":{"@type":"EntryPoint","urlTemplate":"https:\/\/welovecinema.be\/nl\/?s={search_term_string}"},"query-input":"required name=search_term_string"}],"inLanguage":"fr-FR"},{"@type":"Organization","@id":"https:\/\/welovecinema.be\/nl\/#organization","name":"We Love Cinema","url":"https:\/\/welovecinema.be\/nl\/","logo":{"@type":"ImageObject","inLanguage":"fr-FR","@id":"https:\/\/welovecinema.be\/nl\/#\/schema\/logo\/image\/","url":"https:\/\/welovecinema.be\/wp-content\/uploads\/sites\/2\/2023\/03\/Logo-We-Love-Cinema305x128.jpg","contentUrl":"https:\/\/welovecinema.be\/wp-content\/uploads\/sites\/2\/2023\/03\/Logo-We-Love-Cinema305x128.jpg","width":305,"height":128,"caption":"We Love Cinema"},"image":{"@id":"https:\/\/welovecinema.be\/nl\/#\/schema\/logo\/image\/"},"sameAs":["https:\/\/www.facebook.com\/welovecinema.be","https:\/\/www.youtube.com\/channel\/UCX5LYGVhnKvYauW4Nta4HJA","https:\/\/www.instagram.com\/welovecinema.be\/"]},{"@type":"Person","@id":"https:\/\/welovecinema.be\/nl\/#\/schema\/person\/4b9b1d857f0943453a38a7c2859ef756","name":"Philippe.Pierquin","url":"https:\/\/welovecinema.be\/fr\/author\/philippe-pierquin\/"}]}},"_links":{"self":[{"href":"https:\/\/welovecinema.be\/fr\/wp-json\/wp\/v2\/posts\/55710","targetHints":{"allow":["GET"]}}],"collection":[{"href":"https:\/\/welovecinema.be\/fr\/wp-json\/wp\/v2\/posts"}],"about":[{"href":"https:\/\/welovecinema.be\/fr\/wp-json\/wp\/v2\/types\/post"}],"author":[{"embeddable":true,"href":"https:\/\/welovecinema.be\/fr\/wp-json\/wp\/v2\/users\/7"}],"replies":[{"embeddable":true,"href":"https:\/\/welovecinema.be\/fr\/wp-json\/wp\/v2\/comments?post=55710"}],"version-history":[{"count":0,"href":"https:\/\/welovecinema.be\/fr\/wp-json\/wp\/v2\/posts\/55710\/revisions"}],"wp:featuredmedia":[{"embeddable":true,"href":"https:\/\/welovecinema.be\/fr\/wp-json\/wp\/v2\/media\/55711"}],"wp:attachment":[{"href":"https:\/\/welovecinema.be\/fr\/wp-json\/wp\/v2\/media?parent=55710"}],"wp:term":[{"taxonomy":"category","embeddable":true,"href":"https:\/\/welovecinema.be\/fr\/wp-json\/wp\/v2\/categories?post=55710"},{"taxonomy":"post_tag","embeddable":true,"href":"https:\/\/welovecinema.be\/fr\/wp-json\/wp\/v2\/tags?post=55710"}],"curies":[{"name":"wp","href":"https:\/\/api.w.org\/{rel}","templated":true}]}}