{"id":55504,"date":"2014-05-09T10:11:56","date_gmt":"2014-05-09T08:11:56","guid":{"rendered":"http:\/\/www.cinevox.be\/?p=55504"},"modified":"2014-05-07T12:02:48","modified_gmt":"2014-05-07T10:02:48","slug":"alleluia-gardons-foi","status":"publish","type":"post","link":"https:\/\/welovecinema.be\/fr\/alleluia-gardons-foi\/","title":{"rendered":"All\u00e9luia, gardons la foi !"},"content":{"rendered":"<p><span style=\"font-size: 16px;\">Vous le savez, on attend <em>Alleluia<\/em> avec une impatience non dissimul\u00e9e et tr\u00e8s peu contr\u00f4lable. On a m\u00eame \u00a0sabr\u00e9 le champagne en apprenant sa s\u00e9lection \u00e0 la Quinzaine des R\u00e9alisateurs cannoise, car \u00e7a va nous permettre de le d\u00e9couvrir plus rapidement.<\/span><\/p>\n<p><span style=\"font-size: 16px;\">En attendant, on se r\u00e9jouit de d\u00e9couvrir que l\u2019\u00e9quipe de production a eu\u00a0la g\u00e9niale id\u00e9e de nous offrir en guise de zakouski, un fanzine num\u00e9rique et gratuit qui nous plonge d\u00e9j\u00e0 dans l\u2019ambiance de cette odyss\u00e9e sanglante.<br \/>\n<\/span><\/p>\n<p><span style=\"font-size: 16px;\">\u00c7a s\u2019appelle Faith. Histoire de garder la foi?<!--more--><\/span><\/p>\n<p>&nbsp;<\/p>\n<p>On vous l\u2019a assez serin\u00e9 : <strong>Fabrice du Welz<\/strong> revient avec un nouveau long-m\u00e9trage ! Tourn\u00e9 en septembre dernier, ce deuxi\u00e8me opus de la trilogie ardennaise du r\u00e9alisateur de <i>Calvaire <\/i>sortira sur nos \u00e9crans belges dans le courant de 2014.<\/p>\n<p>&nbsp;<\/p>\n<p><a href=\"http:\/\/www.cinevox.be\/alleluia-gardons-foi\/faith-2\/\" rel=\"attachment wp-att-55505\"><img loading=\"lazy\" decoding=\"async\" class=\"aligncenter size-full wp-image-55505\" alt=\"\" src=\"http:\/\/www.cinevox.be\/wp-content\/uploads\/sites\/2\/2014\/04\/faith-2.jpg\" width=\"1770\" height=\"912\" srcset=\"https:\/\/welovecinema.be\/wp-content\/uploads\/sites\/2\/2014\/04\/faith-2.jpg 1770w, https:\/\/welovecinema.be\/wp-content\/uploads\/sites\/2\/2014\/04\/faith-2-480x247.jpg 480w, https:\/\/welovecinema.be\/wp-content\/uploads\/sites\/2\/2014\/04\/faith-2-800x412.jpg 800w\" sizes=\"auto, (max-width: 1770px) 100vw, 1770px\" \/><\/a><\/p>\n<p>&nbsp;<\/p>\n<p>L\u2019histoire n\u2019est pas totalement in\u00e9dite. Elle est inspir\u00e9e de l\u2019odyss\u00e9e meurtri\u00e8re de Martha Beck et Raymond Fernandez, un gigolo \u00e0 la petite semaine a d\u00e9j\u00e0 \u00e9t\u00e9 plusieurs fois adapt\u00e9 au cin\u00e9ma. Mais tout le monde est curieux de voir comment Fabrice du Welz l\u2019a revisit\u00e9e avec son acteur f\u00e9tiche <b>Laurent Lucas<\/b> et une <b>Lola Duenas<\/b>, volcanique.<\/p>\n<p>&nbsp;<\/p>\n<p>&nbsp;<\/p>\n<p><a href=\"http:\/\/www.cinevox.be\/alleluia-gardons-foi\/2014-04-15_10h33_12\/\" rel=\"attachment wp-att-55506\"><img loading=\"lazy\" decoding=\"async\" class=\"alignright size-large wp-image-55506\" alt=\"\" src=\"http:\/\/www.cinevox.be\/wp-content\/uploads\/sites\/2\/2014\/04\/2014-04-15_10h33_12-449x600.jpg\" width=\"449\" height=\"600\" srcset=\"https:\/\/welovecinema.be\/wp-content\/uploads\/sites\/2\/2014\/04\/2014-04-15_10h33_12-449x600.jpg 449w, https:\/\/welovecinema.be\/wp-content\/uploads\/sites\/2\/2014\/04\/2014-04-15_10h33_12-202x270.jpg 202w, https:\/\/welovecinema.be\/wp-content\/uploads\/sites\/2\/2014\/04\/2014-04-15_10h33_12.jpg 467w\" sizes=\"auto, (max-width: 449px) 100vw, 449px\" \/><\/a>Pour patienter jusqu\u2019\u00e0 la sortie en salles, et surtout pour capter l\u2019attention des spectateurs potentiels, tous fans de frissons, <i>Panique <\/i>qui produit le film et <i>Cuistax<\/i> qui s\u2019occupe de sa promotion ont imagin\u00e9<i> Faith<\/i>, fanzine officiel du film qui arpente les secrets de fabrication d\u2019<i>Alleluia<\/i> et diss\u00e8que le cin\u00e9ma de genre dans ses th\u00e9matiques.<\/p>\n<p>&nbsp;<\/p>\n<p>&nbsp;<\/p>\n<p>Dans ce premier num\u00e9ro, <b>Fabrice du Welz<\/b> revient sur sa filmographie et sur les origines d\u2019<i>Alleluia. <\/i>Au sommaire : les coulisses du film, retour sur le fait divers des <i>Tueurs de la lune de miel<\/i> qui a inspir\u00e9 le r\u00e9alisateur, mais aussi tant d\u2019autres cin\u00e9astes.<\/p>\n<p>&nbsp;<\/p>\n<p>FAITH dressera une cartographie s\u00e9lective des amants criminels au cin\u00e9ma, un sujet r\u00e9current dans le 7e art et vous r\u00e9servera des surprises !<\/p>\n<p>&nbsp;<\/p>\n<p>&nbsp;<\/p>\n<p>D\u00e8s aujourd\u2019hui, rendez-vous <a href=\"http:\/\/www.alleluia-lefilm.com\/\">ICI<\/a> pour suivre et partager les quelques num\u00e9ros de FAITH et ses contenus in\u00e9dits ! Soutenu par la F\u00e9d\u00e9ration Wallonie-Bruxelles et Wallimage Cross Media, ce projet est \u00e0 la fois original, bourr\u00e9 d\u2019infos et totalement gratuit.<\/p>\n<p>All\u00e9luia, quoi.<\/p>\n","protected":false},"excerpt":{"rendered":"<p>Vous le savez, on attend Alleluia avec une impatience non dissimul\u00e9e et tr\u00e8s peu contr\u00f4lable. On a m\u00eame \u00a0sabr\u00e9 le champagne en apprenant sa s\u00e9lection \u00e0 la Quinzaine des R\u00e9alisateurs cannoise, car \u00e7a va nous permettre de le d\u00e9couvrir plus rapidement. En attendant, on se r\u00e9jouit de d\u00e9couvrir que l\u2019\u00e9quipe de production a eu\u00a0la g\u00e9niale &hellip;<\/p>\n","protected":false},"author":7,"featured_media":55508,"comment_status":"closed","ping_status":"closed","sticky":false,"template":"","format":"standard","meta":{"ngg_post_thumbnail":0,"footnotes":""},"categories":[1923,7],"tags":[],"class_list":["post-55504","post","type-post","status-publish","format-standard","has-post-thumbnail","","category-en-bref","category-actualites"],"yoast_head":"<!-- This site is optimized with the Yoast SEO plugin v20.4 - https:\/\/yoast.com\/wordpress\/plugins\/seo\/ -->\n<title>All\u00e9luia, gardons la foi ! - We Love Cinema<\/title>\n<meta name=\"robots\" content=\"index, follow, max-snippet:-1, max-image-preview:large, max-video-preview:-1\" \/>\n<link rel=\"canonical\" href=\"https:\/\/welovecinema.be\/fr\/alleluia-gardons-foi\/\" \/>\n<meta property=\"og:locale\" content=\"fr_FR\" \/>\n<meta property=\"og:type\" content=\"article\" \/>\n<meta property=\"og:title\" content=\"All\u00e9luia, gardons la foi ! - We Love Cinema\" \/>\n<meta property=\"og:description\" content=\"Vous le savez, on attend Alleluia avec une impatience non dissimul\u00e9e et tr\u00e8s peu contr\u00f4lable. On a m\u00eame \u00a0sabr\u00e9 le champagne en apprenant sa s\u00e9lection \u00e0 la Quinzaine des R\u00e9alisateurs cannoise, car \u00e7a va nous permettre de le d\u00e9couvrir plus rapidement. En attendant, on se r\u00e9jouit de d\u00e9couvrir que l\u2019\u00e9quipe de production a eu\u00a0la g\u00e9niale &hellip;\" \/>\n<meta property=\"og:url\" content=\"https:\/\/welovecinema.be\/fr\/alleluia-gardons-foi\/\" \/>\n<meta property=\"og:site_name\" content=\"We Love Cinema\" \/>\n<meta property=\"article:publisher\" content=\"https:\/\/www.facebook.com\/welovecinema.be\" \/>\n<meta property=\"article:published_time\" content=\"2014-05-09T08:11:56+00:00\" \/>\n<meta property=\"article:modified_time\" content=\"2014-05-07T10:02:48+00:00\" \/>\n<meta property=\"og:image\" content=\"https:\/\/welovecinema.be\/wp-content\/uploads\/sites\/2\/2014\/04\/faith-1.jpg\" \/>\n\t<meta property=\"og:image:width\" content=\"1439\" \/>\n\t<meta property=\"og:image:height\" content=\"811\" \/>\n\t<meta property=\"og:image:type\" content=\"image\/jpeg\" \/>\n<meta name=\"author\" content=\"Philippe.Pierquin\" \/>\n<meta name=\"twitter:card\" content=\"summary_large_image\" \/>\n<meta name=\"twitter:label1\" content=\"\u00c9crit par\" \/>\n\t<meta name=\"twitter:data1\" content=\"Philippe.Pierquin\" \/>\n\t<meta name=\"twitter:label2\" content=\"Dur\u00e9e de lecture estim\u00e9e\" \/>\n\t<meta name=\"twitter:data2\" content=\"2 minutes\" \/>\n<script type=\"application\/ld+json\" class=\"yoast-schema-graph\">{\"@context\":\"https:\/\/schema.org\",\"@graph\":[{\"@type\":\"Article\",\"@id\":\"https:\/\/welovecinema.be\/fr\/alleluia-gardons-foi\/#article\",\"isPartOf\":{\"@id\":\"https:\/\/welovecinema.be\/fr\/alleluia-gardons-foi\/\"},\"author\":{\"name\":\"Philippe.Pierquin\",\"@id\":\"https:\/\/welovecinema.be\/nl\/#\/schema\/person\/4b9b1d857f0943453a38a7c2859ef756\"},\"headline\":\"All\u00e9luia, gardons la foi !\",\"datePublished\":\"2014-05-09T08:11:56+00:00\",\"dateModified\":\"2014-05-07T10:02:48+00:00\",\"mainEntityOfPage\":{\"@id\":\"https:\/\/welovecinema.be\/fr\/alleluia-gardons-foi\/\"},\"wordCount\":408,\"publisher\":{\"@id\":\"https:\/\/welovecinema.be\/nl\/#organization\"},\"articleSection\":[\"En bref\",\"News\"],\"inLanguage\":\"fr-FR\"},{\"@type\":\"WebPage\",\"@id\":\"https:\/\/welovecinema.be\/fr\/alleluia-gardons-foi\/\",\"url\":\"https:\/\/welovecinema.be\/fr\/alleluia-gardons-foi\/\",\"name\":\"All\u00e9luia, gardons la foi ! - We Love Cinema\",\"isPartOf\":{\"@id\":\"https:\/\/welovecinema.be\/nl\/#website\"},\"datePublished\":\"2014-05-09T08:11:56+00:00\",\"dateModified\":\"2014-05-07T10:02:48+00:00\",\"breadcrumb\":{\"@id\":\"https:\/\/welovecinema.be\/fr\/alleluia-gardons-foi\/#breadcrumb\"},\"inLanguage\":\"fr-FR\",\"potentialAction\":[{\"@type\":\"ReadAction\",\"target\":[\"https:\/\/welovecinema.be\/fr\/alleluia-gardons-foi\/\"]}]},{\"@type\":\"BreadcrumbList\",\"@id\":\"https:\/\/welovecinema.be\/fr\/alleluia-gardons-foi\/#breadcrumb\",\"itemListElement\":[{\"@type\":\"ListItem\",\"position\":1,\"name\":\"Accueil\",\"item\":\"https:\/\/welovecinema.be\/fr\/\"},{\"@type\":\"ListItem\",\"position\":2,\"name\":\"All\u00e9luia, gardons la foi !\"}]},{\"@type\":\"WebSite\",\"@id\":\"https:\/\/welovecinema.be\/nl\/#website\",\"url\":\"https:\/\/welovecinema.be\/nl\/\",\"name\":\"We Love Cinema\",\"description\":\"Toute l\u2019information du cin\u00e9ma en Belgique\",\"publisher\":{\"@id\":\"https:\/\/welovecinema.be\/nl\/#organization\"},\"potentialAction\":[{\"@type\":\"SearchAction\",\"target\":{\"@type\":\"EntryPoint\",\"urlTemplate\":\"https:\/\/welovecinema.be\/nl\/?s={search_term_string}\"},\"query-input\":\"required name=search_term_string\"}],\"inLanguage\":\"fr-FR\"},{\"@type\":\"Organization\",\"@id\":\"https:\/\/welovecinema.be\/nl\/#organization\",\"name\":\"We Love Cinema\",\"url\":\"https:\/\/welovecinema.be\/nl\/\",\"logo\":{\"@type\":\"ImageObject\",\"inLanguage\":\"fr-FR\",\"@id\":\"https:\/\/welovecinema.be\/nl\/#\/schema\/logo\/image\/\",\"url\":\"https:\/\/welovecinema.be\/wp-content\/uploads\/sites\/2\/2023\/03\/Logo-We-Love-Cinema305x128.jpg\",\"contentUrl\":\"https:\/\/welovecinema.be\/wp-content\/uploads\/sites\/2\/2023\/03\/Logo-We-Love-Cinema305x128.jpg\",\"width\":305,\"height\":128,\"caption\":\"We Love Cinema\"},\"image\":{\"@id\":\"https:\/\/welovecinema.be\/nl\/#\/schema\/logo\/image\/\"},\"sameAs\":[\"https:\/\/www.facebook.com\/welovecinema.be\",\"https:\/\/www.youtube.com\/channel\/UCX5LYGVhnKvYauW4Nta4HJA\",\"https:\/\/www.instagram.com\/welovecinema.be\/\"]},{\"@type\":\"Person\",\"@id\":\"https:\/\/welovecinema.be\/nl\/#\/schema\/person\/4b9b1d857f0943453a38a7c2859ef756\",\"name\":\"Philippe.Pierquin\",\"url\":\"https:\/\/welovecinema.be\/fr\/author\/philippe-pierquin\/\"}]}<\/script>\n<!-- \/ Yoast SEO plugin. -->","yoast_head_json":{"title":"All\u00e9luia, gardons la foi ! - We Love Cinema","robots":{"index":"index","follow":"follow","max-snippet":"max-snippet:-1","max-image-preview":"max-image-preview:large","max-video-preview":"max-video-preview:-1"},"canonical":"https:\/\/welovecinema.be\/fr\/alleluia-gardons-foi\/","og_locale":"fr_FR","og_type":"article","og_title":"All\u00e9luia, gardons la foi ! - We Love Cinema","og_description":"Vous le savez, on attend Alleluia avec une impatience non dissimul\u00e9e et tr\u00e8s peu contr\u00f4lable. On a m\u00eame \u00a0sabr\u00e9 le champagne en apprenant sa s\u00e9lection \u00e0 la Quinzaine des R\u00e9alisateurs cannoise, car \u00e7a va nous permettre de le d\u00e9couvrir plus rapidement. En attendant, on se r\u00e9jouit de d\u00e9couvrir que l\u2019\u00e9quipe de production a eu\u00a0la g\u00e9niale &hellip;","og_url":"https:\/\/welovecinema.be\/fr\/alleluia-gardons-foi\/","og_site_name":"We Love Cinema","article_publisher":"https:\/\/www.facebook.com\/welovecinema.be","article_published_time":"2014-05-09T08:11:56+00:00","article_modified_time":"2014-05-07T10:02:48+00:00","og_image":[{"width":1439,"height":811,"url":"https:\/\/welovecinema.be\/wp-content\/uploads\/sites\/2\/2014\/04\/faith-1.jpg","type":"image\/jpeg"}],"author":"Philippe.Pierquin","twitter_card":"summary_large_image","twitter_misc":{"\u00c9crit par":"Philippe.Pierquin","Dur\u00e9e de lecture estim\u00e9e":"2 minutes"},"schema":{"@context":"https:\/\/schema.org","@graph":[{"@type":"Article","@id":"https:\/\/welovecinema.be\/fr\/alleluia-gardons-foi\/#article","isPartOf":{"@id":"https:\/\/welovecinema.be\/fr\/alleluia-gardons-foi\/"},"author":{"name":"Philippe.Pierquin","@id":"https:\/\/welovecinema.be\/nl\/#\/schema\/person\/4b9b1d857f0943453a38a7c2859ef756"},"headline":"All\u00e9luia, gardons la foi !","datePublished":"2014-05-09T08:11:56+00:00","dateModified":"2014-05-07T10:02:48+00:00","mainEntityOfPage":{"@id":"https:\/\/welovecinema.be\/fr\/alleluia-gardons-foi\/"},"wordCount":408,"publisher":{"@id":"https:\/\/welovecinema.be\/nl\/#organization"},"articleSection":["En bref","News"],"inLanguage":"fr-FR"},{"@type":"WebPage","@id":"https:\/\/welovecinema.be\/fr\/alleluia-gardons-foi\/","url":"https:\/\/welovecinema.be\/fr\/alleluia-gardons-foi\/","name":"All\u00e9luia, gardons la foi ! - We Love Cinema","isPartOf":{"@id":"https:\/\/welovecinema.be\/nl\/#website"},"datePublished":"2014-05-09T08:11:56+00:00","dateModified":"2014-05-07T10:02:48+00:00","breadcrumb":{"@id":"https:\/\/welovecinema.be\/fr\/alleluia-gardons-foi\/#breadcrumb"},"inLanguage":"fr-FR","potentialAction":[{"@type":"ReadAction","target":["https:\/\/welovecinema.be\/fr\/alleluia-gardons-foi\/"]}]},{"@type":"BreadcrumbList","@id":"https:\/\/welovecinema.be\/fr\/alleluia-gardons-foi\/#breadcrumb","itemListElement":[{"@type":"ListItem","position":1,"name":"Accueil","item":"https:\/\/welovecinema.be\/fr\/"},{"@type":"ListItem","position":2,"name":"All\u00e9luia, gardons la foi !"}]},{"@type":"WebSite","@id":"https:\/\/welovecinema.be\/nl\/#website","url":"https:\/\/welovecinema.be\/nl\/","name":"We Love Cinema","description":"Toute l\u2019information du cin\u00e9ma en Belgique","publisher":{"@id":"https:\/\/welovecinema.be\/nl\/#organization"},"potentialAction":[{"@type":"SearchAction","target":{"@type":"EntryPoint","urlTemplate":"https:\/\/welovecinema.be\/nl\/?s={search_term_string}"},"query-input":"required name=search_term_string"}],"inLanguage":"fr-FR"},{"@type":"Organization","@id":"https:\/\/welovecinema.be\/nl\/#organization","name":"We Love Cinema","url":"https:\/\/welovecinema.be\/nl\/","logo":{"@type":"ImageObject","inLanguage":"fr-FR","@id":"https:\/\/welovecinema.be\/nl\/#\/schema\/logo\/image\/","url":"https:\/\/welovecinema.be\/wp-content\/uploads\/sites\/2\/2023\/03\/Logo-We-Love-Cinema305x128.jpg","contentUrl":"https:\/\/welovecinema.be\/wp-content\/uploads\/sites\/2\/2023\/03\/Logo-We-Love-Cinema305x128.jpg","width":305,"height":128,"caption":"We Love Cinema"},"image":{"@id":"https:\/\/welovecinema.be\/nl\/#\/schema\/logo\/image\/"},"sameAs":["https:\/\/www.facebook.com\/welovecinema.be","https:\/\/www.youtube.com\/channel\/UCX5LYGVhnKvYauW4Nta4HJA","https:\/\/www.instagram.com\/welovecinema.be\/"]},{"@type":"Person","@id":"https:\/\/welovecinema.be\/nl\/#\/schema\/person\/4b9b1d857f0943453a38a7c2859ef756","name":"Philippe.Pierquin","url":"https:\/\/welovecinema.be\/fr\/author\/philippe-pierquin\/"}]}},"_links":{"self":[{"href":"https:\/\/welovecinema.be\/fr\/wp-json\/wp\/v2\/posts\/55504","targetHints":{"allow":["GET"]}}],"collection":[{"href":"https:\/\/welovecinema.be\/fr\/wp-json\/wp\/v2\/posts"}],"about":[{"href":"https:\/\/welovecinema.be\/fr\/wp-json\/wp\/v2\/types\/post"}],"author":[{"embeddable":true,"href":"https:\/\/welovecinema.be\/fr\/wp-json\/wp\/v2\/users\/7"}],"replies":[{"embeddable":true,"href":"https:\/\/welovecinema.be\/fr\/wp-json\/wp\/v2\/comments?post=55504"}],"version-history":[{"count":0,"href":"https:\/\/welovecinema.be\/fr\/wp-json\/wp\/v2\/posts\/55504\/revisions"}],"wp:featuredmedia":[{"embeddable":true,"href":"https:\/\/welovecinema.be\/fr\/wp-json\/wp\/v2\/media\/55508"}],"wp:attachment":[{"href":"https:\/\/welovecinema.be\/fr\/wp-json\/wp\/v2\/media?parent=55504"}],"wp:term":[{"taxonomy":"category","embeddable":true,"href":"https:\/\/welovecinema.be\/fr\/wp-json\/wp\/v2\/categories?post=55504"},{"taxonomy":"post_tag","embeddable":true,"href":"https:\/\/welovecinema.be\/fr\/wp-json\/wp\/v2\/tags?post=55504"}],"curies":[{"name":"wp","href":"https:\/\/api.w.org\/{rel}","templated":true}]}}