{"id":55266,"date":"2014-04-14T21:20:50","date_gmt":"2014-04-14T19:20:50","guid":{"rendered":"http:\/\/www.cinevox.be\/?p=55266"},"modified":"2014-04-14T21:28:13","modified_gmt":"2014-04-14T19:28:13","slug":"marina-festre-productrice-au-sujet-du-cinema-abc","status":"publish","type":"post","link":"https:\/\/welovecinema.be\/fr\/marina-festre-productrice-au-sujet-du-cinema-abc\/","title":{"rendered":"Marina Festr\u00e9, productrice, soutient le Cin\u00e9ma ABC"},"content":{"rendered":"<p>J\u2019ai re\u00e7u comme beaucoup d\u2019autres l\u2019appel \u00e0 <i>crowdfunding<\/i> lanc\u00e9 r\u00e9cemment sur Internet pour sauver le Cin\u00e9ma ABC. Cette petite salle qui diffusait jusqu&rsquo;en juillet 2013 des films pornos sur les boulevards du Centre Ville vient de fermer ses portes et risque de devenir un fastfood de plus.<\/p>\n<p><!--more--><\/p>\n<p>Comme je suis curieuse d\u2019architecture et de lieux inconnus, je suis all\u00e9e \u00e0 la conf\u00e9rence de presse organis\u00e9e par CineAct, la fondation qui vient de se mettre en place pour sauver ce cin\u00e9ma et y faire na\u00eetre un nouveau projet culturel et cin\u00e9matographique. Et j&rsquo;ai \u00e9t\u00e9 tr\u00e8s surprise de d\u00e9couvrir une jolie salle d&rsquo;une centaine de places, avec balcon et mini foyer, dans un \u00e9tat tr\u00e8s correct et tr\u00e8s seventies.<\/p>\n<p>&nbsp;<\/p>\n<p>J\u2019invite donc tous les cin\u00e9philes, tous ceux qui pensent que les lieux ont une \u00e2me, tous ceux qui ont la nostalgie du temps o\u00f9 il y avait des cin\u00e9mas partout et tous ceux qui s\u2019int\u00e9ressent \u00e0 la ville tout simplement \u00e0 soutenir cette initiative en faisant un don.<\/p>\n<p>60 \u20ac par personne ou 5 \u20ac par mois pendant un an, c&rsquo;est ce que propose la Fondation pour arriver AVANT le 30 avril \u00e0 un montant de 60.000 \u20ac, le prix de la location pour un an. Cela permettrait de garantir un an de r\u00e9pit pour pouvoir mettre sur pied pour l&rsquo;ann\u00e9e suivante un projet cr\u00e9dible et rentable. Ce ne sont pas les id\u00e9es qui manquent.<\/p>\n<p>&nbsp;<\/p>\n<p>Sans cette somme, le projet sera abandonn\u00e9 car le contrat de location ne pourra pas \u00eatre sign\u00e9.<\/p>\n<p>&nbsp;<\/p>\n<p>60.000 \u20ac \u00e7a para\u00eet beaucoup \u00e0 r\u00e9unir en moins d\u2019un mois, mais \u00e7a ne fait jamais que 1.000 personnes qui versent 5 \u20ac par mois durant un an !<\/p>\n<p>Les dons plus petits sont \u00e9videmment accept\u00e9s eux aussi.<\/p>\n<p>&nbsp;<\/p>\n<p>Vous trouverez toutes les infos sur le site : <a href=\"http:\/\/www.abc-cinema.be\/\">www.abc-cinema.be<\/a><\/p>\n<p>&nbsp;<\/p>\n<p>Ca vaut vraiment la peine de se mobiliser pour que cette salle ne disparaisse pas. Un lieu culturel de plus dans cette partie un peu d\u00e9laiss\u00e9e du centre ville, \u00e7a pourrait aussi cr\u00e9er un nouvel \u00e9lan dans un quartier qui se vide de toute activit\u00e9 d\u00e8s que les commerces de la rue Neuve ferment pour la nuit. C\u2019est une occasion qui ne se reproduira pas. Il faut sauter dessus. Maintenant.<\/p>\n<p>Marina Festr\u00e9, productrice<\/p>\n","protected":false},"excerpt":{"rendered":"<p>J\u2019ai re\u00e7u comme beaucoup d\u2019autres l\u2019appel \u00e0 crowdfunding lanc\u00e9 r\u00e9cemment sur Internet pour sauver le Cin\u00e9ma ABC. Cette petite salle qui diffusait jusqu&rsquo;en juillet 2013 des films pornos sur les boulevards du Centre Ville vient de fermer ses portes et risque de devenir un fastfood de plus.<\/p>\n","protected":false},"author":7,"featured_media":55272,"comment_status":"closed","ping_status":"closed","sticky":false,"template":"","format":"standard","meta":{"ngg_post_thumbnail":0,"footnotes":""},"categories":[1923],"tags":[],"class_list":["post-55266","post","type-post","status-publish","format-standard","has-post-thumbnail","","category-en-bref"],"yoast_head":"<!-- This site is optimized with the Yoast SEO plugin v20.4 - https:\/\/yoast.com\/wordpress\/plugins\/seo\/ -->\n<title>Marina Festr\u00e9, productrice, soutient le Cin\u00e9ma ABC - We Love Cinema<\/title>\n<meta name=\"robots\" content=\"index, follow, max-snippet:-1, max-image-preview:large, max-video-preview:-1\" \/>\n<link rel=\"canonical\" href=\"https:\/\/welovecinema.be\/fr\/marina-festre-productrice-au-sujet-du-cinema-abc\/\" \/>\n<meta property=\"og:locale\" content=\"fr_FR\" \/>\n<meta property=\"og:type\" content=\"article\" \/>\n<meta property=\"og:title\" content=\"Marina Festr\u00e9, productrice, soutient le Cin\u00e9ma ABC - We Love Cinema\" \/>\n<meta property=\"og:description\" content=\"J\u2019ai re\u00e7u comme beaucoup d\u2019autres l\u2019appel \u00e0 crowdfunding lanc\u00e9 r\u00e9cemment sur Internet pour sauver le Cin\u00e9ma ABC. Cette petite salle qui diffusait jusqu&rsquo;en juillet 2013 des films pornos sur les boulevards du Centre Ville vient de fermer ses portes et risque de devenir un fastfood de plus.\" \/>\n<meta property=\"og:url\" content=\"https:\/\/welovecinema.be\/fr\/marina-festre-productrice-au-sujet-du-cinema-abc\/\" \/>\n<meta property=\"og:site_name\" content=\"We Love Cinema\" \/>\n<meta property=\"article:publisher\" content=\"https:\/\/www.facebook.com\/welovecinema.be\" \/>\n<meta property=\"article:published_time\" content=\"2014-04-14T19:20:50+00:00\" \/>\n<meta property=\"article:modified_time\" content=\"2014-04-14T19:28:13+00:00\" \/>\n<meta property=\"og:image\" content=\"https:\/\/welovecinema.be\/wp-content\/uploads\/sites\/2\/2014\/04\/abc2.jpg\" \/>\n\t<meta property=\"og:image:width\" content=\"1900\" \/>\n\t<meta property=\"og:image:height\" content=\"987\" \/>\n\t<meta property=\"og:image:type\" content=\"image\/jpeg\" \/>\n<meta name=\"author\" content=\"Philippe.Pierquin\" \/>\n<meta name=\"twitter:card\" content=\"summary_large_image\" \/>\n<meta name=\"twitter:label1\" content=\"\u00c9crit par\" \/>\n\t<meta name=\"twitter:data1\" content=\"Philippe.Pierquin\" \/>\n\t<meta name=\"twitter:label2\" content=\"Dur\u00e9e de lecture estim\u00e9e\" \/>\n\t<meta name=\"twitter:data2\" content=\"2 minutes\" \/>\n<script type=\"application\/ld+json\" class=\"yoast-schema-graph\">{\"@context\":\"https:\/\/schema.org\",\"@graph\":[{\"@type\":\"Article\",\"@id\":\"https:\/\/welovecinema.be\/fr\/marina-festre-productrice-au-sujet-du-cinema-abc\/#article\",\"isPartOf\":{\"@id\":\"https:\/\/welovecinema.be\/fr\/marina-festre-productrice-au-sujet-du-cinema-abc\/\"},\"author\":{\"name\":\"Philippe.Pierquin\",\"@id\":\"https:\/\/welovecinema.be\/nl\/#\/schema\/person\/4b9b1d857f0943453a38a7c2859ef756\"},\"headline\":\"Marina Festr\u00e9, productrice, soutient le Cin\u00e9ma ABC\",\"datePublished\":\"2014-04-14T19:20:50+00:00\",\"dateModified\":\"2014-04-14T19:28:13+00:00\",\"mainEntityOfPage\":{\"@id\":\"https:\/\/welovecinema.be\/fr\/marina-festre-productrice-au-sujet-du-cinema-abc\/\"},\"wordCount\":404,\"publisher\":{\"@id\":\"https:\/\/welovecinema.be\/nl\/#organization\"},\"articleSection\":[\"En bref\"],\"inLanguage\":\"fr-FR\"},{\"@type\":\"WebPage\",\"@id\":\"https:\/\/welovecinema.be\/fr\/marina-festre-productrice-au-sujet-du-cinema-abc\/\",\"url\":\"https:\/\/welovecinema.be\/fr\/marina-festre-productrice-au-sujet-du-cinema-abc\/\",\"name\":\"Marina Festr\u00e9, productrice, soutient le Cin\u00e9ma ABC - We Love Cinema\",\"isPartOf\":{\"@id\":\"https:\/\/welovecinema.be\/nl\/#website\"},\"datePublished\":\"2014-04-14T19:20:50+00:00\",\"dateModified\":\"2014-04-14T19:28:13+00:00\",\"breadcrumb\":{\"@id\":\"https:\/\/welovecinema.be\/fr\/marina-festre-productrice-au-sujet-du-cinema-abc\/#breadcrumb\"},\"inLanguage\":\"fr-FR\",\"potentialAction\":[{\"@type\":\"ReadAction\",\"target\":[\"https:\/\/welovecinema.be\/fr\/marina-festre-productrice-au-sujet-du-cinema-abc\/\"]}]},{\"@type\":\"BreadcrumbList\",\"@id\":\"https:\/\/welovecinema.be\/fr\/marina-festre-productrice-au-sujet-du-cinema-abc\/#breadcrumb\",\"itemListElement\":[{\"@type\":\"ListItem\",\"position\":1,\"name\":\"Accueil\",\"item\":\"https:\/\/welovecinema.be\/fr\/\"},{\"@type\":\"ListItem\",\"position\":2,\"name\":\"Marina Festr\u00e9, productrice, soutient le Cin\u00e9ma ABC\"}]},{\"@type\":\"WebSite\",\"@id\":\"https:\/\/welovecinema.be\/nl\/#website\",\"url\":\"https:\/\/welovecinema.be\/nl\/\",\"name\":\"We Love Cinema\",\"description\":\"Toute l\u2019information du cin\u00e9ma en Belgique\",\"publisher\":{\"@id\":\"https:\/\/welovecinema.be\/nl\/#organization\"},\"potentialAction\":[{\"@type\":\"SearchAction\",\"target\":{\"@type\":\"EntryPoint\",\"urlTemplate\":\"https:\/\/welovecinema.be\/nl\/?s={search_term_string}\"},\"query-input\":\"required name=search_term_string\"}],\"inLanguage\":\"fr-FR\"},{\"@type\":\"Organization\",\"@id\":\"https:\/\/welovecinema.be\/nl\/#organization\",\"name\":\"We Love Cinema\",\"url\":\"https:\/\/welovecinema.be\/nl\/\",\"logo\":{\"@type\":\"ImageObject\",\"inLanguage\":\"fr-FR\",\"@id\":\"https:\/\/welovecinema.be\/nl\/#\/schema\/logo\/image\/\",\"url\":\"https:\/\/welovecinema.be\/wp-content\/uploads\/sites\/2\/2023\/03\/Logo-We-Love-Cinema305x128.jpg\",\"contentUrl\":\"https:\/\/welovecinema.be\/wp-content\/uploads\/sites\/2\/2023\/03\/Logo-We-Love-Cinema305x128.jpg\",\"width\":305,\"height\":128,\"caption\":\"We Love Cinema\"},\"image\":{\"@id\":\"https:\/\/welovecinema.be\/nl\/#\/schema\/logo\/image\/\"},\"sameAs\":[\"https:\/\/www.facebook.com\/welovecinema.be\",\"https:\/\/www.youtube.com\/channel\/UCX5LYGVhnKvYauW4Nta4HJA\",\"https:\/\/www.instagram.com\/welovecinema.be\/\"]},{\"@type\":\"Person\",\"@id\":\"https:\/\/welovecinema.be\/nl\/#\/schema\/person\/4b9b1d857f0943453a38a7c2859ef756\",\"name\":\"Philippe.Pierquin\",\"url\":\"https:\/\/welovecinema.be\/fr\/author\/philippe-pierquin\/\"}]}<\/script>\n<!-- \/ Yoast SEO plugin. -->","yoast_head_json":{"title":"Marina Festr\u00e9, productrice, soutient le Cin\u00e9ma ABC - We Love Cinema","robots":{"index":"index","follow":"follow","max-snippet":"max-snippet:-1","max-image-preview":"max-image-preview:large","max-video-preview":"max-video-preview:-1"},"canonical":"https:\/\/welovecinema.be\/fr\/marina-festre-productrice-au-sujet-du-cinema-abc\/","og_locale":"fr_FR","og_type":"article","og_title":"Marina Festr\u00e9, productrice, soutient le Cin\u00e9ma ABC - We Love Cinema","og_description":"J\u2019ai re\u00e7u comme beaucoup d\u2019autres l\u2019appel \u00e0 crowdfunding lanc\u00e9 r\u00e9cemment sur Internet pour sauver le Cin\u00e9ma ABC. Cette petite salle qui diffusait jusqu&rsquo;en juillet 2013 des films pornos sur les boulevards du Centre Ville vient de fermer ses portes et risque de devenir un fastfood de plus.","og_url":"https:\/\/welovecinema.be\/fr\/marina-festre-productrice-au-sujet-du-cinema-abc\/","og_site_name":"We Love Cinema","article_publisher":"https:\/\/www.facebook.com\/welovecinema.be","article_published_time":"2014-04-14T19:20:50+00:00","article_modified_time":"2014-04-14T19:28:13+00:00","og_image":[{"width":1900,"height":987,"url":"https:\/\/welovecinema.be\/wp-content\/uploads\/sites\/2\/2014\/04\/abc2.jpg","type":"image\/jpeg"}],"author":"Philippe.Pierquin","twitter_card":"summary_large_image","twitter_misc":{"\u00c9crit par":"Philippe.Pierquin","Dur\u00e9e de lecture estim\u00e9e":"2 minutes"},"schema":{"@context":"https:\/\/schema.org","@graph":[{"@type":"Article","@id":"https:\/\/welovecinema.be\/fr\/marina-festre-productrice-au-sujet-du-cinema-abc\/#article","isPartOf":{"@id":"https:\/\/welovecinema.be\/fr\/marina-festre-productrice-au-sujet-du-cinema-abc\/"},"author":{"name":"Philippe.Pierquin","@id":"https:\/\/welovecinema.be\/nl\/#\/schema\/person\/4b9b1d857f0943453a38a7c2859ef756"},"headline":"Marina Festr\u00e9, productrice, soutient le Cin\u00e9ma ABC","datePublished":"2014-04-14T19:20:50+00:00","dateModified":"2014-04-14T19:28:13+00:00","mainEntityOfPage":{"@id":"https:\/\/welovecinema.be\/fr\/marina-festre-productrice-au-sujet-du-cinema-abc\/"},"wordCount":404,"publisher":{"@id":"https:\/\/welovecinema.be\/nl\/#organization"},"articleSection":["En bref"],"inLanguage":"fr-FR"},{"@type":"WebPage","@id":"https:\/\/welovecinema.be\/fr\/marina-festre-productrice-au-sujet-du-cinema-abc\/","url":"https:\/\/welovecinema.be\/fr\/marina-festre-productrice-au-sujet-du-cinema-abc\/","name":"Marina Festr\u00e9, productrice, soutient le Cin\u00e9ma ABC - We Love Cinema","isPartOf":{"@id":"https:\/\/welovecinema.be\/nl\/#website"},"datePublished":"2014-04-14T19:20:50+00:00","dateModified":"2014-04-14T19:28:13+00:00","breadcrumb":{"@id":"https:\/\/welovecinema.be\/fr\/marina-festre-productrice-au-sujet-du-cinema-abc\/#breadcrumb"},"inLanguage":"fr-FR","potentialAction":[{"@type":"ReadAction","target":["https:\/\/welovecinema.be\/fr\/marina-festre-productrice-au-sujet-du-cinema-abc\/"]}]},{"@type":"BreadcrumbList","@id":"https:\/\/welovecinema.be\/fr\/marina-festre-productrice-au-sujet-du-cinema-abc\/#breadcrumb","itemListElement":[{"@type":"ListItem","position":1,"name":"Accueil","item":"https:\/\/welovecinema.be\/fr\/"},{"@type":"ListItem","position":2,"name":"Marina Festr\u00e9, productrice, soutient le Cin\u00e9ma ABC"}]},{"@type":"WebSite","@id":"https:\/\/welovecinema.be\/nl\/#website","url":"https:\/\/welovecinema.be\/nl\/","name":"We Love Cinema","description":"Toute l\u2019information du cin\u00e9ma en Belgique","publisher":{"@id":"https:\/\/welovecinema.be\/nl\/#organization"},"potentialAction":[{"@type":"SearchAction","target":{"@type":"EntryPoint","urlTemplate":"https:\/\/welovecinema.be\/nl\/?s={search_term_string}"},"query-input":"required name=search_term_string"}],"inLanguage":"fr-FR"},{"@type":"Organization","@id":"https:\/\/welovecinema.be\/nl\/#organization","name":"We Love Cinema","url":"https:\/\/welovecinema.be\/nl\/","logo":{"@type":"ImageObject","inLanguage":"fr-FR","@id":"https:\/\/welovecinema.be\/nl\/#\/schema\/logo\/image\/","url":"https:\/\/welovecinema.be\/wp-content\/uploads\/sites\/2\/2023\/03\/Logo-We-Love-Cinema305x128.jpg","contentUrl":"https:\/\/welovecinema.be\/wp-content\/uploads\/sites\/2\/2023\/03\/Logo-We-Love-Cinema305x128.jpg","width":305,"height":128,"caption":"We Love Cinema"},"image":{"@id":"https:\/\/welovecinema.be\/nl\/#\/schema\/logo\/image\/"},"sameAs":["https:\/\/www.facebook.com\/welovecinema.be","https:\/\/www.youtube.com\/channel\/UCX5LYGVhnKvYauW4Nta4HJA","https:\/\/www.instagram.com\/welovecinema.be\/"]},{"@type":"Person","@id":"https:\/\/welovecinema.be\/nl\/#\/schema\/person\/4b9b1d857f0943453a38a7c2859ef756","name":"Philippe.Pierquin","url":"https:\/\/welovecinema.be\/fr\/author\/philippe-pierquin\/"}]}},"_links":{"self":[{"href":"https:\/\/welovecinema.be\/fr\/wp-json\/wp\/v2\/posts\/55266","targetHints":{"allow":["GET"]}}],"collection":[{"href":"https:\/\/welovecinema.be\/fr\/wp-json\/wp\/v2\/posts"}],"about":[{"href":"https:\/\/welovecinema.be\/fr\/wp-json\/wp\/v2\/types\/post"}],"author":[{"embeddable":true,"href":"https:\/\/welovecinema.be\/fr\/wp-json\/wp\/v2\/users\/7"}],"replies":[{"embeddable":true,"href":"https:\/\/welovecinema.be\/fr\/wp-json\/wp\/v2\/comments?post=55266"}],"version-history":[{"count":0,"href":"https:\/\/welovecinema.be\/fr\/wp-json\/wp\/v2\/posts\/55266\/revisions"}],"wp:featuredmedia":[{"embeddable":true,"href":"https:\/\/welovecinema.be\/fr\/wp-json\/wp\/v2\/media\/55272"}],"wp:attachment":[{"href":"https:\/\/welovecinema.be\/fr\/wp-json\/wp\/v2\/media?parent=55266"}],"wp:term":[{"taxonomy":"category","embeddable":true,"href":"https:\/\/welovecinema.be\/fr\/wp-json\/wp\/v2\/categories?post=55266"},{"taxonomy":"post_tag","embeddable":true,"href":"https:\/\/welovecinema.be\/fr\/wp-json\/wp\/v2\/tags?post=55266"}],"curies":[{"name":"wp","href":"https:\/\/api.w.org\/{rel}","templated":true}]}}