{"id":54928,"date":"2014-06-02T10:12:17","date_gmt":"2014-06-02T08:12:17","guid":{"rendered":"http:\/\/www.cinevox.be\/?p=54928"},"modified":"2014-06-02T12:40:21","modified_gmt":"2014-06-02T10:40:21","slug":"le-court-en-dit-long-2014","status":"publish","type":"post","link":"https:\/\/welovecinema.be\/fr\/le-court-en-dit-long-2014\/","title":{"rendered":"38 courts belges \u00e0 Paris : comp\u00e9tition ouverte !"},"content":{"rendered":"<p>Le Festival \u00ab Le Court en dit Long \u00bb qui se d\u00e9roulera au Centre Wallonie Bruxelles \u00e0 Paris du 2 au 7 juin 2014 pr\u00e9sente dans une formule comp\u00e9titive une s\u00e9rie de courts m\u00e9trages (co)produits en Wallonie et \u00e0 Bruxelles. Pour cette 22e \u00e9dition du festival, 38 courts m\u00e9trages belges francophones ou franco-belges pour la comp\u00e9tition parmi les 115 films produits dans l\u2019ann\u00e9e.<\/p>\n<p>&nbsp;<\/p>\n<p>R\u00e9partis en sept programmes th\u00e9matiques (\u00ab ouverture \u00bb ; \u00ab \u00e0 deux \u00bb ; \u00ab vivre ensemble \u00bb ; \u00ab films de genre \u00bb ; \u00ab des enfants \u00bb ; \u00ab de l\u2019amour \u00bb ; \u00ab sur la soci\u00e9t\u00e9 \u00bb), chaque film sera projet\u00e9 \u00e0 deux reprises. Fictions, animations et films exp\u00e9rimentaux ; films d\u2019\u00e9coles et d\u2019ateliers ; films autoproduits ou soutenus par la Commission de S\u00e9lection des Films du Centre du Cin\u00e9ma et de l\u2019Audiovisuel, tous d\u00e9notent la diversit\u00e9 de la production en Wallonie et \u00e0 Bruxelles.<!--more--><\/p>\n<p>&nbsp;<\/p>\n<p>Le jury de cette \u00e9dition est compos\u00e9 de cinq personnalit\u00e9s fran\u00e7aises : Christel Baras, Ang\u00e8le Paulino, Mireille Perrier, Francis Gavelle et Pierre-Olivier Mornas. Ils remettront cinq Prix. \u00a0Pour la premi\u00e8re fois, ces prix seront des \u0153uvres r\u00e9alis\u00e9es par le designer belge Micha\u00ebl Bihain.<\/p>\n<p>&nbsp;<\/p>\n<p>Chaque soir \u00e0 19h45 dans le foyer, le public pourra participer au Forum avec les \u00e9quipes de films et rencontrer les r\u00e9alisateurs, sc\u00e9naristes, acteurs, techniciens et producteurs. Cet \u00e9change enregistr\u00e9 sera en \u00e9coute le lendemain sur le <a href=\"http:\/\/www.cwb.fr\/\">site internet officiel<\/a>.<\/p>\n<p>Sur place, un espace \u00ab March\u00e9 du film \u00bb est accessible aux professionnels du 3 au 7 juin d\u00e8s 15h.<\/p>\n<p>Enfin, en cl\u00f4ture, le Festival propose en avant-premi\u00e8re le documentaire r\u00e9alis\u00e9 pour Cin\u00e9 + par Patrice Carr\u00e9 : Gros plan sur le court m\u00e9trage belge, dont le tournage avait commenc\u00e9 au Centre l\u2019an dernier.<\/p>\n<p>&nbsp;<\/p>\n<p>Bonne nouvelle pour les Cinevoxiens qui s&rsquo;int\u00e9ressent aux courts, mais ne vivent pas en France, le site <a href=\"file:\/\/\/J:\/2012-2013\/Cinevox\/news\/Universcine.be\">Universcine.be<\/a> propose l\u2019ensemble des films de la comp\u00e9tition en vid\u00e9o \u00e0 la demande du 2 juin au 2 juillet 2014 (seulement sur le territoire belge, donc).<\/p>\n<p>Le graphisme officiel de cette \u00e9dition est sign\u00e9\u00a0\u00a0Bettina Pell<\/p>\n<p>&nbsp;<\/p>\n<p>&nbsp;<\/p>\n<p><b>Programme 1 \u2013 Ouverture <\/b><\/p>\n<p>Lundi 2 juin, 20h30 &#8211; Jeudi 5 juin, 16h00<\/p>\n<p>&nbsp;<\/p>\n<p><a href=\"http:\/\/www.cinevox.be\/le-court-en-dit-long-2014\/sunflower_mix3\/\" rel=\"attachment wp-att-54929\"><img loading=\"lazy\" decoding=\"async\" class=\"aligncenter size-full wp-image-54929\" alt=\"\" src=\"http:\/\/www.cinevox.be\/wp-content\/uploads\/sites\/2\/2014\/04\/sunflower_mix3.jpg\" width=\"612\" height=\"261\" srcset=\"https:\/\/welovecinema.be\/wp-content\/uploads\/sites\/2\/2014\/04\/sunflower_mix3.jpg 612w, https:\/\/welovecinema.be\/wp-content\/uploads\/sites\/2\/2014\/04\/sunflower_mix3-480x204.jpg 480w\" sizes=\"auto, (max-width: 612px) 100vw, 612px\" \/><\/a><\/p>\n<p>&nbsp;<\/p>\n<p><i>30 minutes par jour<\/i> de Samuel Lampaert (2013 \u2013 5 min.35)<\/p>\n<p><i>Sunflower Seed<\/i> de Pascal Adant (2013 \u2013 18 min.) &#8211; PHOTO<\/p>\n<p><i>Solo Rex<\/i> de Fran\u00e7ois Bierry (2013 \u2013 23 min.)<\/p>\n<p><i>Lucha Libre<\/i> d\u2019Ann Sirot et Rapha\u00ebl Balboni (2014 \u2013 12 min.30)<\/p>\n<p>Blast of Silence d\u2019Aur\u00e9lien Doyen (2013 \u2013 7 min.45)<\/p>\n<p><i>La Part de l\u2019ombre<\/i> d\u2019Olivier Smolders (2013 \u2013 28 min.)<\/p>\n<p>&nbsp;<\/p>\n<p>&nbsp;<\/p>\n<p><b>Programme 2 \u2013 \u00c0 deux <\/b><\/p>\n<p>Mardi 3 juin, 16h00 &#8211; Vendredi 6 juin, 16h00<\/p>\n<p>&nbsp;<\/p>\n<p><a href=\"http:\/\/www.cinevox.be\/le-court-en-dit-long-2014\/albertine\/\" rel=\"attachment wp-att-54930\"><img loading=\"lazy\" decoding=\"async\" class=\"aligncenter size-full wp-image-54930\" alt=\"\" src=\"http:\/\/www.cinevox.be\/wp-content\/uploads\/sites\/2\/2014\/04\/albertine.png\" width=\"1440\" height=\"809\" srcset=\"https:\/\/welovecinema.be\/wp-content\/uploads\/sites\/2\/2014\/04\/albertine.png 1440w, https:\/\/welovecinema.be\/wp-content\/uploads\/sites\/2\/2014\/04\/albertine-200x113.png 200w, https:\/\/welovecinema.be\/wp-content\/uploads\/sites\/2\/2014\/04\/albertine-480x270.png 480w, https:\/\/welovecinema.be\/wp-content\/uploads\/sites\/2\/2014\/04\/albertine-800x449.png 800w, https:\/\/welovecinema.be\/wp-content\/uploads\/sites\/2\/2014\/04\/albertine-300x169.png 300w\" sizes=\"auto, (max-width: 1440px) 100vw, 1440px\" \/><\/a><\/p>\n<p>&nbsp;<\/p>\n<p><i>Pierrick<\/i> de Cl\u00e9ment Abbey et Arthur Lecouturier (2013 \u2013 10 min.)<\/p>\n<p><i>Albertine<\/i> d\u2019Alexis van Stratum (2014 \u2013 20 min.) &#8211; PHOTO<\/p>\n<p><i>The Dancing<\/i> d\u2019Edith Depaule (2014 \u2013 16 min.)<\/p>\n<p><i>For\u00eat <\/i>de Samuel Feller (2014 \u2013 18 min.)<\/p>\n<p><i>La Travers\u00e9e<\/i> de Thibaut Wolhfahrt (2013 \u2013 32 min.)<\/p>\n<p>&nbsp;<\/p>\n<p>&nbsp;<\/p>\n<p><b>Programme 3 \u2013 Vivre ensemble\u00a0\u00a0\u00a0\u00a0\u00a0\u00a0\u00a0\u00a0\u00a0\u00a0\u00a0\u00a0\u00a0 <\/b><\/p>\n<p>Mardi 3 juin, 18h00 &#8211; Jeudi 5 juin, 20h30<\/p>\n<p>&nbsp;<\/p>\n<p><a href=\"http:\/\/www.cinevox.be\/le-court-en-dit-long-2014\/incandescents\/\" rel=\"attachment wp-att-54932\"><img loading=\"lazy\" decoding=\"async\" class=\"aligncenter size-full wp-image-54932\" alt=\"\" src=\"http:\/\/www.cinevox.be\/wp-content\/uploads\/sites\/2\/2014\/04\/INCANDESCENTS.jpg\" width=\"714\" height=\"282\" srcset=\"https:\/\/welovecinema.be\/wp-content\/uploads\/sites\/2\/2014\/04\/INCANDESCENTS.jpg 714w, https:\/\/welovecinema.be\/wp-content\/uploads\/sites\/2\/2014\/04\/INCANDESCENTS-480x189.jpg 480w\" sizes=\"auto, (max-width: 714px) 100vw, 714px\" \/><\/a><\/p>\n<p>&nbsp;<\/p>\n<p><i>Welkom<\/i> de Pablo Munoz Gomez (2013 \u2013 17 min.)<\/p>\n<p>Le Temps d\u2019un sablier de Micha\u00ebl de Nijs (2014 \u2013 16 min.)<\/p>\n<p><i>Taxistop<\/i> de Marie Enthoven (2014 \u2013 20 min.35)<\/p>\n<p><i>Avec Lou<\/i> d\u2019Isabelle Schapira (2014 \u2013 22 min.)<\/p>\n<p><i>Incandescents<\/i> de Mireille Verboomen (2014 \u2013 14 min.) &#8211; PHOTO<\/p>\n<p>&nbsp;<\/p>\n<p>&nbsp;<\/p>\n<p><b>Programme 4 \u2013 Films de genre\u00a0\u00a0\u00a0\u00a0\u00a0\u00a0\u00a0\u00a0\u00a0\u00a0\u00a0\u00a0\u00a0\u00a0\u00a0 <\/b><\/p>\n<p>Mardi 3 juin, 20h30 &#8211; Jeudi 5 juin, 18h00<\/p>\n<p>&nbsp;<\/p>\n<p><a href=\"http:\/\/www.cinevox.be\/le-court-en-dit-long-2014\/chair\/\" rel=\"attachment wp-att-54933\"><img loading=\"lazy\" decoding=\"async\" class=\"aligncenter size-full wp-image-54933\" alt=\"\" src=\"http:\/\/www.cinevox.be\/wp-content\/uploads\/sites\/2\/2014\/04\/CHAIR.jpg\" width=\"740\" height=\"416\" srcset=\"https:\/\/welovecinema.be\/wp-content\/uploads\/sites\/2\/2014\/04\/CHAIR.jpg 740w, https:\/\/welovecinema.be\/wp-content\/uploads\/sites\/2\/2014\/04\/CHAIR-200x113.jpg 200w, https:\/\/welovecinema.be\/wp-content\/uploads\/sites\/2\/2014\/04\/CHAIR-480x270.jpg 480w, https:\/\/welovecinema.be\/wp-content\/uploads\/sites\/2\/2014\/04\/CHAIR-300x169.jpg 300w, https:\/\/welovecinema.be\/wp-content\/uploads\/sites\/2\/2014\/04\/CHAIR-620x350.jpg 620w\" sizes=\"auto, (max-width: 740px) 100vw, 740px\" \/><\/a><\/p>\n<p>&nbsp;<\/p>\n<p><i>Chambre noire<\/i> de Maxime Pistorio (2013 \u2013 13 min.)<\/p>\n<p><i>Bowling Killers<\/i> de S\u00e9bastien Petit (2013 \u2013 10 min.)<\/p>\n<p><i>Chambre double<\/i> de Matthieu Mortelmans (2013 \u2013 15 min.)<\/p>\n<p><i>Babysitting Story<\/i> de Vincent Smitz (2014 \u2013 20 min.)<\/p>\n<p><i>Sophie <\/i>de C\u00e9dric Bourgeois (2013 \u2013 14 min.)<\/p>\n<p><i>La Chair<\/i> de Louise Lemoine Torr\u00e8s et William Henne (2014 \u2013 14 min.40 \u2013 anim) &#8211; PHOTO<\/p>\n<p>&nbsp;<\/p>\n<p>&nbsp;<\/p>\n<p><b>Programme 5 \u2013 Les enfants\u00a0\u00a0\u00a0\u00a0\u00a0\u00a0 <\/b><\/p>\n<p>Mercredi 4 juin, 16h00 &#8211; Samedi 7 juin, 16h00<\/p>\n<p>&nbsp;<\/p>\n<p><a href=\"http:\/\/www.cinevox.be\/le-court-en-dit-long-2014\/zinneke\/\" rel=\"attachment wp-att-54934\"><img loading=\"lazy\" decoding=\"async\" class=\"aligncenter size-full wp-image-54934\" alt=\"\" src=\"http:\/\/www.cinevox.be\/wp-content\/uploads\/sites\/2\/2014\/04\/ZINNEKE.jpg\" width=\"1117\" height=\"467\" srcset=\"https:\/\/welovecinema.be\/wp-content\/uploads\/sites\/2\/2014\/04\/ZINNEKE.jpg 1117w, https:\/\/welovecinema.be\/wp-content\/uploads\/sites\/2\/2014\/04\/ZINNEKE-480x200.jpg 480w, https:\/\/welovecinema.be\/wp-content\/uploads\/sites\/2\/2014\/04\/ZINNEKE-800x334.jpg 800w\" sizes=\"auto, (max-width: 1117px) 100vw, 1117px\" \/><\/a><\/p>\n<p>&nbsp;<\/p>\n<p><i>Beu\u00e2\u00e2\u00e2rk!<\/i> de Gabriel Jacquel (2013 \u2013 12 min. \u2013 anim)<\/p>\n<p><i>Canard ou lapin?<\/i> de Christine Grulois et Gilles Bissot (2014 \u2013 15 min.)<\/p>\n<p><i>Figures<\/i> de Miklos Keleti (2014 \u2013 20 min.)<\/p>\n<p><i>Zinneke<\/i> de R\u00e9mi Allier (2013 \u2013 20 min.) &#8211; PHOTO<\/p>\n<p><i>Taram Tarambola<\/i> de Maria Castillejo Carmen (2014 \u2013 28 min.)<\/p>\n<p>&nbsp;<\/p>\n<p>&nbsp;<\/p>\n<p><b>Programme 6 \u2013 De l\u2019amour <\/b><\/p>\n<p>Mercredi 4 juin, 18h00 &#8211; Vendredi 6 juin, 20h30<\/p>\n<p>&nbsp;<\/p>\n<p><a href=\"http:\/\/www.cinevox.be\/le-court-en-dit-long-2014\/partouze022-800x450\/\" rel=\"attachment wp-att-54935\"><img loading=\"lazy\" decoding=\"async\" class=\"aligncenter size-full wp-image-54935\" alt=\"\" src=\"http:\/\/www.cinevox.be\/wp-content\/uploads\/sites\/2\/2014\/04\/Partouze022-800x450.jpg\" width=\"800\" height=\"450\" srcset=\"https:\/\/welovecinema.be\/wp-content\/uploads\/sites\/2\/2014\/04\/Partouze022-800x450.jpg 800w, https:\/\/welovecinema.be\/wp-content\/uploads\/sites\/2\/2014\/04\/Partouze022-800x450-200x113.jpg 200w, https:\/\/welovecinema.be\/wp-content\/uploads\/sites\/2\/2014\/04\/Partouze022-800x450-480x270.jpg 480w, https:\/\/welovecinema.be\/wp-content\/uploads\/sites\/2\/2014\/04\/Partouze022-800x450-300x169.jpg 300w, https:\/\/welovecinema.be\/wp-content\/uploads\/sites\/2\/2014\/04\/Partouze022-800x450-620x350.jpg 620w\" sizes=\"auto, (max-width: 800px) 100vw, 800px\" \/><\/a><\/p>\n<p>&nbsp;<\/p>\n<p><i>Gabrielle<\/i> de Margo Fruitier et Paul Cartron (2013 \u2013 16 min.)<\/p>\n<p><i>Septembre <\/i>de Salom\u00e9 Richard (2013 \u2013 20 min.)<\/p>\n<p><i>Partouze<\/i> de Matthieu Donck (2013 \u2013 21 min.) &#8211; PHOTO<\/p>\n<p><i>Ours <\/i>de Richard G\u00e9rard (2014 \u2013 14 min.21)<\/p>\n<p><i>Une s\u00e9paration<\/i> de Micha\u00ebl Bier (2014 \u2013 18 min.)<\/p>\n<p>&nbsp;<\/p>\n<p>&nbsp;<\/p>\n<p><b>Programme 7 \u2013 Sur la soci\u00e9t\u00e9\u00a0\u00a0 <\/b><\/p>\n<p>Mercredi 4 juin, 20h30 &#8211; Vendredi 6 juin, 18h00<\/p>\n<p>&nbsp;<\/p>\n<p><a href=\"http:\/\/www.cinevox.be\/le-court-en-dit-long-2014\/conseiller\/\" rel=\"attachment wp-att-54936\"><img loading=\"lazy\" decoding=\"async\" class=\"aligncenter size-full wp-image-54936\" alt=\"\" src=\"http:\/\/www.cinevox.be\/wp-content\/uploads\/sites\/2\/2014\/04\/conseiller.jpg\" width=\"600\" height=\"360\" srcset=\"https:\/\/welovecinema.be\/wp-content\/uploads\/sites\/2\/2014\/04\/conseiller.jpg 600w, https:\/\/welovecinema.be\/wp-content\/uploads\/sites\/2\/2014\/04\/conseiller-450x270.jpg 450w\" sizes=\"auto, (max-width: 600px) 100vw, 600px\" \/><\/a><\/p>\n<p>&nbsp;<\/p>\n<p><i>Travail de nuit<\/i> de Martin Mailleux (2013 \u2013 4 min.14)<\/p>\n<p><i>Les Corps \u00e9trangers<\/i> de Laura Wandel (2014 \u2013 15 min.)<\/p>\n<p><i>Le Conseiller<\/i> d\u2019Elisabet Llado (2013 \u2013 18 min.) &#8211; PHOTO<\/p>\n<p><i>Millionnaires <\/i>de St\u00e9phane Bergmans (2013 \u2013 16 min.)<\/p>\n<p><i>Osez la Mac\u00e9doine<\/i> de Gu\u00e9rin Van de Vorst (2014 \u2013 18 min.)<\/p>\n<p><i>Le D\u00e9sarroi du flic socialiste Quechua<\/i> d\u2019Emmanuel Marre (2014 \u2013 26 min.)<\/p>\n","protected":false},"excerpt":{"rendered":"<p>Le Festival \u00ab Le Court en dit Long \u00bb qui se d\u00e9roulera au Centre Wallonie Bruxelles \u00e0 Paris du 2 au 7 juin 2014 pr\u00e9sente dans une formule comp\u00e9titive une s\u00e9rie de courts m\u00e9trages (co)produits en Wallonie et \u00e0 Bruxelles. Pour cette 22e \u00e9dition du festival, 38 courts m\u00e9trages belges francophones ou franco-belges pour la &hellip;<\/p>\n","protected":false},"author":7,"featured_media":54959,"comment_status":"closed","ping_status":"closed","sticky":false,"template":"","format":"standard","meta":{"ngg_post_thumbnail":0,"footnotes":""},"categories":[12],"tags":[],"class_list":["post-54928","post","type-post","status-publish","format-standard","has-post-thumbnail","","category-awards"],"yoast_head":"<!-- This site is optimized with the Yoast SEO plugin v20.4 - https:\/\/yoast.com\/wordpress\/plugins\/seo\/ -->\n<title>38 courts belges \u00e0 Paris : comp\u00e9tition ouverte ! - We Love Cinema<\/title>\n<meta name=\"robots\" content=\"index, follow, max-snippet:-1, max-image-preview:large, max-video-preview:-1\" \/>\n<link rel=\"canonical\" href=\"https:\/\/welovecinema.be\/fr\/le-court-en-dit-long-2014\/\" \/>\n<meta property=\"og:locale\" content=\"fr_FR\" \/>\n<meta property=\"og:type\" content=\"article\" \/>\n<meta property=\"og:title\" content=\"38 courts belges \u00e0 Paris : comp\u00e9tition ouverte ! - We Love Cinema\" \/>\n<meta property=\"og:description\" content=\"Le Festival \u00ab Le Court en dit Long \u00bb qui se d\u00e9roulera au Centre Wallonie Bruxelles \u00e0 Paris du 2 au 7 juin 2014 pr\u00e9sente dans une formule comp\u00e9titive une s\u00e9rie de courts m\u00e9trages (co)produits en Wallonie et \u00e0 Bruxelles. Pour cette 22e \u00e9dition du festival, 38 courts m\u00e9trages belges francophones ou franco-belges pour la &hellip;\" \/>\n<meta property=\"og:url\" content=\"https:\/\/welovecinema.be\/fr\/le-court-en-dit-long-2014\/\" \/>\n<meta property=\"og:site_name\" content=\"We Love Cinema\" \/>\n<meta property=\"article:publisher\" content=\"https:\/\/www.facebook.com\/welovecinema.be\" \/>\n<meta property=\"article:published_time\" content=\"2014-06-02T08:12:17+00:00\" \/>\n<meta property=\"article:modified_time\" content=\"2014-06-02T10:40:21+00:00\" \/>\n<meta property=\"og:image\" content=\"https:\/\/welovecinema.be\/wp-content\/uploads\/sites\/2\/2014\/04\/unnamed1.jpg\" \/>\n\t<meta property=\"og:image:width\" content=\"550\" \/>\n\t<meta property=\"og:image:height\" content=\"360\" \/>\n\t<meta property=\"og:image:type\" content=\"image\/jpeg\" \/>\n<meta name=\"author\" content=\"Philippe.Pierquin\" \/>\n<meta name=\"twitter:card\" content=\"summary_large_image\" \/>\n<meta name=\"twitter:label1\" content=\"\u00c9crit par\" \/>\n\t<meta name=\"twitter:data1\" content=\"Philippe.Pierquin\" \/>\n\t<meta name=\"twitter:label2\" content=\"Dur\u00e9e de lecture estim\u00e9e\" \/>\n\t<meta name=\"twitter:data2\" content=\"4 minutes\" \/>\n<script type=\"application\/ld+json\" class=\"yoast-schema-graph\">{\"@context\":\"https:\/\/schema.org\",\"@graph\":[{\"@type\":\"Article\",\"@id\":\"https:\/\/welovecinema.be\/fr\/le-court-en-dit-long-2014\/#article\",\"isPartOf\":{\"@id\":\"https:\/\/welovecinema.be\/fr\/le-court-en-dit-long-2014\/\"},\"author\":{\"name\":\"Philippe.Pierquin\",\"@id\":\"https:\/\/welovecinema.be\/nl\/#\/schema\/person\/4b9b1d857f0943453a38a7c2859ef756\"},\"headline\":\"38 courts belges \u00e0 Paris : comp\u00e9tition ouverte !\",\"datePublished\":\"2014-06-02T08:12:17+00:00\",\"dateModified\":\"2014-06-02T10:40:21+00:00\",\"mainEntityOfPage\":{\"@id\":\"https:\/\/welovecinema.be\/fr\/le-court-en-dit-long-2014\/\"},\"wordCount\":733,\"publisher\":{\"@id\":\"https:\/\/welovecinema.be\/nl\/#organization\"},\"articleSection\":[\"Evenements\"],\"inLanguage\":\"fr-FR\"},{\"@type\":\"WebPage\",\"@id\":\"https:\/\/welovecinema.be\/fr\/le-court-en-dit-long-2014\/\",\"url\":\"https:\/\/welovecinema.be\/fr\/le-court-en-dit-long-2014\/\",\"name\":\"38 courts belges \u00e0 Paris : comp\u00e9tition ouverte ! - We Love Cinema\",\"isPartOf\":{\"@id\":\"https:\/\/welovecinema.be\/nl\/#website\"},\"datePublished\":\"2014-06-02T08:12:17+00:00\",\"dateModified\":\"2014-06-02T10:40:21+00:00\",\"breadcrumb\":{\"@id\":\"https:\/\/welovecinema.be\/fr\/le-court-en-dit-long-2014\/#breadcrumb\"},\"inLanguage\":\"fr-FR\",\"potentialAction\":[{\"@type\":\"ReadAction\",\"target\":[\"https:\/\/welovecinema.be\/fr\/le-court-en-dit-long-2014\/\"]}]},{\"@type\":\"BreadcrumbList\",\"@id\":\"https:\/\/welovecinema.be\/fr\/le-court-en-dit-long-2014\/#breadcrumb\",\"itemListElement\":[{\"@type\":\"ListItem\",\"position\":1,\"name\":\"Accueil\",\"item\":\"https:\/\/welovecinema.be\/fr\/\"},{\"@type\":\"ListItem\",\"position\":2,\"name\":\"38 courts belges \u00e0 Paris : comp\u00e9tition ouverte !\"}]},{\"@type\":\"WebSite\",\"@id\":\"https:\/\/welovecinema.be\/nl\/#website\",\"url\":\"https:\/\/welovecinema.be\/nl\/\",\"name\":\"We Love Cinema\",\"description\":\"Toute l\u2019information du cin\u00e9ma en Belgique\",\"publisher\":{\"@id\":\"https:\/\/welovecinema.be\/nl\/#organization\"},\"potentialAction\":[{\"@type\":\"SearchAction\",\"target\":{\"@type\":\"EntryPoint\",\"urlTemplate\":\"https:\/\/welovecinema.be\/nl\/?s={search_term_string}\"},\"query-input\":\"required name=search_term_string\"}],\"inLanguage\":\"fr-FR\"},{\"@type\":\"Organization\",\"@id\":\"https:\/\/welovecinema.be\/nl\/#organization\",\"name\":\"We Love Cinema\",\"url\":\"https:\/\/welovecinema.be\/nl\/\",\"logo\":{\"@type\":\"ImageObject\",\"inLanguage\":\"fr-FR\",\"@id\":\"https:\/\/welovecinema.be\/nl\/#\/schema\/logo\/image\/\",\"url\":\"https:\/\/welovecinema.be\/wp-content\/uploads\/sites\/2\/2023\/03\/Logo-We-Love-Cinema305x128.jpg\",\"contentUrl\":\"https:\/\/welovecinema.be\/wp-content\/uploads\/sites\/2\/2023\/03\/Logo-We-Love-Cinema305x128.jpg\",\"width\":305,\"height\":128,\"caption\":\"We Love Cinema\"},\"image\":{\"@id\":\"https:\/\/welovecinema.be\/nl\/#\/schema\/logo\/image\/\"},\"sameAs\":[\"https:\/\/www.facebook.com\/welovecinema.be\",\"https:\/\/www.youtube.com\/channel\/UCX5LYGVhnKvYauW4Nta4HJA\",\"https:\/\/www.instagram.com\/welovecinema.be\/\"]},{\"@type\":\"Person\",\"@id\":\"https:\/\/welovecinema.be\/nl\/#\/schema\/person\/4b9b1d857f0943453a38a7c2859ef756\",\"name\":\"Philippe.Pierquin\",\"url\":\"https:\/\/welovecinema.be\/fr\/author\/philippe-pierquin\/\"}]}<\/script>\n<!-- \/ Yoast SEO plugin. -->","yoast_head_json":{"title":"38 courts belges \u00e0 Paris : comp\u00e9tition ouverte ! - We Love Cinema","robots":{"index":"index","follow":"follow","max-snippet":"max-snippet:-1","max-image-preview":"max-image-preview:large","max-video-preview":"max-video-preview:-1"},"canonical":"https:\/\/welovecinema.be\/fr\/le-court-en-dit-long-2014\/","og_locale":"fr_FR","og_type":"article","og_title":"38 courts belges \u00e0 Paris : comp\u00e9tition ouverte ! - We Love Cinema","og_description":"Le Festival \u00ab Le Court en dit Long \u00bb qui se d\u00e9roulera au Centre Wallonie Bruxelles \u00e0 Paris du 2 au 7 juin 2014 pr\u00e9sente dans une formule comp\u00e9titive une s\u00e9rie de courts m\u00e9trages (co)produits en Wallonie et \u00e0 Bruxelles. Pour cette 22e \u00e9dition du festival, 38 courts m\u00e9trages belges francophones ou franco-belges pour la &hellip;","og_url":"https:\/\/welovecinema.be\/fr\/le-court-en-dit-long-2014\/","og_site_name":"We Love Cinema","article_publisher":"https:\/\/www.facebook.com\/welovecinema.be","article_published_time":"2014-06-02T08:12:17+00:00","article_modified_time":"2014-06-02T10:40:21+00:00","og_image":[{"width":550,"height":360,"url":"https:\/\/welovecinema.be\/wp-content\/uploads\/sites\/2\/2014\/04\/unnamed1.jpg","type":"image\/jpeg"}],"author":"Philippe.Pierquin","twitter_card":"summary_large_image","twitter_misc":{"\u00c9crit par":"Philippe.Pierquin","Dur\u00e9e de lecture estim\u00e9e":"4 minutes"},"schema":{"@context":"https:\/\/schema.org","@graph":[{"@type":"Article","@id":"https:\/\/welovecinema.be\/fr\/le-court-en-dit-long-2014\/#article","isPartOf":{"@id":"https:\/\/welovecinema.be\/fr\/le-court-en-dit-long-2014\/"},"author":{"name":"Philippe.Pierquin","@id":"https:\/\/welovecinema.be\/nl\/#\/schema\/person\/4b9b1d857f0943453a38a7c2859ef756"},"headline":"38 courts belges \u00e0 Paris : comp\u00e9tition ouverte !","datePublished":"2014-06-02T08:12:17+00:00","dateModified":"2014-06-02T10:40:21+00:00","mainEntityOfPage":{"@id":"https:\/\/welovecinema.be\/fr\/le-court-en-dit-long-2014\/"},"wordCount":733,"publisher":{"@id":"https:\/\/welovecinema.be\/nl\/#organization"},"articleSection":["Evenements"],"inLanguage":"fr-FR"},{"@type":"WebPage","@id":"https:\/\/welovecinema.be\/fr\/le-court-en-dit-long-2014\/","url":"https:\/\/welovecinema.be\/fr\/le-court-en-dit-long-2014\/","name":"38 courts belges \u00e0 Paris : comp\u00e9tition ouverte ! - We Love Cinema","isPartOf":{"@id":"https:\/\/welovecinema.be\/nl\/#website"},"datePublished":"2014-06-02T08:12:17+00:00","dateModified":"2014-06-02T10:40:21+00:00","breadcrumb":{"@id":"https:\/\/welovecinema.be\/fr\/le-court-en-dit-long-2014\/#breadcrumb"},"inLanguage":"fr-FR","potentialAction":[{"@type":"ReadAction","target":["https:\/\/welovecinema.be\/fr\/le-court-en-dit-long-2014\/"]}]},{"@type":"BreadcrumbList","@id":"https:\/\/welovecinema.be\/fr\/le-court-en-dit-long-2014\/#breadcrumb","itemListElement":[{"@type":"ListItem","position":1,"name":"Accueil","item":"https:\/\/welovecinema.be\/fr\/"},{"@type":"ListItem","position":2,"name":"38 courts belges \u00e0 Paris : comp\u00e9tition ouverte !"}]},{"@type":"WebSite","@id":"https:\/\/welovecinema.be\/nl\/#website","url":"https:\/\/welovecinema.be\/nl\/","name":"We Love Cinema","description":"Toute l\u2019information du cin\u00e9ma en Belgique","publisher":{"@id":"https:\/\/welovecinema.be\/nl\/#organization"},"potentialAction":[{"@type":"SearchAction","target":{"@type":"EntryPoint","urlTemplate":"https:\/\/welovecinema.be\/nl\/?s={search_term_string}"},"query-input":"required name=search_term_string"}],"inLanguage":"fr-FR"},{"@type":"Organization","@id":"https:\/\/welovecinema.be\/nl\/#organization","name":"We Love Cinema","url":"https:\/\/welovecinema.be\/nl\/","logo":{"@type":"ImageObject","inLanguage":"fr-FR","@id":"https:\/\/welovecinema.be\/nl\/#\/schema\/logo\/image\/","url":"https:\/\/welovecinema.be\/wp-content\/uploads\/sites\/2\/2023\/03\/Logo-We-Love-Cinema305x128.jpg","contentUrl":"https:\/\/welovecinema.be\/wp-content\/uploads\/sites\/2\/2023\/03\/Logo-We-Love-Cinema305x128.jpg","width":305,"height":128,"caption":"We Love Cinema"},"image":{"@id":"https:\/\/welovecinema.be\/nl\/#\/schema\/logo\/image\/"},"sameAs":["https:\/\/www.facebook.com\/welovecinema.be","https:\/\/www.youtube.com\/channel\/UCX5LYGVhnKvYauW4Nta4HJA","https:\/\/www.instagram.com\/welovecinema.be\/"]},{"@type":"Person","@id":"https:\/\/welovecinema.be\/nl\/#\/schema\/person\/4b9b1d857f0943453a38a7c2859ef756","name":"Philippe.Pierquin","url":"https:\/\/welovecinema.be\/fr\/author\/philippe-pierquin\/"}]}},"_links":{"self":[{"href":"https:\/\/welovecinema.be\/fr\/wp-json\/wp\/v2\/posts\/54928","targetHints":{"allow":["GET"]}}],"collection":[{"href":"https:\/\/welovecinema.be\/fr\/wp-json\/wp\/v2\/posts"}],"about":[{"href":"https:\/\/welovecinema.be\/fr\/wp-json\/wp\/v2\/types\/post"}],"author":[{"embeddable":true,"href":"https:\/\/welovecinema.be\/fr\/wp-json\/wp\/v2\/users\/7"}],"replies":[{"embeddable":true,"href":"https:\/\/welovecinema.be\/fr\/wp-json\/wp\/v2\/comments?post=54928"}],"version-history":[{"count":0,"href":"https:\/\/welovecinema.be\/fr\/wp-json\/wp\/v2\/posts\/54928\/revisions"}],"wp:featuredmedia":[{"embeddable":true,"href":"https:\/\/welovecinema.be\/fr\/wp-json\/wp\/v2\/media\/54959"}],"wp:attachment":[{"href":"https:\/\/welovecinema.be\/fr\/wp-json\/wp\/v2\/media?parent=54928"}],"wp:term":[{"taxonomy":"category","embeddable":true,"href":"https:\/\/welovecinema.be\/fr\/wp-json\/wp\/v2\/categories?post=54928"},{"taxonomy":"post_tag","embeddable":true,"href":"https:\/\/welovecinema.be\/fr\/wp-json\/wp\/v2\/tags?post=54928"}],"curies":[{"name":"wp","href":"https:\/\/api.w.org\/{rel}","templated":true}]}}