{"id":54911,"date":"2014-04-18T06:46:02","date_gmt":"2014-04-18T04:46:02","guid":{"rendered":"http:\/\/www.cinevox.be\/?p=54911"},"modified":"2014-04-14T12:15:38","modified_gmt":"2014-04-14T10:15:38","slug":"la-photo-du-jour-acid","status":"publish","type":"post","link":"https:\/\/welovecinema.be\/fr\/la-photo-du-jour-acid\/","title":{"rendered":"La Photo du jour &#8211; Vendredi 18 avril 2014"},"content":{"rendered":"<p>L&rsquo;Association du cin\u00e9ma ind\u00e9pendant pour sa diffusion (Acid) accueillera plus de spectateurs \u00e0 chaque projection lors du prochain festival de Cannes puisque chaque s\u00e9ance de 20h sera doubl\u00e9e. Le film \u00e9tant projet\u00e9 simultan\u00e9ment dans deux salles. Bonne nouvelle puisque chaque s\u00e9ance \u00e9tait sold out jusqu&rsquo;ici.<\/p>\n<p>Rappelons que c&rsquo;est l&rsquo;ACID qui a r\u00e9v\u00e9l\u00e9 en 2012 <i>La T\u00eate la premi\u00e8re<\/i> de la Belge <b>Am\u00e9lie Van Elmbt<\/b> avec un certain <b>David Murgia<\/b> qui a bien grandi depuis [en renomm\u00e9e en tous cas \ud83d\ude09 ]\n<p>L&rsquo;Acid d\u00e9voilera sa programmation 2014 le mardi 22 avril. \u00a0Son affiche a \u00e9t\u00e9 r\u00e9alis\u00e9e par Natalia Olbinski, \u00e9tudiante \u00e0 l&rsquo;\u00c9cole nationale sup\u00e9rieure des Arts D\u00e9coratifs.<!--more--><\/p>\n<p>&nbsp;<\/p>\n<p><a href=\"http:\/\/www.cinevox.be\/?attachment_id=54912\" rel=\"attachment wp-att-54912\"><img loading=\"lazy\" decoding=\"async\" class=\"aligncenter size-large wp-image-54912\" alt=\"\" src=\"http:\/\/www.cinevox.be\/wp-content\/uploads\/sites\/2\/2014\/04\/233eb21e39c6a883ddad90cca00e9941-400x600.jpg\" width=\"400\" height=\"600\" srcset=\"https:\/\/welovecinema.be\/wp-content\/uploads\/sites\/2\/2014\/04\/233eb21e39c6a883ddad90cca00e9941-400x600.jpg 400w, https:\/\/welovecinema.be\/wp-content\/uploads\/sites\/2\/2014\/04\/233eb21e39c6a883ddad90cca00e9941-180x270.jpg 180w, https:\/\/welovecinema.be\/wp-content\/uploads\/sites\/2\/2014\/04\/233eb21e39c6a883ddad90cca00e9941.jpg 670w\" sizes=\"auto, (max-width: 400px) 100vw, 400px\" \/><\/a><\/p>\n<p>&nbsp;<\/p>\n","protected":false},"excerpt":{"rendered":"<p>L&rsquo;Association du cin\u00e9ma ind\u00e9pendant pour sa diffusion (Acid) accueillera plus de spectateurs \u00e0 chaque projection lors du prochain festival de Cannes puisque chaque s\u00e9ance de 20h sera doubl\u00e9e. Le film \u00e9tant projet\u00e9 simultan\u00e9ment dans deux salles. Bonne nouvelle puisque chaque s\u00e9ance \u00e9tait sold out jusqu&rsquo;ici. Rappelons que c&rsquo;est l&rsquo;ACID qui a r\u00e9v\u00e9l\u00e9 en 2012 La &hellip;<\/p>\n","protected":false},"author":7,"featured_media":54914,"comment_status":"closed","ping_status":"closed","sticky":false,"template":"","format":"standard","meta":{"ngg_post_thumbnail":0,"footnotes":""},"categories":[1923,7],"tags":[],"class_list":["post-54911","post","type-post","status-publish","format-standard","has-post-thumbnail","","category-en-bref","category-actualites"],"yoast_head":"<!-- This site is optimized with the Yoast SEO plugin v20.4 - https:\/\/yoast.com\/wordpress\/plugins\/seo\/ -->\n<title>La Photo du jour - Vendredi 18 avril 2014 - We Love Cinema<\/title>\n<meta name=\"robots\" content=\"index, follow, max-snippet:-1, max-image-preview:large, max-video-preview:-1\" \/>\n<link rel=\"canonical\" href=\"https:\/\/welovecinema.be\/fr\/la-photo-du-jour-acid\/\" \/>\n<meta property=\"og:locale\" content=\"fr_FR\" \/>\n<meta property=\"og:type\" content=\"article\" \/>\n<meta property=\"og:title\" content=\"La Photo du jour - Vendredi 18 avril 2014 - We Love Cinema\" \/>\n<meta property=\"og:description\" content=\"L&rsquo;Association du cin\u00e9ma ind\u00e9pendant pour sa diffusion (Acid) accueillera plus de spectateurs \u00e0 chaque projection lors du prochain festival de Cannes puisque chaque s\u00e9ance de 20h sera doubl\u00e9e. Le film \u00e9tant projet\u00e9 simultan\u00e9ment dans deux salles. Bonne nouvelle puisque chaque s\u00e9ance \u00e9tait sold out jusqu&rsquo;ici. Rappelons que c&rsquo;est l&rsquo;ACID qui a r\u00e9v\u00e9l\u00e9 en 2012 La &hellip;\" \/>\n<meta property=\"og:url\" content=\"https:\/\/welovecinema.be\/fr\/la-photo-du-jour-acid\/\" \/>\n<meta property=\"og:site_name\" content=\"We Love Cinema\" \/>\n<meta property=\"article:publisher\" content=\"https:\/\/www.facebook.com\/welovecinema.be\" \/>\n<meta property=\"article:published_time\" content=\"2014-04-18T04:46:02+00:00\" \/>\n<meta property=\"article:modified_time\" content=\"2014-04-14T10:15:38+00:00\" \/>\n<meta property=\"og:image\" content=\"https:\/\/welovecinema.be\/wp-content\/uploads\/sites\/2\/2014\/04\/app.jpg\" \/>\n\t<meta property=\"og:image:width\" content=\"1536\" \/>\n\t<meta property=\"og:image:height\" content=\"1024\" \/>\n\t<meta property=\"og:image:type\" content=\"image\/jpeg\" \/>\n<meta name=\"author\" content=\"Philippe.Pierquin\" \/>\n<meta name=\"twitter:card\" content=\"summary_large_image\" \/>\n<meta name=\"twitter:label1\" content=\"\u00c9crit par\" \/>\n\t<meta name=\"twitter:data1\" content=\"Philippe.Pierquin\" \/>\n\t<meta name=\"twitter:label2\" content=\"Dur\u00e9e de lecture estim\u00e9e\" \/>\n\t<meta name=\"twitter:data2\" content=\"1 minute\" \/>\n<script type=\"application\/ld+json\" class=\"yoast-schema-graph\">{\"@context\":\"https:\/\/schema.org\",\"@graph\":[{\"@type\":\"Article\",\"@id\":\"https:\/\/welovecinema.be\/fr\/la-photo-du-jour-acid\/#article\",\"isPartOf\":{\"@id\":\"https:\/\/welovecinema.be\/fr\/la-photo-du-jour-acid\/\"},\"author\":{\"name\":\"Philippe.Pierquin\",\"@id\":\"https:\/\/welovecinema.be\/nl\/#\/schema\/person\/4b9b1d857f0943453a38a7c2859ef756\"},\"headline\":\"La Photo du jour &#8211; Vendredi 18 avril 2014\",\"datePublished\":\"2014-04-18T04:46:02+00:00\",\"dateModified\":\"2014-04-14T10:15:38+00:00\",\"mainEntityOfPage\":{\"@id\":\"https:\/\/welovecinema.be\/fr\/la-photo-du-jour-acid\/\"},\"wordCount\":132,\"publisher\":{\"@id\":\"https:\/\/welovecinema.be\/nl\/#organization\"},\"articleSection\":[\"En bref\",\"News\"],\"inLanguage\":\"fr-FR\"},{\"@type\":\"WebPage\",\"@id\":\"https:\/\/welovecinema.be\/fr\/la-photo-du-jour-acid\/\",\"url\":\"https:\/\/welovecinema.be\/fr\/la-photo-du-jour-acid\/\",\"name\":\"La Photo du jour - Vendredi 18 avril 2014 - We Love Cinema\",\"isPartOf\":{\"@id\":\"https:\/\/welovecinema.be\/nl\/#website\"},\"datePublished\":\"2014-04-18T04:46:02+00:00\",\"dateModified\":\"2014-04-14T10:15:38+00:00\",\"breadcrumb\":{\"@id\":\"https:\/\/welovecinema.be\/fr\/la-photo-du-jour-acid\/#breadcrumb\"},\"inLanguage\":\"fr-FR\",\"potentialAction\":[{\"@type\":\"ReadAction\",\"target\":[\"https:\/\/welovecinema.be\/fr\/la-photo-du-jour-acid\/\"]}]},{\"@type\":\"BreadcrumbList\",\"@id\":\"https:\/\/welovecinema.be\/fr\/la-photo-du-jour-acid\/#breadcrumb\",\"itemListElement\":[{\"@type\":\"ListItem\",\"position\":1,\"name\":\"Accueil\",\"item\":\"https:\/\/welovecinema.be\/fr\/\"},{\"@type\":\"ListItem\",\"position\":2,\"name\":\"La Photo du jour &#8211; Vendredi 18 avril 2014\"}]},{\"@type\":\"WebSite\",\"@id\":\"https:\/\/welovecinema.be\/nl\/#website\",\"url\":\"https:\/\/welovecinema.be\/nl\/\",\"name\":\"We Love Cinema\",\"description\":\"Toute l\u2019information du cin\u00e9ma en Belgique\",\"publisher\":{\"@id\":\"https:\/\/welovecinema.be\/nl\/#organization\"},\"potentialAction\":[{\"@type\":\"SearchAction\",\"target\":{\"@type\":\"EntryPoint\",\"urlTemplate\":\"https:\/\/welovecinema.be\/nl\/?s={search_term_string}\"},\"query-input\":\"required name=search_term_string\"}],\"inLanguage\":\"fr-FR\"},{\"@type\":\"Organization\",\"@id\":\"https:\/\/welovecinema.be\/nl\/#organization\",\"name\":\"We Love Cinema\",\"url\":\"https:\/\/welovecinema.be\/nl\/\",\"logo\":{\"@type\":\"ImageObject\",\"inLanguage\":\"fr-FR\",\"@id\":\"https:\/\/welovecinema.be\/nl\/#\/schema\/logo\/image\/\",\"url\":\"https:\/\/welovecinema.be\/wp-content\/uploads\/sites\/2\/2023\/03\/Logo-We-Love-Cinema305x128.jpg\",\"contentUrl\":\"https:\/\/welovecinema.be\/wp-content\/uploads\/sites\/2\/2023\/03\/Logo-We-Love-Cinema305x128.jpg\",\"width\":305,\"height\":128,\"caption\":\"We Love Cinema\"},\"image\":{\"@id\":\"https:\/\/welovecinema.be\/nl\/#\/schema\/logo\/image\/\"},\"sameAs\":[\"https:\/\/www.facebook.com\/welovecinema.be\",\"https:\/\/www.youtube.com\/channel\/UCX5LYGVhnKvYauW4Nta4HJA\",\"https:\/\/www.instagram.com\/welovecinema.be\/\"]},{\"@type\":\"Person\",\"@id\":\"https:\/\/welovecinema.be\/nl\/#\/schema\/person\/4b9b1d857f0943453a38a7c2859ef756\",\"name\":\"Philippe.Pierquin\",\"url\":\"https:\/\/welovecinema.be\/fr\/author\/philippe-pierquin\/\"}]}<\/script>\n<!-- \/ Yoast SEO plugin. -->","yoast_head_json":{"title":"La Photo du jour - Vendredi 18 avril 2014 - We Love Cinema","robots":{"index":"index","follow":"follow","max-snippet":"max-snippet:-1","max-image-preview":"max-image-preview:large","max-video-preview":"max-video-preview:-1"},"canonical":"https:\/\/welovecinema.be\/fr\/la-photo-du-jour-acid\/","og_locale":"fr_FR","og_type":"article","og_title":"La Photo du jour - Vendredi 18 avril 2014 - We Love Cinema","og_description":"L&rsquo;Association du cin\u00e9ma ind\u00e9pendant pour sa diffusion (Acid) accueillera plus de spectateurs \u00e0 chaque projection lors du prochain festival de Cannes puisque chaque s\u00e9ance de 20h sera doubl\u00e9e. Le film \u00e9tant projet\u00e9 simultan\u00e9ment dans deux salles. Bonne nouvelle puisque chaque s\u00e9ance \u00e9tait sold out jusqu&rsquo;ici. Rappelons que c&rsquo;est l&rsquo;ACID qui a r\u00e9v\u00e9l\u00e9 en 2012 La &hellip;","og_url":"https:\/\/welovecinema.be\/fr\/la-photo-du-jour-acid\/","og_site_name":"We Love Cinema","article_publisher":"https:\/\/www.facebook.com\/welovecinema.be","article_published_time":"2014-04-18T04:46:02+00:00","article_modified_time":"2014-04-14T10:15:38+00:00","og_image":[{"width":1536,"height":1024,"url":"https:\/\/welovecinema.be\/wp-content\/uploads\/sites\/2\/2014\/04\/app.jpg","type":"image\/jpeg"}],"author":"Philippe.Pierquin","twitter_card":"summary_large_image","twitter_misc":{"\u00c9crit par":"Philippe.Pierquin","Dur\u00e9e de lecture estim\u00e9e":"1 minute"},"schema":{"@context":"https:\/\/schema.org","@graph":[{"@type":"Article","@id":"https:\/\/welovecinema.be\/fr\/la-photo-du-jour-acid\/#article","isPartOf":{"@id":"https:\/\/welovecinema.be\/fr\/la-photo-du-jour-acid\/"},"author":{"name":"Philippe.Pierquin","@id":"https:\/\/welovecinema.be\/nl\/#\/schema\/person\/4b9b1d857f0943453a38a7c2859ef756"},"headline":"La Photo du jour &#8211; Vendredi 18 avril 2014","datePublished":"2014-04-18T04:46:02+00:00","dateModified":"2014-04-14T10:15:38+00:00","mainEntityOfPage":{"@id":"https:\/\/welovecinema.be\/fr\/la-photo-du-jour-acid\/"},"wordCount":132,"publisher":{"@id":"https:\/\/welovecinema.be\/nl\/#organization"},"articleSection":["En bref","News"],"inLanguage":"fr-FR"},{"@type":"WebPage","@id":"https:\/\/welovecinema.be\/fr\/la-photo-du-jour-acid\/","url":"https:\/\/welovecinema.be\/fr\/la-photo-du-jour-acid\/","name":"La Photo du jour - Vendredi 18 avril 2014 - We Love Cinema","isPartOf":{"@id":"https:\/\/welovecinema.be\/nl\/#website"},"datePublished":"2014-04-18T04:46:02+00:00","dateModified":"2014-04-14T10:15:38+00:00","breadcrumb":{"@id":"https:\/\/welovecinema.be\/fr\/la-photo-du-jour-acid\/#breadcrumb"},"inLanguage":"fr-FR","potentialAction":[{"@type":"ReadAction","target":["https:\/\/welovecinema.be\/fr\/la-photo-du-jour-acid\/"]}]},{"@type":"BreadcrumbList","@id":"https:\/\/welovecinema.be\/fr\/la-photo-du-jour-acid\/#breadcrumb","itemListElement":[{"@type":"ListItem","position":1,"name":"Accueil","item":"https:\/\/welovecinema.be\/fr\/"},{"@type":"ListItem","position":2,"name":"La Photo du jour &#8211; Vendredi 18 avril 2014"}]},{"@type":"WebSite","@id":"https:\/\/welovecinema.be\/nl\/#website","url":"https:\/\/welovecinema.be\/nl\/","name":"We Love Cinema","description":"Toute l\u2019information du cin\u00e9ma en Belgique","publisher":{"@id":"https:\/\/welovecinema.be\/nl\/#organization"},"potentialAction":[{"@type":"SearchAction","target":{"@type":"EntryPoint","urlTemplate":"https:\/\/welovecinema.be\/nl\/?s={search_term_string}"},"query-input":"required name=search_term_string"}],"inLanguage":"fr-FR"},{"@type":"Organization","@id":"https:\/\/welovecinema.be\/nl\/#organization","name":"We Love Cinema","url":"https:\/\/welovecinema.be\/nl\/","logo":{"@type":"ImageObject","inLanguage":"fr-FR","@id":"https:\/\/welovecinema.be\/nl\/#\/schema\/logo\/image\/","url":"https:\/\/welovecinema.be\/wp-content\/uploads\/sites\/2\/2023\/03\/Logo-We-Love-Cinema305x128.jpg","contentUrl":"https:\/\/welovecinema.be\/wp-content\/uploads\/sites\/2\/2023\/03\/Logo-We-Love-Cinema305x128.jpg","width":305,"height":128,"caption":"We Love Cinema"},"image":{"@id":"https:\/\/welovecinema.be\/nl\/#\/schema\/logo\/image\/"},"sameAs":["https:\/\/www.facebook.com\/welovecinema.be","https:\/\/www.youtube.com\/channel\/UCX5LYGVhnKvYauW4Nta4HJA","https:\/\/www.instagram.com\/welovecinema.be\/"]},{"@type":"Person","@id":"https:\/\/welovecinema.be\/nl\/#\/schema\/person\/4b9b1d857f0943453a38a7c2859ef756","name":"Philippe.Pierquin","url":"https:\/\/welovecinema.be\/fr\/author\/philippe-pierquin\/"}]}},"_links":{"self":[{"href":"https:\/\/welovecinema.be\/fr\/wp-json\/wp\/v2\/posts\/54911","targetHints":{"allow":["GET"]}}],"collection":[{"href":"https:\/\/welovecinema.be\/fr\/wp-json\/wp\/v2\/posts"}],"about":[{"href":"https:\/\/welovecinema.be\/fr\/wp-json\/wp\/v2\/types\/post"}],"author":[{"embeddable":true,"href":"https:\/\/welovecinema.be\/fr\/wp-json\/wp\/v2\/users\/7"}],"replies":[{"embeddable":true,"href":"https:\/\/welovecinema.be\/fr\/wp-json\/wp\/v2\/comments?post=54911"}],"version-history":[{"count":0,"href":"https:\/\/welovecinema.be\/fr\/wp-json\/wp\/v2\/posts\/54911\/revisions"}],"wp:featuredmedia":[{"embeddable":true,"href":"https:\/\/welovecinema.be\/fr\/wp-json\/wp\/v2\/media\/54914"}],"wp:attachment":[{"href":"https:\/\/welovecinema.be\/fr\/wp-json\/wp\/v2\/media?parent=54911"}],"wp:term":[{"taxonomy":"category","embeddable":true,"href":"https:\/\/welovecinema.be\/fr\/wp-json\/wp\/v2\/categories?post=54911"},{"taxonomy":"post_tag","embeddable":true,"href":"https:\/\/welovecinema.be\/fr\/wp-json\/wp\/v2\/tags?post=54911"}],"curies":[{"name":"wp","href":"https:\/\/api.w.org\/{rel}","templated":true}]}}