{"id":54218,"date":"2014-03-25T08:33:42","date_gmt":"2014-03-25T07:33:42","guid":{"rendered":"http:\/\/www.cinevox.be\/?p=54218"},"modified":"2014-03-24T11:54:48","modified_gmt":"2014-03-24T10:54:48","slug":"court-lannonce-faite-sandrine","status":"publish","type":"post","link":"https:\/\/welovecinema.be\/fr\/court-lannonce-faite-sandrine\/","title":{"rendered":"Tout court : l&rsquo;annonce faite \u00e0 Sandrine"},"content":{"rendered":"<p>Trois films seulement dans Tout court ce mercredi 26 sur la Trois, mais un peu plus longs que d&rsquo;habitude. Et surtout avec un in\u00e9dit. Dans <i>L&rsquo;annonce<\/i> de <b>Laure Hassel,<\/b> on retrouve <b>Laurent Capelluto<\/b> (Magritte 2014 du meilleur second r\u00f4le) et <b>Sandrine Blancke<\/b>, face \u00e0 un coup de fil qui va faire basculer une vie.<\/p>\n<p>&nbsp;<\/p>\n<p><!--more--><\/p>\n<p><b>\u00a0<\/b><\/p>\n<p>&nbsp;<\/p>\n<p>&nbsp;<\/p>\n<p>&nbsp;<\/p>\n<p><b>23.35 &#8211; L&rsquo;ANNONCE \u2013 In\u00e9dit !!!<\/b><\/p>\n<p>&nbsp;<\/p>\n<p><b><a href=\"http:\/\/www.cinevox.be\/court-lannonce-faite-sandrine\/annonce\/\" rel=\"attachment wp-att-54220\"><img loading=\"lazy\" decoding=\"async\" class=\"aligncenter size-full wp-image-54220\" alt=\"\" src=\"http:\/\/www.cinevox.be\/wp-content\/uploads\/sites\/2\/2014\/03\/ANNONCE.jpg\" width=\"738\" height=\"289\" srcset=\"https:\/\/welovecinema.be\/wp-content\/uploads\/sites\/2\/2014\/03\/ANNONCE.jpg 738w, https:\/\/welovecinema.be\/wp-content\/uploads\/sites\/2\/2014\/03\/ANNONCE-480x187.jpg 480w\" sizes=\"auto, (max-width: 738px) 100vw, 738px\" \/><\/a><\/b><\/p>\n<p>&nbsp;<\/p>\n<p>&nbsp;<\/p>\n<p>Dur\u00e9e: 00:20<\/p>\n<p>Controle parental: Pour tous<\/p>\n<p>Une plage, \u00e0 la fin d&rsquo;une belle journ\u00e9e d&rsquo;\u00e9t\u00e9. Un t\u00e9l\u00e9phone sonne, une vie bascule&#8230;<\/p>\n<p>&nbsp;<\/p>\n<p>R\u00e9alisateur: Laure Hassel<\/p>\n<p>Acteur\/Actrice: Sandrine Blancke, Laurent Capelluto, Anne Guillaume<\/p>\n<p>&nbsp;<\/p>\n<p><iframe loading=\"lazy\" src=\"\/\/player.vimeo.com\/video\/55118744\" height=\"480\" width=\"600\" allowfullscreen=\"\" frameborder=\"0\"><\/iframe><\/p>\n<p>&nbsp;<\/p>\n<p>&nbsp;<\/p>\n<p><b>00.00 &#8211; LE FILS DU BLANC<\/b><\/p>\n<p>&nbsp;<\/p>\n<p><a href=\"http:\/\/www.cinevox.be\/court-lannonce-faite-sandrine\/fils-du-blanc\/\" rel=\"attachment wp-att-54221\"><img loading=\"lazy\" decoding=\"async\" class=\"aligncenter size-full wp-image-54221\" alt=\"\" src=\"http:\/\/www.cinevox.be\/wp-content\/uploads\/sites\/2\/2014\/03\/fils-du-blanc.jpg\" width=\"640\" height=\"356\" srcset=\"https:\/\/welovecinema.be\/wp-content\/uploads\/sites\/2\/2014\/03\/fils-du-blanc.jpg 640w, https:\/\/welovecinema.be\/wp-content\/uploads\/sites\/2\/2014\/03\/fils-du-blanc-480x267.jpg 480w\" sizes=\"auto, (max-width: 640px) 100vw, 640px\" \/><\/a><\/p>\n<p>&nbsp;<\/p>\n<p>&nbsp;<\/p>\n<p>Dur\u00e9e: 00:19<\/p>\n<p>Richard trouve un petit boulot dans une usine sur le bord de Sambre. Il vient en r\u00e9alit\u00e9 d&rsquo;arriver dans le secteur dont son p\u00e8re, Michel, est le contrema\u00eetre. Dans l&rsquo;apprentissage du monde adulte que l&rsquo;adolescent entreprend, r\u00e9sonne le cri d&rsquo;amour d&rsquo;un fils pour son p\u00e8re.<\/p>\n<p>&nbsp;<\/p>\n<p>Prix et r\u00e9compenses :<\/p>\n<p>Prix La Trois Het Grote Ongeduld 2013<\/p>\n<p>&nbsp;<\/p>\n<p>R\u00e9alisateur: Maxence Robert<\/p>\n<p>Sc\u00e9nariste: Maxence Robert<\/p>\n<p>Acteur\/Actrice: Arthur Buyssens, Alain Bellot, Jean-Marc Vanolst<\/p>\n<p>&nbsp;<\/p>\n<p>&nbsp;<\/p>\n<p><b>00.15 RAE<\/b><\/p>\n<p>&nbsp;<\/p>\n<p><a href=\"http:\/\/www.cinevox.be\/court-lannonce-faite-sandrine\/rae-emmanuelle-nicot-2\/\" rel=\"attachment wp-att-54222\"><img loading=\"lazy\" decoding=\"async\" class=\"aligncenter size-full wp-image-54222\" alt=\"\" src=\"http:\/\/www.cinevox.be\/wp-content\/uploads\/sites\/2\/2014\/03\/rae-emmanuelle-nicot.jpg\" width=\"640\" height=\"348\" srcset=\"https:\/\/welovecinema.be\/wp-content\/uploads\/sites\/2\/2014\/03\/rae-emmanuelle-nicot.jpg 640w, https:\/\/welovecinema.be\/wp-content\/uploads\/sites\/2\/2014\/03\/rae-emmanuelle-nicot-480x261.jpg 480w\" sizes=\"auto, (max-width: 640px) 100vw, 640px\" \/><\/a><\/p>\n<p>&nbsp;<\/p>\n<p>&nbsp;<\/p>\n<p>Dur\u00e9e: 00:19<\/p>\n<p>L&rsquo;adresse du refuge doit rester secr\u00e8te, pour elle et pour toutes les autres femmes. Son t\u00e9l\u00e9phone vibre dans sa poche. Rae tressaille. On lui demande de l&rsquo;\u00e9teindre. Il n&rsquo;en est pas question.<\/p>\n<p>&nbsp;<\/p>\n<p>Prix et r\u00e9compenses :<\/p>\n<p>Prix La Trois et Prix F\u00e9d\u00e9ration Wallonie Bruxelles FIDEC 2012<\/p>\n<p>Grand prix du Jury 2013 Festival Court fraancophone Un poing c&rsquo;est court (Vaulx en Velin)<\/p>\n<p>&nbsp;<\/p>\n<p>R\u00e9alisateur: Emmanuelle Nicot<\/p>\n<p>Sc\u00e9nariste: Emmanuelle Nicot<\/p>\n<p>Acteur\/Actrice: Ana\u00efs Moreau, Isabelle de Hertogh, Emmanuelle Bonmariage, Cl\u00e9mence Warnier, Anne-Pascale Clairembourg<\/p>\n","protected":false},"excerpt":{"rendered":"<p>Trois films seulement dans Tout court ce mercredi 26 sur la Trois, mais un peu plus longs que d&rsquo;habitude. Et surtout avec un in\u00e9dit. Dans L&rsquo;annonce de Laure Hassel, on retrouve Laurent Capelluto (Magritte 2014 du meilleur second r\u00f4le) et Sandrine Blancke, face \u00e0 un coup de fil qui va faire basculer une vie. &nbsp;<\/p>\n","protected":false},"author":7,"featured_media":54224,"comment_status":"closed","ping_status":"closed","sticky":false,"template":"","format":"standard","meta":{"ngg_post_thumbnail":0,"footnotes":""},"categories":[14],"tags":[],"class_list":["post-54218","post","type-post","status-publish","format-standard","has-post-thumbnail","","category-home-cinema"],"yoast_head":"<!-- This site is optimized with the Yoast SEO plugin v20.4 - https:\/\/yoast.com\/wordpress\/plugins\/seo\/ -->\n<title>Tout court : l&#039;annonce faite \u00e0 Sandrine - We Love Cinema<\/title>\n<meta name=\"robots\" content=\"index, follow, max-snippet:-1, max-image-preview:large, max-video-preview:-1\" \/>\n<link rel=\"canonical\" href=\"https:\/\/welovecinema.be\/fr\/court-lannonce-faite-sandrine\/\" \/>\n<meta property=\"og:locale\" content=\"fr_FR\" \/>\n<meta property=\"og:type\" content=\"article\" \/>\n<meta property=\"og:title\" content=\"Tout court : l&#039;annonce faite \u00e0 Sandrine - We Love Cinema\" \/>\n<meta property=\"og:description\" content=\"Trois films seulement dans Tout court ce mercredi 26 sur la Trois, mais un peu plus longs que d&rsquo;habitude. Et surtout avec un in\u00e9dit. Dans L&rsquo;annonce de Laure Hassel, on retrouve Laurent Capelluto (Magritte 2014 du meilleur second r\u00f4le) et Sandrine Blancke, face \u00e0 un coup de fil qui va faire basculer une vie. &nbsp;\" \/>\n<meta property=\"og:url\" content=\"https:\/\/welovecinema.be\/fr\/court-lannonce-faite-sandrine\/\" \/>\n<meta property=\"og:site_name\" content=\"We Love Cinema\" \/>\n<meta property=\"article:publisher\" content=\"https:\/\/www.facebook.com\/welovecinema.be\" \/>\n<meta property=\"article:published_time\" content=\"2014-03-25T07:33:42+00:00\" \/>\n<meta property=\"article:modified_time\" content=\"2014-03-24T10:54:48+00:00\" \/>\n<meta property=\"og:image\" content=\"https:\/\/welovecinema.be\/wp-content\/uploads\/sites\/2\/2010\/03\/annonce-2.jpg\" \/>\n\t<meta property=\"og:image:width\" content=\"640\" \/>\n\t<meta property=\"og:image:height\" content=\"367\" \/>\n\t<meta property=\"og:image:type\" content=\"image\/jpeg\" \/>\n<meta name=\"author\" content=\"Philippe.Pierquin\" \/>\n<meta name=\"twitter:card\" content=\"summary_large_image\" \/>\n<meta name=\"twitter:label1\" content=\"\u00c9crit par\" \/>\n\t<meta name=\"twitter:data1\" content=\"Philippe.Pierquin\" \/>\n\t<meta name=\"twitter:label2\" content=\"Dur\u00e9e de lecture estim\u00e9e\" \/>\n\t<meta name=\"twitter:data2\" content=\"1 minute\" \/>\n<script type=\"application\/ld+json\" class=\"yoast-schema-graph\">{\"@context\":\"https:\/\/schema.org\",\"@graph\":[{\"@type\":\"Article\",\"@id\":\"https:\/\/welovecinema.be\/fr\/court-lannonce-faite-sandrine\/#article\",\"isPartOf\":{\"@id\":\"https:\/\/welovecinema.be\/fr\/court-lannonce-faite-sandrine\/\"},\"author\":{\"name\":\"Philippe.Pierquin\",\"@id\":\"https:\/\/welovecinema.be\/nl\/#\/schema\/person\/4b9b1d857f0943453a38a7c2859ef756\"},\"headline\":\"Tout court : l&rsquo;annonce faite \u00e0 Sandrine\",\"datePublished\":\"2014-03-25T07:33:42+00:00\",\"dateModified\":\"2014-03-24T10:54:48+00:00\",\"mainEntityOfPage\":{\"@id\":\"https:\/\/welovecinema.be\/fr\/court-lannonce-faite-sandrine\/\"},\"wordCount\":308,\"publisher\":{\"@id\":\"https:\/\/welovecinema.be\/nl\/#organization\"},\"articleSection\":[\"Plateau t\u00e9l\u00e9\"],\"inLanguage\":\"fr-FR\"},{\"@type\":\"WebPage\",\"@id\":\"https:\/\/welovecinema.be\/fr\/court-lannonce-faite-sandrine\/\",\"url\":\"https:\/\/welovecinema.be\/fr\/court-lannonce-faite-sandrine\/\",\"name\":\"Tout court : l'annonce faite \u00e0 Sandrine - We Love Cinema\",\"isPartOf\":{\"@id\":\"https:\/\/welovecinema.be\/nl\/#website\"},\"datePublished\":\"2014-03-25T07:33:42+00:00\",\"dateModified\":\"2014-03-24T10:54:48+00:00\",\"breadcrumb\":{\"@id\":\"https:\/\/welovecinema.be\/fr\/court-lannonce-faite-sandrine\/#breadcrumb\"},\"inLanguage\":\"fr-FR\",\"potentialAction\":[{\"@type\":\"ReadAction\",\"target\":[\"https:\/\/welovecinema.be\/fr\/court-lannonce-faite-sandrine\/\"]}]},{\"@type\":\"BreadcrumbList\",\"@id\":\"https:\/\/welovecinema.be\/fr\/court-lannonce-faite-sandrine\/#breadcrumb\",\"itemListElement\":[{\"@type\":\"ListItem\",\"position\":1,\"name\":\"Accueil\",\"item\":\"https:\/\/welovecinema.be\/fr\/\"},{\"@type\":\"ListItem\",\"position\":2,\"name\":\"Tout court : l&rsquo;annonce faite \u00e0 Sandrine\"}]},{\"@type\":\"WebSite\",\"@id\":\"https:\/\/welovecinema.be\/nl\/#website\",\"url\":\"https:\/\/welovecinema.be\/nl\/\",\"name\":\"We Love Cinema\",\"description\":\"Toute l\u2019information du cin\u00e9ma en Belgique\",\"publisher\":{\"@id\":\"https:\/\/welovecinema.be\/nl\/#organization\"},\"potentialAction\":[{\"@type\":\"SearchAction\",\"target\":{\"@type\":\"EntryPoint\",\"urlTemplate\":\"https:\/\/welovecinema.be\/nl\/?s={search_term_string}\"},\"query-input\":\"required name=search_term_string\"}],\"inLanguage\":\"fr-FR\"},{\"@type\":\"Organization\",\"@id\":\"https:\/\/welovecinema.be\/nl\/#organization\",\"name\":\"We Love Cinema\",\"url\":\"https:\/\/welovecinema.be\/nl\/\",\"logo\":{\"@type\":\"ImageObject\",\"inLanguage\":\"fr-FR\",\"@id\":\"https:\/\/welovecinema.be\/nl\/#\/schema\/logo\/image\/\",\"url\":\"https:\/\/welovecinema.be\/wp-content\/uploads\/sites\/2\/2023\/03\/Logo-We-Love-Cinema305x128.jpg\",\"contentUrl\":\"https:\/\/welovecinema.be\/wp-content\/uploads\/sites\/2\/2023\/03\/Logo-We-Love-Cinema305x128.jpg\",\"width\":305,\"height\":128,\"caption\":\"We Love Cinema\"},\"image\":{\"@id\":\"https:\/\/welovecinema.be\/nl\/#\/schema\/logo\/image\/\"},\"sameAs\":[\"https:\/\/www.facebook.com\/welovecinema.be\",\"https:\/\/www.youtube.com\/channel\/UCX5LYGVhnKvYauW4Nta4HJA\",\"https:\/\/www.instagram.com\/welovecinema.be\/\"]},{\"@type\":\"Person\",\"@id\":\"https:\/\/welovecinema.be\/nl\/#\/schema\/person\/4b9b1d857f0943453a38a7c2859ef756\",\"name\":\"Philippe.Pierquin\",\"url\":\"https:\/\/welovecinema.be\/fr\/author\/philippe-pierquin\/\"}]}<\/script>\n<!-- \/ Yoast SEO plugin. -->","yoast_head_json":{"title":"Tout court : l'annonce faite \u00e0 Sandrine - We Love Cinema","robots":{"index":"index","follow":"follow","max-snippet":"max-snippet:-1","max-image-preview":"max-image-preview:large","max-video-preview":"max-video-preview:-1"},"canonical":"https:\/\/welovecinema.be\/fr\/court-lannonce-faite-sandrine\/","og_locale":"fr_FR","og_type":"article","og_title":"Tout court : l'annonce faite \u00e0 Sandrine - We Love Cinema","og_description":"Trois films seulement dans Tout court ce mercredi 26 sur la Trois, mais un peu plus longs que d&rsquo;habitude. Et surtout avec un in\u00e9dit. Dans L&rsquo;annonce de Laure Hassel, on retrouve Laurent Capelluto (Magritte 2014 du meilleur second r\u00f4le) et Sandrine Blancke, face \u00e0 un coup de fil qui va faire basculer une vie. &nbsp;","og_url":"https:\/\/welovecinema.be\/fr\/court-lannonce-faite-sandrine\/","og_site_name":"We Love Cinema","article_publisher":"https:\/\/www.facebook.com\/welovecinema.be","article_published_time":"2014-03-25T07:33:42+00:00","article_modified_time":"2014-03-24T10:54:48+00:00","og_image":[{"width":640,"height":367,"url":"https:\/\/welovecinema.be\/wp-content\/uploads\/sites\/2\/2010\/03\/annonce-2.jpg","type":"image\/jpeg"}],"author":"Philippe.Pierquin","twitter_card":"summary_large_image","twitter_misc":{"\u00c9crit par":"Philippe.Pierquin","Dur\u00e9e de lecture estim\u00e9e":"1 minute"},"schema":{"@context":"https:\/\/schema.org","@graph":[{"@type":"Article","@id":"https:\/\/welovecinema.be\/fr\/court-lannonce-faite-sandrine\/#article","isPartOf":{"@id":"https:\/\/welovecinema.be\/fr\/court-lannonce-faite-sandrine\/"},"author":{"name":"Philippe.Pierquin","@id":"https:\/\/welovecinema.be\/nl\/#\/schema\/person\/4b9b1d857f0943453a38a7c2859ef756"},"headline":"Tout court : l&rsquo;annonce faite \u00e0 Sandrine","datePublished":"2014-03-25T07:33:42+00:00","dateModified":"2014-03-24T10:54:48+00:00","mainEntityOfPage":{"@id":"https:\/\/welovecinema.be\/fr\/court-lannonce-faite-sandrine\/"},"wordCount":308,"publisher":{"@id":"https:\/\/welovecinema.be\/nl\/#organization"},"articleSection":["Plateau t\u00e9l\u00e9"],"inLanguage":"fr-FR"},{"@type":"WebPage","@id":"https:\/\/welovecinema.be\/fr\/court-lannonce-faite-sandrine\/","url":"https:\/\/welovecinema.be\/fr\/court-lannonce-faite-sandrine\/","name":"Tout court : l'annonce faite \u00e0 Sandrine - We Love Cinema","isPartOf":{"@id":"https:\/\/welovecinema.be\/nl\/#website"},"datePublished":"2014-03-25T07:33:42+00:00","dateModified":"2014-03-24T10:54:48+00:00","breadcrumb":{"@id":"https:\/\/welovecinema.be\/fr\/court-lannonce-faite-sandrine\/#breadcrumb"},"inLanguage":"fr-FR","potentialAction":[{"@type":"ReadAction","target":["https:\/\/welovecinema.be\/fr\/court-lannonce-faite-sandrine\/"]}]},{"@type":"BreadcrumbList","@id":"https:\/\/welovecinema.be\/fr\/court-lannonce-faite-sandrine\/#breadcrumb","itemListElement":[{"@type":"ListItem","position":1,"name":"Accueil","item":"https:\/\/welovecinema.be\/fr\/"},{"@type":"ListItem","position":2,"name":"Tout court : l&rsquo;annonce faite \u00e0 Sandrine"}]},{"@type":"WebSite","@id":"https:\/\/welovecinema.be\/nl\/#website","url":"https:\/\/welovecinema.be\/nl\/","name":"We Love Cinema","description":"Toute l\u2019information du cin\u00e9ma en Belgique","publisher":{"@id":"https:\/\/welovecinema.be\/nl\/#organization"},"potentialAction":[{"@type":"SearchAction","target":{"@type":"EntryPoint","urlTemplate":"https:\/\/welovecinema.be\/nl\/?s={search_term_string}"},"query-input":"required name=search_term_string"}],"inLanguage":"fr-FR"},{"@type":"Organization","@id":"https:\/\/welovecinema.be\/nl\/#organization","name":"We Love Cinema","url":"https:\/\/welovecinema.be\/nl\/","logo":{"@type":"ImageObject","inLanguage":"fr-FR","@id":"https:\/\/welovecinema.be\/nl\/#\/schema\/logo\/image\/","url":"https:\/\/welovecinema.be\/wp-content\/uploads\/sites\/2\/2023\/03\/Logo-We-Love-Cinema305x128.jpg","contentUrl":"https:\/\/welovecinema.be\/wp-content\/uploads\/sites\/2\/2023\/03\/Logo-We-Love-Cinema305x128.jpg","width":305,"height":128,"caption":"We Love Cinema"},"image":{"@id":"https:\/\/welovecinema.be\/nl\/#\/schema\/logo\/image\/"},"sameAs":["https:\/\/www.facebook.com\/welovecinema.be","https:\/\/www.youtube.com\/channel\/UCX5LYGVhnKvYauW4Nta4HJA","https:\/\/www.instagram.com\/welovecinema.be\/"]},{"@type":"Person","@id":"https:\/\/welovecinema.be\/nl\/#\/schema\/person\/4b9b1d857f0943453a38a7c2859ef756","name":"Philippe.Pierquin","url":"https:\/\/welovecinema.be\/fr\/author\/philippe-pierquin\/"}]}},"_links":{"self":[{"href":"https:\/\/welovecinema.be\/fr\/wp-json\/wp\/v2\/posts\/54218","targetHints":{"allow":["GET"]}}],"collection":[{"href":"https:\/\/welovecinema.be\/fr\/wp-json\/wp\/v2\/posts"}],"about":[{"href":"https:\/\/welovecinema.be\/fr\/wp-json\/wp\/v2\/types\/post"}],"author":[{"embeddable":true,"href":"https:\/\/welovecinema.be\/fr\/wp-json\/wp\/v2\/users\/7"}],"replies":[{"embeddable":true,"href":"https:\/\/welovecinema.be\/fr\/wp-json\/wp\/v2\/comments?post=54218"}],"version-history":[{"count":0,"href":"https:\/\/welovecinema.be\/fr\/wp-json\/wp\/v2\/posts\/54218\/revisions"}],"wp:featuredmedia":[{"embeddable":true,"href":"https:\/\/welovecinema.be\/fr\/wp-json\/wp\/v2\/media\/54224"}],"wp:attachment":[{"href":"https:\/\/welovecinema.be\/fr\/wp-json\/wp\/v2\/media?parent=54218"}],"wp:term":[{"taxonomy":"category","embeddable":true,"href":"https:\/\/welovecinema.be\/fr\/wp-json\/wp\/v2\/categories?post=54218"},{"taxonomy":"post_tag","embeddable":true,"href":"https:\/\/welovecinema.be\/fr\/wp-json\/wp\/v2\/tags?post=54218"}],"curies":[{"name":"wp","href":"https:\/\/api.w.org\/{rel}","templated":true}]}}