{"id":53743,"date":"2014-04-08T06:37:38","date_gmt":"2014-04-08T04:37:38","guid":{"rendered":"http:\/\/www.cinevox.be\/?p=53743"},"modified":"2014-04-03T11:52:39","modified_gmt":"2014-04-03T09:52:39","slug":"la-photo-du-jour-3","status":"publish","type":"post","link":"https:\/\/welovecinema.be\/fr\/la-photo-du-jour-3\/","title":{"rendered":"La photo du jour &#8211; Mardi 8 avril 2014"},"content":{"rendered":"<p>A l&rsquo;issue de la partie bretonne du tournage, toute l&rsquo;\u00e9quipe de <em>Je me tue \u00e0 la dire<\/em> de Xavier Seron pose pour la post\u00e9rit\u00e9.<\/p>\n<p>La suite de ce film culott\u00e9 qui pourrait \u00eatre d\u00e9fini comme un Supercondriaque belge revu par&#8230; David Lynch devrait \u00eatre tourn\u00e9e en Belgique prochainement&#8230; d\u00e8s que les finances n\u00e9cessaires auront \u00e9t\u00e9 r\u00e9unies.<\/p>\n<p>Et bon, sorry pour l\u2019inscription sur le mur. ces gens sont tr\u00e8s mal \u00e9lev\u00e9s.<\/p>\n<p>&nbsp;<\/p>\n<p>&nbsp;<\/p>\n<p>&nbsp;<\/p>\n<p><!--more--><\/p>\n<p>&nbsp;<\/p>\n<p><a href=\"http:\/\/www.cinevox.be\/?attachment_id=53744\" rel=\"attachment wp-att-53744\"><img loading=\"lazy\" decoding=\"async\" class=\"aligncenter size-large wp-image-53744\" alt=\"\" src=\"http:\/\/www.cinevox.be\/wp-content\/uploads\/sites\/2\/2014\/03\/1898690_666577526743527_1348935138_o-800x533.jpg\" width=\"640\" height=\"426\" srcset=\"https:\/\/welovecinema.be\/wp-content\/uploads\/sites\/2\/2014\/03\/1898690_666577526743527_1348935138_o-800x533.jpg 800w, https:\/\/welovecinema.be\/wp-content\/uploads\/sites\/2\/2014\/03\/1898690_666577526743527_1348935138_o-405x270.jpg 405w, https:\/\/welovecinema.be\/wp-content\/uploads\/sites\/2\/2014\/03\/1898690_666577526743527_1348935138_o.jpg 2048w\" sizes=\"auto, (max-width: 640px) 100vw, 640px\" \/><\/a><\/p>\n","protected":false},"excerpt":{"rendered":"<p>A l&rsquo;issue de la partie bretonne du tournage, toute l&rsquo;\u00e9quipe de Je me tue \u00e0 la dire de Xavier Seron pose pour la post\u00e9rit\u00e9. La suite de ce film culott\u00e9 qui pourrait \u00eatre d\u00e9fini comme un Supercondriaque belge revu par&#8230; David Lynch devrait \u00eatre tourn\u00e9e en Belgique prochainement&#8230; d\u00e8s que les finances n\u00e9cessaires auront \u00e9t\u00e9 &hellip;<\/p>\n","protected":false},"author":7,"featured_media":53755,"comment_status":"closed","ping_status":"closed","sticky":false,"template":"","format":"standard","meta":{"ngg_post_thumbnail":0,"footnotes":""},"categories":[1923],"tags":[],"class_list":["post-53743","post","type-post","status-publish","format-standard","has-post-thumbnail","","category-en-bref"],"yoast_head":"<!-- This site is optimized with the Yoast SEO plugin v20.4 - https:\/\/yoast.com\/wordpress\/plugins\/seo\/ -->\n<title>La photo du jour - Mardi 8 avril 2014 - We Love Cinema<\/title>\n<meta name=\"robots\" content=\"index, follow, max-snippet:-1, max-image-preview:large, max-video-preview:-1\" \/>\n<link rel=\"canonical\" href=\"https:\/\/welovecinema.be\/fr\/la-photo-du-jour-3\/\" \/>\n<meta property=\"og:locale\" content=\"fr_FR\" \/>\n<meta property=\"og:type\" content=\"article\" \/>\n<meta property=\"og:title\" content=\"La photo du jour - Mardi 8 avril 2014 - We Love Cinema\" \/>\n<meta property=\"og:description\" content=\"A l&rsquo;issue de la partie bretonne du tournage, toute l&rsquo;\u00e9quipe de Je me tue \u00e0 la dire de Xavier Seron pose pour la post\u00e9rit\u00e9. La suite de ce film culott\u00e9 qui pourrait \u00eatre d\u00e9fini comme un Supercondriaque belge revu par&#8230; David Lynch devrait \u00eatre tourn\u00e9e en Belgique prochainement&#8230; d\u00e8s que les finances n\u00e9cessaires auront \u00e9t\u00e9 &hellip;\" \/>\n<meta property=\"og:url\" content=\"https:\/\/welovecinema.be\/fr\/la-photo-du-jour-3\/\" \/>\n<meta property=\"og:site_name\" content=\"We Love Cinema\" \/>\n<meta property=\"article:publisher\" content=\"https:\/\/www.facebook.com\/welovecinema.be\" \/>\n<meta property=\"article:published_time\" content=\"2014-04-08T04:37:38+00:00\" \/>\n<meta property=\"article:modified_time\" content=\"2014-04-03T09:52:39+00:00\" \/>\n<meta property=\"og:image\" content=\"https:\/\/welovecinema.be\/wp-content\/uploads\/sites\/2\/2014\/03\/app4.jpg\" \/>\n\t<meta property=\"og:image:width\" content=\"1536\" \/>\n\t<meta property=\"og:image:height\" content=\"1024\" \/>\n\t<meta property=\"og:image:type\" content=\"image\/jpeg\" \/>\n<meta name=\"author\" content=\"Philippe.Pierquin\" \/>\n<meta name=\"twitter:card\" content=\"summary_large_image\" \/>\n<meta name=\"twitter:label1\" content=\"\u00c9crit par\" \/>\n\t<meta name=\"twitter:data1\" content=\"Philippe.Pierquin\" \/>\n<script type=\"application\/ld+json\" class=\"yoast-schema-graph\">{\"@context\":\"https:\/\/schema.org\",\"@graph\":[{\"@type\":\"Article\",\"@id\":\"https:\/\/welovecinema.be\/fr\/la-photo-du-jour-3\/#article\",\"isPartOf\":{\"@id\":\"https:\/\/welovecinema.be\/fr\/la-photo-du-jour-3\/\"},\"author\":{\"name\":\"Philippe.Pierquin\",\"@id\":\"https:\/\/welovecinema.be\/nl\/#\/schema\/person\/4b9b1d857f0943453a38a7c2859ef756\"},\"headline\":\"La photo du jour &#8211; Mardi 8 avril 2014\",\"datePublished\":\"2014-04-08T04:37:38+00:00\",\"dateModified\":\"2014-04-03T09:52:39+00:00\",\"mainEntityOfPage\":{\"@id\":\"https:\/\/welovecinema.be\/fr\/la-photo-du-jour-3\/\"},\"wordCount\":91,\"publisher\":{\"@id\":\"https:\/\/welovecinema.be\/nl\/#organization\"},\"articleSection\":[\"En bref\"],\"inLanguage\":\"fr-FR\"},{\"@type\":\"WebPage\",\"@id\":\"https:\/\/welovecinema.be\/fr\/la-photo-du-jour-3\/\",\"url\":\"https:\/\/welovecinema.be\/fr\/la-photo-du-jour-3\/\",\"name\":\"La photo du jour - Mardi 8 avril 2014 - We Love Cinema\",\"isPartOf\":{\"@id\":\"https:\/\/welovecinema.be\/nl\/#website\"},\"datePublished\":\"2014-04-08T04:37:38+00:00\",\"dateModified\":\"2014-04-03T09:52:39+00:00\",\"breadcrumb\":{\"@id\":\"https:\/\/welovecinema.be\/fr\/la-photo-du-jour-3\/#breadcrumb\"},\"inLanguage\":\"fr-FR\",\"potentialAction\":[{\"@type\":\"ReadAction\",\"target\":[\"https:\/\/welovecinema.be\/fr\/la-photo-du-jour-3\/\"]}]},{\"@type\":\"BreadcrumbList\",\"@id\":\"https:\/\/welovecinema.be\/fr\/la-photo-du-jour-3\/#breadcrumb\",\"itemListElement\":[{\"@type\":\"ListItem\",\"position\":1,\"name\":\"Accueil\",\"item\":\"https:\/\/welovecinema.be\/fr\/\"},{\"@type\":\"ListItem\",\"position\":2,\"name\":\"La photo du jour &#8211; Mardi 8 avril 2014\"}]},{\"@type\":\"WebSite\",\"@id\":\"https:\/\/welovecinema.be\/nl\/#website\",\"url\":\"https:\/\/welovecinema.be\/nl\/\",\"name\":\"We Love Cinema\",\"description\":\"Toute l\u2019information du cin\u00e9ma en Belgique\",\"publisher\":{\"@id\":\"https:\/\/welovecinema.be\/nl\/#organization\"},\"potentialAction\":[{\"@type\":\"SearchAction\",\"target\":{\"@type\":\"EntryPoint\",\"urlTemplate\":\"https:\/\/welovecinema.be\/nl\/?s={search_term_string}\"},\"query-input\":\"required name=search_term_string\"}],\"inLanguage\":\"fr-FR\"},{\"@type\":\"Organization\",\"@id\":\"https:\/\/welovecinema.be\/nl\/#organization\",\"name\":\"We Love Cinema\",\"url\":\"https:\/\/welovecinema.be\/nl\/\",\"logo\":{\"@type\":\"ImageObject\",\"inLanguage\":\"fr-FR\",\"@id\":\"https:\/\/welovecinema.be\/nl\/#\/schema\/logo\/image\/\",\"url\":\"https:\/\/welovecinema.be\/wp-content\/uploads\/sites\/2\/2023\/03\/Logo-We-Love-Cinema305x128.jpg\",\"contentUrl\":\"https:\/\/welovecinema.be\/wp-content\/uploads\/sites\/2\/2023\/03\/Logo-We-Love-Cinema305x128.jpg\",\"width\":305,\"height\":128,\"caption\":\"We Love Cinema\"},\"image\":{\"@id\":\"https:\/\/welovecinema.be\/nl\/#\/schema\/logo\/image\/\"},\"sameAs\":[\"https:\/\/www.facebook.com\/welovecinema.be\",\"https:\/\/www.youtube.com\/channel\/UCX5LYGVhnKvYauW4Nta4HJA\",\"https:\/\/www.instagram.com\/welovecinema.be\/\"]},{\"@type\":\"Person\",\"@id\":\"https:\/\/welovecinema.be\/nl\/#\/schema\/person\/4b9b1d857f0943453a38a7c2859ef756\",\"name\":\"Philippe.Pierquin\",\"url\":\"https:\/\/welovecinema.be\/fr\/author\/philippe-pierquin\/\"}]}<\/script>\n<!-- \/ Yoast SEO plugin. -->","yoast_head_json":{"title":"La photo du jour - Mardi 8 avril 2014 - We Love Cinema","robots":{"index":"index","follow":"follow","max-snippet":"max-snippet:-1","max-image-preview":"max-image-preview:large","max-video-preview":"max-video-preview:-1"},"canonical":"https:\/\/welovecinema.be\/fr\/la-photo-du-jour-3\/","og_locale":"fr_FR","og_type":"article","og_title":"La photo du jour - Mardi 8 avril 2014 - We Love Cinema","og_description":"A l&rsquo;issue de la partie bretonne du tournage, toute l&rsquo;\u00e9quipe de Je me tue \u00e0 la dire de Xavier Seron pose pour la post\u00e9rit\u00e9. La suite de ce film culott\u00e9 qui pourrait \u00eatre d\u00e9fini comme un Supercondriaque belge revu par&#8230; David Lynch devrait \u00eatre tourn\u00e9e en Belgique prochainement&#8230; d\u00e8s que les finances n\u00e9cessaires auront \u00e9t\u00e9 &hellip;","og_url":"https:\/\/welovecinema.be\/fr\/la-photo-du-jour-3\/","og_site_name":"We Love Cinema","article_publisher":"https:\/\/www.facebook.com\/welovecinema.be","article_published_time":"2014-04-08T04:37:38+00:00","article_modified_time":"2014-04-03T09:52:39+00:00","og_image":[{"width":1536,"height":1024,"url":"https:\/\/welovecinema.be\/wp-content\/uploads\/sites\/2\/2014\/03\/app4.jpg","type":"image\/jpeg"}],"author":"Philippe.Pierquin","twitter_card":"summary_large_image","twitter_misc":{"\u00c9crit par":"Philippe.Pierquin"},"schema":{"@context":"https:\/\/schema.org","@graph":[{"@type":"Article","@id":"https:\/\/welovecinema.be\/fr\/la-photo-du-jour-3\/#article","isPartOf":{"@id":"https:\/\/welovecinema.be\/fr\/la-photo-du-jour-3\/"},"author":{"name":"Philippe.Pierquin","@id":"https:\/\/welovecinema.be\/nl\/#\/schema\/person\/4b9b1d857f0943453a38a7c2859ef756"},"headline":"La photo du jour &#8211; Mardi 8 avril 2014","datePublished":"2014-04-08T04:37:38+00:00","dateModified":"2014-04-03T09:52:39+00:00","mainEntityOfPage":{"@id":"https:\/\/welovecinema.be\/fr\/la-photo-du-jour-3\/"},"wordCount":91,"publisher":{"@id":"https:\/\/welovecinema.be\/nl\/#organization"},"articleSection":["En bref"],"inLanguage":"fr-FR"},{"@type":"WebPage","@id":"https:\/\/welovecinema.be\/fr\/la-photo-du-jour-3\/","url":"https:\/\/welovecinema.be\/fr\/la-photo-du-jour-3\/","name":"La photo du jour - Mardi 8 avril 2014 - We Love Cinema","isPartOf":{"@id":"https:\/\/welovecinema.be\/nl\/#website"},"datePublished":"2014-04-08T04:37:38+00:00","dateModified":"2014-04-03T09:52:39+00:00","breadcrumb":{"@id":"https:\/\/welovecinema.be\/fr\/la-photo-du-jour-3\/#breadcrumb"},"inLanguage":"fr-FR","potentialAction":[{"@type":"ReadAction","target":["https:\/\/welovecinema.be\/fr\/la-photo-du-jour-3\/"]}]},{"@type":"BreadcrumbList","@id":"https:\/\/welovecinema.be\/fr\/la-photo-du-jour-3\/#breadcrumb","itemListElement":[{"@type":"ListItem","position":1,"name":"Accueil","item":"https:\/\/welovecinema.be\/fr\/"},{"@type":"ListItem","position":2,"name":"La photo du jour &#8211; Mardi 8 avril 2014"}]},{"@type":"WebSite","@id":"https:\/\/welovecinema.be\/nl\/#website","url":"https:\/\/welovecinema.be\/nl\/","name":"We Love Cinema","description":"Toute l\u2019information du cin\u00e9ma en Belgique","publisher":{"@id":"https:\/\/welovecinema.be\/nl\/#organization"},"potentialAction":[{"@type":"SearchAction","target":{"@type":"EntryPoint","urlTemplate":"https:\/\/welovecinema.be\/nl\/?s={search_term_string}"},"query-input":"required name=search_term_string"}],"inLanguage":"fr-FR"},{"@type":"Organization","@id":"https:\/\/welovecinema.be\/nl\/#organization","name":"We Love Cinema","url":"https:\/\/welovecinema.be\/nl\/","logo":{"@type":"ImageObject","inLanguage":"fr-FR","@id":"https:\/\/welovecinema.be\/nl\/#\/schema\/logo\/image\/","url":"https:\/\/welovecinema.be\/wp-content\/uploads\/sites\/2\/2023\/03\/Logo-We-Love-Cinema305x128.jpg","contentUrl":"https:\/\/welovecinema.be\/wp-content\/uploads\/sites\/2\/2023\/03\/Logo-We-Love-Cinema305x128.jpg","width":305,"height":128,"caption":"We Love Cinema"},"image":{"@id":"https:\/\/welovecinema.be\/nl\/#\/schema\/logo\/image\/"},"sameAs":["https:\/\/www.facebook.com\/welovecinema.be","https:\/\/www.youtube.com\/channel\/UCX5LYGVhnKvYauW4Nta4HJA","https:\/\/www.instagram.com\/welovecinema.be\/"]},{"@type":"Person","@id":"https:\/\/welovecinema.be\/nl\/#\/schema\/person\/4b9b1d857f0943453a38a7c2859ef756","name":"Philippe.Pierquin","url":"https:\/\/welovecinema.be\/fr\/author\/philippe-pierquin\/"}]}},"_links":{"self":[{"href":"https:\/\/welovecinema.be\/fr\/wp-json\/wp\/v2\/posts\/53743","targetHints":{"allow":["GET"]}}],"collection":[{"href":"https:\/\/welovecinema.be\/fr\/wp-json\/wp\/v2\/posts"}],"about":[{"href":"https:\/\/welovecinema.be\/fr\/wp-json\/wp\/v2\/types\/post"}],"author":[{"embeddable":true,"href":"https:\/\/welovecinema.be\/fr\/wp-json\/wp\/v2\/users\/7"}],"replies":[{"embeddable":true,"href":"https:\/\/welovecinema.be\/fr\/wp-json\/wp\/v2\/comments?post=53743"}],"version-history":[{"count":0,"href":"https:\/\/welovecinema.be\/fr\/wp-json\/wp\/v2\/posts\/53743\/revisions"}],"wp:featuredmedia":[{"embeddable":true,"href":"https:\/\/welovecinema.be\/fr\/wp-json\/wp\/v2\/media\/53755"}],"wp:attachment":[{"href":"https:\/\/welovecinema.be\/fr\/wp-json\/wp\/v2\/media?parent=53743"}],"wp:term":[{"taxonomy":"category","embeddable":true,"href":"https:\/\/welovecinema.be\/fr\/wp-json\/wp\/v2\/categories?post=53743"},{"taxonomy":"post_tag","embeddable":true,"href":"https:\/\/welovecinema.be\/fr\/wp-json\/wp\/v2\/tags?post=53743"}],"curies":[{"name":"wp","href":"https:\/\/api.w.org\/{rel}","templated":true}]}}