{"id":53715,"date":"2014-03-13T08:18:40","date_gmt":"2014-03-13T07:18:40","guid":{"rendered":"http:\/\/www.cinevox.be\/?p=53715"},"modified":"2014-03-14T12:45:04","modified_gmt":"2014-03-14T11:45:04","slug":"olivier-van-hoofstadt-revient-avec-florence-foresti","status":"publish","type":"post","link":"https:\/\/welovecinema.be\/fr\/olivier-van-hoofstadt-revient-avec-florence-foresti\/","title":{"rendered":"Olivier Van Hoofstadt revient\u2026 avec Florence Foresti."},"content":{"rendered":"<p>Depuis des ann\u00e9es, on annonce son retour avec des projets tr\u00e8s divers. On a longtemps parl\u00e9 d&rsquo;un thriller qui se d\u00e9roulerait dans le monde de la danse, puis il nous a fait miroiter la perspective d&rsquo;un film punk tourn\u00e9 \u00e0 l&rsquo;arrache aux States, mais cette fois c&rsquo;est officiel : neuf ans apr\u00e8s <i>Dikkenek<\/i>, sept apr\u00e8s <i>Go Fast<\/i>, Olivier van Hoofstadt retrouve les chemins des plateaux pour diriger un long m\u00e9trage. Ce sera en ao\u00fbt prochain.<!--more--><\/p>\n<p>&nbsp;<\/p>\n<p>&nbsp;<\/p>\n<p><a href=\"http:\/\/www.cinevox.be\/olivier-van-hoofstadt-revient-avec-florence-foresti\/530441_3812319868950_985747443_n\/\" rel=\"attachment wp-att-53717\"><img loading=\"lazy\" decoding=\"async\" class=\"alignright size-full wp-image-53717\" alt=\"\" src=\"http:\/\/www.cinevox.be\/wp-content\/uploads\/sites\/2\/2014\/03\/530441_3812319868950_985747443_n.jpg\" width=\"403\" height=\"475\" srcset=\"https:\/\/welovecinema.be\/wp-content\/uploads\/sites\/2\/2014\/03\/530441_3812319868950_985747443_n.jpg 403w, https:\/\/welovecinema.be\/wp-content\/uploads\/sites\/2\/2014\/03\/530441_3812319868950_985747443_n-229x270.jpg 229w\" sizes=\"auto, (max-width: 403px) 100vw, 403px\" \/><\/a>Son nouveau film s&rsquo;appellera <i>Skett\u00e9<\/i>, et il r\u00e9unira sa mythique interpr\u00e8te de <i>Dikkenek<\/i> <b>Florence Foresti, Fran\u00e7ois Berl\u00e9and <\/b>(Dead Man Talking), <b>Philippe Duquesne, Alice Belaidi<\/b> ou <b>Natacha R\u00e9gnier<\/b> (<i>38 t\u00e9moins<\/i>).<\/p>\n<p>Cette com\u00e9die qui devrait renouer avec le ton qui a propuls\u00e9 Dikkenek au royaume des films ultra cultes suivra les trajectoires de quelques personnages paum\u00e9s, bris\u00e9s (skett\u00e9, quoi). Livr\u00e9s \u00e0 eux-m\u00eames, ils se confrontent \u00e0 des situations d\u00e9cal\u00e9es, probablement\u2026 improbables.<br \/>\nLe tournage qui se d\u00e9roulera en France et en Belgique se prolongera jusqu&rsquo;en septembre et il est peu probable que Cinevox n&rsquo;aille pas y faire un tour.<\/p>\n<p>&nbsp;<\/p>\n<p>Le nom du producteur belge est une autre surprise:\u00a0<i>UMedia<\/i>\u00a0jusqu&rsquo;ici connu comme interm\u00e9diaire tax shelter qui a \u0153uvr\u00e9 aussi comme producteur ex\u00e9cutif de quelques films internationaux comme\u00a0<i>Grace, le Grimoire d&rsquo;Arkandias<\/i>\u00a0ou\u00a0<i>The Expatriate<\/i>\u00a0se positionne dor\u00e9navant comme producteur d\u00e9l\u00e9gu\u00e9 avec pas moins de\u2026 neuf projets: deux en fran\u00e7ais et sept en anglais.<\/p>\n<p>&nbsp;<\/p>\n<p><a href=\"http:\/\/www.cinevox.be\/olivier-van-hoofstadt-revient-avec-florence-foresti\/1797956_10203239162162293_204659250_n\/\" rel=\"attachment wp-att-53716\"><img loading=\"lazy\" decoding=\"async\" class=\"aligncenter size-large wp-image-53716\" alt=\"\" src=\"http:\/\/www.cinevox.be\/wp-content\/uploads\/sites\/2\/2014\/03\/1797956_10203239162162293_204659250_n-800x533.jpg\" width=\"640\" height=\"426\" srcset=\"https:\/\/welovecinema.be\/wp-content\/uploads\/sites\/2\/2014\/03\/1797956_10203239162162293_204659250_n-800x533.jpg 800w, https:\/\/welovecinema.be\/wp-content\/uploads\/sites\/2\/2014\/03\/1797956_10203239162162293_204659250_n-405x270.jpg 405w, https:\/\/welovecinema.be\/wp-content\/uploads\/sites\/2\/2014\/03\/1797956_10203239162162293_204659250_n.jpg 900w\" sizes=\"auto, (max-width: 640px) 100vw, 640px\" \/><\/a><\/p>\n<p>&nbsp;<\/p>\n<p>Parmi les r\u00e9alisateurs qui vont collaborer avec le studio belge, outre Olivier Van Hoofstadt, on retrouve par exemple <b>Nicolas Bary<\/b> (<i>Au bonheur des ogres<\/i>), <b>Renny Harlin<\/b> (<i>Cliffhanger<\/i>) ou Rob L. Cohen (<i>xXx, Fast and Furious<\/i>). Dans sa besace, comme annonc\u00e9, essentiellement des com\u00e9dies (dont un remake en anglais de <i>Hors de Prix<\/i> de <b>Pierre Salvadori<\/b>) et des thrillers d\u00e9finitivement tourn\u00e9s vers le grand public.<\/p>\n<p>&nbsp;<\/p>\n<p>Par contre, alors qu&rsquo;on attendait qu&rsquo;il se structure verticalement suivant les films, de l&rsquo;\u00e9criture \u00e0 leur sortie, Umedia a d\u00e9cid\u00e9 de cesser ses activit\u00e9s de distribution en Belgique, pr\u00e9f\u00e9rant travailler avec des op\u00e9rateurs d\u00e9j\u00e0 implant\u00e9s.<\/p>\n","protected":false},"excerpt":{"rendered":"<p>Depuis des ann\u00e9es, on annonce son retour avec des projets tr\u00e8s divers. On a longtemps parl\u00e9 d&rsquo;un thriller qui se d\u00e9roulerait dans le monde de la danse, puis il nous a fait miroiter la perspective d&rsquo;un film punk tourn\u00e9 \u00e0 l&rsquo;arrache aux States, mais cette fois c&rsquo;est officiel : neuf ans apr\u00e8s Dikkenek, sept apr\u00e8s &hellip;<\/p>\n","protected":false},"author":7,"featured_media":53719,"comment_status":"closed","ping_status":"closed","sticky":false,"template":"","format":"standard","meta":{"ngg_post_thumbnail":0,"footnotes":""},"categories":[1923],"tags":[],"class_list":["post-53715","post","type-post","status-publish","format-standard","has-post-thumbnail","","category-en-bref"],"yoast_head":"<!-- This site is optimized with the Yoast SEO plugin v20.4 - https:\/\/yoast.com\/wordpress\/plugins\/seo\/ -->\n<title>Olivier Van Hoofstadt revient\u2026 avec Florence Foresti. - We Love Cinema<\/title>\n<meta name=\"robots\" content=\"index, follow, max-snippet:-1, max-image-preview:large, max-video-preview:-1\" \/>\n<link rel=\"canonical\" href=\"https:\/\/welovecinema.be\/fr\/olivier-van-hoofstadt-revient-avec-florence-foresti\/\" \/>\n<meta property=\"og:locale\" content=\"fr_FR\" \/>\n<meta property=\"og:type\" content=\"article\" \/>\n<meta property=\"og:title\" content=\"Olivier Van Hoofstadt revient\u2026 avec Florence Foresti. - We Love Cinema\" \/>\n<meta property=\"og:description\" content=\"Depuis des ann\u00e9es, on annonce son retour avec des projets tr\u00e8s divers. On a longtemps parl\u00e9 d&rsquo;un thriller qui se d\u00e9roulerait dans le monde de la danse, puis il nous a fait miroiter la perspective d&rsquo;un film punk tourn\u00e9 \u00e0 l&rsquo;arrache aux States, mais cette fois c&rsquo;est officiel : neuf ans apr\u00e8s Dikkenek, sept apr\u00e8s &hellip;\" \/>\n<meta property=\"og:url\" content=\"https:\/\/welovecinema.be\/fr\/olivier-van-hoofstadt-revient-avec-florence-foresti\/\" \/>\n<meta property=\"og:site_name\" content=\"We Love Cinema\" \/>\n<meta property=\"article:publisher\" content=\"https:\/\/www.facebook.com\/welovecinema.be\" \/>\n<meta property=\"article:published_time\" content=\"2014-03-13T07:18:40+00:00\" \/>\n<meta property=\"article:modified_time\" content=\"2014-03-14T11:45:04+00:00\" \/>\n<meta property=\"og:image\" content=\"https:\/\/welovecinema.be\/wp-content\/uploads\/sites\/2\/2014\/03\/18614261.jpg-r_640_600-b_1_D6D6D6-f_jpg-q_x-xxyxx.jpg\" \/>\n\t<meta property=\"og:image:width\" content=\"600\" \/>\n\t<meta property=\"og:image:height\" content=\"400\" \/>\n\t<meta property=\"og:image:type\" content=\"image\/jpeg\" \/>\n<meta name=\"author\" content=\"Philippe.Pierquin\" \/>\n<meta name=\"twitter:card\" content=\"summary_large_image\" \/>\n<meta name=\"twitter:label1\" content=\"\u00c9crit par\" \/>\n\t<meta name=\"twitter:data1\" content=\"Philippe.Pierquin\" \/>\n\t<meta name=\"twitter:label2\" content=\"Dur\u00e9e de lecture estim\u00e9e\" \/>\n\t<meta name=\"twitter:data2\" content=\"2 minutes\" \/>\n<script type=\"application\/ld+json\" class=\"yoast-schema-graph\">{\"@context\":\"https:\/\/schema.org\",\"@graph\":[{\"@type\":\"Article\",\"@id\":\"https:\/\/welovecinema.be\/fr\/olivier-van-hoofstadt-revient-avec-florence-foresti\/#article\",\"isPartOf\":{\"@id\":\"https:\/\/welovecinema.be\/fr\/olivier-van-hoofstadt-revient-avec-florence-foresti\/\"},\"author\":{\"name\":\"Philippe.Pierquin\",\"@id\":\"https:\/\/welovecinema.be\/nl\/#\/schema\/person\/4b9b1d857f0943453a38a7c2859ef756\"},\"headline\":\"Olivier Van Hoofstadt revient\u2026 avec Florence Foresti.\",\"datePublished\":\"2014-03-13T07:18:40+00:00\",\"dateModified\":\"2014-03-14T11:45:04+00:00\",\"mainEntityOfPage\":{\"@id\":\"https:\/\/welovecinema.be\/fr\/olivier-van-hoofstadt-revient-avec-florence-foresti\/\"},\"wordCount\":381,\"publisher\":{\"@id\":\"https:\/\/welovecinema.be\/nl\/#organization\"},\"articleSection\":[\"En bref\"],\"inLanguage\":\"fr-FR\"},{\"@type\":\"WebPage\",\"@id\":\"https:\/\/welovecinema.be\/fr\/olivier-van-hoofstadt-revient-avec-florence-foresti\/\",\"url\":\"https:\/\/welovecinema.be\/fr\/olivier-van-hoofstadt-revient-avec-florence-foresti\/\",\"name\":\"Olivier Van Hoofstadt revient\u2026 avec Florence Foresti. - We Love Cinema\",\"isPartOf\":{\"@id\":\"https:\/\/welovecinema.be\/nl\/#website\"},\"datePublished\":\"2014-03-13T07:18:40+00:00\",\"dateModified\":\"2014-03-14T11:45:04+00:00\",\"breadcrumb\":{\"@id\":\"https:\/\/welovecinema.be\/fr\/olivier-van-hoofstadt-revient-avec-florence-foresti\/#breadcrumb\"},\"inLanguage\":\"fr-FR\",\"potentialAction\":[{\"@type\":\"ReadAction\",\"target\":[\"https:\/\/welovecinema.be\/fr\/olivier-van-hoofstadt-revient-avec-florence-foresti\/\"]}]},{\"@type\":\"BreadcrumbList\",\"@id\":\"https:\/\/welovecinema.be\/fr\/olivier-van-hoofstadt-revient-avec-florence-foresti\/#breadcrumb\",\"itemListElement\":[{\"@type\":\"ListItem\",\"position\":1,\"name\":\"Accueil\",\"item\":\"https:\/\/welovecinema.be\/fr\/\"},{\"@type\":\"ListItem\",\"position\":2,\"name\":\"Olivier Van Hoofstadt revient\u2026 avec Florence Foresti.\"}]},{\"@type\":\"WebSite\",\"@id\":\"https:\/\/welovecinema.be\/nl\/#website\",\"url\":\"https:\/\/welovecinema.be\/nl\/\",\"name\":\"We Love Cinema\",\"description\":\"Toute l\u2019information du cin\u00e9ma en Belgique\",\"publisher\":{\"@id\":\"https:\/\/welovecinema.be\/nl\/#organization\"},\"potentialAction\":[{\"@type\":\"SearchAction\",\"target\":{\"@type\":\"EntryPoint\",\"urlTemplate\":\"https:\/\/welovecinema.be\/nl\/?s={search_term_string}\"},\"query-input\":\"required name=search_term_string\"}],\"inLanguage\":\"fr-FR\"},{\"@type\":\"Organization\",\"@id\":\"https:\/\/welovecinema.be\/nl\/#organization\",\"name\":\"We Love Cinema\",\"url\":\"https:\/\/welovecinema.be\/nl\/\",\"logo\":{\"@type\":\"ImageObject\",\"inLanguage\":\"fr-FR\",\"@id\":\"https:\/\/welovecinema.be\/nl\/#\/schema\/logo\/image\/\",\"url\":\"https:\/\/welovecinema.be\/wp-content\/uploads\/sites\/2\/2023\/03\/Logo-We-Love-Cinema305x128.jpg\",\"contentUrl\":\"https:\/\/welovecinema.be\/wp-content\/uploads\/sites\/2\/2023\/03\/Logo-We-Love-Cinema305x128.jpg\",\"width\":305,\"height\":128,\"caption\":\"We Love Cinema\"},\"image\":{\"@id\":\"https:\/\/welovecinema.be\/nl\/#\/schema\/logo\/image\/\"},\"sameAs\":[\"https:\/\/www.facebook.com\/welovecinema.be\",\"https:\/\/www.youtube.com\/channel\/UCX5LYGVhnKvYauW4Nta4HJA\",\"https:\/\/www.instagram.com\/welovecinema.be\/\"]},{\"@type\":\"Person\",\"@id\":\"https:\/\/welovecinema.be\/nl\/#\/schema\/person\/4b9b1d857f0943453a38a7c2859ef756\",\"name\":\"Philippe.Pierquin\",\"url\":\"https:\/\/welovecinema.be\/fr\/author\/philippe-pierquin\/\"}]}<\/script>\n<!-- \/ Yoast SEO plugin. -->","yoast_head_json":{"title":"Olivier Van Hoofstadt revient\u2026 avec Florence Foresti. - We Love Cinema","robots":{"index":"index","follow":"follow","max-snippet":"max-snippet:-1","max-image-preview":"max-image-preview:large","max-video-preview":"max-video-preview:-1"},"canonical":"https:\/\/welovecinema.be\/fr\/olivier-van-hoofstadt-revient-avec-florence-foresti\/","og_locale":"fr_FR","og_type":"article","og_title":"Olivier Van Hoofstadt revient\u2026 avec Florence Foresti. - We Love Cinema","og_description":"Depuis des ann\u00e9es, on annonce son retour avec des projets tr\u00e8s divers. On a longtemps parl\u00e9 d&rsquo;un thriller qui se d\u00e9roulerait dans le monde de la danse, puis il nous a fait miroiter la perspective d&rsquo;un film punk tourn\u00e9 \u00e0 l&rsquo;arrache aux States, mais cette fois c&rsquo;est officiel : neuf ans apr\u00e8s Dikkenek, sept apr\u00e8s &hellip;","og_url":"https:\/\/welovecinema.be\/fr\/olivier-van-hoofstadt-revient-avec-florence-foresti\/","og_site_name":"We Love Cinema","article_publisher":"https:\/\/www.facebook.com\/welovecinema.be","article_published_time":"2014-03-13T07:18:40+00:00","article_modified_time":"2014-03-14T11:45:04+00:00","og_image":[{"width":600,"height":400,"url":"https:\/\/welovecinema.be\/wp-content\/uploads\/sites\/2\/2014\/03\/18614261.jpg-r_640_600-b_1_D6D6D6-f_jpg-q_x-xxyxx.jpg","type":"image\/jpeg"}],"author":"Philippe.Pierquin","twitter_card":"summary_large_image","twitter_misc":{"\u00c9crit par":"Philippe.Pierquin","Dur\u00e9e de lecture estim\u00e9e":"2 minutes"},"schema":{"@context":"https:\/\/schema.org","@graph":[{"@type":"Article","@id":"https:\/\/welovecinema.be\/fr\/olivier-van-hoofstadt-revient-avec-florence-foresti\/#article","isPartOf":{"@id":"https:\/\/welovecinema.be\/fr\/olivier-van-hoofstadt-revient-avec-florence-foresti\/"},"author":{"name":"Philippe.Pierquin","@id":"https:\/\/welovecinema.be\/nl\/#\/schema\/person\/4b9b1d857f0943453a38a7c2859ef756"},"headline":"Olivier Van Hoofstadt revient\u2026 avec Florence Foresti.","datePublished":"2014-03-13T07:18:40+00:00","dateModified":"2014-03-14T11:45:04+00:00","mainEntityOfPage":{"@id":"https:\/\/welovecinema.be\/fr\/olivier-van-hoofstadt-revient-avec-florence-foresti\/"},"wordCount":381,"publisher":{"@id":"https:\/\/welovecinema.be\/nl\/#organization"},"articleSection":["En bref"],"inLanguage":"fr-FR"},{"@type":"WebPage","@id":"https:\/\/welovecinema.be\/fr\/olivier-van-hoofstadt-revient-avec-florence-foresti\/","url":"https:\/\/welovecinema.be\/fr\/olivier-van-hoofstadt-revient-avec-florence-foresti\/","name":"Olivier Van Hoofstadt revient\u2026 avec Florence Foresti. - We Love Cinema","isPartOf":{"@id":"https:\/\/welovecinema.be\/nl\/#website"},"datePublished":"2014-03-13T07:18:40+00:00","dateModified":"2014-03-14T11:45:04+00:00","breadcrumb":{"@id":"https:\/\/welovecinema.be\/fr\/olivier-van-hoofstadt-revient-avec-florence-foresti\/#breadcrumb"},"inLanguage":"fr-FR","potentialAction":[{"@type":"ReadAction","target":["https:\/\/welovecinema.be\/fr\/olivier-van-hoofstadt-revient-avec-florence-foresti\/"]}]},{"@type":"BreadcrumbList","@id":"https:\/\/welovecinema.be\/fr\/olivier-van-hoofstadt-revient-avec-florence-foresti\/#breadcrumb","itemListElement":[{"@type":"ListItem","position":1,"name":"Accueil","item":"https:\/\/welovecinema.be\/fr\/"},{"@type":"ListItem","position":2,"name":"Olivier Van Hoofstadt revient\u2026 avec Florence Foresti."}]},{"@type":"WebSite","@id":"https:\/\/welovecinema.be\/nl\/#website","url":"https:\/\/welovecinema.be\/nl\/","name":"We Love Cinema","description":"Toute l\u2019information du cin\u00e9ma en Belgique","publisher":{"@id":"https:\/\/welovecinema.be\/nl\/#organization"},"potentialAction":[{"@type":"SearchAction","target":{"@type":"EntryPoint","urlTemplate":"https:\/\/welovecinema.be\/nl\/?s={search_term_string}"},"query-input":"required name=search_term_string"}],"inLanguage":"fr-FR"},{"@type":"Organization","@id":"https:\/\/welovecinema.be\/nl\/#organization","name":"We Love Cinema","url":"https:\/\/welovecinema.be\/nl\/","logo":{"@type":"ImageObject","inLanguage":"fr-FR","@id":"https:\/\/welovecinema.be\/nl\/#\/schema\/logo\/image\/","url":"https:\/\/welovecinema.be\/wp-content\/uploads\/sites\/2\/2023\/03\/Logo-We-Love-Cinema305x128.jpg","contentUrl":"https:\/\/welovecinema.be\/wp-content\/uploads\/sites\/2\/2023\/03\/Logo-We-Love-Cinema305x128.jpg","width":305,"height":128,"caption":"We Love Cinema"},"image":{"@id":"https:\/\/welovecinema.be\/nl\/#\/schema\/logo\/image\/"},"sameAs":["https:\/\/www.facebook.com\/welovecinema.be","https:\/\/www.youtube.com\/channel\/UCX5LYGVhnKvYauW4Nta4HJA","https:\/\/www.instagram.com\/welovecinema.be\/"]},{"@type":"Person","@id":"https:\/\/welovecinema.be\/nl\/#\/schema\/person\/4b9b1d857f0943453a38a7c2859ef756","name":"Philippe.Pierquin","url":"https:\/\/welovecinema.be\/fr\/author\/philippe-pierquin\/"}]}},"_links":{"self":[{"href":"https:\/\/welovecinema.be\/fr\/wp-json\/wp\/v2\/posts\/53715","targetHints":{"allow":["GET"]}}],"collection":[{"href":"https:\/\/welovecinema.be\/fr\/wp-json\/wp\/v2\/posts"}],"about":[{"href":"https:\/\/welovecinema.be\/fr\/wp-json\/wp\/v2\/types\/post"}],"author":[{"embeddable":true,"href":"https:\/\/welovecinema.be\/fr\/wp-json\/wp\/v2\/users\/7"}],"replies":[{"embeddable":true,"href":"https:\/\/welovecinema.be\/fr\/wp-json\/wp\/v2\/comments?post=53715"}],"version-history":[{"count":0,"href":"https:\/\/welovecinema.be\/fr\/wp-json\/wp\/v2\/posts\/53715\/revisions"}],"wp:featuredmedia":[{"embeddable":true,"href":"https:\/\/welovecinema.be\/fr\/wp-json\/wp\/v2\/media\/53719"}],"wp:attachment":[{"href":"https:\/\/welovecinema.be\/fr\/wp-json\/wp\/v2\/media?parent=53715"}],"wp:term":[{"taxonomy":"category","embeddable":true,"href":"https:\/\/welovecinema.be\/fr\/wp-json\/wp\/v2\/categories?post=53715"},{"taxonomy":"post_tag","embeddable":true,"href":"https:\/\/welovecinema.be\/fr\/wp-json\/wp\/v2\/tags?post=53715"}],"curies":[{"name":"wp","href":"https:\/\/api.w.org\/{rel}","templated":true}]}}