{"id":53462,"date":"2014-03-25T07:40:18","date_gmt":"2014-03-25T06:40:18","guid":{"rendered":"http:\/\/www.cinevox.be\/?p=53462"},"modified":"2014-03-08T17:18:42","modified_gmt":"2014-03-08T16:18:42","slug":"soiree-de-projection-de-noonz-le-4-avril-2014","status":"publish","type":"post","link":"https:\/\/welovecinema.be\/fr\/soiree-de-projection-de-noonz-le-4-avril-2014\/","title":{"rendered":"Soir\u00e9e de projection \u00ab de A \u00e0 Noonz \u00bb, le 4 avril 2014."},"content":{"rendered":"<p>Dans le cadre d\u2019une soir\u00e9e 100%\u00a0<b><a href=\"http:\/\/www.noonz.be\/fr\">Noonz<\/a><\/b>\u00a0au Centre culturel Jacques Franck, le Collectif bruxellois pr\u00e9sente sa soir\u00e9e de projection de courts-m\u00e9trages.<\/p>\n<p>Les jeunes r\u00e9alisateurs\u00a0et producteurs,\u00a0<b>Noureddine<\/b>\u00a0<b>Zerrad<\/b>\u00a0et\u00a0<b>Thierry<\/b>\u00a0<b>Uyttenhoven<\/b>, partageront leur art et leur passion pour la r\u00e9alisation cin\u00e9matographique.<\/p>\n<p>&nbsp;<\/p>\n<p>D\u00e8s 20\u00a0h, les\u00a0<b>cinq courts<\/b>\u00a0 seront diffus\u00e9s, dont \u00a0<i>Motorhome<\/i> de\u00a0<b>Thierry Uyttenhoven<\/b>, notamment r\u00e9compens\u00e9 par la Sabam lors du BIFFF en 2012 et prochainement diffus\u00e9 sur\u00a0France\u00a02. En fin de programmation,\u00a0deux surprises\u00a0seront \u00e0 l\u2019honneur, deux \u00e9v\u00e9nements\u00a0exclusivement\u00a0projet\u00e9s ce\u00a0vendredi 4 avril.<\/p>\n<p>&nbsp;<\/p>\n<p>&nbsp;<\/p>\n<p><iframe loading=\"lazy\" src=\"\/\/www.youtube.com\/embed\/0mGJLSEQsS4\" height=\"360\" width=\"640\" allowfullscreen=\"\" frameborder=\"0\"><\/iframe><\/p>\n<p>&nbsp;<\/p>\n<p>La projection d\u00e9marrera avec <i>Working girl super hero<\/i>, une satire fantastique sur l\u2019univers des entretiens d\u2019embauche. Suivra <i>Projet X 65 ES,<\/i> pour la touche \u00e9motion, qui aborde un th\u00e8me encore tr\u00e8s controvers\u00e9 et nous transporte dans un futur proche ou pas forc\u00e9ment.<\/p>\n<p>&nbsp;<\/p>\n<p><a href=\"http:\/\/www.cinevox.be\/?attachment_id=53463\" rel=\"attachment wp-att-53463\"><img loading=\"lazy\" decoding=\"async\" class=\"aligncenter size-full wp-image-53463\" alt=\"\" src=\"http:\/\/www.cinevox.be\/wp-content\/uploads\/sites\/2\/2014\/03\/wsgh.jpg\" width=\"640\" height=\"272\" srcset=\"https:\/\/welovecinema.be\/wp-content\/uploads\/sites\/2\/2014\/03\/wsgh.jpg 640w, https:\/\/welovecinema.be\/wp-content\/uploads\/sites\/2\/2014\/03\/wsgh-480x204.jpg 480w\" sizes=\"auto, (max-width: 640px) 100vw, 640px\" \/><\/a><\/p>\n<p>&nbsp;<\/p>\n<p>Ensuite, <i>Morse<\/i>, un suspense de science-fiction. En quatri\u00e8me position, <i>Motorhome<\/i> \u00a0nous baladera dans un combi sixties le long de la mer du Nord dans une ambiance aux apparences trompeuses et des flashs blacks plus que d\u00e9routants. Dernier court annonc\u00e9\u00a0<i>Face D<\/i>\u00a0nous plongera dans l\u2019univers de trois amis chercheurs\u2026 mais qu\u2019ont-ils d\u00e9couvert ?<\/p>\n<p>Pour cl\u00f4turer cette projection, Noonz vous fera cadeau de deux courts top secret.<\/p>\n<p>&nbsp;<\/p>\n<p>&nbsp;<\/p>\n","protected":false},"excerpt":{"rendered":"<p>Dans le cadre d\u2019une soir\u00e9e 100%\u00a0Noonz\u00a0au Centre culturel Jacques Franck, le Collectif bruxellois pr\u00e9sente sa soir\u00e9e de projection de courts-m\u00e9trages. Les jeunes r\u00e9alisateurs\u00a0et producteurs,\u00a0Noureddine\u00a0Zerrad\u00a0et\u00a0Thierry\u00a0Uyttenhoven, partageront leur art et leur passion pour la r\u00e9alisation cin\u00e9matographique. &nbsp; D\u00e8s 20\u00a0h, les\u00a0cinq courts\u00a0 seront diffus\u00e9s, dont \u00a0Motorhome de\u00a0Thierry Uyttenhoven, notamment r\u00e9compens\u00e9 par la Sabam lors du BIFFF en 2012 &hellip;<\/p>\n","protected":false},"author":7,"featured_media":53465,"comment_status":"closed","ping_status":"closed","sticky":false,"template":"","format":"standard","meta":{"ngg_post_thumbnail":0,"footnotes":""},"categories":[53],"tags":[],"class_list":["post-53462","post","type-post","status-publish","format-standard","has-post-thumbnail","","category-coming-soon"],"yoast_head":"<!-- This site is optimized with the Yoast SEO plugin v20.4 - https:\/\/yoast.com\/wordpress\/plugins\/seo\/ -->\n<title>Soir\u00e9e de projection \u00ab de A \u00e0 Noonz \u00bb, le 4 avril 2014. - We Love Cinema<\/title>\n<meta name=\"robots\" content=\"index, follow, max-snippet:-1, max-image-preview:large, max-video-preview:-1\" \/>\n<link rel=\"canonical\" href=\"https:\/\/welovecinema.be\/fr\/soiree-de-projection-de-noonz-le-4-avril-2014\/\" \/>\n<meta property=\"og:locale\" content=\"fr_FR\" \/>\n<meta property=\"og:type\" content=\"article\" \/>\n<meta property=\"og:title\" content=\"Soir\u00e9e de projection \u00ab de A \u00e0 Noonz \u00bb, le 4 avril 2014. - We Love Cinema\" \/>\n<meta property=\"og:description\" content=\"Dans le cadre d\u2019une soir\u00e9e 100%\u00a0Noonz\u00a0au Centre culturel Jacques Franck, le Collectif bruxellois pr\u00e9sente sa soir\u00e9e de projection de courts-m\u00e9trages. Les jeunes r\u00e9alisateurs\u00a0et producteurs,\u00a0Noureddine\u00a0Zerrad\u00a0et\u00a0Thierry\u00a0Uyttenhoven, partageront leur art et leur passion pour la r\u00e9alisation cin\u00e9matographique. &nbsp; D\u00e8s 20\u00a0h, les\u00a0cinq courts\u00a0 seront diffus\u00e9s, dont \u00a0Motorhome de\u00a0Thierry Uyttenhoven, notamment r\u00e9compens\u00e9 par la Sabam lors du BIFFF en 2012 &hellip;\" \/>\n<meta property=\"og:url\" content=\"https:\/\/welovecinema.be\/fr\/soiree-de-projection-de-noonz-le-4-avril-2014\/\" \/>\n<meta property=\"og:site_name\" content=\"We Love Cinema\" \/>\n<meta property=\"article:publisher\" content=\"https:\/\/www.facebook.com\/welovecinema.be\" \/>\n<meta property=\"article:published_time\" content=\"2014-03-25T06:40:18+00:00\" \/>\n<meta property=\"article:modified_time\" content=\"2014-03-08T16:18:42+00:00\" \/>\n<meta property=\"og:image\" content=\"https:\/\/welovecinema.be\/wp-content\/uploads\/sites\/2\/2014\/03\/motorhome_photo-275.jpg\" \/>\n\t<meta property=\"og:image:width\" content=\"700\" \/>\n\t<meta property=\"og:image:height\" content=\"370\" \/>\n\t<meta property=\"og:image:type\" content=\"image\/jpeg\" \/>\n<meta name=\"author\" content=\"Philippe.Pierquin\" \/>\n<meta name=\"twitter:card\" content=\"summary_large_image\" \/>\n<meta name=\"twitter:label1\" content=\"\u00c9crit par\" \/>\n\t<meta name=\"twitter:data1\" content=\"Philippe.Pierquin\" \/>\n\t<meta name=\"twitter:label2\" content=\"Dur\u00e9e de lecture estim\u00e9e\" \/>\n\t<meta name=\"twitter:data2\" content=\"1 minute\" \/>\n<script type=\"application\/ld+json\" class=\"yoast-schema-graph\">{\"@context\":\"https:\/\/schema.org\",\"@graph\":[{\"@type\":\"Article\",\"@id\":\"https:\/\/welovecinema.be\/fr\/soiree-de-projection-de-noonz-le-4-avril-2014\/#article\",\"isPartOf\":{\"@id\":\"https:\/\/welovecinema.be\/fr\/soiree-de-projection-de-noonz-le-4-avril-2014\/\"},\"author\":{\"name\":\"Philippe.Pierquin\",\"@id\":\"https:\/\/welovecinema.be\/nl\/#\/schema\/person\/4b9b1d857f0943453a38a7c2859ef756\"},\"headline\":\"Soir\u00e9e de projection \u00ab de A \u00e0 Noonz \u00bb, le 4 avril 2014.\",\"datePublished\":\"2014-03-25T06:40:18+00:00\",\"dateModified\":\"2014-03-08T16:18:42+00:00\",\"mainEntityOfPage\":{\"@id\":\"https:\/\/welovecinema.be\/fr\/soiree-de-projection-de-noonz-le-4-avril-2014\/\"},\"wordCount\":231,\"publisher\":{\"@id\":\"https:\/\/welovecinema.be\/nl\/#organization\"},\"articleSection\":[\"Coming soon\"],\"inLanguage\":\"fr-FR\"},{\"@type\":\"WebPage\",\"@id\":\"https:\/\/welovecinema.be\/fr\/soiree-de-projection-de-noonz-le-4-avril-2014\/\",\"url\":\"https:\/\/welovecinema.be\/fr\/soiree-de-projection-de-noonz-le-4-avril-2014\/\",\"name\":\"Soir\u00e9e de projection \u00ab de A \u00e0 Noonz \u00bb, le 4 avril 2014. - We Love Cinema\",\"isPartOf\":{\"@id\":\"https:\/\/welovecinema.be\/nl\/#website\"},\"datePublished\":\"2014-03-25T06:40:18+00:00\",\"dateModified\":\"2014-03-08T16:18:42+00:00\",\"breadcrumb\":{\"@id\":\"https:\/\/welovecinema.be\/fr\/soiree-de-projection-de-noonz-le-4-avril-2014\/#breadcrumb\"},\"inLanguage\":\"fr-FR\",\"potentialAction\":[{\"@type\":\"ReadAction\",\"target\":[\"https:\/\/welovecinema.be\/fr\/soiree-de-projection-de-noonz-le-4-avril-2014\/\"]}]},{\"@type\":\"BreadcrumbList\",\"@id\":\"https:\/\/welovecinema.be\/fr\/soiree-de-projection-de-noonz-le-4-avril-2014\/#breadcrumb\",\"itemListElement\":[{\"@type\":\"ListItem\",\"position\":1,\"name\":\"Accueil\",\"item\":\"https:\/\/welovecinema.be\/fr\/\"},{\"@type\":\"ListItem\",\"position\":2,\"name\":\"Soir\u00e9e de projection \u00ab de A \u00e0 Noonz \u00bb, le 4 avril 2014.\"}]},{\"@type\":\"WebSite\",\"@id\":\"https:\/\/welovecinema.be\/nl\/#website\",\"url\":\"https:\/\/welovecinema.be\/nl\/\",\"name\":\"We Love Cinema\",\"description\":\"Toute l\u2019information du cin\u00e9ma en Belgique\",\"publisher\":{\"@id\":\"https:\/\/welovecinema.be\/nl\/#organization\"},\"potentialAction\":[{\"@type\":\"SearchAction\",\"target\":{\"@type\":\"EntryPoint\",\"urlTemplate\":\"https:\/\/welovecinema.be\/nl\/?s={search_term_string}\"},\"query-input\":\"required name=search_term_string\"}],\"inLanguage\":\"fr-FR\"},{\"@type\":\"Organization\",\"@id\":\"https:\/\/welovecinema.be\/nl\/#organization\",\"name\":\"We Love Cinema\",\"url\":\"https:\/\/welovecinema.be\/nl\/\",\"logo\":{\"@type\":\"ImageObject\",\"inLanguage\":\"fr-FR\",\"@id\":\"https:\/\/welovecinema.be\/nl\/#\/schema\/logo\/image\/\",\"url\":\"https:\/\/welovecinema.be\/wp-content\/uploads\/sites\/2\/2023\/03\/Logo-We-Love-Cinema305x128.jpg\",\"contentUrl\":\"https:\/\/welovecinema.be\/wp-content\/uploads\/sites\/2\/2023\/03\/Logo-We-Love-Cinema305x128.jpg\",\"width\":305,\"height\":128,\"caption\":\"We Love Cinema\"},\"image\":{\"@id\":\"https:\/\/welovecinema.be\/nl\/#\/schema\/logo\/image\/\"},\"sameAs\":[\"https:\/\/www.facebook.com\/welovecinema.be\",\"https:\/\/www.youtube.com\/channel\/UCX5LYGVhnKvYauW4Nta4HJA\",\"https:\/\/www.instagram.com\/welovecinema.be\/\"]},{\"@type\":\"Person\",\"@id\":\"https:\/\/welovecinema.be\/nl\/#\/schema\/person\/4b9b1d857f0943453a38a7c2859ef756\",\"name\":\"Philippe.Pierquin\",\"url\":\"https:\/\/welovecinema.be\/fr\/author\/philippe-pierquin\/\"}]}<\/script>\n<!-- \/ Yoast SEO plugin. -->","yoast_head_json":{"title":"Soir\u00e9e de projection \u00ab de A \u00e0 Noonz \u00bb, le 4 avril 2014. - We Love Cinema","robots":{"index":"index","follow":"follow","max-snippet":"max-snippet:-1","max-image-preview":"max-image-preview:large","max-video-preview":"max-video-preview:-1"},"canonical":"https:\/\/welovecinema.be\/fr\/soiree-de-projection-de-noonz-le-4-avril-2014\/","og_locale":"fr_FR","og_type":"article","og_title":"Soir\u00e9e de projection \u00ab de A \u00e0 Noonz \u00bb, le 4 avril 2014. - We Love Cinema","og_description":"Dans le cadre d\u2019une soir\u00e9e 100%\u00a0Noonz\u00a0au Centre culturel Jacques Franck, le Collectif bruxellois pr\u00e9sente sa soir\u00e9e de projection de courts-m\u00e9trages. Les jeunes r\u00e9alisateurs\u00a0et producteurs,\u00a0Noureddine\u00a0Zerrad\u00a0et\u00a0Thierry\u00a0Uyttenhoven, partageront leur art et leur passion pour la r\u00e9alisation cin\u00e9matographique. &nbsp; D\u00e8s 20\u00a0h, les\u00a0cinq courts\u00a0 seront diffus\u00e9s, dont \u00a0Motorhome de\u00a0Thierry Uyttenhoven, notamment r\u00e9compens\u00e9 par la Sabam lors du BIFFF en 2012 &hellip;","og_url":"https:\/\/welovecinema.be\/fr\/soiree-de-projection-de-noonz-le-4-avril-2014\/","og_site_name":"We Love Cinema","article_publisher":"https:\/\/www.facebook.com\/welovecinema.be","article_published_time":"2014-03-25T06:40:18+00:00","article_modified_time":"2014-03-08T16:18:42+00:00","og_image":[{"width":700,"height":370,"url":"https:\/\/welovecinema.be\/wp-content\/uploads\/sites\/2\/2014\/03\/motorhome_photo-275.jpg","type":"image\/jpeg"}],"author":"Philippe.Pierquin","twitter_card":"summary_large_image","twitter_misc":{"\u00c9crit par":"Philippe.Pierquin","Dur\u00e9e de lecture estim\u00e9e":"1 minute"},"schema":{"@context":"https:\/\/schema.org","@graph":[{"@type":"Article","@id":"https:\/\/welovecinema.be\/fr\/soiree-de-projection-de-noonz-le-4-avril-2014\/#article","isPartOf":{"@id":"https:\/\/welovecinema.be\/fr\/soiree-de-projection-de-noonz-le-4-avril-2014\/"},"author":{"name":"Philippe.Pierquin","@id":"https:\/\/welovecinema.be\/nl\/#\/schema\/person\/4b9b1d857f0943453a38a7c2859ef756"},"headline":"Soir\u00e9e de projection \u00ab de A \u00e0 Noonz \u00bb, le 4 avril 2014.","datePublished":"2014-03-25T06:40:18+00:00","dateModified":"2014-03-08T16:18:42+00:00","mainEntityOfPage":{"@id":"https:\/\/welovecinema.be\/fr\/soiree-de-projection-de-noonz-le-4-avril-2014\/"},"wordCount":231,"publisher":{"@id":"https:\/\/welovecinema.be\/nl\/#organization"},"articleSection":["Coming soon"],"inLanguage":"fr-FR"},{"@type":"WebPage","@id":"https:\/\/welovecinema.be\/fr\/soiree-de-projection-de-noonz-le-4-avril-2014\/","url":"https:\/\/welovecinema.be\/fr\/soiree-de-projection-de-noonz-le-4-avril-2014\/","name":"Soir\u00e9e de projection \u00ab de A \u00e0 Noonz \u00bb, le 4 avril 2014. - We Love Cinema","isPartOf":{"@id":"https:\/\/welovecinema.be\/nl\/#website"},"datePublished":"2014-03-25T06:40:18+00:00","dateModified":"2014-03-08T16:18:42+00:00","breadcrumb":{"@id":"https:\/\/welovecinema.be\/fr\/soiree-de-projection-de-noonz-le-4-avril-2014\/#breadcrumb"},"inLanguage":"fr-FR","potentialAction":[{"@type":"ReadAction","target":["https:\/\/welovecinema.be\/fr\/soiree-de-projection-de-noonz-le-4-avril-2014\/"]}]},{"@type":"BreadcrumbList","@id":"https:\/\/welovecinema.be\/fr\/soiree-de-projection-de-noonz-le-4-avril-2014\/#breadcrumb","itemListElement":[{"@type":"ListItem","position":1,"name":"Accueil","item":"https:\/\/welovecinema.be\/fr\/"},{"@type":"ListItem","position":2,"name":"Soir\u00e9e de projection \u00ab de A \u00e0 Noonz \u00bb, le 4 avril 2014."}]},{"@type":"WebSite","@id":"https:\/\/welovecinema.be\/nl\/#website","url":"https:\/\/welovecinema.be\/nl\/","name":"We Love Cinema","description":"Toute l\u2019information du cin\u00e9ma en Belgique","publisher":{"@id":"https:\/\/welovecinema.be\/nl\/#organization"},"potentialAction":[{"@type":"SearchAction","target":{"@type":"EntryPoint","urlTemplate":"https:\/\/welovecinema.be\/nl\/?s={search_term_string}"},"query-input":"required name=search_term_string"}],"inLanguage":"fr-FR"},{"@type":"Organization","@id":"https:\/\/welovecinema.be\/nl\/#organization","name":"We Love Cinema","url":"https:\/\/welovecinema.be\/nl\/","logo":{"@type":"ImageObject","inLanguage":"fr-FR","@id":"https:\/\/welovecinema.be\/nl\/#\/schema\/logo\/image\/","url":"https:\/\/welovecinema.be\/wp-content\/uploads\/sites\/2\/2023\/03\/Logo-We-Love-Cinema305x128.jpg","contentUrl":"https:\/\/welovecinema.be\/wp-content\/uploads\/sites\/2\/2023\/03\/Logo-We-Love-Cinema305x128.jpg","width":305,"height":128,"caption":"We Love Cinema"},"image":{"@id":"https:\/\/welovecinema.be\/nl\/#\/schema\/logo\/image\/"},"sameAs":["https:\/\/www.facebook.com\/welovecinema.be","https:\/\/www.youtube.com\/channel\/UCX5LYGVhnKvYauW4Nta4HJA","https:\/\/www.instagram.com\/welovecinema.be\/"]},{"@type":"Person","@id":"https:\/\/welovecinema.be\/nl\/#\/schema\/person\/4b9b1d857f0943453a38a7c2859ef756","name":"Philippe.Pierquin","url":"https:\/\/welovecinema.be\/fr\/author\/philippe-pierquin\/"}]}},"_links":{"self":[{"href":"https:\/\/welovecinema.be\/fr\/wp-json\/wp\/v2\/posts\/53462","targetHints":{"allow":["GET"]}}],"collection":[{"href":"https:\/\/welovecinema.be\/fr\/wp-json\/wp\/v2\/posts"}],"about":[{"href":"https:\/\/welovecinema.be\/fr\/wp-json\/wp\/v2\/types\/post"}],"author":[{"embeddable":true,"href":"https:\/\/welovecinema.be\/fr\/wp-json\/wp\/v2\/users\/7"}],"replies":[{"embeddable":true,"href":"https:\/\/welovecinema.be\/fr\/wp-json\/wp\/v2\/comments?post=53462"}],"version-history":[{"count":0,"href":"https:\/\/welovecinema.be\/fr\/wp-json\/wp\/v2\/posts\/53462\/revisions"}],"wp:featuredmedia":[{"embeddable":true,"href":"https:\/\/welovecinema.be\/fr\/wp-json\/wp\/v2\/media\/53465"}],"wp:attachment":[{"href":"https:\/\/welovecinema.be\/fr\/wp-json\/wp\/v2\/media?parent=53462"}],"wp:term":[{"taxonomy":"category","embeddable":true,"href":"https:\/\/welovecinema.be\/fr\/wp-json\/wp\/v2\/categories?post=53462"},{"taxonomy":"post_tag","embeddable":true,"href":"https:\/\/welovecinema.be\/fr\/wp-json\/wp\/v2\/tags?post=53462"}],"curies":[{"name":"wp","href":"https:\/\/api.w.org\/{rel}","templated":true}]}}