{"id":52961,"date":"2014-02-21T14:51:56","date_gmt":"2014-02-21T13:51:56","guid":{"rendered":"http:\/\/www.cinevox.be\/?p=52961"},"modified":"2014-07-22T19:14:48","modified_gmt":"2014-07-22T17:14:48","slug":"salaud-taime-la-bande-annonce-avec-isabelle-de-hertogh","status":"publish","type":"post","link":"https:\/\/welovecinema.be\/fr\/salaud-taime-la-bande-annonce-avec-isabelle-de-hertogh\/","title":{"rendered":"Salaud, on t&rsquo;aime &#8211; la bande-annonce (avec Isabelle de Hertogh)"},"content":{"rendered":"<p>Un photographe de guerre et p\u00e8re absent, qui s&rsquo;est plus occup\u00e9 de son appareil photo que de ses 4 filles, coule des jours heureux dans les Alpes avec sa nouvelle compagne. Il va voir sa vie basculer le jour o\u00f9 son meilleur ami va tenter de le r\u00e9concilier avec sa famille en leur racontant un gros mensonge.<\/p>\n<p><!--more--><\/p>\n<p>R\u00e9alisation\u00a0 : Claude Lelouch<\/p>\n<p>Sc\u00e9nario\u00a0 : Claude Lelouch et Val\u00e9rie Perrin<\/p>\n<p>Directeur de la photographie\u00a0 : Robert Alazraki<\/p>\n<p>Avec :<\/p>\n<ul>\n<li>Johnny Hallyday\u00a0\u00a0: Jacques Kaminsky<\/li>\n<li>Eddy Mitchell\u00a0: Fr\u00e9d\u00e9ric<\/li>\n<li>Sandrine Bonnaire\u00a0: Nathalie<\/li>\n<li>Ir\u00e8ne Jacob\u00a0: Printemps<\/li>\n<li>Pauline Lef\u00e8vre\u00a0: Et\u00e9<\/li>\n<li>Sarah Kazemy\u00a0: Automne<\/li>\n<li>Jenna Thiam\u00a0: Hiver<\/li>\n<li>Agn\u00e8s Soral\u00a0: Bianca<\/li>\n<li>Val\u00e9rie Kaprisky\u00a0: Francia<\/li>\n<li>Silvia Kahn\u00a0: Marie<\/li>\n<li>Isabelle de Hertogh\u00a0: Isabelle<\/li>\n<li>Rufus\u00a0: Le Ruf<\/li>\n<li>Astrid Whettnall : l&rsquo;associ\u00e9e de Nathalie<\/li>\n<\/ul>\n<p>&nbsp;<\/p>\n<p>Sortie le 2 avril<\/p>\n<p>&nbsp;<\/p>\n<p><iframe loading=\"lazy\" src=\"http:\/\/www.dailymotion.com\/embed\/video\/x1crnpc\" height=\"360\" width=\"640\" allowfullscreen=\"\" frameborder=\"0\"><\/iframe><br \/>\n<a href=\"http:\/\/www.dailymotion.com\/video\/x1crnpc_la-bande-annonce-du-dernier-lelouch-salaud-on-t-aime_news\" target=\"_blank\">La bande-annonce du dernier Lelouch, \u00ab\u00a0Salaud&#8230;<\/a> <i>par <a href=\"http:\/\/www.dailymotion.com\/rtl-fr\" target=\"_blank\">rtl-fr<\/a><\/i><\/p>\n","protected":false},"excerpt":{"rendered":"<p>Un photographe de guerre et p\u00e8re absent, qui s&rsquo;est plus occup\u00e9 de son appareil photo que de ses 4 filles, coule des jours heureux dans les Alpes avec sa nouvelle compagne. Il va voir sa vie basculer le jour o\u00f9 son meilleur ami va tenter de le r\u00e9concilier avec sa famille en leur racontant un &hellip;<\/p>\n","protected":false},"author":7,"featured_media":52963,"comment_status":"closed","ping_status":"closed","sticky":false,"template":"","format":"standard","meta":{"ngg_post_thumbnail":0,"footnotes":""},"categories":[53],"tags":[],"class_list":["post-52961","post","type-post","status-publish","format-standard","has-post-thumbnail","","category-coming-soon"],"yoast_head":"<!-- This site is optimized with the Yoast SEO plugin v20.4 - https:\/\/yoast.com\/wordpress\/plugins\/seo\/ -->\n<title>Salaud, on t&#039;aime - la bande-annonce (avec Isabelle de Hertogh) - We Love Cinema<\/title>\n<meta name=\"robots\" content=\"index, follow, max-snippet:-1, max-image-preview:large, max-video-preview:-1\" \/>\n<link rel=\"canonical\" href=\"https:\/\/welovecinema.be\/fr\/salaud-taime-la-bande-annonce-avec-isabelle-de-hertogh\/\" \/>\n<meta property=\"og:locale\" content=\"fr_FR\" \/>\n<meta property=\"og:type\" content=\"article\" \/>\n<meta property=\"og:title\" content=\"Salaud, on t&#039;aime - la bande-annonce (avec Isabelle de Hertogh) - We Love Cinema\" \/>\n<meta property=\"og:description\" content=\"Un photographe de guerre et p\u00e8re absent, qui s&rsquo;est plus occup\u00e9 de son appareil photo que de ses 4 filles, coule des jours heureux dans les Alpes avec sa nouvelle compagne. Il va voir sa vie basculer le jour o\u00f9 son meilleur ami va tenter de le r\u00e9concilier avec sa famille en leur racontant un &hellip;\" \/>\n<meta property=\"og:url\" content=\"https:\/\/welovecinema.be\/fr\/salaud-taime-la-bande-annonce-avec-isabelle-de-hertogh\/\" \/>\n<meta property=\"og:site_name\" content=\"We Love Cinema\" \/>\n<meta property=\"article:publisher\" content=\"https:\/\/www.facebook.com\/welovecinema.be\" \/>\n<meta property=\"article:published_time\" content=\"2014-02-21T13:51:56+00:00\" \/>\n<meta property=\"article:modified_time\" content=\"2014-07-22T17:14:48+00:00\" \/>\n<meta property=\"og:image\" content=\"https:\/\/welovecinema.be\/wp-content\/uploads\/sites\/2\/2014\/02\/423402.jpg-r_640_600-b_1_D6D6D6-f_jpg-q_x-xxyxx.jpg\" \/>\n\t<meta property=\"og:image:width\" content=\"640\" \/>\n\t<meta property=\"og:image:height\" content=\"427\" \/>\n\t<meta property=\"og:image:type\" content=\"image\/jpeg\" \/>\n<meta name=\"author\" content=\"Philippe.Pierquin\" \/>\n<meta name=\"twitter:card\" content=\"summary_large_image\" \/>\n<meta name=\"twitter:label1\" content=\"\u00c9crit par\" \/>\n\t<meta name=\"twitter:data1\" content=\"Philippe.Pierquin\" \/>\n\t<meta name=\"twitter:label2\" content=\"Dur\u00e9e de lecture estim\u00e9e\" \/>\n\t<meta name=\"twitter:data2\" content=\"1 minute\" \/>\n<script type=\"application\/ld+json\" class=\"yoast-schema-graph\">{\"@context\":\"https:\/\/schema.org\",\"@graph\":[{\"@type\":\"Article\",\"@id\":\"https:\/\/welovecinema.be\/fr\/salaud-taime-la-bande-annonce-avec-isabelle-de-hertogh\/#article\",\"isPartOf\":{\"@id\":\"https:\/\/welovecinema.be\/fr\/salaud-taime-la-bande-annonce-avec-isabelle-de-hertogh\/\"},\"author\":{\"name\":\"Philippe.Pierquin\",\"@id\":\"https:\/\/welovecinema.be\/nl\/#\/schema\/person\/4b9b1d857f0943453a38a7c2859ef756\"},\"headline\":\"Salaud, on t&rsquo;aime &#8211; la bande-annonce (avec Isabelle de Hertogh)\",\"datePublished\":\"2014-02-21T13:51:56+00:00\",\"dateModified\":\"2014-07-22T17:14:48+00:00\",\"mainEntityOfPage\":{\"@id\":\"https:\/\/welovecinema.be\/fr\/salaud-taime-la-bande-annonce-avec-isabelle-de-hertogh\/\"},\"wordCount\":153,\"publisher\":{\"@id\":\"https:\/\/welovecinema.be\/nl\/#organization\"},\"articleSection\":[\"Coming soon\"],\"inLanguage\":\"fr-FR\"},{\"@type\":\"WebPage\",\"@id\":\"https:\/\/welovecinema.be\/fr\/salaud-taime-la-bande-annonce-avec-isabelle-de-hertogh\/\",\"url\":\"https:\/\/welovecinema.be\/fr\/salaud-taime-la-bande-annonce-avec-isabelle-de-hertogh\/\",\"name\":\"Salaud, on t'aime - la bande-annonce (avec Isabelle de Hertogh) - We Love Cinema\",\"isPartOf\":{\"@id\":\"https:\/\/welovecinema.be\/nl\/#website\"},\"datePublished\":\"2014-02-21T13:51:56+00:00\",\"dateModified\":\"2014-07-22T17:14:48+00:00\",\"breadcrumb\":{\"@id\":\"https:\/\/welovecinema.be\/fr\/salaud-taime-la-bande-annonce-avec-isabelle-de-hertogh\/#breadcrumb\"},\"inLanguage\":\"fr-FR\",\"potentialAction\":[{\"@type\":\"ReadAction\",\"target\":[\"https:\/\/welovecinema.be\/fr\/salaud-taime-la-bande-annonce-avec-isabelle-de-hertogh\/\"]}]},{\"@type\":\"BreadcrumbList\",\"@id\":\"https:\/\/welovecinema.be\/fr\/salaud-taime-la-bande-annonce-avec-isabelle-de-hertogh\/#breadcrumb\",\"itemListElement\":[{\"@type\":\"ListItem\",\"position\":1,\"name\":\"Accueil\",\"item\":\"https:\/\/welovecinema.be\/fr\/\"},{\"@type\":\"ListItem\",\"position\":2,\"name\":\"Salaud, on t&rsquo;aime &#8211; la bande-annonce (avec Isabelle de Hertogh)\"}]},{\"@type\":\"WebSite\",\"@id\":\"https:\/\/welovecinema.be\/nl\/#website\",\"url\":\"https:\/\/welovecinema.be\/nl\/\",\"name\":\"We Love Cinema\",\"description\":\"Toute l\u2019information du cin\u00e9ma en Belgique\",\"publisher\":{\"@id\":\"https:\/\/welovecinema.be\/nl\/#organization\"},\"potentialAction\":[{\"@type\":\"SearchAction\",\"target\":{\"@type\":\"EntryPoint\",\"urlTemplate\":\"https:\/\/welovecinema.be\/nl\/?s={search_term_string}\"},\"query-input\":\"required name=search_term_string\"}],\"inLanguage\":\"fr-FR\"},{\"@type\":\"Organization\",\"@id\":\"https:\/\/welovecinema.be\/nl\/#organization\",\"name\":\"We Love Cinema\",\"url\":\"https:\/\/welovecinema.be\/nl\/\",\"logo\":{\"@type\":\"ImageObject\",\"inLanguage\":\"fr-FR\",\"@id\":\"https:\/\/welovecinema.be\/nl\/#\/schema\/logo\/image\/\",\"url\":\"https:\/\/welovecinema.be\/wp-content\/uploads\/sites\/2\/2023\/03\/Logo-We-Love-Cinema305x128.jpg\",\"contentUrl\":\"https:\/\/welovecinema.be\/wp-content\/uploads\/sites\/2\/2023\/03\/Logo-We-Love-Cinema305x128.jpg\",\"width\":305,\"height\":128,\"caption\":\"We Love Cinema\"},\"image\":{\"@id\":\"https:\/\/welovecinema.be\/nl\/#\/schema\/logo\/image\/\"},\"sameAs\":[\"https:\/\/www.facebook.com\/welovecinema.be\",\"https:\/\/www.youtube.com\/channel\/UCX5LYGVhnKvYauW4Nta4HJA\",\"https:\/\/www.instagram.com\/welovecinema.be\/\"]},{\"@type\":\"Person\",\"@id\":\"https:\/\/welovecinema.be\/nl\/#\/schema\/person\/4b9b1d857f0943453a38a7c2859ef756\",\"name\":\"Philippe.Pierquin\",\"url\":\"https:\/\/welovecinema.be\/fr\/author\/philippe-pierquin\/\"}]}<\/script>\n<!-- \/ Yoast SEO plugin. -->","yoast_head_json":{"title":"Salaud, on t'aime - la bande-annonce (avec Isabelle de Hertogh) - We Love Cinema","robots":{"index":"index","follow":"follow","max-snippet":"max-snippet:-1","max-image-preview":"max-image-preview:large","max-video-preview":"max-video-preview:-1"},"canonical":"https:\/\/welovecinema.be\/fr\/salaud-taime-la-bande-annonce-avec-isabelle-de-hertogh\/","og_locale":"fr_FR","og_type":"article","og_title":"Salaud, on t'aime - la bande-annonce (avec Isabelle de Hertogh) - We Love Cinema","og_description":"Un photographe de guerre et p\u00e8re absent, qui s&rsquo;est plus occup\u00e9 de son appareil photo que de ses 4 filles, coule des jours heureux dans les Alpes avec sa nouvelle compagne. Il va voir sa vie basculer le jour o\u00f9 son meilleur ami va tenter de le r\u00e9concilier avec sa famille en leur racontant un &hellip;","og_url":"https:\/\/welovecinema.be\/fr\/salaud-taime-la-bande-annonce-avec-isabelle-de-hertogh\/","og_site_name":"We Love Cinema","article_publisher":"https:\/\/www.facebook.com\/welovecinema.be","article_published_time":"2014-02-21T13:51:56+00:00","article_modified_time":"2014-07-22T17:14:48+00:00","og_image":[{"width":640,"height":427,"url":"https:\/\/welovecinema.be\/wp-content\/uploads\/sites\/2\/2014\/02\/423402.jpg-r_640_600-b_1_D6D6D6-f_jpg-q_x-xxyxx.jpg","type":"image\/jpeg"}],"author":"Philippe.Pierquin","twitter_card":"summary_large_image","twitter_misc":{"\u00c9crit par":"Philippe.Pierquin","Dur\u00e9e de lecture estim\u00e9e":"1 minute"},"schema":{"@context":"https:\/\/schema.org","@graph":[{"@type":"Article","@id":"https:\/\/welovecinema.be\/fr\/salaud-taime-la-bande-annonce-avec-isabelle-de-hertogh\/#article","isPartOf":{"@id":"https:\/\/welovecinema.be\/fr\/salaud-taime-la-bande-annonce-avec-isabelle-de-hertogh\/"},"author":{"name":"Philippe.Pierquin","@id":"https:\/\/welovecinema.be\/nl\/#\/schema\/person\/4b9b1d857f0943453a38a7c2859ef756"},"headline":"Salaud, on t&rsquo;aime &#8211; la bande-annonce (avec Isabelle de Hertogh)","datePublished":"2014-02-21T13:51:56+00:00","dateModified":"2014-07-22T17:14:48+00:00","mainEntityOfPage":{"@id":"https:\/\/welovecinema.be\/fr\/salaud-taime-la-bande-annonce-avec-isabelle-de-hertogh\/"},"wordCount":153,"publisher":{"@id":"https:\/\/welovecinema.be\/nl\/#organization"},"articleSection":["Coming soon"],"inLanguage":"fr-FR"},{"@type":"WebPage","@id":"https:\/\/welovecinema.be\/fr\/salaud-taime-la-bande-annonce-avec-isabelle-de-hertogh\/","url":"https:\/\/welovecinema.be\/fr\/salaud-taime-la-bande-annonce-avec-isabelle-de-hertogh\/","name":"Salaud, on t'aime - la bande-annonce (avec Isabelle de Hertogh) - We Love Cinema","isPartOf":{"@id":"https:\/\/welovecinema.be\/nl\/#website"},"datePublished":"2014-02-21T13:51:56+00:00","dateModified":"2014-07-22T17:14:48+00:00","breadcrumb":{"@id":"https:\/\/welovecinema.be\/fr\/salaud-taime-la-bande-annonce-avec-isabelle-de-hertogh\/#breadcrumb"},"inLanguage":"fr-FR","potentialAction":[{"@type":"ReadAction","target":["https:\/\/welovecinema.be\/fr\/salaud-taime-la-bande-annonce-avec-isabelle-de-hertogh\/"]}]},{"@type":"BreadcrumbList","@id":"https:\/\/welovecinema.be\/fr\/salaud-taime-la-bande-annonce-avec-isabelle-de-hertogh\/#breadcrumb","itemListElement":[{"@type":"ListItem","position":1,"name":"Accueil","item":"https:\/\/welovecinema.be\/fr\/"},{"@type":"ListItem","position":2,"name":"Salaud, on t&rsquo;aime &#8211; la bande-annonce (avec Isabelle de Hertogh)"}]},{"@type":"WebSite","@id":"https:\/\/welovecinema.be\/nl\/#website","url":"https:\/\/welovecinema.be\/nl\/","name":"We Love Cinema","description":"Toute l\u2019information du cin\u00e9ma en Belgique","publisher":{"@id":"https:\/\/welovecinema.be\/nl\/#organization"},"potentialAction":[{"@type":"SearchAction","target":{"@type":"EntryPoint","urlTemplate":"https:\/\/welovecinema.be\/nl\/?s={search_term_string}"},"query-input":"required name=search_term_string"}],"inLanguage":"fr-FR"},{"@type":"Organization","@id":"https:\/\/welovecinema.be\/nl\/#organization","name":"We Love Cinema","url":"https:\/\/welovecinema.be\/nl\/","logo":{"@type":"ImageObject","inLanguage":"fr-FR","@id":"https:\/\/welovecinema.be\/nl\/#\/schema\/logo\/image\/","url":"https:\/\/welovecinema.be\/wp-content\/uploads\/sites\/2\/2023\/03\/Logo-We-Love-Cinema305x128.jpg","contentUrl":"https:\/\/welovecinema.be\/wp-content\/uploads\/sites\/2\/2023\/03\/Logo-We-Love-Cinema305x128.jpg","width":305,"height":128,"caption":"We Love Cinema"},"image":{"@id":"https:\/\/welovecinema.be\/nl\/#\/schema\/logo\/image\/"},"sameAs":["https:\/\/www.facebook.com\/welovecinema.be","https:\/\/www.youtube.com\/channel\/UCX5LYGVhnKvYauW4Nta4HJA","https:\/\/www.instagram.com\/welovecinema.be\/"]},{"@type":"Person","@id":"https:\/\/welovecinema.be\/nl\/#\/schema\/person\/4b9b1d857f0943453a38a7c2859ef756","name":"Philippe.Pierquin","url":"https:\/\/welovecinema.be\/fr\/author\/philippe-pierquin\/"}]}},"_links":{"self":[{"href":"https:\/\/welovecinema.be\/fr\/wp-json\/wp\/v2\/posts\/52961","targetHints":{"allow":["GET"]}}],"collection":[{"href":"https:\/\/welovecinema.be\/fr\/wp-json\/wp\/v2\/posts"}],"about":[{"href":"https:\/\/welovecinema.be\/fr\/wp-json\/wp\/v2\/types\/post"}],"author":[{"embeddable":true,"href":"https:\/\/welovecinema.be\/fr\/wp-json\/wp\/v2\/users\/7"}],"replies":[{"embeddable":true,"href":"https:\/\/welovecinema.be\/fr\/wp-json\/wp\/v2\/comments?post=52961"}],"version-history":[{"count":0,"href":"https:\/\/welovecinema.be\/fr\/wp-json\/wp\/v2\/posts\/52961\/revisions"}],"wp:featuredmedia":[{"embeddable":true,"href":"https:\/\/welovecinema.be\/fr\/wp-json\/wp\/v2\/media\/52963"}],"wp:attachment":[{"href":"https:\/\/welovecinema.be\/fr\/wp-json\/wp\/v2\/media?parent=52961"}],"wp:term":[{"taxonomy":"category","embeddable":true,"href":"https:\/\/welovecinema.be\/fr\/wp-json\/wp\/v2\/categories?post=52961"},{"taxonomy":"post_tag","embeddable":true,"href":"https:\/\/welovecinema.be\/fr\/wp-json\/wp\/v2\/tags?post=52961"}],"curies":[{"name":"wp","href":"https:\/\/api.w.org\/{rel}","templated":true}]}}