{"id":52842,"date":"2014-02-21T08:55:14","date_gmt":"2014-02-21T07:55:14","guid":{"rendered":"http:\/\/www.cinevox.be\/?p=52842"},"modified":"2014-02-21T09:31:13","modified_gmt":"2014-02-21T08:31:13","slug":"et-la-belgique-sanima","status":"publish","type":"post","link":"https:\/\/welovecinema.be\/fr\/et-la-belgique-sanima\/","title":{"rendered":"Et la Belgique s\u2019Anima"},"content":{"rendered":"<p>Anima, le Festival international du Film d\u2019Animation de Bruxelles aura lieu du 28 f\u00e9vrier au 9 mars 2014, \u00e0 Flagey. Une partie de la programmation sera aussi pr\u00e9sent\u00e9e \u00e0 Li\u00e8ge, Charleroi, Mons, Namur, Gand, Leuven et Anvers.<\/p>\n<p>Si le festival a pour objectif de donner un \u00e9tat des lieux des productions anim\u00e9es au niveau international, il profite aussi de l\u2019occasion pour mettre en lumi\u00e8re la production belge.<!--more--><\/p>\n<p>&nbsp;<\/p>\n<p>L\u2019animation \u00ab\u00a0noire, jaune, rouge\u00a0\u00bb sera essentiellement repr\u00e9sent\u00e9e au travers de sa comp\u00e9tition nationale. Celle-ci sera d\u00e9clin\u00e9e en trois programmes m\u00ealant films d\u2019\u00e9tudiants et films de professionnels. Le troisi\u00e8me programme sera compos\u00e9 uniquement de films \u00e0 destination du jeune public. On y retrouve notamment le dernier \u00e9pisode de \u00ab\u00a0Panique au Village\u00a0\u00bb\u00a0: <em>La B\u00fbche de\u00a0No\u00ebl<\/em> du duo Vincent Patar-St\u00e9phane Aubier d\u00e9couvert sur BeTV cet hiver au aussi au Be Film festival.<\/p>\n<p>&nbsp;<\/p>\n<p><a href=\"http:\/\/www.cinevox.be\/et-la-belgique-sanima\/lb_098_take02_correction01_130626\/\" rel=\"attachment wp-att-52843\"><img loading=\"lazy\" decoding=\"async\" class=\"aligncenter size-full wp-image-52843\" alt=\"\" src=\"http:\/\/www.cinevox.be\/wp-content\/uploads\/sites\/2\/2014\/02\/LB_098_TAKE02_Correction01_130626.jpg\" width=\"1920\" height=\"1080\" srcset=\"https:\/\/welovecinema.be\/wp-content\/uploads\/sites\/2\/2014\/02\/LB_098_TAKE02_Correction01_130626.jpg 1920w, https:\/\/welovecinema.be\/wp-content\/uploads\/sites\/2\/2014\/02\/LB_098_TAKE02_Correction01_130626-200x113.jpg 200w, https:\/\/welovecinema.be\/wp-content\/uploads\/sites\/2\/2014\/02\/LB_098_TAKE02_Correction01_130626-480x270.jpg 480w, https:\/\/welovecinema.be\/wp-content\/uploads\/sites\/2\/2014\/02\/LB_098_TAKE02_Correction01_130626-800x450.jpg 800w, https:\/\/welovecinema.be\/wp-content\/uploads\/sites\/2\/2014\/02\/LB_098_TAKE02_Correction01_130626-300x169.jpg 300w, https:\/\/welovecinema.be\/wp-content\/uploads\/sites\/2\/2014\/02\/LB_098_TAKE02_Correction01_130626-620x350.jpg 620w\" sizes=\"auto, (max-width: 1920px) 100vw, 1920px\" \/><\/a><\/p>\n<p>&nbsp;<\/p>\n<p>Un jury de professionnels sera charg\u00e9 de d\u00e9partager ces diff\u00e9rents films et se verra remettre plusieurs prix. Le jury de la comp\u00e9tition nationale sera compos\u00e9 cette ann\u00e9e de\u00a0: Morgan di Salvia (B), critique de bandes dessin\u00e9es\u00a0; Pieter Coudyzer (B), r\u00e9alisateur (De Wake)\u00a0; et Zo\u00efa Trofimova (RUS), r\u00e9alisatrice (Le Trop Petit Prince).<\/p>\n<p>&nbsp;<\/p>\n<p>&nbsp;<\/p>\n<p>&nbsp;<\/p>\n<p><b>Trois programmes C\u2019est du Belge\u00a0!<\/b><\/p>\n<p><b>\u00a0<\/b><\/p>\n<p>La comp\u00e9tition nationale de courts m\u00e9trages est le reflet de cette production fourmillante et diversifi\u00e9e. Le festival a re\u00e7u cette ann\u00e9e quelque 121 films belges, parmi lesquels 36 films ont \u00e9t\u00e9 retenus.<\/p>\n<p>&nbsp;<\/p>\n<p><a href=\"http:\/\/www.cinevox.be\/et-la-belgique-sanima\/attachment\/17\/\" rel=\"attachment wp-att-52852\"><img loading=\"lazy\" decoding=\"async\" class=\"aligncenter size-full wp-image-52852\" alt=\"\" src=\"http:\/\/www.cinevox.be\/wp-content\/uploads\/sites\/2\/2014\/02\/17.jpg\" width=\"800\" height=\"447\" srcset=\"https:\/\/welovecinema.be\/wp-content\/uploads\/sites\/2\/2014\/02\/17.jpg 800w, https:\/\/welovecinema.be\/wp-content\/uploads\/sites\/2\/2014\/02\/17-200x113.jpg 200w, https:\/\/welovecinema.be\/wp-content\/uploads\/sites\/2\/2014\/02\/17-480x268.jpg 480w, https:\/\/welovecinema.be\/wp-content\/uploads\/sites\/2\/2014\/02\/17-300x169.jpg 300w\" sizes=\"auto, (max-width: 800px) 100vw, 800px\" \/><\/a><\/p>\n<p>&nbsp;<\/p>\n<p>Trois programmes sont pr\u00e9vus pour t\u00e9moigner de cette abondance. Trois programmes m\u00ealant films professionnels, films d\u2019\u00e9tudiants, films en comp\u00e9tition et films hors comp\u00e9tition. Un de ces programmes rassemble des films destin\u00e9s sp\u00e9cialement au jeune public. Il a \u00e9t\u00e9 baptis\u00e9 \u00ab\u00a0Le Parfum de la carotte\u00a0\u00bb, du nom du film de R\u00e9mi Durin et Arnaud Demuynck, un moyen m\u00e9trage aux bonnes senteurs de carotte.<\/p>\n<p>&nbsp;<\/p>\n<p><a href=\"http:\/\/www.cinevox.be\/et-la-belgique-sanima\/18-2\/\" rel=\"attachment wp-att-52853\"><img loading=\"lazy\" decoding=\"async\" class=\"aligncenter size-full wp-image-52853\" alt=\"\" src=\"http:\/\/www.cinevox.be\/wp-content\/uploads\/sites\/2\/2014\/02\/18.jpg\" width=\"800\" height=\"533\" srcset=\"https:\/\/welovecinema.be\/wp-content\/uploads\/sites\/2\/2014\/02\/18.jpg 800w, https:\/\/welovecinema.be\/wp-content\/uploads\/sites\/2\/2014\/02\/18-405x270.jpg 405w\" sizes=\"auto, (max-width: 800px) 100vw, 800px\" \/><\/a><\/p>\n<p>&nbsp;<\/p>\n<p>Les enfants auront aussi l\u2019occasion de (re) d\u00e9couvrir les nouvelles aventures de Cheval, Cowboy et Indien dans l\u2019\u00e9pisode de Panique au Village\u00a0: \u00ab\u00a0La B\u00fbche de No\u00ebl\u00a0\u00bb de Vincent Patar et St\u00e9phane Aubier. Nos deux comparses seront aussi pr\u00e9sents pour introduire le film \u00ab\u00a0Ernest &amp; C\u00e9lestine\u00a0\u00bb, reprogramm\u00e9 \u00e0 l\u2019occasion de la nomination du film aux prestigieux Oscars\u00ae.<\/p>\n<p>&nbsp;<\/p>\n<p>&nbsp;<\/p>\n<p><b>Belvision, le Hollywood europ\u00e9en du dessin anim\u00e9<\/b><\/p>\n<p><b>\u00a0<\/b><\/p>\n<p><a href=\"http:\/\/www.cinevox.be\/et-la-belgique-sanima\/tintin-et-le-temple-du-soleil-affiche_54262_12369\/\" rel=\"attachment wp-att-52854\"><img loading=\"lazy\" decoding=\"async\" class=\" wp-image-52854 alignright\" alt=\"\" src=\"http:\/\/www.cinevox.be\/wp-content\/uploads\/sites\/2\/2014\/02\/tintin-et-le-temple-du-soleil-affiche_54262_12369.jpg\" width=\"378\" height=\"529\" srcset=\"https:\/\/welovecinema.be\/wp-content\/uploads\/sites\/2\/2014\/02\/tintin-et-le-temple-du-soleil-affiche_54262_12369.jpg 540w, https:\/\/welovecinema.be\/wp-content\/uploads\/sites\/2\/2014\/02\/tintin-et-le-temple-du-soleil-affiche_54262_12369-193x270.jpg 193w, https:\/\/welovecinema.be\/wp-content\/uploads\/sites\/2\/2014\/02\/tintin-et-le-temple-du-soleil-affiche_54262_12369-429x600.jpg 429w\" sizes=\"auto, (max-width: 378px) 100vw, 378px\" \/><\/a>Le Festival et la Cinematek s\u2019associeront pour rendre hommage aux Studios belges Belvision qui f\u00eatent cette ann\u00e9e leur 60e anniversaire.<\/p>\n<p>Fond\u00e9 par Raymond Leblanc, le studio a connu son apog\u00e9e dans les ann\u00e9es\u00a060-70 avec l\u2019adaptation en long m\u00e9trage des aventures de grands h\u00e9ros de la BD comme Ast\u00e9rix, Tintin ou Les Schroumpfs.<\/p>\n<p>Tandis qu\u2019Anima se penchera sur l\u2019histoire des fameux studios par le biais d\u2019une conf\u00e9rence intitul\u00e9e \u00ab\u00a0Belvision, le Hollywood europ\u00e9en du dessin anim\u00e9\u00a0\u00bb, la Cinematek, elle, programmera certains grands succ\u00e8s produits par Belvision\u00a0: Ast\u00e9rix le Gaulois, Tintin et le Temple du soleil, Lucky Luke\u00a0: Daisy Town, La Fl\u00fbte \u00e0 Six Schtroumpfs\u2026<\/p>\n<p>Retrouvez le programme complet <a href=\"http:\/\/www.cinematek.be\/\">ICI<\/a><\/p>\n<p>&nbsp;<\/p>\n<p>&nbsp;<\/p>\n<p><b>Corentin Feldo\u00eb<\/b><\/p>\n<p><b>\u00a0<\/b><\/p>\n<p>Corentin Feldo\u00eb, autre figure du 9e Art belge aura aussi sa place au Festival Anima.<\/p>\n<p>Philippe Capart, grand passionn\u00e9 de bandes dessin\u00e9es et libraire de La Crypte Tonique, a digitalis\u00e9 certaines planches de Corentin du dessinateur Paul Cuvelier dont il vient de faire para\u00eetre une somptueuse \u00e9dition en\u00a0 noir et blanc.<\/p>\n<p>C\u2019est ce travail qu\u2019il revisite dans une projection publique des strips accompagn\u00e9es en musique par Michel Cuvelier, le fr\u00e8re du dessinateur.<\/p>\n<p>&nbsp;<\/p>\n<p><a href=\"http:\/\/www.cinevox.be\/et-la-belgique-sanima\/flyer20ans\/\" rel=\"attachment wp-att-52855\"><img loading=\"lazy\" decoding=\"async\" class=\"aligncenter size-full wp-image-52855\" alt=\"\" src=\"http:\/\/www.cinevox.be\/wp-content\/uploads\/sites\/2\/2014\/02\/flyer20ans.jpg\" width=\"696\" height=\"328\" srcset=\"https:\/\/welovecinema.be\/wp-content\/uploads\/sites\/2\/2014\/02\/flyer20ans.jpg 696w, https:\/\/welovecinema.be\/wp-content\/uploads\/sites\/2\/2014\/02\/flyer20ans-480x226.jpg 480w\" sizes=\"auto, (max-width: 696px) 100vw, 696px\" \/><\/a><\/p>\n<p>&nbsp;<\/p>\n<p><b>Happy Birthday Zorobabel !<\/b><\/p>\n<p><b>\u00a0<\/b><\/p>\n<p>Anima est de toutes les f\u00eates. C\u2019est pourquoi le Festival a donn\u00e9 carte blanche \u00e0 l\u2019Atelier Zorobabel pour f\u00eater ses 20 ans comme il se doit. Un tour du propri\u00e9taire \u00e0 travers huit films issus de leur abondante production.<\/p>\n<p>Cette s\u00e9ance \u00ab\u00a0Happy Birthday Zorobabel\u00a0\u00bb est gratuite et ouverte \u00e0 tous. Chaque jour, Zorobabel animera au Foyer\u00a02 du Flagey des ateliers gratuits d\u2019initiation au cin\u00e9ma d\u2019animation pour les enfants de 5 \u00e0 12 ans. Plus d\u2019infos sur les pages kids <a href=\"http:\/\/www.animafestival.be\/\">du site internet<\/a><\/p>\n<p>&nbsp;<\/p>\n<p>&nbsp;<\/p>\n<p><b>R\u00e9sidences d\u2019\u00e9criture<\/b><\/p>\n<p><b>\u00a0<\/b><\/p>\n<p>Le th\u00e8me des r\u00e9sidences d\u2019\u00e9criture sera aussi abord\u00e9 lors d\u2019une conf\u00e9rence organis\u00e9e conjointement avec la SACD\/Scam. Des repr\u00e9sentants de l\u2019Atelier Zorobabel, du studio d\u2019animation l\u2019Enclume et de l\u2019Abbaye de Fontevraud viendront faire part de leur exp\u00e9rience dans le cadre des r\u00e9sidences qu\u2019ils ont mises en place respectivement.<\/p>\n<p>&nbsp;<\/p>\n<p>&nbsp;<\/p>\n<p><b>\u00a0<\/b><\/p>\n<p><a href=\"http:\/\/www.cinevox.be\/et-la-belgique-sanima\/anima_2014\/\" rel=\"attachment wp-att-52859\"><img loading=\"lazy\" decoding=\"async\" class=\"size-full wp-image-52859 alignleft\" alt=\"\" src=\"http:\/\/www.cinevox.be\/wp-content\/uploads\/sites\/2\/2014\/02\/Anima_2014.jpg\" width=\"424\" height=\"600\" srcset=\"https:\/\/welovecinema.be\/wp-content\/uploads\/sites\/2\/2014\/02\/Anima_2014.jpg 424w, https:\/\/welovecinema.be\/wp-content\/uploads\/sites\/2\/2014\/02\/Anima_2014-190x270.jpg 190w\" sizes=\"auto, (max-width: 424px) 100vw, 424px\" \/><\/a><\/p>\n<p><b>Les \u00ab\u00a0Muses\u00a0\u00bb \u00e0 Anima<\/b><\/p>\n<p>&nbsp;<\/p>\n<p>Autre nouveaut\u00e9\u00a0: une animation \u00ab\u00a0Muses\u00a0\u00bb sera propos\u00e9e certains jours dans le hall principal du Flagey. Deux auteurs se laisseront inspirer ou tireront le portrait de deux personnes du public int\u00e9ress\u00e9 (30\u00a0min par personne).<\/p>\n<p>Ils r\u00e9digeront des textes ou story-boards li\u00e9s \u00e0 leurs rencontres. Les textes et dessins seront envoy\u00e9s aux \u00ab\u00a0Muses\u00a0\u00bb et sur le <a href=\"http:\/\/www.bela.be\/\">site de Bela<\/a>.<\/p>\n<p>&nbsp;<\/p>\n<p><b>Les Open Screenings<\/b><\/p>\n<p>&nbsp;<\/p>\n<p>Les Open Screenings accueillent tous les films belges qui, pour une raison ou une autre, n\u2019auraient pas \u00e9t\u00e9 s\u00e9lectionn\u00e9s au Festival. La s\u00e9ance est gratuite et accessible \u00e0 tous.<\/p>\n<p>C\u2019est l\u2019occasion de monter son film sur grand \u00e9cran, \u00e0 un public curieux et pr\u00eat \u00e0 tout\u00a0! Inscription pr\u00e9alable aupr\u00e8s de <a href=\"mailto:nemo@animafestival.info\">nemo@animafestival.info<\/a><\/p>\n<p>&nbsp;<\/p>\n<p>&nbsp;<\/p>\n<p><b>Pecha Kucha sp\u00e9cial Animation<\/b><\/p>\n<p><b>\u00a0<\/b><\/p>\n<p>Le Pecha Kucha permet de lever le voile sur certains projets de professionnels belges. Chaque participant dispose de 6 minutes et 40 secondes montre en main pour \u00ab\u00a0pitcher\u00a0\u00bb son projet \u00e0 l\u2019aide de 20 images, projet\u00e9es chacune 20 secondes. Un exercice oratoire pour les intervenants, une curiosit\u00e9 pour l\u2019assistance qui d\u00e9couvre en primeur les premi\u00e8res esquisses de projets en d\u00e9veloppement.<\/p>\n<p>&nbsp;<\/p>\n<p>Le programme complet du Festival est disponible <a href=\"http:\/\/www.animafestival.be\/\">ICI<\/a>.<\/p>\n<p>L\u2019achat des billets en ligne d\u00e9butera ce samedi 15 f\u00e9vrier d\u00e8s 10\u00a0h.<\/p>\n","protected":false},"excerpt":{"rendered":"<p>Anima, le Festival international du Film d\u2019Animation de Bruxelles aura lieu du 28 f\u00e9vrier au 9 mars 2014, \u00e0 Flagey. Une partie de la programmation sera aussi pr\u00e9sent\u00e9e \u00e0 Li\u00e8ge, Charleroi, Mons, Namur, Gand, Leuven et Anvers. Si le festival a pour objectif de donner un \u00e9tat des lieux des productions anim\u00e9es au niveau international, &hellip;<\/p>\n","protected":false},"author":7,"featured_media":52850,"comment_status":"closed","ping_status":"closed","sticky":false,"template":"","format":"standard","meta":{"ngg_post_thumbnail":0,"footnotes":""},"categories":[12],"tags":[],"class_list":["post-52842","post","type-post","status-publish","format-standard","has-post-thumbnail","","category-awards"],"yoast_head":"<!-- This site is optimized with the Yoast SEO plugin v20.4 - https:\/\/yoast.com\/wordpress\/plugins\/seo\/ -->\n<title>Et la Belgique s\u2019Anima - We Love Cinema<\/title>\n<meta name=\"robots\" content=\"index, follow, max-snippet:-1, max-image-preview:large, max-video-preview:-1\" \/>\n<link rel=\"canonical\" href=\"https:\/\/welovecinema.be\/fr\/et-la-belgique-sanima\/\" \/>\n<meta property=\"og:locale\" content=\"fr_FR\" \/>\n<meta property=\"og:type\" content=\"article\" \/>\n<meta property=\"og:title\" content=\"Et la Belgique s\u2019Anima - We Love Cinema\" \/>\n<meta property=\"og:description\" content=\"Anima, le Festival international du Film d\u2019Animation de Bruxelles aura lieu du 28 f\u00e9vrier au 9 mars 2014, \u00e0 Flagey. Une partie de la programmation sera aussi pr\u00e9sent\u00e9e \u00e0 Li\u00e8ge, Charleroi, Mons, Namur, Gand, Leuven et Anvers. Si le festival a pour objectif de donner un \u00e9tat des lieux des productions anim\u00e9es au niveau international, &hellip;\" \/>\n<meta property=\"og:url\" content=\"https:\/\/welovecinema.be\/fr\/et-la-belgique-sanima\/\" \/>\n<meta property=\"og:site_name\" content=\"We Love Cinema\" \/>\n<meta property=\"article:publisher\" content=\"https:\/\/www.facebook.com\/welovecinema.be\" \/>\n<meta property=\"article:published_time\" content=\"2014-02-21T07:55:14+00:00\" \/>\n<meta property=\"article:modified_time\" content=\"2014-02-21T08:31:13+00:00\" \/>\n<meta property=\"og:image\" content=\"https:\/\/welovecinema.be\/wp-content\/uploads\/sites\/2\/2014\/02\/anima2.jpg\" \/>\n\t<meta property=\"og:image:width\" content=\"1971\" \/>\n\t<meta property=\"og:image:height\" content=\"1203\" \/>\n\t<meta property=\"og:image:type\" content=\"image\/jpeg\" \/>\n<meta name=\"author\" content=\"Philippe.Pierquin\" \/>\n<meta name=\"twitter:card\" content=\"summary_large_image\" \/>\n<meta name=\"twitter:label1\" content=\"\u00c9crit par\" \/>\n\t<meta name=\"twitter:data1\" content=\"Philippe.Pierquin\" \/>\n\t<meta name=\"twitter:label2\" content=\"Dur\u00e9e de lecture estim\u00e9e\" \/>\n\t<meta name=\"twitter:data2\" content=\"5 minutes\" \/>\n<script type=\"application\/ld+json\" class=\"yoast-schema-graph\">{\"@context\":\"https:\/\/schema.org\",\"@graph\":[{\"@type\":\"Article\",\"@id\":\"https:\/\/welovecinema.be\/fr\/et-la-belgique-sanima\/#article\",\"isPartOf\":{\"@id\":\"https:\/\/welovecinema.be\/fr\/et-la-belgique-sanima\/\"},\"author\":{\"name\":\"Philippe.Pierquin\",\"@id\":\"https:\/\/welovecinema.be\/nl\/#\/schema\/person\/4b9b1d857f0943453a38a7c2859ef756\"},\"headline\":\"Et la Belgique s\u2019Anima\",\"datePublished\":\"2014-02-21T07:55:14+00:00\",\"dateModified\":\"2014-02-21T08:31:13+00:00\",\"mainEntityOfPage\":{\"@id\":\"https:\/\/welovecinema.be\/fr\/et-la-belgique-sanima\/\"},\"wordCount\":1001,\"publisher\":{\"@id\":\"https:\/\/welovecinema.be\/nl\/#organization\"},\"articleSection\":[\"Evenements\"],\"inLanguage\":\"fr-FR\"},{\"@type\":\"WebPage\",\"@id\":\"https:\/\/welovecinema.be\/fr\/et-la-belgique-sanima\/\",\"url\":\"https:\/\/welovecinema.be\/fr\/et-la-belgique-sanima\/\",\"name\":\"Et la Belgique s\u2019Anima - We Love Cinema\",\"isPartOf\":{\"@id\":\"https:\/\/welovecinema.be\/nl\/#website\"},\"datePublished\":\"2014-02-21T07:55:14+00:00\",\"dateModified\":\"2014-02-21T08:31:13+00:00\",\"breadcrumb\":{\"@id\":\"https:\/\/welovecinema.be\/fr\/et-la-belgique-sanima\/#breadcrumb\"},\"inLanguage\":\"fr-FR\",\"potentialAction\":[{\"@type\":\"ReadAction\",\"target\":[\"https:\/\/welovecinema.be\/fr\/et-la-belgique-sanima\/\"]}]},{\"@type\":\"BreadcrumbList\",\"@id\":\"https:\/\/welovecinema.be\/fr\/et-la-belgique-sanima\/#breadcrumb\",\"itemListElement\":[{\"@type\":\"ListItem\",\"position\":1,\"name\":\"Accueil\",\"item\":\"https:\/\/welovecinema.be\/fr\/\"},{\"@type\":\"ListItem\",\"position\":2,\"name\":\"Et la Belgique s\u2019Anima\"}]},{\"@type\":\"WebSite\",\"@id\":\"https:\/\/welovecinema.be\/nl\/#website\",\"url\":\"https:\/\/welovecinema.be\/nl\/\",\"name\":\"We Love Cinema\",\"description\":\"Toute l\u2019information du cin\u00e9ma en Belgique\",\"publisher\":{\"@id\":\"https:\/\/welovecinema.be\/nl\/#organization\"},\"potentialAction\":[{\"@type\":\"SearchAction\",\"target\":{\"@type\":\"EntryPoint\",\"urlTemplate\":\"https:\/\/welovecinema.be\/nl\/?s={search_term_string}\"},\"query-input\":\"required name=search_term_string\"}],\"inLanguage\":\"fr-FR\"},{\"@type\":\"Organization\",\"@id\":\"https:\/\/welovecinema.be\/nl\/#organization\",\"name\":\"We Love Cinema\",\"url\":\"https:\/\/welovecinema.be\/nl\/\",\"logo\":{\"@type\":\"ImageObject\",\"inLanguage\":\"fr-FR\",\"@id\":\"https:\/\/welovecinema.be\/nl\/#\/schema\/logo\/image\/\",\"url\":\"https:\/\/welovecinema.be\/wp-content\/uploads\/sites\/2\/2023\/03\/Logo-We-Love-Cinema305x128.jpg\",\"contentUrl\":\"https:\/\/welovecinema.be\/wp-content\/uploads\/sites\/2\/2023\/03\/Logo-We-Love-Cinema305x128.jpg\",\"width\":305,\"height\":128,\"caption\":\"We Love Cinema\"},\"image\":{\"@id\":\"https:\/\/welovecinema.be\/nl\/#\/schema\/logo\/image\/\"},\"sameAs\":[\"https:\/\/www.facebook.com\/welovecinema.be\",\"https:\/\/www.youtube.com\/channel\/UCX5LYGVhnKvYauW4Nta4HJA\",\"https:\/\/www.instagram.com\/welovecinema.be\/\"]},{\"@type\":\"Person\",\"@id\":\"https:\/\/welovecinema.be\/nl\/#\/schema\/person\/4b9b1d857f0943453a38a7c2859ef756\",\"name\":\"Philippe.Pierquin\",\"url\":\"https:\/\/welovecinema.be\/fr\/author\/philippe-pierquin\/\"}]}<\/script>\n<!-- \/ Yoast SEO plugin. -->","yoast_head_json":{"title":"Et la Belgique s\u2019Anima - We Love Cinema","robots":{"index":"index","follow":"follow","max-snippet":"max-snippet:-1","max-image-preview":"max-image-preview:large","max-video-preview":"max-video-preview:-1"},"canonical":"https:\/\/welovecinema.be\/fr\/et-la-belgique-sanima\/","og_locale":"fr_FR","og_type":"article","og_title":"Et la Belgique s\u2019Anima - We Love Cinema","og_description":"Anima, le Festival international du Film d\u2019Animation de Bruxelles aura lieu du 28 f\u00e9vrier au 9 mars 2014, \u00e0 Flagey. Une partie de la programmation sera aussi pr\u00e9sent\u00e9e \u00e0 Li\u00e8ge, Charleroi, Mons, Namur, Gand, Leuven et Anvers. Si le festival a pour objectif de donner un \u00e9tat des lieux des productions anim\u00e9es au niveau international, &hellip;","og_url":"https:\/\/welovecinema.be\/fr\/et-la-belgique-sanima\/","og_site_name":"We Love Cinema","article_publisher":"https:\/\/www.facebook.com\/welovecinema.be","article_published_time":"2014-02-21T07:55:14+00:00","article_modified_time":"2014-02-21T08:31:13+00:00","og_image":[{"width":1971,"height":1203,"url":"https:\/\/welovecinema.be\/wp-content\/uploads\/sites\/2\/2014\/02\/anima2.jpg","type":"image\/jpeg"}],"author":"Philippe.Pierquin","twitter_card":"summary_large_image","twitter_misc":{"\u00c9crit par":"Philippe.Pierquin","Dur\u00e9e de lecture estim\u00e9e":"5 minutes"},"schema":{"@context":"https:\/\/schema.org","@graph":[{"@type":"Article","@id":"https:\/\/welovecinema.be\/fr\/et-la-belgique-sanima\/#article","isPartOf":{"@id":"https:\/\/welovecinema.be\/fr\/et-la-belgique-sanima\/"},"author":{"name":"Philippe.Pierquin","@id":"https:\/\/welovecinema.be\/nl\/#\/schema\/person\/4b9b1d857f0943453a38a7c2859ef756"},"headline":"Et la Belgique s\u2019Anima","datePublished":"2014-02-21T07:55:14+00:00","dateModified":"2014-02-21T08:31:13+00:00","mainEntityOfPage":{"@id":"https:\/\/welovecinema.be\/fr\/et-la-belgique-sanima\/"},"wordCount":1001,"publisher":{"@id":"https:\/\/welovecinema.be\/nl\/#organization"},"articleSection":["Evenements"],"inLanguage":"fr-FR"},{"@type":"WebPage","@id":"https:\/\/welovecinema.be\/fr\/et-la-belgique-sanima\/","url":"https:\/\/welovecinema.be\/fr\/et-la-belgique-sanima\/","name":"Et la Belgique s\u2019Anima - We Love Cinema","isPartOf":{"@id":"https:\/\/welovecinema.be\/nl\/#website"},"datePublished":"2014-02-21T07:55:14+00:00","dateModified":"2014-02-21T08:31:13+00:00","breadcrumb":{"@id":"https:\/\/welovecinema.be\/fr\/et-la-belgique-sanima\/#breadcrumb"},"inLanguage":"fr-FR","potentialAction":[{"@type":"ReadAction","target":["https:\/\/welovecinema.be\/fr\/et-la-belgique-sanima\/"]}]},{"@type":"BreadcrumbList","@id":"https:\/\/welovecinema.be\/fr\/et-la-belgique-sanima\/#breadcrumb","itemListElement":[{"@type":"ListItem","position":1,"name":"Accueil","item":"https:\/\/welovecinema.be\/fr\/"},{"@type":"ListItem","position":2,"name":"Et la Belgique s\u2019Anima"}]},{"@type":"WebSite","@id":"https:\/\/welovecinema.be\/nl\/#website","url":"https:\/\/welovecinema.be\/nl\/","name":"We Love Cinema","description":"Toute l\u2019information du cin\u00e9ma en Belgique","publisher":{"@id":"https:\/\/welovecinema.be\/nl\/#organization"},"potentialAction":[{"@type":"SearchAction","target":{"@type":"EntryPoint","urlTemplate":"https:\/\/welovecinema.be\/nl\/?s={search_term_string}"},"query-input":"required name=search_term_string"}],"inLanguage":"fr-FR"},{"@type":"Organization","@id":"https:\/\/welovecinema.be\/nl\/#organization","name":"We Love Cinema","url":"https:\/\/welovecinema.be\/nl\/","logo":{"@type":"ImageObject","inLanguage":"fr-FR","@id":"https:\/\/welovecinema.be\/nl\/#\/schema\/logo\/image\/","url":"https:\/\/welovecinema.be\/wp-content\/uploads\/sites\/2\/2023\/03\/Logo-We-Love-Cinema305x128.jpg","contentUrl":"https:\/\/welovecinema.be\/wp-content\/uploads\/sites\/2\/2023\/03\/Logo-We-Love-Cinema305x128.jpg","width":305,"height":128,"caption":"We Love Cinema"},"image":{"@id":"https:\/\/welovecinema.be\/nl\/#\/schema\/logo\/image\/"},"sameAs":["https:\/\/www.facebook.com\/welovecinema.be","https:\/\/www.youtube.com\/channel\/UCX5LYGVhnKvYauW4Nta4HJA","https:\/\/www.instagram.com\/welovecinema.be\/"]},{"@type":"Person","@id":"https:\/\/welovecinema.be\/nl\/#\/schema\/person\/4b9b1d857f0943453a38a7c2859ef756","name":"Philippe.Pierquin","url":"https:\/\/welovecinema.be\/fr\/author\/philippe-pierquin\/"}]}},"_links":{"self":[{"href":"https:\/\/welovecinema.be\/fr\/wp-json\/wp\/v2\/posts\/52842","targetHints":{"allow":["GET"]}}],"collection":[{"href":"https:\/\/welovecinema.be\/fr\/wp-json\/wp\/v2\/posts"}],"about":[{"href":"https:\/\/welovecinema.be\/fr\/wp-json\/wp\/v2\/types\/post"}],"author":[{"embeddable":true,"href":"https:\/\/welovecinema.be\/fr\/wp-json\/wp\/v2\/users\/7"}],"replies":[{"embeddable":true,"href":"https:\/\/welovecinema.be\/fr\/wp-json\/wp\/v2\/comments?post=52842"}],"version-history":[{"count":0,"href":"https:\/\/welovecinema.be\/fr\/wp-json\/wp\/v2\/posts\/52842\/revisions"}],"wp:featuredmedia":[{"embeddable":true,"href":"https:\/\/welovecinema.be\/fr\/wp-json\/wp\/v2\/media\/52850"}],"wp:attachment":[{"href":"https:\/\/welovecinema.be\/fr\/wp-json\/wp\/v2\/media?parent=52842"}],"wp:term":[{"taxonomy":"category","embeddable":true,"href":"https:\/\/welovecinema.be\/fr\/wp-json\/wp\/v2\/categories?post=52842"},{"taxonomy":"post_tag","embeddable":true,"href":"https:\/\/welovecinema.be\/fr\/wp-json\/wp\/v2\/tags?post=52842"}],"curies":[{"name":"wp","href":"https:\/\/api.w.org\/{rel}","templated":true}]}}