{"id":52580,"date":"2014-02-17T18:56:55","date_gmt":"2014-02-17T17:56:55","guid":{"rendered":"http:\/\/www.cinevox.be\/?p=52580"},"modified":"2014-02-17T20:51:39","modified_gmt":"2014-02-17T19:51:39","slug":"matthias-schoenaerts-felix-van-groningen-belgica","status":"publish","type":"post","link":"https:\/\/welovecinema.be\/fr\/matthias-schoenaerts-felix-van-groningen-belgica\/","title":{"rendered":"Matthias Schoenaerts + F\u00e9lix Van Groeningen = Belgica"},"content":{"rendered":"<p>C&rsquo;est maintenant officiel : le prochain film de \u00a0<b>Felix Van Groeningen<\/b>\u00a0s&rsquo;appellera <i>Belgica<\/i>.<\/p>\n<p>Plus excitant encore : pour la premi\u00e8re fois, le\u00a0r\u00e9alisateur de\u00a0<i>The Broken Circle Breakdown <\/i>et de\u00a0<i>La Merditude des Choses <\/i>mettra en sc\u00e8ne la star d\u00e9sormais internationale\u00a0<strong>Matthias Schoenaerts.<\/strong><\/p>\n<p>&nbsp;<\/p>\n<p style=\"text-align: right;\"><em>[Photo d&rsquo;ouverture :\u00a0\u00a9 Starface]<\/em><\/p>\n<p><!--more--><\/p>\n<p>&nbsp;<\/p>\n<p>Belgica racontera l\u2019histoire d\u2019un bar \u00e0 succ\u00e8s ouvert \u00e0 Gand par deux fr\u00e8res aussi dissemblables physiquement que moralement. Un endroit tr\u00e8s fr\u00e9quent\u00e9 o\u00f9 se m\u00e9langent les communaut\u00e9s sur fond de racisme, de drogue, d\u2019alcoolisme aussi . Les deux protagonistes, proches, mais anim\u00e9s par une tenace rivalit\u00e9, seront interpr\u00e9t\u00e9s par\u00a0<b>Matthias Schoenaerts <\/b>et\u00a0<strong>Stef Aerts\u00a0<\/strong>(<em>Adem<\/em>).<\/p>\n<p>Le sc\u00e9nario original est cosign\u00e9 par le r\u00e9alisateur et<strong>\u00a0Arne Sierens<\/strong>\u00a0qui ont d\u00e9j\u00e0 travaill\u00e9 ensemble sur\u00a0<em>Dagen zonder lief<\/em>.<\/p>\n<p>&nbsp;<\/p>\n<p><a href=\"http:\/\/www.cinevox.be\/matthias-schoenaerts-felix-van-groningen-belgica\/brokencirclebreakdown-directorfelixvangroeningen-_hansdegreve\/\" rel=\"attachment wp-att-52581\"><img loading=\"lazy\" decoding=\"async\" class=\"aligncenter size-full wp-image-52581\" alt=\"\" src=\"http:\/\/www.cinevox.be\/wp-content\/uploads\/sites\/2\/2014\/02\/BrokenCircleBreakdown-directorFelixVanGroeningen-_HansDeGreve.jpg\" width=\"1195\" height=\"739\" srcset=\"https:\/\/welovecinema.be\/wp-content\/uploads\/sites\/2\/2014\/02\/BrokenCircleBreakdown-directorFelixVanGroeningen-_HansDeGreve.jpg 1195w, https:\/\/welovecinema.be\/wp-content\/uploads\/sites\/2\/2014\/02\/BrokenCircleBreakdown-directorFelixVanGroeningen-_HansDeGreve-436x270.jpg 436w, https:\/\/welovecinema.be\/wp-content\/uploads\/sites\/2\/2014\/02\/BrokenCircleBreakdown-directorFelixVanGroeningen-_HansDeGreve-800x494.jpg 800w\" sizes=\"auto, (max-width: 1195px) 100vw, 1195px\" \/><\/a><\/p>\n<p style=\"text-align: right;\"><em>[Photo de Hans De Greve]<\/em><\/p>\n<p>&nbsp;<\/p>\n<p>\u00ab\u00a0Je suis naturellement impatient de pouvoir travailler tr\u00e8s prochainement avec de tels acteurs de talent\u00a0\u00bb, explique Felix\u00a0Van Groeningen. \u00ab\u00a0Avec la nomination aux Oscars de <em>The Broken Circle Breakdown<\/em>\u00a0et la perspective de pouvoir tourner Belgica dans quelques mois, cette ann\u00e9e ne pourrait pas s&rsquo;annoncer plus excitante.<\/p>\n<p>&nbsp;<\/p>\n<p>Le tournage est pr\u00e9vu \u00e0 l&rsquo;automne 2014 et le film sera coproduit par les Fran\u00e7ais de Pyramide Productions, \u00a0aux c\u00f4t\u00e9s du producteur belge historique de Van Groeningen,\u00a0<b>Dirk Impens<\/b>\u00a0(Menuet) et des Hollandais de Topkaki. Le film sera vendu par Match Factory.<\/p>\n<p>&nbsp;<\/p>\n","protected":false},"excerpt":{"rendered":"<p>C&rsquo;est maintenant officiel : le prochain film de \u00a0Felix Van Groeningen\u00a0s&rsquo;appellera Belgica. Plus excitant encore : pour la premi\u00e8re fois, le\u00a0r\u00e9alisateur de\u00a0The Broken Circle Breakdown et de\u00a0La Merditude des Choses mettra en sc\u00e8ne la star d\u00e9sormais internationale\u00a0Matthias Schoenaerts. &nbsp; [Photo d&rsquo;ouverture :\u00a0\u00a9 Starface]<\/p>\n","protected":false},"author":7,"featured_media":52723,"comment_status":"closed","ping_status":"closed","sticky":false,"template":"","format":"standard","meta":{"ngg_post_thumbnail":0,"footnotes":""},"categories":[1923],"tags":[],"class_list":["post-52580","post","type-post","status-publish","format-standard","has-post-thumbnail","","category-en-bref"],"yoast_head":"<!-- This site is optimized with the Yoast SEO plugin v20.4 - https:\/\/yoast.com\/wordpress\/plugins\/seo\/ -->\n<title>Matthias Schoenaerts + F\u00e9lix Van Groeningen = Belgica - We Love Cinema<\/title>\n<meta name=\"robots\" content=\"index, follow, max-snippet:-1, max-image-preview:large, max-video-preview:-1\" \/>\n<link rel=\"canonical\" href=\"https:\/\/welovecinema.be\/fr\/matthias-schoenaerts-felix-van-groningen-belgica\/\" \/>\n<meta property=\"og:locale\" content=\"fr_FR\" \/>\n<meta property=\"og:type\" content=\"article\" \/>\n<meta property=\"og:title\" content=\"Matthias Schoenaerts + F\u00e9lix Van Groeningen = Belgica - We Love Cinema\" \/>\n<meta property=\"og:description\" content=\"C&rsquo;est maintenant officiel : le prochain film de \u00a0Felix Van Groeningen\u00a0s&rsquo;appellera Belgica. Plus excitant encore : pour la premi\u00e8re fois, le\u00a0r\u00e9alisateur de\u00a0The Broken Circle Breakdown et de\u00a0La Merditude des Choses mettra en sc\u00e8ne la star d\u00e9sormais internationale\u00a0Matthias Schoenaerts. &nbsp; [Photo d&rsquo;ouverture :\u00a0\u00a9 Starface]\" \/>\n<meta property=\"og:url\" content=\"https:\/\/welovecinema.be\/fr\/matthias-schoenaerts-felix-van-groningen-belgica\/\" \/>\n<meta property=\"og:site_name\" content=\"We Love Cinema\" \/>\n<meta property=\"article:publisher\" content=\"https:\/\/www.facebook.com\/welovecinema.be\" \/>\n<meta property=\"article:published_time\" content=\"2014-02-17T17:56:55+00:00\" \/>\n<meta property=\"article:modified_time\" content=\"2014-02-17T19:51:39+00:00\" \/>\n<meta property=\"og:image\" content=\"https:\/\/welovecinema.be\/wp-content\/uploads\/sites\/2\/2014\/02\/2014-02-17_19h13_45.jpg\" \/>\n\t<meta property=\"og:image:width\" content=\"1112\" \/>\n\t<meta property=\"og:image:height\" content=\"736\" \/>\n\t<meta property=\"og:image:type\" content=\"image\/jpeg\" \/>\n<meta name=\"author\" content=\"Philippe.Pierquin\" \/>\n<meta name=\"twitter:card\" content=\"summary_large_image\" \/>\n<meta name=\"twitter:label1\" content=\"\u00c9crit par\" \/>\n\t<meta name=\"twitter:data1\" content=\"Philippe.Pierquin\" \/>\n\t<meta name=\"twitter:label2\" content=\"Dur\u00e9e de lecture estim\u00e9e\" \/>\n\t<meta name=\"twitter:data2\" content=\"1 minute\" \/>\n<script type=\"application\/ld+json\" class=\"yoast-schema-graph\">{\"@context\":\"https:\/\/schema.org\",\"@graph\":[{\"@type\":\"Article\",\"@id\":\"https:\/\/welovecinema.be\/fr\/matthias-schoenaerts-felix-van-groningen-belgica\/#article\",\"isPartOf\":{\"@id\":\"https:\/\/welovecinema.be\/fr\/matthias-schoenaerts-felix-van-groningen-belgica\/\"},\"author\":{\"name\":\"Philippe.Pierquin\",\"@id\":\"https:\/\/welovecinema.be\/nl\/#\/schema\/person\/4b9b1d857f0943453a38a7c2859ef756\"},\"headline\":\"Matthias Schoenaerts + F\u00e9lix Van Groeningen = Belgica\",\"datePublished\":\"2014-02-17T17:56:55+00:00\",\"dateModified\":\"2014-02-17T19:51:39+00:00\",\"mainEntityOfPage\":{\"@id\":\"https:\/\/welovecinema.be\/fr\/matthias-schoenaerts-felix-van-groningen-belgica\/\"},\"wordCount\":251,\"publisher\":{\"@id\":\"https:\/\/welovecinema.be\/nl\/#organization\"},\"articleSection\":[\"En bref\"],\"inLanguage\":\"fr-FR\"},{\"@type\":\"WebPage\",\"@id\":\"https:\/\/welovecinema.be\/fr\/matthias-schoenaerts-felix-van-groningen-belgica\/\",\"url\":\"https:\/\/welovecinema.be\/fr\/matthias-schoenaerts-felix-van-groningen-belgica\/\",\"name\":\"Matthias Schoenaerts + F\u00e9lix Van Groeningen = Belgica - We Love Cinema\",\"isPartOf\":{\"@id\":\"https:\/\/welovecinema.be\/nl\/#website\"},\"datePublished\":\"2014-02-17T17:56:55+00:00\",\"dateModified\":\"2014-02-17T19:51:39+00:00\",\"breadcrumb\":{\"@id\":\"https:\/\/welovecinema.be\/fr\/matthias-schoenaerts-felix-van-groningen-belgica\/#breadcrumb\"},\"inLanguage\":\"fr-FR\",\"potentialAction\":[{\"@type\":\"ReadAction\",\"target\":[\"https:\/\/welovecinema.be\/fr\/matthias-schoenaerts-felix-van-groningen-belgica\/\"]}]},{\"@type\":\"BreadcrumbList\",\"@id\":\"https:\/\/welovecinema.be\/fr\/matthias-schoenaerts-felix-van-groningen-belgica\/#breadcrumb\",\"itemListElement\":[{\"@type\":\"ListItem\",\"position\":1,\"name\":\"Accueil\",\"item\":\"https:\/\/welovecinema.be\/fr\/\"},{\"@type\":\"ListItem\",\"position\":2,\"name\":\"Matthias Schoenaerts + F\u00e9lix Van Groeningen = Belgica\"}]},{\"@type\":\"WebSite\",\"@id\":\"https:\/\/welovecinema.be\/nl\/#website\",\"url\":\"https:\/\/welovecinema.be\/nl\/\",\"name\":\"We Love Cinema\",\"description\":\"Toute l\u2019information du cin\u00e9ma en Belgique\",\"publisher\":{\"@id\":\"https:\/\/welovecinema.be\/nl\/#organization\"},\"potentialAction\":[{\"@type\":\"SearchAction\",\"target\":{\"@type\":\"EntryPoint\",\"urlTemplate\":\"https:\/\/welovecinema.be\/nl\/?s={search_term_string}\"},\"query-input\":\"required name=search_term_string\"}],\"inLanguage\":\"fr-FR\"},{\"@type\":\"Organization\",\"@id\":\"https:\/\/welovecinema.be\/nl\/#organization\",\"name\":\"We Love Cinema\",\"url\":\"https:\/\/welovecinema.be\/nl\/\",\"logo\":{\"@type\":\"ImageObject\",\"inLanguage\":\"fr-FR\",\"@id\":\"https:\/\/welovecinema.be\/nl\/#\/schema\/logo\/image\/\",\"url\":\"https:\/\/welovecinema.be\/wp-content\/uploads\/sites\/2\/2023\/03\/Logo-We-Love-Cinema305x128.jpg\",\"contentUrl\":\"https:\/\/welovecinema.be\/wp-content\/uploads\/sites\/2\/2023\/03\/Logo-We-Love-Cinema305x128.jpg\",\"width\":305,\"height\":128,\"caption\":\"We Love Cinema\"},\"image\":{\"@id\":\"https:\/\/welovecinema.be\/nl\/#\/schema\/logo\/image\/\"},\"sameAs\":[\"https:\/\/www.facebook.com\/welovecinema.be\",\"https:\/\/www.youtube.com\/channel\/UCX5LYGVhnKvYauW4Nta4HJA\",\"https:\/\/www.instagram.com\/welovecinema.be\/\"]},{\"@type\":\"Person\",\"@id\":\"https:\/\/welovecinema.be\/nl\/#\/schema\/person\/4b9b1d857f0943453a38a7c2859ef756\",\"name\":\"Philippe.Pierquin\",\"url\":\"https:\/\/welovecinema.be\/fr\/author\/philippe-pierquin\/\"}]}<\/script>\n<!-- \/ Yoast SEO plugin. -->","yoast_head_json":{"title":"Matthias Schoenaerts + F\u00e9lix Van Groeningen = Belgica - We Love Cinema","robots":{"index":"index","follow":"follow","max-snippet":"max-snippet:-1","max-image-preview":"max-image-preview:large","max-video-preview":"max-video-preview:-1"},"canonical":"https:\/\/welovecinema.be\/fr\/matthias-schoenaerts-felix-van-groningen-belgica\/","og_locale":"fr_FR","og_type":"article","og_title":"Matthias Schoenaerts + F\u00e9lix Van Groeningen = Belgica - We Love Cinema","og_description":"C&rsquo;est maintenant officiel : le prochain film de \u00a0Felix Van Groeningen\u00a0s&rsquo;appellera Belgica. Plus excitant encore : pour la premi\u00e8re fois, le\u00a0r\u00e9alisateur de\u00a0The Broken Circle Breakdown et de\u00a0La Merditude des Choses mettra en sc\u00e8ne la star d\u00e9sormais internationale\u00a0Matthias Schoenaerts. &nbsp; [Photo d&rsquo;ouverture :\u00a0\u00a9 Starface]","og_url":"https:\/\/welovecinema.be\/fr\/matthias-schoenaerts-felix-van-groningen-belgica\/","og_site_name":"We Love Cinema","article_publisher":"https:\/\/www.facebook.com\/welovecinema.be","article_published_time":"2014-02-17T17:56:55+00:00","article_modified_time":"2014-02-17T19:51:39+00:00","og_image":[{"width":1112,"height":736,"url":"https:\/\/welovecinema.be\/wp-content\/uploads\/sites\/2\/2014\/02\/2014-02-17_19h13_45.jpg","type":"image\/jpeg"}],"author":"Philippe.Pierquin","twitter_card":"summary_large_image","twitter_misc":{"\u00c9crit par":"Philippe.Pierquin","Dur\u00e9e de lecture estim\u00e9e":"1 minute"},"schema":{"@context":"https:\/\/schema.org","@graph":[{"@type":"Article","@id":"https:\/\/welovecinema.be\/fr\/matthias-schoenaerts-felix-van-groningen-belgica\/#article","isPartOf":{"@id":"https:\/\/welovecinema.be\/fr\/matthias-schoenaerts-felix-van-groningen-belgica\/"},"author":{"name":"Philippe.Pierquin","@id":"https:\/\/welovecinema.be\/nl\/#\/schema\/person\/4b9b1d857f0943453a38a7c2859ef756"},"headline":"Matthias Schoenaerts + F\u00e9lix Van Groeningen = Belgica","datePublished":"2014-02-17T17:56:55+00:00","dateModified":"2014-02-17T19:51:39+00:00","mainEntityOfPage":{"@id":"https:\/\/welovecinema.be\/fr\/matthias-schoenaerts-felix-van-groningen-belgica\/"},"wordCount":251,"publisher":{"@id":"https:\/\/welovecinema.be\/nl\/#organization"},"articleSection":["En bref"],"inLanguage":"fr-FR"},{"@type":"WebPage","@id":"https:\/\/welovecinema.be\/fr\/matthias-schoenaerts-felix-van-groningen-belgica\/","url":"https:\/\/welovecinema.be\/fr\/matthias-schoenaerts-felix-van-groningen-belgica\/","name":"Matthias Schoenaerts + F\u00e9lix Van Groeningen = Belgica - We Love Cinema","isPartOf":{"@id":"https:\/\/welovecinema.be\/nl\/#website"},"datePublished":"2014-02-17T17:56:55+00:00","dateModified":"2014-02-17T19:51:39+00:00","breadcrumb":{"@id":"https:\/\/welovecinema.be\/fr\/matthias-schoenaerts-felix-van-groningen-belgica\/#breadcrumb"},"inLanguage":"fr-FR","potentialAction":[{"@type":"ReadAction","target":["https:\/\/welovecinema.be\/fr\/matthias-schoenaerts-felix-van-groningen-belgica\/"]}]},{"@type":"BreadcrumbList","@id":"https:\/\/welovecinema.be\/fr\/matthias-schoenaerts-felix-van-groningen-belgica\/#breadcrumb","itemListElement":[{"@type":"ListItem","position":1,"name":"Accueil","item":"https:\/\/welovecinema.be\/fr\/"},{"@type":"ListItem","position":2,"name":"Matthias Schoenaerts + F\u00e9lix Van Groeningen = Belgica"}]},{"@type":"WebSite","@id":"https:\/\/welovecinema.be\/nl\/#website","url":"https:\/\/welovecinema.be\/nl\/","name":"We Love Cinema","description":"Toute l\u2019information du cin\u00e9ma en Belgique","publisher":{"@id":"https:\/\/welovecinema.be\/nl\/#organization"},"potentialAction":[{"@type":"SearchAction","target":{"@type":"EntryPoint","urlTemplate":"https:\/\/welovecinema.be\/nl\/?s={search_term_string}"},"query-input":"required name=search_term_string"}],"inLanguage":"fr-FR"},{"@type":"Organization","@id":"https:\/\/welovecinema.be\/nl\/#organization","name":"We Love Cinema","url":"https:\/\/welovecinema.be\/nl\/","logo":{"@type":"ImageObject","inLanguage":"fr-FR","@id":"https:\/\/welovecinema.be\/nl\/#\/schema\/logo\/image\/","url":"https:\/\/welovecinema.be\/wp-content\/uploads\/sites\/2\/2023\/03\/Logo-We-Love-Cinema305x128.jpg","contentUrl":"https:\/\/welovecinema.be\/wp-content\/uploads\/sites\/2\/2023\/03\/Logo-We-Love-Cinema305x128.jpg","width":305,"height":128,"caption":"We Love Cinema"},"image":{"@id":"https:\/\/welovecinema.be\/nl\/#\/schema\/logo\/image\/"},"sameAs":["https:\/\/www.facebook.com\/welovecinema.be","https:\/\/www.youtube.com\/channel\/UCX5LYGVhnKvYauW4Nta4HJA","https:\/\/www.instagram.com\/welovecinema.be\/"]},{"@type":"Person","@id":"https:\/\/welovecinema.be\/nl\/#\/schema\/person\/4b9b1d857f0943453a38a7c2859ef756","name":"Philippe.Pierquin","url":"https:\/\/welovecinema.be\/fr\/author\/philippe-pierquin\/"}]}},"_links":{"self":[{"href":"https:\/\/welovecinema.be\/fr\/wp-json\/wp\/v2\/posts\/52580","targetHints":{"allow":["GET"]}}],"collection":[{"href":"https:\/\/welovecinema.be\/fr\/wp-json\/wp\/v2\/posts"}],"about":[{"href":"https:\/\/welovecinema.be\/fr\/wp-json\/wp\/v2\/types\/post"}],"author":[{"embeddable":true,"href":"https:\/\/welovecinema.be\/fr\/wp-json\/wp\/v2\/users\/7"}],"replies":[{"embeddable":true,"href":"https:\/\/welovecinema.be\/fr\/wp-json\/wp\/v2\/comments?post=52580"}],"version-history":[{"count":0,"href":"https:\/\/welovecinema.be\/fr\/wp-json\/wp\/v2\/posts\/52580\/revisions"}],"wp:featuredmedia":[{"embeddable":true,"href":"https:\/\/welovecinema.be\/fr\/wp-json\/wp\/v2\/media\/52723"}],"wp:attachment":[{"href":"https:\/\/welovecinema.be\/fr\/wp-json\/wp\/v2\/media?parent=52580"}],"wp:term":[{"taxonomy":"category","embeddable":true,"href":"https:\/\/welovecinema.be\/fr\/wp-json\/wp\/v2\/categories?post=52580"},{"taxonomy":"post_tag","embeddable":true,"href":"https:\/\/welovecinema.be\/fr\/wp-json\/wp\/v2\/tags?post=52580"}],"curies":[{"name":"wp","href":"https:\/\/api.w.org\/{rel}","templated":true}]}}