{"id":51751,"date":"2014-02-03T08:58:54","date_gmt":"2014-02-03T07:58:54","guid":{"rendered":"http:\/\/www.cinevox.be\/?p=51751"},"modified":"2014-02-03T09:05:12","modified_gmt":"2014-02-03T08:05:12","slug":"4e-magritte-du-cinema-le-recap","status":"publish","type":"post","link":"https:\/\/welovecinema.be\/fr\/4e-magritte-du-cinema-le-recap\/","title":{"rendered":"4e Magritte du cin\u00e9ma : le r\u00e9cap"},"content":{"rendered":"<p>Depuis un mois le c\u0153ur de Cinevox bat au rythme de la 4<sup>e<\/sup> \u00e9dition des Magritte du cin\u00e9ma.<\/p>\n<p>En fin de semaine derni\u00e8re, et plus encore ce week-end, le rythme de nos parutions consacr\u00e9es \u00e0 la grande f\u00eate du cin\u00e9ma belge s&rsquo;est encore acc\u00e9l\u00e9r\u00e9.<!--more--><\/p>\n<p>Pendant que certains s&rsquo;interrogeaient pour la trois milli\u00e8me fois sur l&rsquo;utilit\u00e9 de cet \u00e9v\u00e8nement ou s&rsquo;amusaient \u00e0 lourdement souligner l&rsquo;influence du cin\u00e9ma fran\u00e7ais sur la c\u00e9r\u00e9monie (proximit\u00e9 g\u00e9ographique, h\u00e9r\u00e9dit\u00e9 culturelle, collaboration \u00e9conomique, voil\u00e0 c&rsquo;est pas plus compliqu\u00e9), Cinevox s&rsquo;est focalis\u00e9 sur le c\u0153ur et la chair de cette manifestation : les films, les acteurs, les techniciens, les prix, les personnalit\u00e9s pr\u00e9sentes, r\u00e9compens\u00e9es ou pas, les sourires, mais aussi les craintes de nombreux artistes \u00e0 la situation pr\u00e9caire qui ont peu de perdre leur statut et donc de devoir changer de m\u00e9tier, la convivialit\u00e9 qui a r\u00e9gn\u00e9 au Mont des Arts o\u00f9, chaque ann\u00e9e, tout le monde a l&rsquo;air sinc\u00e8rement heureux de croiser des visages parfois absents le reste de l&rsquo;ann\u00e9e, la prestation d&rsquo;un Fabrizio Rongione \u00e0 nouveau superlatif, la beaut\u00e9 et la classe d&rsquo;\u00c9milie Dequenne la captation de BeTV qui donne au spectacle de belles lettres de noblesse\u2026. Entre autres.<\/p>\n<p>&nbsp;<\/p>\n<p>Pour vous y retrouver dans cette jungle d&rsquo;articles et de vid\u00e9os, voici l&rsquo;index complet de nos publications consacr\u00e9es aux Magritte.<\/p>\n<p>Cliquez sur un des mots color\u00e9s et vous arriverez instantan\u00e9ment sur l&rsquo;article, la vid\u00e9o ou le palmar\u00e8s que vous d\u00e9sirez consulter.<\/p>\n<p>&nbsp;<\/p>\n<p>&nbsp;<\/p>\n<p><b>PREMIER TOUR, NOMINATIONS<\/b><\/p>\n<p>&nbsp;<\/p>\n<p><a href=\"http:\/\/www.cinevox.be\/magritte-du-premier-film-cest-vous-qui-votez\/\" target=\"_blank\">Magritte du Premier Film : c\u2019est vous qui votez !<\/a> : en marge des 19 autres prix, le Magritte du premier film est le prix du public.<\/p>\n<p>&nbsp;<\/p>\n<p><a href=\"http:\/\/www.cinevox.be\/4e-magritte-du-cinema-tous-les-nomines\/\" target=\"_blank\">4e Magritte du cin\u00e9ma \u2013 Tous les nomin\u00e9s<\/a> : la liste des artistes et films nomm\u00e9s pour la 4<sup>e<\/sup> \u00e9dition des Magritte du cin\u00e9ma.<\/p>\n<p>&nbsp;<\/p>\n<p><a href=\"http:\/\/www.cinevox.be\/tango-libre-et-au-nom-du-fils-en-pole-position-pour-les-magritte\/\" target=\"_blank\">Tango Libre et\u2026 Au Nom du Fils en pole position pour les Magritte<\/a> : une premi\u00e8re analyse des r\u00e9sultats du premier tour de scrutin<\/p>\n<p>&nbsp;<\/p>\n<p><a href=\"http:\/\/www.cinevox.be\/en-belgique-na-pas-les-oscars-mais-les-magritte\" target=\"_blank\">En Belgique on n\u2019a pas les Oscars, mais on a les Magritte<\/a> : le spot radio qui fait la promo de la manifestation<\/p>\n<p>&nbsp;<\/p>\n<p><a href=\"http:\/\/www.cinevox.be\/concours-magritte-toutes-les-reponses-et-le-nom-du-vainqueur\/\" target=\"_blank\">Concours Magritte : toutes les r\u00e9ponses\u2026 et le nom du vainqueur !<\/a> : les r\u00e9sultats de notre concours qui envoyait un lecteur de Cinevox \u00e0 la c\u00e9r\u00e9monie<\/p>\n<p>&nbsp;<\/p>\n<p><a href=\"http:\/\/www.cinevox.be\/magritte-du-premier-film-les-trois-films-en-lice-sont\/\" target=\"_blank\">Magritte du Premier Film : les trois films en lice sont\u2026<\/a> : seul prix remis par le public, Le Magritte du 1<sup>er<\/sup> film a livr\u00e9 ses trois t\u00eates de liste<\/p>\n<p>&nbsp;<\/p>\n<p><b>DERNI\u00c8RE LIGNE DROITE<\/b><\/p>\n<p>&nbsp;<\/p>\n<p><a href=\"http:\/\/www.cinevox.be\/huit-questions-quon-se-pose-sur-les-magritte-du-cinema\/\" target=\"_blank\">Huit questions qu\u2019on se pose parfois sur les Magritte du cin\u00e9ma<\/a> : qu&rsquo;est-ce que les Magritte? Qui les d\u00e9cernent? Et plein d&rsquo;autres questions sur la manifestation. R\u00e9ponses included.<\/p>\n<p>Comme chaque ann\u00e9e, nous avons tent\u00e9 de pronostiquer les vainqueurs des Magritte. Attention ! Contrairement \u00e0 ce que certains ont cru apr\u00e8s la c\u00e9r\u00e9monie, non, nous n&rsquo;\u00e9tions absolument pas au courant des vrais r\u00e9sultats.<\/p>\n<p><a href=\"http:\/\/www.cinevox.be\/magritte-2014-nos-pronostics-1les-films\/\" target=\"_blank\">Magritte 2014 : nos pronostics [1\/Les Films]<\/a><\/p>\n<p><a href=\"http:\/\/www.cinevox.be\/magritte-2014-nos-pronostics-2les-acteurs\/\" target=\"_blank\">Magritte 2014 : nos pronostics [2\/Les Acteurs]<\/a><\/p>\n<p>&nbsp;<\/p>\n<p>&nbsp;<\/p>\n<p><b>LA C\u00c9R\u00c9MONIE, LE PALMAR\u00c8S<\/b><\/p>\n<p>&nbsp;<\/p>\n<p><a href=\"http:\/\/www.cinevox.be\/des-magritte-un-et-une-souris\/\" target=\"_blank\">Des Magritte, un ours et une souris<\/a> : \u00e0 peine le direct termin\u00e9, notre journaliste dans la salle publie le d\u00e9roul\u00e9 de la soir\u00e9e<\/p>\n<p>&nbsp;<\/p>\n<p><a href=\"http:\/\/www.cinevox.be\/le-palmares-des-magritte-2014\/\" target=\"_blank\">Le palmar\u00e8s des Magritte\u00a02014<\/a> : le palmar\u00e8s complet des Magritte\u00a02014, illustr\u00e9 par Rudy Lamboray<\/p>\n<p>&nbsp;<\/p>\n<p><a href=\"http:\/\/www.cinevox.be\/en-bas-des-marches\/\" target=\"_blank\">En bas des marches (I)<\/a> : notre photographe Denis Danze a accueilli les invit\u00e9s au bas des marches<\/p>\n<p>&nbsp;<\/p>\n<p><a href=\"http:\/\/www.cinevox.be\/51649\/\" target=\"_blank\">En bas des marches (2)<\/a> : un autre axe de vision gr\u00e2ce aux somptueuses photos de Julien Englebert<\/p>\n<p>&nbsp;<\/p>\n<p><a href=\"http:\/\/www.cinevox.be\/la-veille-du-premier-jour-de-tournage\" target=\"_blank\">La Veille\u2026 du Premier Jour de Tournage<\/a> : diffus\u00e9 pendant la c\u00e9r\u00e9monie, ce tr\u00e8s court m\u00e9trage de Manu Coeman avec un Laurent Capelluto ph\u00e9nom\u00e9nal (il joue tous les r\u00f4les) a rendu la salle hilare et cr\u00e9\u00e9 le buzz sur le net.<\/p>\n<p>&nbsp;<\/p>\n<p><a href=\"http:\/\/www.cinevox.be\/magritte-2014-tous-les-laureats-en-photo\/\" target=\"_blank\">Magritte 2014 : tous les laur\u00e9ats en photos<\/a>\u00a0: Denis Danze a photographi\u00e9 chacun des laur\u00e9ats avec son troph\u00e9e. Jolie galerie. Fais gaffe, Jo\u00ebl Franka, \u00e7a casse !<\/p>\n<p>&nbsp;<\/p>\n<p><a href=\"http:\/\/www.cinevox.be\/en-bas-des-marches-le-troisieme-oeil\/\" target=\"_blank\">En bas des marches [le troisi\u00e8me oeil]<\/a> : un troisi\u00e8me photographe au bas des marches, un troisi\u00e8me axes et des personnalit\u00e9s que les autres n&rsquo;ont pas forc\u00e9ment eu le temps de photographier<\/p>\n<p>&nbsp;<\/p>\n<p>&nbsp;<\/p>\n<p>&nbsp;<\/p>\n<p><b>LES MACHINS<\/b><\/p>\n<p>&nbsp;<\/p>\n<p>En marge des Magritte, les Machins, petits prix du cin\u00e9ma belge ont aussi retenu notre attention. Voici les articles que nous leur avons consacr\u00e9s:<\/p>\n<p>&nbsp;<\/p>\n<p><a href=\"http:\/\/www.cinevox.be\/m-comme\/\" target=\"_blank\">Le spot promo des Machins<\/a> : \u00e0 la r\u00e9alisation, Matthieu Donck, attention spot d\u00e9jant\u00e9.<\/p>\n<p>&nbsp;<\/p>\n<p><a href=\"http:\/\/www.cinevox.be\/ramene-ta-moule-file-aux-machins\/\" target=\"_blank\">Ram\u00e8ne ta moule, on file aux Machins !<\/a> : Les Machins c&rsquo;est quoi? C&rsquo;est o\u00f9? Qu&rsquo;y fait-on?<\/p>\n<p>&nbsp;<\/p>\n<p><a href=\"http:\/\/www.cinevox.be\/les-machins-2014-palmares\/\" target=\"_blank\">Les Machins\u00a02014 : Ze palmar\u00e8s<\/a> : des prix farfelus, des vainqueurs sympas<\/p>\n<p>&nbsp;<\/p>\n<p><a href=\"http:\/\/www.cinevox.be\/twitte-moi-les-machins\/\" target=\"_blank\">Twitte-moi les Machins<\/a> : on a suivi la soir\u00e9e des Machins sur Twitter<\/p>\n<p>&nbsp;<\/p>\n<p><a href=\"http:\/\/www.cinevox.be\/les-machins-illustres-tous-les-laureats-en-photos-non-mais\/\" target=\"_blank\">Les Machins illustr\u00e9s : tous les laur\u00e9ats en photos, non mais\u2026<\/a> :\u00a0 Julien Englebert, notre photographe dans la place a shoot\u00e9 les laur\u00e9ats<\/p>\n<p>&nbsp;<\/p>\n<p>&nbsp;<\/p>\n<p><b>LE RECAP 2013<\/b><\/p>\n<p>&nbsp;<\/p>\n<p><a href=\"http:\/\/www.cinevox.be\/triomphes-du-cinema-belge-2013\/\" target=\"_blank\">Triomphes du cin\u00e9ma belge\u00a02013<\/a> : tous les prix internationaux du cin\u00e9ma belge en 2013<\/p>\n","protected":false},"excerpt":{"rendered":"<p>Depuis un mois le c\u0153ur de Cinevox bat au rythme de la 4e \u00e9dition des Magritte du cin\u00e9ma. En fin de semaine derni\u00e8re, et plus encore ce week-end, le rythme de nos parutions consacr\u00e9es \u00e0 la grande f\u00eate du cin\u00e9ma belge s&rsquo;est encore acc\u00e9l\u00e9r\u00e9.<\/p>\n","protected":false},"author":7,"featured_media":51753,"comment_status":"closed","ping_status":"closed","sticky":false,"template":"","format":"standard","meta":{"ngg_post_thumbnail":0,"footnotes":""},"categories":[1923],"tags":[],"class_list":["post-51751","post","type-post","status-publish","format-standard","has-post-thumbnail","","category-en-bref"],"yoast_head":"<!-- This site is optimized with the Yoast SEO plugin v20.4 - https:\/\/yoast.com\/wordpress\/plugins\/seo\/ -->\n<title>4e Magritte du cin\u00e9ma : le r\u00e9cap - We Love Cinema<\/title>\n<meta name=\"robots\" content=\"index, follow, max-snippet:-1, max-image-preview:large, max-video-preview:-1\" \/>\n<link rel=\"canonical\" href=\"https:\/\/welovecinema.be\/fr\/4e-magritte-du-cinema-le-recap\/\" \/>\n<meta property=\"og:locale\" content=\"fr_FR\" \/>\n<meta property=\"og:type\" content=\"article\" \/>\n<meta property=\"og:title\" content=\"4e Magritte du cin\u00e9ma : le r\u00e9cap - We Love Cinema\" \/>\n<meta property=\"og:description\" content=\"Depuis un mois le c\u0153ur de Cinevox bat au rythme de la 4e \u00e9dition des Magritte du cin\u00e9ma. En fin de semaine derni\u00e8re, et plus encore ce week-end, le rythme de nos parutions consacr\u00e9es \u00e0 la grande f\u00eate du cin\u00e9ma belge s&rsquo;est encore acc\u00e9l\u00e9r\u00e9.\" \/>\n<meta property=\"og:url\" content=\"https:\/\/welovecinema.be\/fr\/4e-magritte-du-cinema-le-recap\/\" \/>\n<meta property=\"og:site_name\" content=\"We Love Cinema\" \/>\n<meta property=\"article:publisher\" content=\"https:\/\/www.facebook.com\/welovecinema.be\" \/>\n<meta property=\"article:published_time\" content=\"2014-02-03T07:58:54+00:00\" \/>\n<meta property=\"article:modified_time\" content=\"2014-02-03T08:05:12+00:00\" \/>\n<meta property=\"og:image\" content=\"https:\/\/welovecinema.be\/wp-content\/uploads\/sites\/2\/2014\/02\/IMG_0125-800x533.jpg\" \/>\n\t<meta property=\"og:image:width\" content=\"800\" \/>\n\t<meta property=\"og:image:height\" content=\"533\" \/>\n\t<meta property=\"og:image:type\" content=\"image\/jpeg\" \/>\n<meta name=\"author\" content=\"Philippe.Pierquin\" \/>\n<meta name=\"twitter:card\" content=\"summary_large_image\" \/>\n<meta name=\"twitter:label1\" content=\"\u00c9crit par\" \/>\n\t<meta name=\"twitter:data1\" content=\"Philippe.Pierquin\" \/>\n\t<meta name=\"twitter:label2\" content=\"Dur\u00e9e de lecture estim\u00e9e\" \/>\n\t<meta name=\"twitter:data2\" content=\"4 minutes\" \/>\n<script type=\"application\/ld+json\" class=\"yoast-schema-graph\">{\"@context\":\"https:\/\/schema.org\",\"@graph\":[{\"@type\":\"Article\",\"@id\":\"https:\/\/welovecinema.be\/fr\/4e-magritte-du-cinema-le-recap\/#article\",\"isPartOf\":{\"@id\":\"https:\/\/welovecinema.be\/fr\/4e-magritte-du-cinema-le-recap\/\"},\"author\":{\"name\":\"Philippe.Pierquin\",\"@id\":\"https:\/\/welovecinema.be\/nl\/#\/schema\/person\/4b9b1d857f0943453a38a7c2859ef756\"},\"headline\":\"4e Magritte du cin\u00e9ma : le r\u00e9cap\",\"datePublished\":\"2014-02-03T07:58:54+00:00\",\"dateModified\":\"2014-02-03T08:05:12+00:00\",\"mainEntityOfPage\":{\"@id\":\"https:\/\/welovecinema.be\/fr\/4e-magritte-du-cinema-le-recap\/\"},\"wordCount\":879,\"publisher\":{\"@id\":\"https:\/\/welovecinema.be\/nl\/#organization\"},\"articleSection\":[\"En bref\"],\"inLanguage\":\"fr-FR\"},{\"@type\":\"WebPage\",\"@id\":\"https:\/\/welovecinema.be\/fr\/4e-magritte-du-cinema-le-recap\/\",\"url\":\"https:\/\/welovecinema.be\/fr\/4e-magritte-du-cinema-le-recap\/\",\"name\":\"4e Magritte du cin\u00e9ma : le r\u00e9cap - We Love Cinema\",\"isPartOf\":{\"@id\":\"https:\/\/welovecinema.be\/nl\/#website\"},\"datePublished\":\"2014-02-03T07:58:54+00:00\",\"dateModified\":\"2014-02-03T08:05:12+00:00\",\"breadcrumb\":{\"@id\":\"https:\/\/welovecinema.be\/fr\/4e-magritte-du-cinema-le-recap\/#breadcrumb\"},\"inLanguage\":\"fr-FR\",\"potentialAction\":[{\"@type\":\"ReadAction\",\"target\":[\"https:\/\/welovecinema.be\/fr\/4e-magritte-du-cinema-le-recap\/\"]}]},{\"@type\":\"BreadcrumbList\",\"@id\":\"https:\/\/welovecinema.be\/fr\/4e-magritte-du-cinema-le-recap\/#breadcrumb\",\"itemListElement\":[{\"@type\":\"ListItem\",\"position\":1,\"name\":\"Accueil\",\"item\":\"https:\/\/welovecinema.be\/fr\/\"},{\"@type\":\"ListItem\",\"position\":2,\"name\":\"4e Magritte du cin\u00e9ma : le r\u00e9cap\"}]},{\"@type\":\"WebSite\",\"@id\":\"https:\/\/welovecinema.be\/nl\/#website\",\"url\":\"https:\/\/welovecinema.be\/nl\/\",\"name\":\"We Love Cinema\",\"description\":\"Toute l\u2019information du cin\u00e9ma en Belgique\",\"publisher\":{\"@id\":\"https:\/\/welovecinema.be\/nl\/#organization\"},\"potentialAction\":[{\"@type\":\"SearchAction\",\"target\":{\"@type\":\"EntryPoint\",\"urlTemplate\":\"https:\/\/welovecinema.be\/nl\/?s={search_term_string}\"},\"query-input\":\"required name=search_term_string\"}],\"inLanguage\":\"fr-FR\"},{\"@type\":\"Organization\",\"@id\":\"https:\/\/welovecinema.be\/nl\/#organization\",\"name\":\"We Love Cinema\",\"url\":\"https:\/\/welovecinema.be\/nl\/\",\"logo\":{\"@type\":\"ImageObject\",\"inLanguage\":\"fr-FR\",\"@id\":\"https:\/\/welovecinema.be\/nl\/#\/schema\/logo\/image\/\",\"url\":\"https:\/\/welovecinema.be\/wp-content\/uploads\/sites\/2\/2023\/03\/Logo-We-Love-Cinema305x128.jpg\",\"contentUrl\":\"https:\/\/welovecinema.be\/wp-content\/uploads\/sites\/2\/2023\/03\/Logo-We-Love-Cinema305x128.jpg\",\"width\":305,\"height\":128,\"caption\":\"We Love Cinema\"},\"image\":{\"@id\":\"https:\/\/welovecinema.be\/nl\/#\/schema\/logo\/image\/\"},\"sameAs\":[\"https:\/\/www.facebook.com\/welovecinema.be\",\"https:\/\/www.youtube.com\/channel\/UCX5LYGVhnKvYauW4Nta4HJA\",\"https:\/\/www.instagram.com\/welovecinema.be\/\"]},{\"@type\":\"Person\",\"@id\":\"https:\/\/welovecinema.be\/nl\/#\/schema\/person\/4b9b1d857f0943453a38a7c2859ef756\",\"name\":\"Philippe.Pierquin\",\"url\":\"https:\/\/welovecinema.be\/fr\/author\/philippe-pierquin\/\"}]}<\/script>\n<!-- \/ Yoast SEO plugin. -->","yoast_head_json":{"title":"4e Magritte du cin\u00e9ma : le r\u00e9cap - We Love Cinema","robots":{"index":"index","follow":"follow","max-snippet":"max-snippet:-1","max-image-preview":"max-image-preview:large","max-video-preview":"max-video-preview:-1"},"canonical":"https:\/\/welovecinema.be\/fr\/4e-magritte-du-cinema-le-recap\/","og_locale":"fr_FR","og_type":"article","og_title":"4e Magritte du cin\u00e9ma : le r\u00e9cap - We Love Cinema","og_description":"Depuis un mois le c\u0153ur de Cinevox bat au rythme de la 4e \u00e9dition des Magritte du cin\u00e9ma. En fin de semaine derni\u00e8re, et plus encore ce week-end, le rythme de nos parutions consacr\u00e9es \u00e0 la grande f\u00eate du cin\u00e9ma belge s&rsquo;est encore acc\u00e9l\u00e9r\u00e9.","og_url":"https:\/\/welovecinema.be\/fr\/4e-magritte-du-cinema-le-recap\/","og_site_name":"We Love Cinema","article_publisher":"https:\/\/www.facebook.com\/welovecinema.be","article_published_time":"2014-02-03T07:58:54+00:00","article_modified_time":"2014-02-03T08:05:12+00:00","og_image":[{"width":800,"height":533,"url":"https:\/\/welovecinema.be\/wp-content\/uploads\/sites\/2\/2014\/02\/IMG_0125-800x533.jpg","type":"image\/jpeg"}],"author":"Philippe.Pierquin","twitter_card":"summary_large_image","twitter_misc":{"\u00c9crit par":"Philippe.Pierquin","Dur\u00e9e de lecture estim\u00e9e":"4 minutes"},"schema":{"@context":"https:\/\/schema.org","@graph":[{"@type":"Article","@id":"https:\/\/welovecinema.be\/fr\/4e-magritte-du-cinema-le-recap\/#article","isPartOf":{"@id":"https:\/\/welovecinema.be\/fr\/4e-magritte-du-cinema-le-recap\/"},"author":{"name":"Philippe.Pierquin","@id":"https:\/\/welovecinema.be\/nl\/#\/schema\/person\/4b9b1d857f0943453a38a7c2859ef756"},"headline":"4e Magritte du cin\u00e9ma : le r\u00e9cap","datePublished":"2014-02-03T07:58:54+00:00","dateModified":"2014-02-03T08:05:12+00:00","mainEntityOfPage":{"@id":"https:\/\/welovecinema.be\/fr\/4e-magritte-du-cinema-le-recap\/"},"wordCount":879,"publisher":{"@id":"https:\/\/welovecinema.be\/nl\/#organization"},"articleSection":["En bref"],"inLanguage":"fr-FR"},{"@type":"WebPage","@id":"https:\/\/welovecinema.be\/fr\/4e-magritte-du-cinema-le-recap\/","url":"https:\/\/welovecinema.be\/fr\/4e-magritte-du-cinema-le-recap\/","name":"4e Magritte du cin\u00e9ma : le r\u00e9cap - We Love Cinema","isPartOf":{"@id":"https:\/\/welovecinema.be\/nl\/#website"},"datePublished":"2014-02-03T07:58:54+00:00","dateModified":"2014-02-03T08:05:12+00:00","breadcrumb":{"@id":"https:\/\/welovecinema.be\/fr\/4e-magritte-du-cinema-le-recap\/#breadcrumb"},"inLanguage":"fr-FR","potentialAction":[{"@type":"ReadAction","target":["https:\/\/welovecinema.be\/fr\/4e-magritte-du-cinema-le-recap\/"]}]},{"@type":"BreadcrumbList","@id":"https:\/\/welovecinema.be\/fr\/4e-magritte-du-cinema-le-recap\/#breadcrumb","itemListElement":[{"@type":"ListItem","position":1,"name":"Accueil","item":"https:\/\/welovecinema.be\/fr\/"},{"@type":"ListItem","position":2,"name":"4e Magritte du cin\u00e9ma : le r\u00e9cap"}]},{"@type":"WebSite","@id":"https:\/\/welovecinema.be\/nl\/#website","url":"https:\/\/welovecinema.be\/nl\/","name":"We Love Cinema","description":"Toute l\u2019information du cin\u00e9ma en Belgique","publisher":{"@id":"https:\/\/welovecinema.be\/nl\/#organization"},"potentialAction":[{"@type":"SearchAction","target":{"@type":"EntryPoint","urlTemplate":"https:\/\/welovecinema.be\/nl\/?s={search_term_string}"},"query-input":"required name=search_term_string"}],"inLanguage":"fr-FR"},{"@type":"Organization","@id":"https:\/\/welovecinema.be\/nl\/#organization","name":"We Love Cinema","url":"https:\/\/welovecinema.be\/nl\/","logo":{"@type":"ImageObject","inLanguage":"fr-FR","@id":"https:\/\/welovecinema.be\/nl\/#\/schema\/logo\/image\/","url":"https:\/\/welovecinema.be\/wp-content\/uploads\/sites\/2\/2023\/03\/Logo-We-Love-Cinema305x128.jpg","contentUrl":"https:\/\/welovecinema.be\/wp-content\/uploads\/sites\/2\/2023\/03\/Logo-We-Love-Cinema305x128.jpg","width":305,"height":128,"caption":"We Love Cinema"},"image":{"@id":"https:\/\/welovecinema.be\/nl\/#\/schema\/logo\/image\/"},"sameAs":["https:\/\/www.facebook.com\/welovecinema.be","https:\/\/www.youtube.com\/channel\/UCX5LYGVhnKvYauW4Nta4HJA","https:\/\/www.instagram.com\/welovecinema.be\/"]},{"@type":"Person","@id":"https:\/\/welovecinema.be\/nl\/#\/schema\/person\/4b9b1d857f0943453a38a7c2859ef756","name":"Philippe.Pierquin","url":"https:\/\/welovecinema.be\/fr\/author\/philippe-pierquin\/"}]}},"_links":{"self":[{"href":"https:\/\/welovecinema.be\/fr\/wp-json\/wp\/v2\/posts\/51751","targetHints":{"allow":["GET"]}}],"collection":[{"href":"https:\/\/welovecinema.be\/fr\/wp-json\/wp\/v2\/posts"}],"about":[{"href":"https:\/\/welovecinema.be\/fr\/wp-json\/wp\/v2\/types\/post"}],"author":[{"embeddable":true,"href":"https:\/\/welovecinema.be\/fr\/wp-json\/wp\/v2\/users\/7"}],"replies":[{"embeddable":true,"href":"https:\/\/welovecinema.be\/fr\/wp-json\/wp\/v2\/comments?post=51751"}],"version-history":[{"count":0,"href":"https:\/\/welovecinema.be\/fr\/wp-json\/wp\/v2\/posts\/51751\/revisions"}],"wp:featuredmedia":[{"embeddable":true,"href":"https:\/\/welovecinema.be\/fr\/wp-json\/wp\/v2\/media\/51753"}],"wp:attachment":[{"href":"https:\/\/welovecinema.be\/fr\/wp-json\/wp\/v2\/media?parent=51751"}],"wp:term":[{"taxonomy":"category","embeddable":true,"href":"https:\/\/welovecinema.be\/fr\/wp-json\/wp\/v2\/categories?post=51751"},{"taxonomy":"post_tag","embeddable":true,"href":"https:\/\/welovecinema.be\/fr\/wp-json\/wp\/v2\/tags?post=51751"}],"curies":[{"name":"wp","href":"https:\/\/api.w.org\/{rel}","templated":true}]}}