{"id":51682,"date":"2014-02-02T14:43:20","date_gmt":"2014-02-02T13:43:20","guid":{"rendered":"http:\/\/www.cinevox.be\/?p=51682"},"modified":"2014-12-29T00:27:47","modified_gmt":"2014-12-28T23:27:47","slug":"magritte-2014-tous-les-laureats-en-photo","status":"publish","type":"post","link":"https:\/\/welovecinema.be\/fr\/magritte-2014-tous-les-laureats-en-photo\/","title":{"rendered":"Magritte 2014 : tous les laur\u00e9ats en photos"},"content":{"rendered":"<p>C&rsquo;est la tradition: une fois qu&rsquo;ils ont re\u00e7u leur Magritte, les laur\u00e9ats sont convi\u00e9s \u00e0 rencontrer le pool des photographes pour la photo qui traversera les ann\u00e9es et s&rsquo;inscrira dans les m\u00e9moires.<\/p>\n<p>Sourires, fiert\u00e9 ou \u00e9motion, chacun se pr\u00e9sente comme il le sent.<\/p>\n<p>Certains sont carr\u00e9ment jouettes et prennent de gros risques \u00e0 jongler avec un troph\u00e9e qui pourrait s&rsquo;av\u00e9rer dangereux \ud83d\ude09<\/p>\n<p>Denis Danze dont vous pouvez retrouver les galeries\u00a0<a href=\"http:\/\/denisdanzephotographe.wordpress.com\/\" target=\"_blank\">ICI<\/a>\u00a0a capt\u00e9 pour nous ces petits moments magiques qu&rsquo;on n&rsquo;a pas vus \u00e0 l&rsquo;\u00e9cran.<\/p>\n<p>Mais qui resteront \u00e0 jamais sur ce site<!--more--><\/p>\n<p>&nbsp;<\/p>\n<p><a href=\"http:\/\/www.cinevox.be\/magritte-2014-tous-les-laureats-en-photo\/2014-02-01-magritte-du-cinema-by-denis-danze-96\/\" rel=\"attachment wp-att-51683\"><img loading=\"lazy\" decoding=\"async\" class=\"aligncenter size-large wp-image-51683\" src=\"http:\/\/www.cinevox.be\/wp-content\/uploads\/sites\/2\/2014\/02\/2014-02-01-MAgritte-du-cin\u00e9ma-by-Denis-Danze-96-800x532.jpg\" alt=\"\" width=\"640\" height=\"425\" srcset=\"https:\/\/welovecinema.be\/wp-content\/uploads\/sites\/2\/2014\/02\/2014-02-01-MAgritte-du-cin\u00e9ma-by-Denis-Danze-96-800x532.jpg 800w, https:\/\/welovecinema.be\/wp-content\/uploads\/sites\/2\/2014\/02\/2014-02-01-MAgritte-du-cin\u00e9ma-by-Denis-Danze-96-405x270.jpg 405w, https:\/\/welovecinema.be\/wp-content\/uploads\/sites\/2\/2014\/02\/2014-02-01-MAgritte-du-cin\u00e9ma-by-Denis-Danze-96.jpg 1024w\" sizes=\"auto, (max-width: 640px) 100vw, 640px\" \/><\/a><\/p>\n<p><strong>meilleur espoir feminin<\/strong><br \/>\nPauline Burlet dans Le pass\u00e9<\/p>\n<p><em>[Photo\u00a0\u00a9\u00a0<a href=\"http:\/\/denisdanzephotographe.wordpress.com\/\" target=\"_blank\">Denis Danze<\/a>\u00a0]<\/em><\/p>\n<p>&nbsp;<\/p>\n<p>&nbsp;<\/p>\n<p><a href=\"http:\/\/www.cinevox.be\/magritte-2014-tous-les-laureats-en-photo\/2014-02-01-magritte-du-cinema-by-denis-danze-97\/\" rel=\"attachment wp-att-51684\"><img loading=\"lazy\" decoding=\"async\" class=\"aligncenter size-large wp-image-51684\" src=\"http:\/\/www.cinevox.be\/wp-content\/uploads\/sites\/2\/2014\/02\/2014-02-01-MAgritte-du-cin\u00e9ma-by-Denis-Danze-97-800x532.jpg\" alt=\"\" width=\"640\" height=\"425\" srcset=\"https:\/\/welovecinema.be\/wp-content\/uploads\/sites\/2\/2014\/02\/2014-02-01-MAgritte-du-cin\u00e9ma-by-Denis-Danze-97-800x532.jpg 800w, https:\/\/welovecinema.be\/wp-content\/uploads\/sites\/2\/2014\/02\/2014-02-01-MAgritte-du-cin\u00e9ma-by-Denis-Danze-97-405x270.jpg 405w, https:\/\/welovecinema.be\/wp-content\/uploads\/sites\/2\/2014\/02\/2014-02-01-MAgritte-du-cin\u00e9ma-by-Denis-Danze-97.jpg 1024w\" sizes=\"auto, (max-width: 640px) 100vw, 640px\" \/><\/a><\/p>\n<p><strong>meilleur espoir masculin<\/strong><br \/>\nAchille Ridolfi dans Au nom du fils<\/p>\n<p><em>[Photo\u00a0\u00a9\u00a0<a href=\"http:\/\/denisdanzephotographe.wordpress.com\/\" target=\"_blank\">Denis Danze<\/a>\u00a0]<\/em><\/p>\n<p>&nbsp;<\/p>\n<p>&nbsp;<\/p>\n<p><a href=\"http:\/\/www.cinevox.be\/magritte-2014-tous-les-laureats-en-photo\/2014-02-01-magritte-du-cinema-by-denis-danze-101\/\" rel=\"attachment wp-att-51685\"><img loading=\"lazy\" decoding=\"async\" class=\"aligncenter size-large wp-image-51685\" src=\"http:\/\/www.cinevox.be\/wp-content\/uploads\/sites\/2\/2014\/02\/2014-02-01-MAgritte-du-cin\u00e9ma-by-Denis-Danze-101-800x532.jpg\" alt=\"\" width=\"640\" height=\"425\" srcset=\"https:\/\/welovecinema.be\/wp-content\/uploads\/sites\/2\/2014\/02\/2014-02-01-MAgritte-du-cin\u00e9ma-by-Denis-Danze-101-800x532.jpg 800w, https:\/\/welovecinema.be\/wp-content\/uploads\/sites\/2\/2014\/02\/2014-02-01-MAgritte-du-cin\u00e9ma-by-Denis-Danze-101-405x270.jpg 405w, https:\/\/welovecinema.be\/wp-content\/uploads\/sites\/2\/2014\/02\/2014-02-01-MAgritte-du-cin\u00e9ma-by-Denis-Danze-101.jpg 1024w\" sizes=\"auto, (max-width: 640px) 100vw, 640px\" \/><\/a><\/p>\n<p>&nbsp;<\/p>\n<p><strong>meilleur scenario original ou adaptation<\/strong><br \/>\nPhilippe Blasband et Anne Paulicevich pour Tango Libre<\/p>\n<p><em>[Photo\u00a0\u00a9\u00a0<a href=\"http:\/\/denisdanzephotographe.wordpress.com\/\" target=\"_blank\">Denis Danze<\/a>\u00a0]<\/em><\/p>\n<p>&nbsp;<\/p>\n<p>&nbsp;<\/p>\n<p><a href=\"http:\/\/www.cinevox.be\/magritte-2014-tous-les-laureats-en-photo\/2014-02-01-magritte-du-cinema-by-denis-danze-105\/\" rel=\"attachment wp-att-51686\"><img loading=\"lazy\" decoding=\"async\" class=\"aligncenter size-large wp-image-51686\" src=\"http:\/\/www.cinevox.be\/wp-content\/uploads\/sites\/2\/2014\/02\/2014-02-01-MAgritte-du-cin\u00e9ma-by-Denis-Danze-105-800x532.jpg\" alt=\"\" width=\"640\" height=\"425\" srcset=\"https:\/\/welovecinema.be\/wp-content\/uploads\/sites\/2\/2014\/02\/2014-02-01-MAgritte-du-cin\u00e9ma-by-Denis-Danze-105-800x532.jpg 800w, https:\/\/welovecinema.be\/wp-content\/uploads\/sites\/2\/2014\/02\/2014-02-01-MAgritte-du-cin\u00e9ma-by-Denis-Danze-105-405x270.jpg 405w, https:\/\/welovecinema.be\/wp-content\/uploads\/sites\/2\/2014\/02\/2014-02-01-MAgritte-du-cin\u00e9ma-by-Denis-Danze-105.jpg 1024w\" sizes=\"auto, (max-width: 640px) 100vw, 640px\" \/><\/a><\/p>\n<p>&nbsp;<\/p>\n<p><strong>meilleurs decors<\/strong><br \/>\nV\u00e9ronique Sacrez pour Tango libre<\/p>\n<p><em>[Photo\u00a0\u00a9\u00a0<a href=\"http:\/\/denisdanzephotographe.wordpress.com\/\" target=\"_blank\">Denis Danze<\/a>\u00a0]<\/em><\/p>\n<p>&nbsp;<\/p>\n<p>&nbsp;<\/p>\n<p>&nbsp;<\/p>\n<p><a href=\"http:\/\/www.cinevox.be\/magritte-2014-tous-les-laureats-en-photo\/2014-02-01-magritte-du-cinema-by-denis-danze-109\/\" rel=\"attachment wp-att-51687\"><img loading=\"lazy\" decoding=\"async\" class=\"aligncenter size-large wp-image-51687\" src=\"http:\/\/www.cinevox.be\/wp-content\/uploads\/sites\/2\/2014\/02\/2014-02-01-MAgritte-du-cin\u00e9ma-by-Denis-Danze-109-800x532.jpg\" alt=\"\" width=\"640\" height=\"425\" srcset=\"https:\/\/welovecinema.be\/wp-content\/uploads\/sites\/2\/2014\/02\/2014-02-01-MAgritte-du-cin\u00e9ma-by-Denis-Danze-109-800x532.jpg 800w, https:\/\/welovecinema.be\/wp-content\/uploads\/sites\/2\/2014\/02\/2014-02-01-MAgritte-du-cin\u00e9ma-by-Denis-Danze-109-405x270.jpg 405w, https:\/\/welovecinema.be\/wp-content\/uploads\/sites\/2\/2014\/02\/2014-02-01-MAgritte-du-cin\u00e9ma-by-Denis-Danze-109.jpg 1024w\" sizes=\"auto, (max-width: 640px) 100vw, 640px\" \/><\/a><\/p>\n<p><strong>meilleurs costumes<\/strong><br \/>\nCatherine Marchand pour Vijay and I<\/p>\n<p><em>[Photo\u00a0\u00a9\u00a0<a href=\"http:\/\/denisdanzephotographe.wordpress.com\/\" target=\"_blank\">Denis Danze<\/a>\u00a0]<\/em><\/p>\n<p>&nbsp;<\/p>\n<p>&nbsp;<\/p>\n<p><a href=\"http:\/\/www.cinevox.be\/magritte-2014-tous-les-laureats-en-photo\/2014-02-01-magritte-du-cinema-by-denis-danze-114\/\" rel=\"attachment wp-att-51688\"><img loading=\"lazy\" decoding=\"async\" class=\"aligncenter size-large wp-image-51688\" src=\"http:\/\/www.cinevox.be\/wp-content\/uploads\/sites\/2\/2014\/02\/2014-02-01-MAgritte-du-cin\u00e9ma-by-Denis-Danze-114-800x532.jpg\" alt=\"\" width=\"640\" height=\"425\" srcset=\"https:\/\/welovecinema.be\/wp-content\/uploads\/sites\/2\/2014\/02\/2014-02-01-MAgritte-du-cin\u00e9ma-by-Denis-Danze-114-800x532.jpg 800w, https:\/\/welovecinema.be\/wp-content\/uploads\/sites\/2\/2014\/02\/2014-02-01-MAgritte-du-cin\u00e9ma-by-Denis-Danze-114-405x270.jpg 405w, https:\/\/welovecinema.be\/wp-content\/uploads\/sites\/2\/2014\/02\/2014-02-01-MAgritte-du-cin\u00e9ma-by-Denis-Danze-114.jpg 1024w\" sizes=\"auto, (max-width: 640px) 100vw, 640px\" \/><\/a><\/p>\n<p>&nbsp;<\/p>\n<p>Magritte d&rsquo;Honneur<\/p>\n<p>Emir Kusturica<\/p>\n<p><em>[Photo\u00a0\u00a9\u00a0<a href=\"http:\/\/denisdanzephotographe.wordpress.com\/\" target=\"_blank\">Denis Danze<\/a>\u00a0]<\/em><\/p>\n<p>&nbsp;<\/p>\n<p>&nbsp;<\/p>\n<p><a href=\"http:\/\/www.cinevox.be\/magritte-2014-tous-les-laureats-en-photo\/2014-02-01-magritte-du-cinema-by-denis-danze-121\/\" rel=\"attachment wp-att-51689\"><img loading=\"lazy\" decoding=\"async\" class=\"aligncenter size-large wp-image-51689\" src=\"http:\/\/www.cinevox.be\/wp-content\/uploads\/sites\/2\/2014\/02\/2014-02-01-MAgritte-du-cin\u00e9ma-by-Denis-Danze-121-800x532.jpg\" alt=\"\" width=\"640\" height=\"425\" srcset=\"https:\/\/welovecinema.be\/wp-content\/uploads\/sites\/2\/2014\/02\/2014-02-01-MAgritte-du-cin\u00e9ma-by-Denis-Danze-121-800x532.jpg 800w, https:\/\/welovecinema.be\/wp-content\/uploads\/sites\/2\/2014\/02\/2014-02-01-MAgritte-du-cin\u00e9ma-by-Denis-Danze-121-405x270.jpg 405w, https:\/\/welovecinema.be\/wp-content\/uploads\/sites\/2\/2014\/02\/2014-02-01-MAgritte-du-cin\u00e9ma-by-Denis-Danze-121.jpg 1024w\" sizes=\"auto, (max-width: 640px) 100vw, 640px\" \/><\/a><\/p>\n<p><strong>meilleur(s) realisateur(s)<\/strong><br \/>\nSt\u00e9phane Aubier et Vincent Patar pour Ernest et C\u00e9lestine<\/p>\n<p><em>[Photo\u00a0\u00a9\u00a0<a href=\"http:\/\/denisdanzephotographe.wordpress.com\/\" target=\"_blank\">Denis Danze<\/a>\u00a0]<\/em><\/p>\n<p>&nbsp;<\/p>\n<p>&nbsp;<\/p>\n<p><a href=\"http:\/\/www.cinevox.be\/magritte-2014-tous-les-laureats-en-photo\/2014-02-01-magritte-du-cinema-by-denis-danze-123\/\" rel=\"attachment wp-att-51690\"><img loading=\"lazy\" decoding=\"async\" class=\"aligncenter size-large wp-image-51690\" src=\"http:\/\/www.cinevox.be\/wp-content\/uploads\/sites\/2\/2014\/02\/2014-02-01-MAgritte-du-cin\u00e9ma-by-Denis-Danze-123-800x532.jpg\" alt=\"\" width=\"640\" height=\"425\" srcset=\"https:\/\/welovecinema.be\/wp-content\/uploads\/sites\/2\/2014\/02\/2014-02-01-MAgritte-du-cin\u00e9ma-by-Denis-Danze-123-800x532.jpg 800w, https:\/\/welovecinema.be\/wp-content\/uploads\/sites\/2\/2014\/02\/2014-02-01-MAgritte-du-cin\u00e9ma-by-Denis-Danze-123-405x270.jpg 405w, https:\/\/welovecinema.be\/wp-content\/uploads\/sites\/2\/2014\/02\/2014-02-01-MAgritte-du-cin\u00e9ma-by-Denis-Danze-123.jpg 1024w\" sizes=\"auto, (max-width: 640px) 100vw, 640px\" \/><\/a><\/p>\n<p><strong>meilleure actrice dans un second role<\/strong><br \/>\nCatherine Sal\u00e9e dans La vie d\u2019Ad\u00e8le<\/p>\n<p><em>[Photo\u00a0\u00a9\u00a0<a href=\"http:\/\/denisdanzephotographe.wordpress.com\/\" target=\"_blank\">Denis Danze<\/a>\u00a0]<\/em><\/p>\n<p>&nbsp;<\/p>\n<p>&nbsp;<\/p>\n<p><a href=\"http:\/\/www.cinevox.be\/magritte-2014-tous-les-laureats-en-photo\/2014-02-01-magritte-du-cinema-by-denis-danze-126\/\" rel=\"attachment wp-att-51691\"><img loading=\"lazy\" decoding=\"async\" class=\"aligncenter size-large wp-image-51691\" src=\"http:\/\/www.cinevox.be\/wp-content\/uploads\/sites\/2\/2014\/02\/2014-02-01-MAgritte-du-cin\u00e9ma-by-Denis-Danze-126-800x532.jpg\" alt=\"\" width=\"640\" height=\"425\" srcset=\"https:\/\/welovecinema.be\/wp-content\/uploads\/sites\/2\/2014\/02\/2014-02-01-MAgritte-du-cin\u00e9ma-by-Denis-Danze-126-800x532.jpg 800w, https:\/\/welovecinema.be\/wp-content\/uploads\/sites\/2\/2014\/02\/2014-02-01-MAgritte-du-cin\u00e9ma-by-Denis-Danze-126-405x270.jpg 405w, https:\/\/welovecinema.be\/wp-content\/uploads\/sites\/2\/2014\/02\/2014-02-01-MAgritte-du-cin\u00e9ma-by-Denis-Danze-126.jpg 1024w\" sizes=\"auto, (max-width: 640px) 100vw, 640px\" \/><\/a><\/p>\n<p><strong>meilleur court metrage<\/strong><br \/>\nWelkom de Pablo Munoz Gomez (produit par Mediadiffusion)<\/p>\n<p><em>[Photo\u00a0\u00a9\u00a0<a href=\"http:\/\/denisdanzephotographe.wordpress.com\/\" target=\"_blank\">Denis Danze<\/a>\u00a0]<\/em><\/p>\n<p>&nbsp;<\/p>\n<p>&nbsp;<\/p>\n<p><a href=\"http:\/\/www.cinevox.be\/magritte-2014-tous-les-laureats-en-photo\/2014-02-01-magritte-du-cinema-by-denis-danze-127\/\" rel=\"attachment wp-att-51692\"><img loading=\"lazy\" decoding=\"async\" class=\"aligncenter size-large wp-image-51692\" src=\"http:\/\/www.cinevox.be\/wp-content\/uploads\/sites\/2\/2014\/02\/2014-02-01-MAgritte-du-cin\u00e9ma-by-Denis-Danze-127-800x532.jpg\" alt=\"\" width=\"640\" height=\"425\" srcset=\"https:\/\/welovecinema.be\/wp-content\/uploads\/sites\/2\/2014\/02\/2014-02-01-MAgritte-du-cin\u00e9ma-by-Denis-Danze-127-800x532.jpg 800w, https:\/\/welovecinema.be\/wp-content\/uploads\/sites\/2\/2014\/02\/2014-02-01-MAgritte-du-cin\u00e9ma-by-Denis-Danze-127-405x270.jpg 405w, https:\/\/welovecinema.be\/wp-content\/uploads\/sites\/2\/2014\/02\/2014-02-01-MAgritte-du-cin\u00e9ma-by-Denis-Danze-127.jpg 1024w\" sizes=\"auto, (max-width: 640px) 100vw, 640px\" \/><\/a><\/p>\n<p><strong>meilleur long metrage documentaire<\/strong><\/p>\n<p>La nuit qu\u2019on suppose de Benjamin d\u2019Aoust (produit par H\u00e9licotronc)<\/p>\n<p><em>[Photo\u00a0\u00a9\u00a0<a href=\"http:\/\/denisdanzephotographe.wordpress.com\/\" target=\"_blank\">Denis Danze<\/a>\u00a0]<\/em><\/p>\n<p>&nbsp;<\/p>\n<p>&nbsp;<\/p>\n<p><a href=\"http:\/\/www.cinevox.be\/magritte-2014-tous-les-laureats-en-photo\/2014-02-01-magritte-du-cinema-by-denis-danze-130\/\" rel=\"attachment wp-att-51693\"><img loading=\"lazy\" decoding=\"async\" class=\"aligncenter size-large wp-image-51693\" src=\"http:\/\/www.cinevox.be\/wp-content\/uploads\/sites\/2\/2014\/02\/2014-02-01-MAgritte-du-cin\u00e9ma-by-Denis-Danze-130-800x532.jpg\" alt=\"\" width=\"640\" height=\"425\" srcset=\"https:\/\/welovecinema.be\/wp-content\/uploads\/sites\/2\/2014\/02\/2014-02-01-MAgritte-du-cin\u00e9ma-by-Denis-Danze-130-800x532.jpg 800w, https:\/\/welovecinema.be\/wp-content\/uploads\/sites\/2\/2014\/02\/2014-02-01-MAgritte-du-cin\u00e9ma-by-Denis-Danze-130-405x270.jpg 405w, https:\/\/welovecinema.be\/wp-content\/uploads\/sites\/2\/2014\/02\/2014-02-01-MAgritte-du-cin\u00e9ma-by-Denis-Danze-130.jpg 1024w\" sizes=\"auto, (max-width: 640px) 100vw, 640px\" \/><\/a><\/p>\n<p><strong>meilleur acteur dans un second role<\/strong><\/p>\n<p>Laurent Capelluto dans Le temps de l\u2019aventure<\/p>\n<p><em>[Photo\u00a0\u00a9\u00a0<a href=\"http:\/\/denisdanzephotographe.wordpress.com\/\" target=\"_blank\">Denis Danze<\/a>\u00a0]<\/em><\/p>\n<p>&nbsp;<\/p>\n<p>&nbsp;<\/p>\n<p><a href=\"http:\/\/www.cinevox.be\/magritte-2014-tous-les-laureats-en-photo\/2014-02-01-magritte-du-cinema-by-denis-danze-132\/\" rel=\"attachment wp-att-51694\"><img loading=\"lazy\" decoding=\"async\" class=\"aligncenter size-large wp-image-51694\" src=\"http:\/\/www.cinevox.be\/wp-content\/uploads\/sites\/2\/2014\/02\/2014-02-01-MAgritte-du-cin\u00e9ma-by-Denis-Danze-132-800x532.jpg\" alt=\"\" width=\"640\" height=\"425\" srcset=\"https:\/\/welovecinema.be\/wp-content\/uploads\/sites\/2\/2014\/02\/2014-02-01-MAgritte-du-cin\u00e9ma-by-Denis-Danze-132-800x532.jpg 800w, https:\/\/welovecinema.be\/wp-content\/uploads\/sites\/2\/2014\/02\/2014-02-01-MAgritte-du-cin\u00e9ma-by-Denis-Danze-132-405x270.jpg 405w, https:\/\/welovecinema.be\/wp-content\/uploads\/sites\/2\/2014\/02\/2014-02-01-MAgritte-du-cin\u00e9ma-by-Denis-Danze-132.jpg 1024w\" sizes=\"auto, (max-width: 640px) 100vw, 640px\" \/><\/a><\/p>\n<p><strong>meilleure image<\/strong><\/p>\n<p>Hichame Alaouie pour Les chevaux de Dieu<\/p>\n<p><em>[Photo\u00a0\u00a9\u00a0<a href=\"http:\/\/denisdanzephotographe.wordpress.com\/\" target=\"_blank\">Denis Danze<\/a>\u00a0]<\/em><\/p>\n<p>&nbsp;<\/p>\n<p>&nbsp;<\/p>\n<p><a href=\"http:\/\/www.cinevox.be\/magritte-2014-tous-les-laureats-en-photo\/2014-02-01-magritte-du-cinema-by-denis-danze-135\/\" rel=\"attachment wp-att-51695\"><img loading=\"lazy\" decoding=\"async\" class=\"aligncenter size-large wp-image-51695\" src=\"http:\/\/www.cinevox.be\/wp-content\/uploads\/sites\/2\/2014\/02\/2014-02-01-MAgritte-du-cin\u00e9ma-by-Denis-Danze-135-800x532.jpg\" alt=\"\" width=\"640\" height=\"425\" srcset=\"https:\/\/welovecinema.be\/wp-content\/uploads\/sites\/2\/2014\/02\/2014-02-01-MAgritte-du-cin\u00e9ma-by-Denis-Danze-135-800x532.jpg 800w, https:\/\/welovecinema.be\/wp-content\/uploads\/sites\/2\/2014\/02\/2014-02-01-MAgritte-du-cin\u00e9ma-by-Denis-Danze-135-405x270.jpg 405w, https:\/\/welovecinema.be\/wp-content\/uploads\/sites\/2\/2014\/02\/2014-02-01-MAgritte-du-cin\u00e9ma-by-Denis-Danze-135.jpg 1024w\" sizes=\"auto, (max-width: 640px) 100vw, 640px\" \/><\/a><\/p>\n<p><strong>meilleur montage<\/strong><\/p>\n<p>Marie-H\u00e9l\u00e8ne Dozo pour Kinshasa Kids<\/p>\n<p><em>[Photo\u00a0\u00a9\u00a0<a href=\"http:\/\/denisdanzephotographe.wordpress.com\/\" target=\"_blank\">Denis Danze<\/a>\u00a0]<\/em><\/p>\n<p>&nbsp;<\/p>\n<p>&nbsp;<\/p>\n<p><a href=\"http:\/\/www.cinevox.be\/magritte-2014-tous-les-laureats-en-photo\/2014-02-01-magritte-du-cinema-by-denis-danze-137\/\" rel=\"attachment wp-att-51696\"><img loading=\"lazy\" decoding=\"async\" class=\"aligncenter size-large wp-image-51696\" src=\"http:\/\/www.cinevox.be\/wp-content\/uploads\/sites\/2\/2014\/02\/2014-02-01-MAgritte-du-cin\u00e9ma-by-Denis-Danze-137-800x532.jpg\" alt=\"\" width=\"640\" height=\"425\" srcset=\"https:\/\/welovecinema.be\/wp-content\/uploads\/sites\/2\/2014\/02\/2014-02-01-MAgritte-du-cin\u00e9ma-by-Denis-Danze-137-800x532.jpg 800w, https:\/\/welovecinema.be\/wp-content\/uploads\/sites\/2\/2014\/02\/2014-02-01-MAgritte-du-cin\u00e9ma-by-Denis-Danze-137-405x270.jpg 405w, https:\/\/welovecinema.be\/wp-content\/uploads\/sites\/2\/2014\/02\/2014-02-01-MAgritte-du-cin\u00e9ma-by-Denis-Danze-137.jpg 1024w\" sizes=\"auto, (max-width: 640px) 100vw, 640px\" \/><\/a><\/p>\n<p><strong>meilleur son<\/strong><\/p>\n<p>Emmanuel de Boissieu, Fr\u00e9d\u00e9ric Demolder, Franco Piscopo et Luc Thomas pour Ernest et C\u00e9lestine<\/p>\n<p><em>[Photo\u00a0\u00a9\u00a0<a href=\"http:\/\/denisdanzephotographe.wordpress.com\/\" target=\"_blank\">Denis Danze<\/a>\u00a0]<\/em><\/p>\n<p>&nbsp;<\/p>\n<p>&nbsp;<\/p>\n<p><a href=\"http:\/\/www.cinevox.be\/magritte-2014-tous-les-laureats-en-photo\/2014-02-01-magritte-du-cinema-by-denis-danze-138\/\" rel=\"attachment wp-att-51697\"><img loading=\"lazy\" decoding=\"async\" class=\"aligncenter size-large wp-image-51697\" src=\"http:\/\/www.cinevox.be\/wp-content\/uploads\/sites\/2\/2014\/02\/2014-02-01-MAgritte-du-cin\u00e9ma-by-Denis-Danze-138-399x600.jpg\" alt=\"\" width=\"399\" height=\"600\" srcset=\"https:\/\/welovecinema.be\/wp-content\/uploads\/sites\/2\/2014\/02\/2014-02-01-MAgritte-du-cin\u00e9ma-by-Denis-Danze-138-399x600.jpg 399w, https:\/\/welovecinema.be\/wp-content\/uploads\/sites\/2\/2014\/02\/2014-02-01-MAgritte-du-cin\u00e9ma-by-Denis-Danze-138-179x270.jpg 179w, https:\/\/welovecinema.be\/wp-content\/uploads\/sites\/2\/2014\/02\/2014-02-01-MAgritte-du-cin\u00e9ma-by-Denis-Danze-138.jpg 681w\" sizes=\"auto, (max-width: 399px) 100vw, 399px\" \/><\/a><\/p>\n<p><strong>meilleure musique originale<\/strong><\/p>\n<p>Ozark Henry pour Le monde nous appartient<\/p>\n[ici: Stephan Streker, le r\u00e9alisateur du film, Ozark \u00e9tant \u00e0 Londres pour le boulot]\n<p><em>[Photo\u00a0\u00a9\u00a0<a href=\"http:\/\/denisdanzephotographe.wordpress.com\/\" target=\"_blank\">Denis Danze<\/a>\u00a0]<\/em><\/p>\n<p>&nbsp;<\/p>\n<p>&nbsp;<\/p>\n<p><a href=\"http:\/\/www.cinevox.be\/magritte-2014-tous-les-laureats-en-photo\/2014-02-01-magritte-du-cinema-by-denis-danze-144\/\" rel=\"attachment wp-att-51698\"><img loading=\"lazy\" decoding=\"async\" class=\"aligncenter size-large wp-image-51698\" src=\"http:\/\/www.cinevox.be\/wp-content\/uploads\/sites\/2\/2014\/02\/2014-02-01-MAgritte-du-cin\u00e9ma-by-Denis-Danze-144-800x532.jpg\" alt=\"\" width=\"640\" height=\"425\" srcset=\"https:\/\/welovecinema.be\/wp-content\/uploads\/sites\/2\/2014\/02\/2014-02-01-MAgritte-du-cin\u00e9ma-by-Denis-Danze-144-800x532.jpg 800w, https:\/\/welovecinema.be\/wp-content\/uploads\/sites\/2\/2014\/02\/2014-02-01-MAgritte-du-cin\u00e9ma-by-Denis-Danze-144-405x270.jpg 405w, https:\/\/welovecinema.be\/wp-content\/uploads\/sites\/2\/2014\/02\/2014-02-01-MAgritte-du-cin\u00e9ma-by-Denis-Danze-144.jpg 1024w\" sizes=\"auto, (max-width: 640px) 100vw, 640px\" \/><\/a><\/p>\n<p><strong>meilleur film etranger en coproduction<\/strong><\/p>\n<p>La vie d\u2019Ad\u00e8le d\u2019Abdellatif Kechiche (coproduit par Genevi\u00e8ve Lemal \u2013 Scope Pictures)<\/p>\n<p><em>[Photo\u00a0\u00a9\u00a0<a href=\"http:\/\/denisdanzephotographe.wordpress.com\/\" target=\"_blank\">Denis Danze<\/a>\u00a0]<\/em><\/p>\n<p>&nbsp;<\/p>\n<p>&nbsp;<\/p>\n<p>&nbsp;<\/p>\n<p><a href=\"http:\/\/www.cinevox.be\/magritte-2014-tous-les-laureats-en-photo\/2014-02-01-magritte-du-cinema-by-denis-danze-143\/\" rel=\"attachment wp-att-51699\"><img loading=\"lazy\" decoding=\"async\" class=\"aligncenter size-large wp-image-51699\" src=\"http:\/\/www.cinevox.be\/wp-content\/uploads\/sites\/2\/2014\/02\/2014-02-01-MAgritte-du-cin\u00e9ma-by-Denis-Danze-143-399x600.jpg\" alt=\"\" width=\"399\" height=\"600\" srcset=\"https:\/\/welovecinema.be\/wp-content\/uploads\/sites\/2\/2014\/02\/2014-02-01-MAgritte-du-cin\u00e9ma-by-Denis-Danze-143-399x600.jpg 399w, https:\/\/welovecinema.be\/wp-content\/uploads\/sites\/2\/2014\/02\/2014-02-01-MAgritte-du-cin\u00e9ma-by-Denis-Danze-143-179x270.jpg 179w, https:\/\/welovecinema.be\/wp-content\/uploads\/sites\/2\/2014\/02\/2014-02-01-MAgritte-du-cin\u00e9ma-by-Denis-Danze-143.jpg 681w\" sizes=\"auto, (max-width: 399px) 100vw, 399px\" \/><\/a><\/p>\n<p>&nbsp;<\/p>\n<p>Magritte du premier film<\/p>\n<p>Une Chanson pour ma m\u00e8re de Jo\u00ebl Franka (Alize Production)<\/p>\n<p>&nbsp;<\/p>\n<p><em>[Photo\u00a0\u00a9\u00a0<a href=\"http:\/\/denisdanzephotographe.wordpress.com\/\" target=\"_blank\">Denis Danze<\/a>\u00a0]<\/em><\/p>\n<p>&nbsp;<\/p>\n<p>&nbsp;<\/p>\n<p>&nbsp;<\/p>\n<p><a href=\"http:\/\/www.cinevox.be\/magritte-2014-tous-les-laureats-en-photo\/2014-02-01-magritte-du-cinema-by-denis-danze-146\/\" rel=\"attachment wp-att-51700\"><img loading=\"lazy\" decoding=\"async\" class=\"aligncenter size-large wp-image-51700\" src=\"http:\/\/www.cinevox.be\/wp-content\/uploads\/sites\/2\/2014\/02\/2014-02-01-MAgritte-du-cin\u00e9ma-by-Denis-Danze-146-800x532.jpg\" alt=\"\" width=\"640\" height=\"425\" srcset=\"https:\/\/welovecinema.be\/wp-content\/uploads\/sites\/2\/2014\/02\/2014-02-01-MAgritte-du-cin\u00e9ma-by-Denis-Danze-146-800x532.jpg 800w, https:\/\/welovecinema.be\/wp-content\/uploads\/sites\/2\/2014\/02\/2014-02-01-MAgritte-du-cin\u00e9ma-by-Denis-Danze-146-405x270.jpg 405w, https:\/\/welovecinema.be\/wp-content\/uploads\/sites\/2\/2014\/02\/2014-02-01-MAgritte-du-cin\u00e9ma-by-Denis-Danze-146.jpg 1024w\" sizes=\"auto, (max-width: 640px) 100vw, 640px\" \/><\/a><\/p>\n<p><strong>meilleur film flamand en coproduction<\/strong><\/p>\n<p>Kid de Fien Troch (coproduit par Versus Production)<\/p>\n<p><em>[Photo\u00a0\u00a9\u00a0<a href=\"http:\/\/denisdanzephotographe.wordpress.com\/\" target=\"_blank\">Denis Danze<\/a>\u00a0]<\/em><\/p>\n<p>&nbsp;<\/p>\n<p>&nbsp;<\/p>\n<p><a href=\"http:\/\/www.cinevox.be\/magritte-2014-tous-les-laureats-en-photo\/2014-02-01-magritte-du-cinema-by-denis-danze-148\/\" rel=\"attachment wp-att-51701\"><img loading=\"lazy\" decoding=\"async\" class=\"aligncenter size-large wp-image-51701\" src=\"http:\/\/www.cinevox.be\/wp-content\/uploads\/sites\/2\/2014\/02\/2014-02-01-MAgritte-du-cin\u00e9ma-by-Denis-Danze-148-800x532.jpg\" alt=\"\" width=\"640\" height=\"425\" srcset=\"https:\/\/welovecinema.be\/wp-content\/uploads\/sites\/2\/2014\/02\/2014-02-01-MAgritte-du-cin\u00e9ma-by-Denis-Danze-148-800x532.jpg 800w, https:\/\/welovecinema.be\/wp-content\/uploads\/sites\/2\/2014\/02\/2014-02-01-MAgritte-du-cin\u00e9ma-by-Denis-Danze-148-405x270.jpg 405w, https:\/\/welovecinema.be\/wp-content\/uploads\/sites\/2\/2014\/02\/2014-02-01-MAgritte-du-cin\u00e9ma-by-Denis-Danze-148.jpg 1024w\" sizes=\"auto, (max-width: 640px) 100vw, 640px\" \/><\/a><\/p>\n<p><strong>meilleur film<\/strong><\/p>\n<p>Ernest et C\u00e9lestine de St\u00e9phane Aubier, Vincent Patar et Benjamin Renner (produit par Vincent Tavier et Philippe Kauffmann &#8211; La Parti Production)<\/p>\n<p><em>[Photo\u00a0\u00a9\u00a0<a href=\"http:\/\/denisdanzephotographe.wordpress.com\/\" target=\"_blank\">Denis Danze<\/a>\u00a0]<\/em><\/p>\n<p>&nbsp;<\/p>\n<p>&nbsp;<\/p>\n<p><a href=\"http:\/\/www.cinevox.be\/magritte-2014-tous-les-laureats-en-photo\/2014-02-01-magritte-du-cinema-by-denis-danze-149\/\" rel=\"attachment wp-att-51702\"><img loading=\"lazy\" decoding=\"async\" class=\"aligncenter size-large wp-image-51702\" src=\"http:\/\/www.cinevox.be\/wp-content\/uploads\/sites\/2\/2014\/02\/2014-02-01-MAgritte-du-cin\u00e9ma-by-Denis-Danze-149-399x600.jpg\" alt=\"\" width=\"399\" height=\"600\" srcset=\"https:\/\/welovecinema.be\/wp-content\/uploads\/sites\/2\/2014\/02\/2014-02-01-MAgritte-du-cin\u00e9ma-by-Denis-Danze-149-399x600.jpg 399w, https:\/\/welovecinema.be\/wp-content\/uploads\/sites\/2\/2014\/02\/2014-02-01-MAgritte-du-cin\u00e9ma-by-Denis-Danze-149-179x270.jpg 179w, https:\/\/welovecinema.be\/wp-content\/uploads\/sites\/2\/2014\/02\/2014-02-01-MAgritte-du-cin\u00e9ma-by-Denis-Danze-149.jpg 681w\" sizes=\"auto, (max-width: 399px) 100vw, 399px\" \/><\/a><\/p>\n<p>&nbsp;<\/p>\n<p><strong>meilleure actrice<\/strong><br \/>\nPauline Etienne dans La religieuse<\/p>\n<p><em>[Photo\u00a0\u00a9\u00a0<a href=\"http:\/\/denisdanzephotographe.wordpress.com\/\" target=\"_blank\">Denis Danze<\/a>\u00a0]<\/em><\/p>\n<p>&nbsp;<\/p>\n<p>Le Magritte du meilleur acteur a \u00e9t\u00e9 remis \u00e0 Benoit Poelvoorde pour <em>Une Place sur la Terre.<\/em> H\u00e9las, il \u00e9tait absent.<\/p>\n","protected":false},"excerpt":{"rendered":"<p>C&rsquo;est la tradition: une fois qu&rsquo;ils ont re\u00e7u leur Magritte, les laur\u00e9ats sont convi\u00e9s \u00e0 rencontrer le pool des photographes pour la photo qui traversera les ann\u00e9es et s&rsquo;inscrira dans les m\u00e9moires. Sourires, fiert\u00e9 ou \u00e9motion, chacun se pr\u00e9sente comme il le sent. Certains sont carr\u00e9ment jouettes et prennent de gros risques \u00e0 jongler avec &hellip;<\/p>\n","protected":false},"author":7,"featured_media":51709,"comment_status":"closed","ping_status":"closed","sticky":false,"template":"","format":"standard","meta":{"ngg_post_thumbnail":0,"footnotes":""},"categories":[1923],"tags":[],"class_list":["post-51682","post","type-post","status-publish","format-standard","has-post-thumbnail","","category-en-bref"],"yoast_head":"<!-- This site is optimized with the Yoast SEO plugin v20.4 - https:\/\/yoast.com\/wordpress\/plugins\/seo\/ -->\n<title>Magritte 2014 : tous les laur\u00e9ats en photos - We Love Cinema<\/title>\n<meta name=\"robots\" content=\"index, follow, max-snippet:-1, max-image-preview:large, max-video-preview:-1\" \/>\n<link rel=\"canonical\" href=\"https:\/\/welovecinema.be\/fr\/magritte-2014-tous-les-laureats-en-photo\/\" \/>\n<meta property=\"og:locale\" content=\"fr_FR\" \/>\n<meta property=\"og:type\" content=\"article\" \/>\n<meta property=\"og:title\" content=\"Magritte 2014 : tous les laur\u00e9ats en photos - We Love Cinema\" \/>\n<meta property=\"og:description\" content=\"C&rsquo;est la tradition: une fois qu&rsquo;ils ont re\u00e7u leur Magritte, les laur\u00e9ats sont convi\u00e9s \u00e0 rencontrer le pool des photographes pour la photo qui traversera les ann\u00e9es et s&rsquo;inscrira dans les m\u00e9moires. Sourires, fiert\u00e9 ou \u00e9motion, chacun se pr\u00e9sente comme il le sent. Certains sont carr\u00e9ment jouettes et prennent de gros risques \u00e0 jongler avec &hellip;\" \/>\n<meta property=\"og:url\" content=\"https:\/\/welovecinema.be\/fr\/magritte-2014-tous-les-laureats-en-photo\/\" \/>\n<meta property=\"og:site_name\" content=\"We Love Cinema\" \/>\n<meta property=\"article:publisher\" content=\"https:\/\/www.facebook.com\/welovecinema.be\" \/>\n<meta property=\"article:published_time\" content=\"2014-02-02T13:43:20+00:00\" \/>\n<meta property=\"article:modified_time\" content=\"2014-12-28T23:27:47+00:00\" \/>\n<meta property=\"og:image\" content=\"https:\/\/welovecinema.be\/wp-content\/uploads\/sites\/2\/2014\/02\/small.jpg\" \/>\n\t<meta property=\"og:image:width\" content=\"806\" \/>\n\t<meta property=\"og:image:height\" content=\"530\" \/>\n\t<meta property=\"og:image:type\" content=\"image\/jpeg\" \/>\n<meta name=\"author\" content=\"Philippe.Pierquin\" \/>\n<meta name=\"twitter:card\" content=\"summary_large_image\" \/>\n<meta name=\"twitter:label1\" content=\"\u00c9crit par\" \/>\n\t<meta name=\"twitter:data1\" content=\"Philippe.Pierquin\" \/>\n\t<meta name=\"twitter:label2\" content=\"Dur\u00e9e de lecture estim\u00e9e\" \/>\n\t<meta name=\"twitter:data2\" content=\"2 minutes\" \/>\n<script type=\"application\/ld+json\" class=\"yoast-schema-graph\">{\"@context\":\"https:\/\/schema.org\",\"@graph\":[{\"@type\":\"Article\",\"@id\":\"https:\/\/welovecinema.be\/fr\/magritte-2014-tous-les-laureats-en-photo\/#article\",\"isPartOf\":{\"@id\":\"https:\/\/welovecinema.be\/fr\/magritte-2014-tous-les-laureats-en-photo\/\"},\"author\":{\"name\":\"Philippe.Pierquin\",\"@id\":\"https:\/\/welovecinema.be\/nl\/#\/schema\/person\/4b9b1d857f0943453a38a7c2859ef756\"},\"headline\":\"Magritte 2014 : tous les laur\u00e9ats en photos\",\"datePublished\":\"2014-02-02T13:43:20+00:00\",\"dateModified\":\"2014-12-28T23:27:47+00:00\",\"mainEntityOfPage\":{\"@id\":\"https:\/\/welovecinema.be\/fr\/magritte-2014-tous-les-laureats-en-photo\/\"},\"wordCount\":509,\"publisher\":{\"@id\":\"https:\/\/welovecinema.be\/nl\/#organization\"},\"articleSection\":[\"En bref\"],\"inLanguage\":\"fr-FR\"},{\"@type\":\"WebPage\",\"@id\":\"https:\/\/welovecinema.be\/fr\/magritte-2014-tous-les-laureats-en-photo\/\",\"url\":\"https:\/\/welovecinema.be\/fr\/magritte-2014-tous-les-laureats-en-photo\/\",\"name\":\"Magritte 2014 : tous les laur\u00e9ats en photos - We Love Cinema\",\"isPartOf\":{\"@id\":\"https:\/\/welovecinema.be\/nl\/#website\"},\"datePublished\":\"2014-02-02T13:43:20+00:00\",\"dateModified\":\"2014-12-28T23:27:47+00:00\",\"breadcrumb\":{\"@id\":\"https:\/\/welovecinema.be\/fr\/magritte-2014-tous-les-laureats-en-photo\/#breadcrumb\"},\"inLanguage\":\"fr-FR\",\"potentialAction\":[{\"@type\":\"ReadAction\",\"target\":[\"https:\/\/welovecinema.be\/fr\/magritte-2014-tous-les-laureats-en-photo\/\"]}]},{\"@type\":\"BreadcrumbList\",\"@id\":\"https:\/\/welovecinema.be\/fr\/magritte-2014-tous-les-laureats-en-photo\/#breadcrumb\",\"itemListElement\":[{\"@type\":\"ListItem\",\"position\":1,\"name\":\"Accueil\",\"item\":\"https:\/\/welovecinema.be\/fr\/\"},{\"@type\":\"ListItem\",\"position\":2,\"name\":\"Magritte 2014 : tous les laur\u00e9ats en photos\"}]},{\"@type\":\"WebSite\",\"@id\":\"https:\/\/welovecinema.be\/nl\/#website\",\"url\":\"https:\/\/welovecinema.be\/nl\/\",\"name\":\"We Love Cinema\",\"description\":\"Toute l\u2019information du cin\u00e9ma en Belgique\",\"publisher\":{\"@id\":\"https:\/\/welovecinema.be\/nl\/#organization\"},\"potentialAction\":[{\"@type\":\"SearchAction\",\"target\":{\"@type\":\"EntryPoint\",\"urlTemplate\":\"https:\/\/welovecinema.be\/nl\/?s={search_term_string}\"},\"query-input\":\"required name=search_term_string\"}],\"inLanguage\":\"fr-FR\"},{\"@type\":\"Organization\",\"@id\":\"https:\/\/welovecinema.be\/nl\/#organization\",\"name\":\"We Love Cinema\",\"url\":\"https:\/\/welovecinema.be\/nl\/\",\"logo\":{\"@type\":\"ImageObject\",\"inLanguage\":\"fr-FR\",\"@id\":\"https:\/\/welovecinema.be\/nl\/#\/schema\/logo\/image\/\",\"url\":\"https:\/\/welovecinema.be\/wp-content\/uploads\/sites\/2\/2023\/03\/Logo-We-Love-Cinema305x128.jpg\",\"contentUrl\":\"https:\/\/welovecinema.be\/wp-content\/uploads\/sites\/2\/2023\/03\/Logo-We-Love-Cinema305x128.jpg\",\"width\":305,\"height\":128,\"caption\":\"We Love Cinema\"},\"image\":{\"@id\":\"https:\/\/welovecinema.be\/nl\/#\/schema\/logo\/image\/\"},\"sameAs\":[\"https:\/\/www.facebook.com\/welovecinema.be\",\"https:\/\/www.youtube.com\/channel\/UCX5LYGVhnKvYauW4Nta4HJA\",\"https:\/\/www.instagram.com\/welovecinema.be\/\"]},{\"@type\":\"Person\",\"@id\":\"https:\/\/welovecinema.be\/nl\/#\/schema\/person\/4b9b1d857f0943453a38a7c2859ef756\",\"name\":\"Philippe.Pierquin\",\"url\":\"https:\/\/welovecinema.be\/fr\/author\/philippe-pierquin\/\"}]}<\/script>\n<!-- \/ Yoast SEO plugin. -->","yoast_head_json":{"title":"Magritte 2014 : tous les laur\u00e9ats en photos - We Love Cinema","robots":{"index":"index","follow":"follow","max-snippet":"max-snippet:-1","max-image-preview":"max-image-preview:large","max-video-preview":"max-video-preview:-1"},"canonical":"https:\/\/welovecinema.be\/fr\/magritte-2014-tous-les-laureats-en-photo\/","og_locale":"fr_FR","og_type":"article","og_title":"Magritte 2014 : tous les laur\u00e9ats en photos - We Love Cinema","og_description":"C&rsquo;est la tradition: une fois qu&rsquo;ils ont re\u00e7u leur Magritte, les laur\u00e9ats sont convi\u00e9s \u00e0 rencontrer le pool des photographes pour la photo qui traversera les ann\u00e9es et s&rsquo;inscrira dans les m\u00e9moires. Sourires, fiert\u00e9 ou \u00e9motion, chacun se pr\u00e9sente comme il le sent. Certains sont carr\u00e9ment jouettes et prennent de gros risques \u00e0 jongler avec &hellip;","og_url":"https:\/\/welovecinema.be\/fr\/magritte-2014-tous-les-laureats-en-photo\/","og_site_name":"We Love Cinema","article_publisher":"https:\/\/www.facebook.com\/welovecinema.be","article_published_time":"2014-02-02T13:43:20+00:00","article_modified_time":"2014-12-28T23:27:47+00:00","og_image":[{"width":806,"height":530,"url":"https:\/\/welovecinema.be\/wp-content\/uploads\/sites\/2\/2014\/02\/small.jpg","type":"image\/jpeg"}],"author":"Philippe.Pierquin","twitter_card":"summary_large_image","twitter_misc":{"\u00c9crit par":"Philippe.Pierquin","Dur\u00e9e de lecture estim\u00e9e":"2 minutes"},"schema":{"@context":"https:\/\/schema.org","@graph":[{"@type":"Article","@id":"https:\/\/welovecinema.be\/fr\/magritte-2014-tous-les-laureats-en-photo\/#article","isPartOf":{"@id":"https:\/\/welovecinema.be\/fr\/magritte-2014-tous-les-laureats-en-photo\/"},"author":{"name":"Philippe.Pierquin","@id":"https:\/\/welovecinema.be\/nl\/#\/schema\/person\/4b9b1d857f0943453a38a7c2859ef756"},"headline":"Magritte 2014 : tous les laur\u00e9ats en photos","datePublished":"2014-02-02T13:43:20+00:00","dateModified":"2014-12-28T23:27:47+00:00","mainEntityOfPage":{"@id":"https:\/\/welovecinema.be\/fr\/magritte-2014-tous-les-laureats-en-photo\/"},"wordCount":509,"publisher":{"@id":"https:\/\/welovecinema.be\/nl\/#organization"},"articleSection":["En bref"],"inLanguage":"fr-FR"},{"@type":"WebPage","@id":"https:\/\/welovecinema.be\/fr\/magritte-2014-tous-les-laureats-en-photo\/","url":"https:\/\/welovecinema.be\/fr\/magritte-2014-tous-les-laureats-en-photo\/","name":"Magritte 2014 : tous les laur\u00e9ats en photos - We Love Cinema","isPartOf":{"@id":"https:\/\/welovecinema.be\/nl\/#website"},"datePublished":"2014-02-02T13:43:20+00:00","dateModified":"2014-12-28T23:27:47+00:00","breadcrumb":{"@id":"https:\/\/welovecinema.be\/fr\/magritte-2014-tous-les-laureats-en-photo\/#breadcrumb"},"inLanguage":"fr-FR","potentialAction":[{"@type":"ReadAction","target":["https:\/\/welovecinema.be\/fr\/magritte-2014-tous-les-laureats-en-photo\/"]}]},{"@type":"BreadcrumbList","@id":"https:\/\/welovecinema.be\/fr\/magritte-2014-tous-les-laureats-en-photo\/#breadcrumb","itemListElement":[{"@type":"ListItem","position":1,"name":"Accueil","item":"https:\/\/welovecinema.be\/fr\/"},{"@type":"ListItem","position":2,"name":"Magritte 2014 : tous les laur\u00e9ats en photos"}]},{"@type":"WebSite","@id":"https:\/\/welovecinema.be\/nl\/#website","url":"https:\/\/welovecinema.be\/nl\/","name":"We Love Cinema","description":"Toute l\u2019information du cin\u00e9ma en Belgique","publisher":{"@id":"https:\/\/welovecinema.be\/nl\/#organization"},"potentialAction":[{"@type":"SearchAction","target":{"@type":"EntryPoint","urlTemplate":"https:\/\/welovecinema.be\/nl\/?s={search_term_string}"},"query-input":"required name=search_term_string"}],"inLanguage":"fr-FR"},{"@type":"Organization","@id":"https:\/\/welovecinema.be\/nl\/#organization","name":"We Love Cinema","url":"https:\/\/welovecinema.be\/nl\/","logo":{"@type":"ImageObject","inLanguage":"fr-FR","@id":"https:\/\/welovecinema.be\/nl\/#\/schema\/logo\/image\/","url":"https:\/\/welovecinema.be\/wp-content\/uploads\/sites\/2\/2023\/03\/Logo-We-Love-Cinema305x128.jpg","contentUrl":"https:\/\/welovecinema.be\/wp-content\/uploads\/sites\/2\/2023\/03\/Logo-We-Love-Cinema305x128.jpg","width":305,"height":128,"caption":"We Love Cinema"},"image":{"@id":"https:\/\/welovecinema.be\/nl\/#\/schema\/logo\/image\/"},"sameAs":["https:\/\/www.facebook.com\/welovecinema.be","https:\/\/www.youtube.com\/channel\/UCX5LYGVhnKvYauW4Nta4HJA","https:\/\/www.instagram.com\/welovecinema.be\/"]},{"@type":"Person","@id":"https:\/\/welovecinema.be\/nl\/#\/schema\/person\/4b9b1d857f0943453a38a7c2859ef756","name":"Philippe.Pierquin","url":"https:\/\/welovecinema.be\/fr\/author\/philippe-pierquin\/"}]}},"_links":{"self":[{"href":"https:\/\/welovecinema.be\/fr\/wp-json\/wp\/v2\/posts\/51682","targetHints":{"allow":["GET"]}}],"collection":[{"href":"https:\/\/welovecinema.be\/fr\/wp-json\/wp\/v2\/posts"}],"about":[{"href":"https:\/\/welovecinema.be\/fr\/wp-json\/wp\/v2\/types\/post"}],"author":[{"embeddable":true,"href":"https:\/\/welovecinema.be\/fr\/wp-json\/wp\/v2\/users\/7"}],"replies":[{"embeddable":true,"href":"https:\/\/welovecinema.be\/fr\/wp-json\/wp\/v2\/comments?post=51682"}],"version-history":[{"count":0,"href":"https:\/\/welovecinema.be\/fr\/wp-json\/wp\/v2\/posts\/51682\/revisions"}],"wp:featuredmedia":[{"embeddable":true,"href":"https:\/\/welovecinema.be\/fr\/wp-json\/wp\/v2\/media\/51709"}],"wp:attachment":[{"href":"https:\/\/welovecinema.be\/fr\/wp-json\/wp\/v2\/media?parent=51682"}],"wp:term":[{"taxonomy":"category","embeddable":true,"href":"https:\/\/welovecinema.be\/fr\/wp-json\/wp\/v2\/categories?post=51682"},{"taxonomy":"post_tag","embeddable":true,"href":"https:\/\/welovecinema.be\/fr\/wp-json\/wp\/v2\/tags?post=51682"}],"curies":[{"name":"wp","href":"https:\/\/api.w.org\/{rel}","templated":true}]}}