{"id":51659,"date":"2014-02-02T13:42:32","date_gmt":"2014-02-02T12:42:32","guid":{"rendered":"http:\/\/www.cinevox.be\/?p=51659"},"modified":"2014-02-02T13:45:09","modified_gmt":"2014-02-02T12:45:09","slug":"la-veille-du-premier-jour-de-tournage","status":"publish","type":"post","link":"https:\/\/welovecinema.be\/fr\/la-veille-du-premier-jour-de-tournage\/","title":{"rendered":"La Veille&#8230; du Premier Jour de Tournage"},"content":{"rendered":"<p>Lors de la quatri\u00e8me c\u00e9r\u00e9monie des Magritte, Laurent Capelluto a remport\u00e9 le troph\u00e9e du meilleur acteur dans un second r\u00f4le pour Le Temps de l&rsquo;Aventure<br \/>\nIl \u00e9tait aussi la vedette d&rsquo;un court m\u00e9trage diffus\u00e9 durant la c\u00e9r\u00e9monie. Un one-man show r\u00e9alis\u00e9 par Manu Coeman, tout simplement hallucinant. Et hilarant.<\/p>\n<p>Attention : immense talent ! (ok, on le savait, mais c&rsquo;est bon de le r\u00e9p\u00e9ter)<\/p>\n<p>Toute ressemblance avec des personnalit\u00e9s existant ou ayant exist\u00e9 est s\u00fbrement fortuite&#8230;<\/p>\n","protected":false},"excerpt":{"rendered":"<p>Lors de la quatri\u00e8me c\u00e9r\u00e9monie des Magritte, Laurent Capelluto a remport\u00e9 le troph\u00e9e du meilleur acteur dans un second r\u00f4le pour Le Temps de l&rsquo;Aventure Il \u00e9tait aussi la vedette d&rsquo;un court m\u00e9trage diffus\u00e9 durant la c\u00e9r\u00e9monie. Un one-man show r\u00e9alis\u00e9 par Manu Coeman, tout simplement hallucinant. Et hilarant. Attention : immense talent ! (ok, &hellip;<\/p>\n","protected":false},"author":7,"featured_media":51660,"comment_status":"closed","ping_status":"closed","sticky":false,"template":"","format":"standard","meta":{"ngg_post_thumbnail":0,"footnotes":""},"categories":[1923],"tags":[],"class_list":["post-51659","post","type-post","status-publish","format-standard","has-post-thumbnail","","category-en-bref"],"yoast_head":"<!-- This site is optimized with the Yoast SEO plugin v20.4 - https:\/\/yoast.com\/wordpress\/plugins\/seo\/ -->\n<title>La Veille... du Premier Jour de Tournage - We Love Cinema<\/title>\n<meta name=\"robots\" content=\"index, follow, max-snippet:-1, max-image-preview:large, max-video-preview:-1\" \/>\n<link rel=\"canonical\" href=\"https:\/\/welovecinema.be\/fr\/la-veille-du-premier-jour-de-tournage\/\" \/>\n<meta property=\"og:locale\" content=\"fr_FR\" \/>\n<meta property=\"og:type\" content=\"article\" \/>\n<meta property=\"og:title\" content=\"La Veille... du Premier Jour de Tournage - We Love Cinema\" \/>\n<meta property=\"og:description\" content=\"Lors de la quatri\u00e8me c\u00e9r\u00e9monie des Magritte, Laurent Capelluto a remport\u00e9 le troph\u00e9e du meilleur acteur dans un second r\u00f4le pour Le Temps de l&rsquo;Aventure Il \u00e9tait aussi la vedette d&rsquo;un court m\u00e9trage diffus\u00e9 durant la c\u00e9r\u00e9monie. Un one-man show r\u00e9alis\u00e9 par Manu Coeman, tout simplement hallucinant. Et hilarant. Attention : immense talent ! (ok, &hellip;\" \/>\n<meta property=\"og:url\" content=\"https:\/\/welovecinema.be\/fr\/la-veille-du-premier-jour-de-tournage\/\" \/>\n<meta property=\"og:site_name\" content=\"We Love Cinema\" \/>\n<meta property=\"article:publisher\" content=\"https:\/\/www.facebook.com\/welovecinema.be\" \/>\n<meta property=\"article:published_time\" content=\"2014-02-02T12:42:32+00:00\" \/>\n<meta property=\"article:modified_time\" content=\"2014-02-02T12:45:09+00:00\" \/>\n<meta property=\"og:image\" content=\"https:\/\/welovecinema.be\/wp-content\/uploads\/sites\/2\/2014\/02\/IMG_0043-800x533.jpg\" \/>\n\t<meta property=\"og:image:width\" content=\"800\" \/>\n\t<meta property=\"og:image:height\" content=\"533\" \/>\n\t<meta property=\"og:image:type\" content=\"image\/jpeg\" \/>\n<meta name=\"author\" content=\"Philippe.Pierquin\" \/>\n<meta name=\"twitter:card\" content=\"summary_large_image\" \/>\n<meta name=\"twitter:label1\" content=\"\u00c9crit par\" \/>\n\t<meta name=\"twitter:data1\" content=\"Philippe.Pierquin\" \/>\n<script type=\"application\/ld+json\" class=\"yoast-schema-graph\">{\"@context\":\"https:\/\/schema.org\",\"@graph\":[{\"@type\":\"Article\",\"@id\":\"https:\/\/welovecinema.be\/fr\/la-veille-du-premier-jour-de-tournage\/#article\",\"isPartOf\":{\"@id\":\"https:\/\/welovecinema.be\/fr\/la-veille-du-premier-jour-de-tournage\/\"},\"author\":{\"name\":\"Philippe.Pierquin\",\"@id\":\"https:\/\/welovecinema.be\/nl\/#\/schema\/person\/4b9b1d857f0943453a38a7c2859ef756\"},\"headline\":\"La Veille&#8230; du Premier Jour de Tournage\",\"datePublished\":\"2014-02-02T12:42:32+00:00\",\"dateModified\":\"2014-02-02T12:45:09+00:00\",\"mainEntityOfPage\":{\"@id\":\"https:\/\/welovecinema.be\/fr\/la-veille-du-premier-jour-de-tournage\/\"},\"wordCount\":97,\"publisher\":{\"@id\":\"https:\/\/welovecinema.be\/nl\/#organization\"},\"articleSection\":[\"En bref\"],\"inLanguage\":\"fr-FR\"},{\"@type\":\"WebPage\",\"@id\":\"https:\/\/welovecinema.be\/fr\/la-veille-du-premier-jour-de-tournage\/\",\"url\":\"https:\/\/welovecinema.be\/fr\/la-veille-du-premier-jour-de-tournage\/\",\"name\":\"La Veille... du Premier Jour de Tournage - We Love Cinema\",\"isPartOf\":{\"@id\":\"https:\/\/welovecinema.be\/nl\/#website\"},\"datePublished\":\"2014-02-02T12:42:32+00:00\",\"dateModified\":\"2014-02-02T12:45:09+00:00\",\"breadcrumb\":{\"@id\":\"https:\/\/welovecinema.be\/fr\/la-veille-du-premier-jour-de-tournage\/#breadcrumb\"},\"inLanguage\":\"fr-FR\",\"potentialAction\":[{\"@type\":\"ReadAction\",\"target\":[\"https:\/\/welovecinema.be\/fr\/la-veille-du-premier-jour-de-tournage\/\"]}]},{\"@type\":\"BreadcrumbList\",\"@id\":\"https:\/\/welovecinema.be\/fr\/la-veille-du-premier-jour-de-tournage\/#breadcrumb\",\"itemListElement\":[{\"@type\":\"ListItem\",\"position\":1,\"name\":\"Accueil\",\"item\":\"https:\/\/welovecinema.be\/fr\/\"},{\"@type\":\"ListItem\",\"position\":2,\"name\":\"La Veille&#8230; du Premier Jour de Tournage\"}]},{\"@type\":\"WebSite\",\"@id\":\"https:\/\/welovecinema.be\/nl\/#website\",\"url\":\"https:\/\/welovecinema.be\/nl\/\",\"name\":\"We Love Cinema\",\"description\":\"Toute l\u2019information du cin\u00e9ma en Belgique\",\"publisher\":{\"@id\":\"https:\/\/welovecinema.be\/nl\/#organization\"},\"potentialAction\":[{\"@type\":\"SearchAction\",\"target\":{\"@type\":\"EntryPoint\",\"urlTemplate\":\"https:\/\/welovecinema.be\/nl\/?s={search_term_string}\"},\"query-input\":\"required name=search_term_string\"}],\"inLanguage\":\"fr-FR\"},{\"@type\":\"Organization\",\"@id\":\"https:\/\/welovecinema.be\/nl\/#organization\",\"name\":\"We Love Cinema\",\"url\":\"https:\/\/welovecinema.be\/nl\/\",\"logo\":{\"@type\":\"ImageObject\",\"inLanguage\":\"fr-FR\",\"@id\":\"https:\/\/welovecinema.be\/nl\/#\/schema\/logo\/image\/\",\"url\":\"https:\/\/welovecinema.be\/wp-content\/uploads\/sites\/2\/2023\/03\/Logo-We-Love-Cinema305x128.jpg\",\"contentUrl\":\"https:\/\/welovecinema.be\/wp-content\/uploads\/sites\/2\/2023\/03\/Logo-We-Love-Cinema305x128.jpg\",\"width\":305,\"height\":128,\"caption\":\"We Love Cinema\"},\"image\":{\"@id\":\"https:\/\/welovecinema.be\/nl\/#\/schema\/logo\/image\/\"},\"sameAs\":[\"https:\/\/www.facebook.com\/welovecinema.be\",\"https:\/\/www.youtube.com\/channel\/UCX5LYGVhnKvYauW4Nta4HJA\",\"https:\/\/www.instagram.com\/welovecinema.be\/\"]},{\"@type\":\"Person\",\"@id\":\"https:\/\/welovecinema.be\/nl\/#\/schema\/person\/4b9b1d857f0943453a38a7c2859ef756\",\"name\":\"Philippe.Pierquin\",\"url\":\"https:\/\/welovecinema.be\/fr\/author\/philippe-pierquin\/\"}]}<\/script>\n<!-- \/ Yoast SEO plugin. -->","yoast_head_json":{"title":"La Veille... du Premier Jour de Tournage - We Love Cinema","robots":{"index":"index","follow":"follow","max-snippet":"max-snippet:-1","max-image-preview":"max-image-preview:large","max-video-preview":"max-video-preview:-1"},"canonical":"https:\/\/welovecinema.be\/fr\/la-veille-du-premier-jour-de-tournage\/","og_locale":"fr_FR","og_type":"article","og_title":"La Veille... du Premier Jour de Tournage - We Love Cinema","og_description":"Lors de la quatri\u00e8me c\u00e9r\u00e9monie des Magritte, Laurent Capelluto a remport\u00e9 le troph\u00e9e du meilleur acteur dans un second r\u00f4le pour Le Temps de l&rsquo;Aventure Il \u00e9tait aussi la vedette d&rsquo;un court m\u00e9trage diffus\u00e9 durant la c\u00e9r\u00e9monie. Un one-man show r\u00e9alis\u00e9 par Manu Coeman, tout simplement hallucinant. Et hilarant. Attention : immense talent ! (ok, &hellip;","og_url":"https:\/\/welovecinema.be\/fr\/la-veille-du-premier-jour-de-tournage\/","og_site_name":"We Love Cinema","article_publisher":"https:\/\/www.facebook.com\/welovecinema.be","article_published_time":"2014-02-02T12:42:32+00:00","article_modified_time":"2014-02-02T12:45:09+00:00","og_image":[{"width":800,"height":533,"url":"https:\/\/welovecinema.be\/wp-content\/uploads\/sites\/2\/2014\/02\/IMG_0043-800x533.jpg","type":"image\/jpeg"}],"author":"Philippe.Pierquin","twitter_card":"summary_large_image","twitter_misc":{"\u00c9crit par":"Philippe.Pierquin"},"schema":{"@context":"https:\/\/schema.org","@graph":[{"@type":"Article","@id":"https:\/\/welovecinema.be\/fr\/la-veille-du-premier-jour-de-tournage\/#article","isPartOf":{"@id":"https:\/\/welovecinema.be\/fr\/la-veille-du-premier-jour-de-tournage\/"},"author":{"name":"Philippe.Pierquin","@id":"https:\/\/welovecinema.be\/nl\/#\/schema\/person\/4b9b1d857f0943453a38a7c2859ef756"},"headline":"La Veille&#8230; du Premier Jour de Tournage","datePublished":"2014-02-02T12:42:32+00:00","dateModified":"2014-02-02T12:45:09+00:00","mainEntityOfPage":{"@id":"https:\/\/welovecinema.be\/fr\/la-veille-du-premier-jour-de-tournage\/"},"wordCount":97,"publisher":{"@id":"https:\/\/welovecinema.be\/nl\/#organization"},"articleSection":["En bref"],"inLanguage":"fr-FR"},{"@type":"WebPage","@id":"https:\/\/welovecinema.be\/fr\/la-veille-du-premier-jour-de-tournage\/","url":"https:\/\/welovecinema.be\/fr\/la-veille-du-premier-jour-de-tournage\/","name":"La Veille... du Premier Jour de Tournage - We Love Cinema","isPartOf":{"@id":"https:\/\/welovecinema.be\/nl\/#website"},"datePublished":"2014-02-02T12:42:32+00:00","dateModified":"2014-02-02T12:45:09+00:00","breadcrumb":{"@id":"https:\/\/welovecinema.be\/fr\/la-veille-du-premier-jour-de-tournage\/#breadcrumb"},"inLanguage":"fr-FR","potentialAction":[{"@type":"ReadAction","target":["https:\/\/welovecinema.be\/fr\/la-veille-du-premier-jour-de-tournage\/"]}]},{"@type":"BreadcrumbList","@id":"https:\/\/welovecinema.be\/fr\/la-veille-du-premier-jour-de-tournage\/#breadcrumb","itemListElement":[{"@type":"ListItem","position":1,"name":"Accueil","item":"https:\/\/welovecinema.be\/fr\/"},{"@type":"ListItem","position":2,"name":"La Veille&#8230; du Premier Jour de Tournage"}]},{"@type":"WebSite","@id":"https:\/\/welovecinema.be\/nl\/#website","url":"https:\/\/welovecinema.be\/nl\/","name":"We Love Cinema","description":"Toute l\u2019information du cin\u00e9ma en Belgique","publisher":{"@id":"https:\/\/welovecinema.be\/nl\/#organization"},"potentialAction":[{"@type":"SearchAction","target":{"@type":"EntryPoint","urlTemplate":"https:\/\/welovecinema.be\/nl\/?s={search_term_string}"},"query-input":"required name=search_term_string"}],"inLanguage":"fr-FR"},{"@type":"Organization","@id":"https:\/\/welovecinema.be\/nl\/#organization","name":"We Love Cinema","url":"https:\/\/welovecinema.be\/nl\/","logo":{"@type":"ImageObject","inLanguage":"fr-FR","@id":"https:\/\/welovecinema.be\/nl\/#\/schema\/logo\/image\/","url":"https:\/\/welovecinema.be\/wp-content\/uploads\/sites\/2\/2023\/03\/Logo-We-Love-Cinema305x128.jpg","contentUrl":"https:\/\/welovecinema.be\/wp-content\/uploads\/sites\/2\/2023\/03\/Logo-We-Love-Cinema305x128.jpg","width":305,"height":128,"caption":"We Love Cinema"},"image":{"@id":"https:\/\/welovecinema.be\/nl\/#\/schema\/logo\/image\/"},"sameAs":["https:\/\/www.facebook.com\/welovecinema.be","https:\/\/www.youtube.com\/channel\/UCX5LYGVhnKvYauW4Nta4HJA","https:\/\/www.instagram.com\/welovecinema.be\/"]},{"@type":"Person","@id":"https:\/\/welovecinema.be\/nl\/#\/schema\/person\/4b9b1d857f0943453a38a7c2859ef756","name":"Philippe.Pierquin","url":"https:\/\/welovecinema.be\/fr\/author\/philippe-pierquin\/"}]}},"_links":{"self":[{"href":"https:\/\/welovecinema.be\/fr\/wp-json\/wp\/v2\/posts\/51659","targetHints":{"allow":["GET"]}}],"collection":[{"href":"https:\/\/welovecinema.be\/fr\/wp-json\/wp\/v2\/posts"}],"about":[{"href":"https:\/\/welovecinema.be\/fr\/wp-json\/wp\/v2\/types\/post"}],"author":[{"embeddable":true,"href":"https:\/\/welovecinema.be\/fr\/wp-json\/wp\/v2\/users\/7"}],"replies":[{"embeddable":true,"href":"https:\/\/welovecinema.be\/fr\/wp-json\/wp\/v2\/comments?post=51659"}],"version-history":[{"count":0,"href":"https:\/\/welovecinema.be\/fr\/wp-json\/wp\/v2\/posts\/51659\/revisions"}],"wp:featuredmedia":[{"embeddable":true,"href":"https:\/\/welovecinema.be\/fr\/wp-json\/wp\/v2\/media\/51660"}],"wp:attachment":[{"href":"https:\/\/welovecinema.be\/fr\/wp-json\/wp\/v2\/media?parent=51659"}],"wp:term":[{"taxonomy":"category","embeddable":true,"href":"https:\/\/welovecinema.be\/fr\/wp-json\/wp\/v2\/categories?post=51659"},{"taxonomy":"post_tag","embeddable":true,"href":"https:\/\/welovecinema.be\/fr\/wp-json\/wp\/v2\/tags?post=51659"}],"curies":[{"name":"wp","href":"https:\/\/api.w.org\/{rel}","templated":true}]}}