{"id":51649,"date":"2014-02-02T14:07:20","date_gmt":"2014-02-02T13:07:20","guid":{"rendered":"http:\/\/www.cinevox.be\/?p=51649"},"modified":"2015-02-09T18:34:19","modified_gmt":"2015-02-09T17:34:19","slug":"51649","status":"publish","type":"post","link":"https:\/\/welovecinema.be\/fr\/51649\/","title":{"rendered":"En bas des marches (2)"},"content":{"rendered":"<p><a href=\"https:\/\/www.facebook.com\/Kermodephotograph?fref=ts\" target=\"_blank\">Julien E. Kermode<\/a>, un autre de nos photographes \u00e9tait \u00e9galement post\u00e9 au bas des marches bleues du Mont des Arts, d\u00e8s 18h15.<br \/>\nAutre axe, autres perspectives pour capter les regards, enthousiastes ou inquiets, les sourires aussi. Beaucoup de sourires, de franches accolades et de vraies rigolades.<\/p>\n<p>Les Magritte, c&rsquo;est \u00e7a aussi (surtout)<!--more--><\/p>\n<p>&nbsp;<\/p>\n<p>&nbsp;<\/p>\n<p><a href=\"http:\/\/www.cinevox.be\/51649\/_dsc0139\/\" rel=\"attachment wp-att-51651\"><img loading=\"lazy\" decoding=\"async\" class=\"aligncenter size-large wp-image-51651\" src=\"http:\/\/www.cinevox.be\/wp-content\/uploads\/sites\/2\/2014\/02\/DSC0139-800x531.jpg\" alt=\"\" width=\"640\" height=\"424\" srcset=\"https:\/\/welovecinema.be\/wp-content\/uploads\/sites\/2\/2014\/02\/DSC0139-800x531.jpg 800w, https:\/\/welovecinema.be\/wp-content\/uploads\/sites\/2\/2014\/02\/DSC0139-406x270.jpg 406w, https:\/\/welovecinema.be\/wp-content\/uploads\/sites\/2\/2014\/02\/DSC0139.jpg 1024w\" sizes=\"auto, (max-width: 640px) 100vw, 640px\" \/><\/a><\/p>\n<p>Tous le long des marches, les manifestants dignes et silencieux \u00e9taient venus rappeler aux nombreux politiques pr\u00e9sents que leur statut de plus en plus complexe et pr\u00e9caire mettait \u00a0en danger tout un pan de la culture belge. Leur discours a \u00e9t\u00e9 relay\u00e9 dans la salle par un certains nombres de personnalit\u00e9s. On ne voit pas comment ils n&rsquo;auraient pas pu \u00eatre entendus.\u00a0<a href=\"http:\/\/www.cinevox.be\/51649\/_dsc0181\/\" rel=\"attachment wp-att-51653\"><em>[Photo \u00a9\u00a0<a href=\"https:\/\/www.facebook.com\/Kermodephotograph?fref=ts\" target=\"_blank\">Julien E. Kermode<\/a>\u00a0<\/em><\/a><em>2014]<\/em><\/p>\n<p>&nbsp;<\/p>\n<p><a href=\"http:\/\/www.cinevox.be\/51649\/_dsc0181\/\" rel=\"attachment wp-att-51653\"><img loading=\"lazy\" decoding=\"async\" class=\"aligncenter size-large wp-image-51653\" src=\"http:\/\/www.cinevox.be\/wp-content\/uploads\/sites\/2\/2014\/02\/DSC0181-796x600.jpg\" alt=\"\" width=\"640\" height=\"482\" srcset=\"https:\/\/welovecinema.be\/wp-content\/uploads\/sites\/2\/2014\/02\/DSC0181-796x600.jpg 796w, https:\/\/welovecinema.be\/wp-content\/uploads\/sites\/2\/2014\/02\/DSC0181-358x270.jpg 358w, https:\/\/welovecinema.be\/wp-content\/uploads\/sites\/2\/2014\/02\/DSC0181-300x225.jpg 300w, https:\/\/welovecinema.be\/wp-content\/uploads\/sites\/2\/2014\/02\/DSC0181.jpg 1020w\" sizes=\"auto, (max-width: 640px) 100vw, 640px\" \/><\/a><\/p>\n<p>Vincent Lannoo, r\u00e9alisateur d&rsquo;Au nom du fils, et madame, Fr\u00e9d\u00e9rique Broos, la monteuse du film : la coolitude incarn\u00e9e malgr\u00e9 les sept nominations.\u00a0<a href=\"http:\/\/www.cinevox.be\/51649\/_dsc0181\/\" rel=\"attachment wp-att-51653\"><em>[Photo \u00a9\u00a0<\/em><\/a><em><a href=\"https:\/\/www.facebook.com\/Kermodephotograph?fref=ts\" target=\"_blank\">Julien E. Kermode<\/a>\u00a0<\/em><em>2014]<\/em><\/p>\n<p>&nbsp;<\/p>\n<p><a href=\"http:\/\/www.cinevox.be\/51649\/_dsc0196\/\" rel=\"attachment wp-att-51664\"><img loading=\"lazy\" decoding=\"async\" class=\"aligncenter size-large wp-image-51664\" src=\"http:\/\/www.cinevox.be\/wp-content\/uploads\/sites\/2\/2014\/02\/DSC0196-800x531.jpg\" alt=\"\" width=\"640\" height=\"424\" srcset=\"https:\/\/welovecinema.be\/wp-content\/uploads\/sites\/2\/2014\/02\/DSC0196-800x531.jpg 800w, https:\/\/welovecinema.be\/wp-content\/uploads\/sites\/2\/2014\/02\/DSC0196-406x270.jpg 406w, https:\/\/welovecinema.be\/wp-content\/uploads\/sites\/2\/2014\/02\/DSC0196.jpg 1024w\" sizes=\"auto, (max-width: 640px) 100vw, 640px\" \/><\/a>D\u00e9borah Fran\u00e7ois, nomm\u00e9e pour le Magritte de la meilleure actrice.\u00a0<a href=\"http:\/\/www.cinevox.be\/51649\/_dsc0181\/\" rel=\"attachment wp-att-51653\"><em>[Photo \u00a9\u00a0<\/em><\/a><em><a href=\"https:\/\/www.facebook.com\/Kermodephotograph?fref=ts\" target=\"_blank\">Julien E. Kermode<\/a>\u00a0<\/em><em>2014]<\/em><\/p>\n<p>&nbsp;<\/p>\n<p><a href=\"http:\/\/www.cinevox.be\/51649\/_dsc0257\/\" rel=\"attachment wp-att-51665\"><img loading=\"lazy\" decoding=\"async\" class=\"aligncenter size-large wp-image-51665\" src=\"http:\/\/www.cinevox.be\/wp-content\/uploads\/sites\/2\/2014\/02\/DSC0257-800x531.jpg\" alt=\"\" width=\"640\" height=\"424\" srcset=\"https:\/\/welovecinema.be\/wp-content\/uploads\/sites\/2\/2014\/02\/DSC0257-800x531.jpg 800w, https:\/\/welovecinema.be\/wp-content\/uploads\/sites\/2\/2014\/02\/DSC0257-406x270.jpg 406w, https:\/\/welovecinema.be\/wp-content\/uploads\/sites\/2\/2014\/02\/DSC0257.jpg 1024w\" sizes=\"auto, (max-width: 640px) 100vw, 640px\" \/><\/a>St\u00e9phane de Groodt et madame. St\u00e9phane emportera le Cinevox d&rsquo;honneur du meilleur remettant de la soir\u00e9e.\u00a0<a href=\"http:\/\/www.cinevox.be\/51649\/_dsc0181\/\" rel=\"attachment wp-att-51653\"><em>[Photo \u00a9\u00a0<\/em><\/a><em><a href=\"https:\/\/www.facebook.com\/Kermodephotograph?fref=ts\" target=\"_blank\">Julien E. Kermode<\/a>\u00a0<\/em><em>2014]<\/em><\/p>\n<p>&nbsp;<\/p>\n<p><a href=\"http:\/\/www.cinevox.be\/51649\/_dsc0268\/\" rel=\"attachment wp-att-51666\"><img loading=\"lazy\" decoding=\"async\" class=\"aligncenter size-large wp-image-51666\" src=\"http:\/\/www.cinevox.be\/wp-content\/uploads\/sites\/2\/2014\/02\/DSC0268-800x531.jpg\" alt=\"\" width=\"640\" height=\"424\" srcset=\"https:\/\/welovecinema.be\/wp-content\/uploads\/sites\/2\/2014\/02\/DSC0268-800x531.jpg 800w, https:\/\/welovecinema.be\/wp-content\/uploads\/sites\/2\/2014\/02\/DSC0268-406x270.jpg 406w, https:\/\/welovecinema.be\/wp-content\/uploads\/sites\/2\/2014\/02\/DSC0268.jpg 1024w\" sizes=\"auto, (max-width: 640px) 100vw, 640px\" \/><\/a><\/p>\n<p>Fr\u00e9d\u00e9ric Fonteyne et Anne Paulicevich, nomm\u00e9s 10 fois pour Tango Libre, leur aventure commune.\u00a0<a href=\"http:\/\/www.cinevox.be\/51649\/_dsc0181\/\" rel=\"attachment wp-att-51653\"><em>[Photo \u00a9\u00a0<\/em><\/a><em><a href=\"https:\/\/www.facebook.com\/Kermodephotograph?fref=ts\" target=\"_blank\">Julien E. Kermode<\/a>\u00a0<\/em><em>2014]<\/em><\/p>\n<p>&nbsp;<\/p>\n<p><a href=\"http:\/\/www.cinevox.be\/51649\/_dsc0498\/\" rel=\"attachment wp-att-51679\"><img loading=\"lazy\" decoding=\"async\" class=\"aligncenter size-large wp-image-51679\" src=\"http:\/\/www.cinevox.be\/wp-content\/uploads\/sites\/2\/2014\/02\/DSC0498-800x585.jpg\" alt=\"\" width=\"640\" height=\"468\" srcset=\"https:\/\/welovecinema.be\/wp-content\/uploads\/sites\/2\/2014\/02\/DSC0498-800x585.jpg 800w, https:\/\/welovecinema.be\/wp-content\/uploads\/sites\/2\/2014\/02\/DSC0498-369x270.jpg 369w, https:\/\/welovecinema.be\/wp-content\/uploads\/sites\/2\/2014\/02\/DSC0498.jpg 1024w\" sizes=\"auto, (max-width: 640px) 100vw, 640px\" \/><\/a><\/p>\n<p>Virginie Efira vient remettre le prix du meilleur r\u00e9alisateur de\u00a0l\u2019ann\u00e9e<em>.\u00a0<a href=\"http:\/\/www.cinevox.be\/51649\/_dsc0181\/\" rel=\"attachment wp-att-51653\">[Photo \u00a9\u00a0<\/a><em><a href=\"https:\/\/www.facebook.com\/Kermodephotograph?fref=ts\" target=\"_blank\">Julien E. Kermode<\/a>\u00a0<\/em><em>2014]<\/em><\/em><\/p>\n<p>&nbsp;<\/p>\n<p><a href=\"http:\/\/www.cinevox.be\/51649\/_dsc0303\/\" rel=\"attachment wp-att-51667\"><img loading=\"lazy\" decoding=\"async\" class=\"aligncenter size-large wp-image-51667\" src=\"http:\/\/www.cinevox.be\/wp-content\/uploads\/sites\/2\/2014\/02\/DSC0303-800x578.jpg\" alt=\"\" width=\"640\" height=\"462\" srcset=\"https:\/\/welovecinema.be\/wp-content\/uploads\/sites\/2\/2014\/02\/DSC0303-800x578.jpg 800w, https:\/\/welovecinema.be\/wp-content\/uploads\/sites\/2\/2014\/02\/DSC0303-373x270.jpg 373w, https:\/\/welovecinema.be\/wp-content\/uploads\/sites\/2\/2014\/02\/DSC0303.jpg 1024w\" sizes=\"auto, (max-width: 640px) 100vw, 640px\" \/><\/a>Fran\u00e7ois Vincentelli qui remettra le Magritte du meilleur espoir f\u00e9minin \u00e0 Pauline Burlet.\u00a0<a href=\"http:\/\/www.cinevox.be\/51649\/_dsc0181\/\" rel=\"attachment wp-att-51653\"><em>[Photo \u00a9\u00a0<\/em><\/a><em><a href=\"https:\/\/www.facebook.com\/Kermodephotograph?fref=ts\" target=\"_blank\">Julien E. Kermode<\/a>\u00a0<\/em><em>2014]<\/em><\/p>\n<p>&nbsp;<\/p>\n<p><a href=\"http:\/\/www.cinevox.be\/51649\/_dsc0488\/\" rel=\"attachment wp-att-51668\"><img loading=\"lazy\" decoding=\"async\" class=\"aligncenter size-large wp-image-51668\" src=\"http:\/\/www.cinevox.be\/wp-content\/uploads\/sites\/2\/2014\/02\/DSC0488-800x531.jpg\" alt=\"\" width=\"640\" height=\"424\" srcset=\"https:\/\/welovecinema.be\/wp-content\/uploads\/sites\/2\/2014\/02\/DSC0488-800x531.jpg 800w, https:\/\/welovecinema.be\/wp-content\/uploads\/sites\/2\/2014\/02\/DSC0488-406x270.jpg 406w, https:\/\/welovecinema.be\/wp-content\/uploads\/sites\/2\/2014\/02\/DSC0488.jpg 1024w\" sizes=\"auto, (max-width: 640px) 100vw, 640px\" \/><\/a><\/p>\n<p>&nbsp;<\/p>\n<p>Audrey Fleurot, la rousse incendiaire du cin\u00e9ma fran\u00e7ais, actuellement \u00e0 l&rsquo;affiche dans Belle comme la femme d&rsquo;un autre avec Charlie Dupont.\u00a0<a href=\"http:\/\/www.cinevox.be\/51649\/_dsc0181\/\" rel=\"attachment wp-att-51653\"><em>[Photo \u00a9\u00a0<\/em><\/a><em><a href=\"https:\/\/www.facebook.com\/Kermodephotograph?fref=ts\" target=\"_blank\">Julien E. Kermode<\/a>\u00a0<\/em><em>2014]<\/em><\/p>\n<p>&nbsp;<\/p>\n<p><a href=\"http:\/\/www.cinevox.be\/51649\/_dsc0391\/\" rel=\"attachment wp-att-51669\"><img loading=\"lazy\" decoding=\"async\" class=\"aligncenter size-large wp-image-51669\" src=\"http:\/\/www.cinevox.be\/wp-content\/uploads\/sites\/2\/2014\/02\/DSC0391-800x531.jpg\" alt=\"\" width=\"640\" height=\"424\" srcset=\"https:\/\/welovecinema.be\/wp-content\/uploads\/sites\/2\/2014\/02\/DSC0391-800x531.jpg 800w, https:\/\/welovecinema.be\/wp-content\/uploads\/sites\/2\/2014\/02\/DSC0391-406x270.jpg 406w, https:\/\/welovecinema.be\/wp-content\/uploads\/sites\/2\/2014\/02\/DSC0391.jpg 1024w\" sizes=\"auto, (max-width: 640px) 100vw, 640px\" \/><\/a>Sam Louwijck, une des quatre personnalit\u00e9s en lice pour d\u00e9crocher le Magritte du meilleur acteur de l&rsquo;ann\u00e9e pour sa prestation dans La Cinqui\u00e8me Saison.\u00a0<a href=\"http:\/\/www.cinevox.be\/51649\/_dsc0181\/\" rel=\"attachment wp-att-51653\"><em>[Photo \u00a9\u00a0<\/em><\/a><em><a href=\"https:\/\/www.facebook.com\/Kermodephotograph?fref=ts\" target=\"_blank\">Julien E. Kermode<\/a>\u00a0<\/em><em>2014]<\/em><\/p>\n<p>&nbsp;<\/p>\n<p><a href=\"http:\/\/www.cinevox.be\/51649\/_dsc0520\/\" rel=\"attachment wp-att-51670\"><img loading=\"lazy\" decoding=\"async\" class=\"aligncenter size-large wp-image-51670\" src=\"http:\/\/www.cinevox.be\/wp-content\/uploads\/sites\/2\/2014\/02\/DSC0520-769x600.jpg\" alt=\"\" width=\"640\" height=\"499\" srcset=\"https:\/\/welovecinema.be\/wp-content\/uploads\/sites\/2\/2014\/02\/DSC0520-769x600.jpg 769w, https:\/\/welovecinema.be\/wp-content\/uploads\/sites\/2\/2014\/02\/DSC0520-346x270.jpg 346w, https:\/\/welovecinema.be\/wp-content\/uploads\/sites\/2\/2014\/02\/DSC0520.jpg 985w\" sizes=\"auto, (max-width: 640px) 100vw, 640px\" \/><\/a>Patrick Ridremont en course pour le C\u00e9sar du meilleur film \u00e9tranger avec Dead Man Talking n&rsquo;en d\u00e9plaise \u00e0 une certaine presse. \u00a0<a href=\"http:\/\/www.cinevox.be\/51649\/_dsc0181\/\" rel=\"attachment wp-att-51653\"><em>[Photo \u00a9\u00a0<\/em><\/a><em><a href=\"https:\/\/www.facebook.com\/Kermodephotograph?fref=ts\" target=\"_blank\">Julien E. Kermode<\/a>\u00a0<\/em><em>2014]<\/em><\/p>\n<p>&nbsp;<\/p>\n<p><a href=\"http:\/\/www.cinevox.be\/51649\/_dsc0177\/\" rel=\"attachment wp-att-51671\"><img loading=\"lazy\" decoding=\"async\" class=\"aligncenter size-large wp-image-51671\" src=\"http:\/\/www.cinevox.be\/wp-content\/uploads\/sites\/2\/2014\/02\/DSC0177-800x531.jpg\" alt=\"\" width=\"640\" height=\"424\" srcset=\"https:\/\/welovecinema.be\/wp-content\/uploads\/sites\/2\/2014\/02\/DSC0177-800x531.jpg 800w, https:\/\/welovecinema.be\/wp-content\/uploads\/sites\/2\/2014\/02\/DSC0177-406x270.jpg 406w, https:\/\/welovecinema.be\/wp-content\/uploads\/sites\/2\/2014\/02\/DSC0177.jpg 1024w\" sizes=\"auto, (max-width: 640px) 100vw, 640px\" \/><\/a>Le tonique et tellement sympathique Jan Hammenecker, en course, lui aussi, pour le Magritte du meilleur acteur. \u00a0<a href=\"http:\/\/www.cinevox.be\/51649\/_dsc0181\/\" rel=\"attachment wp-att-51653\"><em>[Photo \u00a9\u00a0<\/em><\/a><em><a href=\"https:\/\/www.facebook.com\/Kermodephotograph?fref=ts\" target=\"_blank\">Julien E. Kermode<\/a>\u00a0<\/em><em>2014]<\/em><\/p>\n<p>&nbsp;<\/p>\n<p><a href=\"http:\/\/www.cinevox.be\/51649\/_dsc0653\/\" rel=\"attachment wp-att-51672\"><img loading=\"lazy\" decoding=\"async\" class=\"aligncenter size-large wp-image-51672\" src=\"http:\/\/www.cinevox.be\/wp-content\/uploads\/sites\/2\/2014\/02\/DSC0653-800x531.jpg\" alt=\"\" width=\"640\" height=\"424\" srcset=\"https:\/\/welovecinema.be\/wp-content\/uploads\/sites\/2\/2014\/02\/DSC0653-800x531.jpg 800w, https:\/\/welovecinema.be\/wp-content\/uploads\/sites\/2\/2014\/02\/DSC0653-406x270.jpg 406w, https:\/\/welovecinema.be\/wp-content\/uploads\/sites\/2\/2014\/02\/DSC0653.jpg 1024w\" sizes=\"auto, (max-width: 640px) 100vw, 640px\" \/><\/a>Stephan Streker, r\u00e9alisateur de Le Monde nous appartient, nomm\u00e9 trois fois.\u00a0<a href=\"http:\/\/www.cinevox.be\/51649\/_dsc0181\/\" rel=\"attachment wp-att-51653\"><em>[Photo \u00a9\u00a0<\/em><\/a><em><a href=\"https:\/\/www.facebook.com\/Kermodephotograph?fref=ts\" target=\"_blank\">Julien E. Kermode<\/a>\u00a0<\/em><em>2014]<\/em><\/p>\n<p>&nbsp;<\/p>\n<p><a href=\"http:\/\/www.cinevox.be\/51649\/_dsc0697\/\" rel=\"attachment wp-att-51673\"><img loading=\"lazy\" decoding=\"async\" class=\"aligncenter size-large wp-image-51673\" src=\"http:\/\/www.cinevox.be\/wp-content\/uploads\/sites\/2\/2014\/02\/DSC0697-800x531.jpg\" alt=\"\" width=\"640\" height=\"424\" srcset=\"https:\/\/welovecinema.be\/wp-content\/uploads\/sites\/2\/2014\/02\/DSC0697-800x531.jpg 800w, https:\/\/welovecinema.be\/wp-content\/uploads\/sites\/2\/2014\/02\/DSC0697-406x270.jpg 406w, https:\/\/welovecinema.be\/wp-content\/uploads\/sites\/2\/2014\/02\/DSC0697.jpg 1024w\" sizes=\"auto, (max-width: 640px) 100vw, 640px\" \/><\/a>Le premier ministre Elio Di Rupo n&rsquo;a pas cherch\u00e9 \u00e0 se d\u00e9filer face aux manifestants. Message entendu? \u00a0<a href=\"http:\/\/www.cinevox.be\/51649\/_dsc0181\/\" rel=\"attachment wp-att-51653\"><em>[Photo \u00a9\u00a0<\/em><\/a><em><a href=\"https:\/\/www.facebook.com\/Kermodephotograph?fref=ts\" target=\"_blank\">Julien E. Kermode<\/a>\u00a0<\/em><em>2014]<\/em><\/p>\n<p>&nbsp;<\/p>\n<p>&nbsp;<\/p>\n<p>&nbsp;<\/p>\n<p>&nbsp;<\/p>\n<p>&nbsp;<\/p>\n<p>&nbsp;<\/p>\n<p>&nbsp;<\/p>\n<p>&nbsp;<\/p>\n<p>&nbsp;<\/p>\n","protected":false},"excerpt":{"rendered":"<p>Julien E. Kermode, un autre de nos photographes \u00e9tait \u00e9galement post\u00e9 au bas des marches bleues du Mont des Arts, d\u00e8s 18h15. Autre axe, autres perspectives pour capter les regards, enthousiastes ou inquiets, les sourires aussi. Beaucoup de sourires, de franches accolades et de vraies rigolades. Les Magritte, c&rsquo;est \u00e7a aussi (surtout)<\/p>\n","protected":false},"author":7,"featured_media":51676,"comment_status":"closed","ping_status":"closed","sticky":false,"template":"","format":"standard","meta":{"ngg_post_thumbnail":0,"footnotes":""},"categories":[1923,7],"tags":[],"class_list":["post-51649","post","type-post","status-publish","format-standard","has-post-thumbnail","","category-en-bref","category-actualites"],"yoast_head":"<!-- This site is optimized with the Yoast SEO plugin v20.4 - https:\/\/yoast.com\/wordpress\/plugins\/seo\/ -->\n<title>En bas des marches (2) - We Love Cinema<\/title>\n<meta name=\"robots\" content=\"index, follow, max-snippet:-1, max-image-preview:large, max-video-preview:-1\" \/>\n<link rel=\"canonical\" href=\"https:\/\/welovecinema.be\/fr\/51649\/\" \/>\n<meta property=\"og:locale\" content=\"fr_FR\" \/>\n<meta property=\"og:type\" content=\"article\" \/>\n<meta property=\"og:title\" content=\"En bas des marches (2) - We Love Cinema\" \/>\n<meta property=\"og:description\" content=\"Julien E. Kermode, un autre de nos photographes \u00e9tait \u00e9galement post\u00e9 au bas des marches bleues du Mont des Arts, d\u00e8s 18h15. Autre axe, autres perspectives pour capter les regards, enthousiastes ou inquiets, les sourires aussi. Beaucoup de sourires, de franches accolades et de vraies rigolades. Les Magritte, c&rsquo;est \u00e7a aussi (surtout)\" \/>\n<meta property=\"og:url\" content=\"https:\/\/welovecinema.be\/fr\/51649\/\" \/>\n<meta property=\"og:site_name\" content=\"We Love Cinema\" \/>\n<meta property=\"article:publisher\" content=\"https:\/\/www.facebook.com\/welovecinema.be\" \/>\n<meta property=\"article:published_time\" content=\"2014-02-02T13:07:20+00:00\" \/>\n<meta property=\"article:modified_time\" content=\"2015-02-09T17:34:19+00:00\" \/>\n<meta property=\"og:image\" content=\"https:\/\/welovecinema.be\/wp-content\/uploads\/sites\/2\/2014\/02\/DSC0015.jpg\" \/>\n\t<meta property=\"og:image:width\" content=\"1024\" \/>\n\t<meta property=\"og:image:height\" content=\"522\" \/>\n\t<meta property=\"og:image:type\" content=\"image\/jpeg\" \/>\n<meta name=\"author\" content=\"Philippe.Pierquin\" \/>\n<meta name=\"twitter:card\" content=\"summary_large_image\" \/>\n<meta name=\"twitter:label1\" content=\"\u00c9crit par\" \/>\n\t<meta name=\"twitter:data1\" content=\"Philippe.Pierquin\" \/>\n\t<meta name=\"twitter:label2\" content=\"Dur\u00e9e de lecture estim\u00e9e\" \/>\n\t<meta name=\"twitter:data2\" content=\"2 minutes\" \/>\n<script type=\"application\/ld+json\" class=\"yoast-schema-graph\">{\"@context\":\"https:\/\/schema.org\",\"@graph\":[{\"@type\":\"Article\",\"@id\":\"https:\/\/welovecinema.be\/fr\/51649\/#article\",\"isPartOf\":{\"@id\":\"https:\/\/welovecinema.be\/fr\/51649\/\"},\"author\":{\"name\":\"Philippe.Pierquin\",\"@id\":\"https:\/\/welovecinema.be\/nl\/#\/schema\/person\/4b9b1d857f0943453a38a7c2859ef756\"},\"headline\":\"En bas des marches (2)\",\"datePublished\":\"2014-02-02T13:07:20+00:00\",\"dateModified\":\"2015-02-09T17:34:19+00:00\",\"mainEntityOfPage\":{\"@id\":\"https:\/\/welovecinema.be\/fr\/51649\/\"},\"wordCount\":427,\"publisher\":{\"@id\":\"https:\/\/welovecinema.be\/nl\/#organization\"},\"articleSection\":[\"En bref\",\"News\"],\"inLanguage\":\"fr-FR\"},{\"@type\":\"WebPage\",\"@id\":\"https:\/\/welovecinema.be\/fr\/51649\/\",\"url\":\"https:\/\/welovecinema.be\/fr\/51649\/\",\"name\":\"En bas des marches (2) - We Love Cinema\",\"isPartOf\":{\"@id\":\"https:\/\/welovecinema.be\/nl\/#website\"},\"datePublished\":\"2014-02-02T13:07:20+00:00\",\"dateModified\":\"2015-02-09T17:34:19+00:00\",\"breadcrumb\":{\"@id\":\"https:\/\/welovecinema.be\/fr\/51649\/#breadcrumb\"},\"inLanguage\":\"fr-FR\",\"potentialAction\":[{\"@type\":\"ReadAction\",\"target\":[\"https:\/\/welovecinema.be\/fr\/51649\/\"]}]},{\"@type\":\"BreadcrumbList\",\"@id\":\"https:\/\/welovecinema.be\/fr\/51649\/#breadcrumb\",\"itemListElement\":[{\"@type\":\"ListItem\",\"position\":1,\"name\":\"Accueil\",\"item\":\"https:\/\/welovecinema.be\/fr\/\"},{\"@type\":\"ListItem\",\"position\":2,\"name\":\"En bas des marches (2)\"}]},{\"@type\":\"WebSite\",\"@id\":\"https:\/\/welovecinema.be\/nl\/#website\",\"url\":\"https:\/\/welovecinema.be\/nl\/\",\"name\":\"We Love Cinema\",\"description\":\"Toute l\u2019information du cin\u00e9ma en Belgique\",\"publisher\":{\"@id\":\"https:\/\/welovecinema.be\/nl\/#organization\"},\"potentialAction\":[{\"@type\":\"SearchAction\",\"target\":{\"@type\":\"EntryPoint\",\"urlTemplate\":\"https:\/\/welovecinema.be\/nl\/?s={search_term_string}\"},\"query-input\":\"required name=search_term_string\"}],\"inLanguage\":\"fr-FR\"},{\"@type\":\"Organization\",\"@id\":\"https:\/\/welovecinema.be\/nl\/#organization\",\"name\":\"We Love Cinema\",\"url\":\"https:\/\/welovecinema.be\/nl\/\",\"logo\":{\"@type\":\"ImageObject\",\"inLanguage\":\"fr-FR\",\"@id\":\"https:\/\/welovecinema.be\/nl\/#\/schema\/logo\/image\/\",\"url\":\"https:\/\/welovecinema.be\/wp-content\/uploads\/sites\/2\/2023\/03\/Logo-We-Love-Cinema305x128.jpg\",\"contentUrl\":\"https:\/\/welovecinema.be\/wp-content\/uploads\/sites\/2\/2023\/03\/Logo-We-Love-Cinema305x128.jpg\",\"width\":305,\"height\":128,\"caption\":\"We Love Cinema\"},\"image\":{\"@id\":\"https:\/\/welovecinema.be\/nl\/#\/schema\/logo\/image\/\"},\"sameAs\":[\"https:\/\/www.facebook.com\/welovecinema.be\",\"https:\/\/www.youtube.com\/channel\/UCX5LYGVhnKvYauW4Nta4HJA\",\"https:\/\/www.instagram.com\/welovecinema.be\/\"]},{\"@type\":\"Person\",\"@id\":\"https:\/\/welovecinema.be\/nl\/#\/schema\/person\/4b9b1d857f0943453a38a7c2859ef756\",\"name\":\"Philippe.Pierquin\",\"url\":\"https:\/\/welovecinema.be\/fr\/author\/philippe-pierquin\/\"}]}<\/script>\n<!-- \/ Yoast SEO plugin. -->","yoast_head_json":{"title":"En bas des marches (2) - We Love Cinema","robots":{"index":"index","follow":"follow","max-snippet":"max-snippet:-1","max-image-preview":"max-image-preview:large","max-video-preview":"max-video-preview:-1"},"canonical":"https:\/\/welovecinema.be\/fr\/51649\/","og_locale":"fr_FR","og_type":"article","og_title":"En bas des marches (2) - We Love Cinema","og_description":"Julien E. Kermode, un autre de nos photographes \u00e9tait \u00e9galement post\u00e9 au bas des marches bleues du Mont des Arts, d\u00e8s 18h15. Autre axe, autres perspectives pour capter les regards, enthousiastes ou inquiets, les sourires aussi. Beaucoup de sourires, de franches accolades et de vraies rigolades. Les Magritte, c&rsquo;est \u00e7a aussi (surtout)","og_url":"https:\/\/welovecinema.be\/fr\/51649\/","og_site_name":"We Love Cinema","article_publisher":"https:\/\/www.facebook.com\/welovecinema.be","article_published_time":"2014-02-02T13:07:20+00:00","article_modified_time":"2015-02-09T17:34:19+00:00","og_image":[{"width":1024,"height":522,"url":"https:\/\/welovecinema.be\/wp-content\/uploads\/sites\/2\/2014\/02\/DSC0015.jpg","type":"image\/jpeg"}],"author":"Philippe.Pierquin","twitter_card":"summary_large_image","twitter_misc":{"\u00c9crit par":"Philippe.Pierquin","Dur\u00e9e de lecture estim\u00e9e":"2 minutes"},"schema":{"@context":"https:\/\/schema.org","@graph":[{"@type":"Article","@id":"https:\/\/welovecinema.be\/fr\/51649\/#article","isPartOf":{"@id":"https:\/\/welovecinema.be\/fr\/51649\/"},"author":{"name":"Philippe.Pierquin","@id":"https:\/\/welovecinema.be\/nl\/#\/schema\/person\/4b9b1d857f0943453a38a7c2859ef756"},"headline":"En bas des marches (2)","datePublished":"2014-02-02T13:07:20+00:00","dateModified":"2015-02-09T17:34:19+00:00","mainEntityOfPage":{"@id":"https:\/\/welovecinema.be\/fr\/51649\/"},"wordCount":427,"publisher":{"@id":"https:\/\/welovecinema.be\/nl\/#organization"},"articleSection":["En bref","News"],"inLanguage":"fr-FR"},{"@type":"WebPage","@id":"https:\/\/welovecinema.be\/fr\/51649\/","url":"https:\/\/welovecinema.be\/fr\/51649\/","name":"En bas des marches (2) - We Love Cinema","isPartOf":{"@id":"https:\/\/welovecinema.be\/nl\/#website"},"datePublished":"2014-02-02T13:07:20+00:00","dateModified":"2015-02-09T17:34:19+00:00","breadcrumb":{"@id":"https:\/\/welovecinema.be\/fr\/51649\/#breadcrumb"},"inLanguage":"fr-FR","potentialAction":[{"@type":"ReadAction","target":["https:\/\/welovecinema.be\/fr\/51649\/"]}]},{"@type":"BreadcrumbList","@id":"https:\/\/welovecinema.be\/fr\/51649\/#breadcrumb","itemListElement":[{"@type":"ListItem","position":1,"name":"Accueil","item":"https:\/\/welovecinema.be\/fr\/"},{"@type":"ListItem","position":2,"name":"En bas des marches (2)"}]},{"@type":"WebSite","@id":"https:\/\/welovecinema.be\/nl\/#website","url":"https:\/\/welovecinema.be\/nl\/","name":"We Love Cinema","description":"Toute l\u2019information du cin\u00e9ma en Belgique","publisher":{"@id":"https:\/\/welovecinema.be\/nl\/#organization"},"potentialAction":[{"@type":"SearchAction","target":{"@type":"EntryPoint","urlTemplate":"https:\/\/welovecinema.be\/nl\/?s={search_term_string}"},"query-input":"required name=search_term_string"}],"inLanguage":"fr-FR"},{"@type":"Organization","@id":"https:\/\/welovecinema.be\/nl\/#organization","name":"We Love Cinema","url":"https:\/\/welovecinema.be\/nl\/","logo":{"@type":"ImageObject","inLanguage":"fr-FR","@id":"https:\/\/welovecinema.be\/nl\/#\/schema\/logo\/image\/","url":"https:\/\/welovecinema.be\/wp-content\/uploads\/sites\/2\/2023\/03\/Logo-We-Love-Cinema305x128.jpg","contentUrl":"https:\/\/welovecinema.be\/wp-content\/uploads\/sites\/2\/2023\/03\/Logo-We-Love-Cinema305x128.jpg","width":305,"height":128,"caption":"We Love Cinema"},"image":{"@id":"https:\/\/welovecinema.be\/nl\/#\/schema\/logo\/image\/"},"sameAs":["https:\/\/www.facebook.com\/welovecinema.be","https:\/\/www.youtube.com\/channel\/UCX5LYGVhnKvYauW4Nta4HJA","https:\/\/www.instagram.com\/welovecinema.be\/"]},{"@type":"Person","@id":"https:\/\/welovecinema.be\/nl\/#\/schema\/person\/4b9b1d857f0943453a38a7c2859ef756","name":"Philippe.Pierquin","url":"https:\/\/welovecinema.be\/fr\/author\/philippe-pierquin\/"}]}},"_links":{"self":[{"href":"https:\/\/welovecinema.be\/fr\/wp-json\/wp\/v2\/posts\/51649","targetHints":{"allow":["GET"]}}],"collection":[{"href":"https:\/\/welovecinema.be\/fr\/wp-json\/wp\/v2\/posts"}],"about":[{"href":"https:\/\/welovecinema.be\/fr\/wp-json\/wp\/v2\/types\/post"}],"author":[{"embeddable":true,"href":"https:\/\/welovecinema.be\/fr\/wp-json\/wp\/v2\/users\/7"}],"replies":[{"embeddable":true,"href":"https:\/\/welovecinema.be\/fr\/wp-json\/wp\/v2\/comments?post=51649"}],"version-history":[{"count":0,"href":"https:\/\/welovecinema.be\/fr\/wp-json\/wp\/v2\/posts\/51649\/revisions"}],"wp:featuredmedia":[{"embeddable":true,"href":"https:\/\/welovecinema.be\/fr\/wp-json\/wp\/v2\/media\/51676"}],"wp:attachment":[{"href":"https:\/\/welovecinema.be\/fr\/wp-json\/wp\/v2\/media?parent=51649"}],"wp:term":[{"taxonomy":"category","embeddable":true,"href":"https:\/\/welovecinema.be\/fr\/wp-json\/wp\/v2\/categories?post=51649"},{"taxonomy":"post_tag","embeddable":true,"href":"https:\/\/welovecinema.be\/fr\/wp-json\/wp\/v2\/tags?post=51649"}],"curies":[{"name":"wp","href":"https:\/\/api.w.org\/{rel}","templated":true}]}}