{"id":51580,"date":"2014-02-01T22:52:23","date_gmt":"2014-02-01T21:52:23","guid":{"rendered":"http:\/\/www.cinevox.be\/?p=51580"},"modified":"2014-02-02T02:55:35","modified_gmt":"2014-02-02T01:55:35","slug":"des-magritte-un-et-une-souris","status":"publish","type":"post","link":"https:\/\/welovecinema.be\/fr\/des-magritte-un-et-une-souris\/","title":{"rendered":"Des Magritte, un ours et une souris"},"content":{"rendered":"<p>Apr\u00e8s trois \u00e9ditions cons\u00e9cutivement domin\u00e9es par Mr Nobody de Jaco Van Dormael, Les G\u00e9ants et Rundskop, puis A Perdre la Raison de Joachim Lafosse, cette quatri\u00e8me c\u00e9r\u00e9monie des Magritte du cin\u00e9ma paraissait de prime abord plus ouverte.<\/p>\n<p>Le premier tour de scrutin qui d\u00e9boucha sur les nominations publi\u00e9es le 8 janvier mettait pourtant en lumi\u00e8re Tango Libre, quatri\u00e8me long m\u00e9trage de Fred Fonteyne qui, avec ses 10 nominations, devenait l&rsquo;in\u00e9vitable favori de la f\u00eate.<!--more--><\/p>\n<p>&nbsp;<\/p>\n<p>Avec ses sept citations, l&rsquo;\u00e9quipe d&rsquo;Au nom du fils, r\u00e9cemment couronn\u00e9e d&rsquo;un M\u00e9li\u00e8s d&rsquo;or europ\u00e9en, \u00e9tait d\u00e9j\u00e0 ravie d&rsquo;avoir cr\u00e9\u00e9 la surprise. Elle ne s&rsquo;est pas priv\u00e9e, depuis lors, de f\u00eater cet heureux \u00e9v\u00e8nement. Pour le reste, elle s&rsquo;en remettait au destin et comptait surtout profiter de la soir\u00e9e pour faire la fiesta et boucler une aventure extraordinaire qui avait d\u00e9pass\u00e9 leurs attentes les plus folles.<\/p>\n<p>Tension d&rsquo;un c\u00f4t\u00e9, totale d\u00e9contraction de l&rsquo;autre: toute la saveur de ces Magritte reposait sur cette dualit\u00e9. Et sur la pr\u00e9sence d&rsquo;un ours et d&rsquo;une souris qui n&rsquo;avaient pas dit leur dernier mot. C\u00e9saris\u00e9 en mars dernier, en course pour les prochains Oscars, Ernest et C\u00e9lestine pouvait tr\u00e8s bien repartir ce soir avec trois r\u00e9compenses.<\/p>\n<p>&nbsp;<\/p>\n<p><a href=\"http:\/\/www.cinevox.be\/des-magritte-un-et-une-souris\/img_9623\/\" rel=\"attachment wp-att-51609\"><img loading=\"lazy\" decoding=\"async\" class=\"aligncenter size-large wp-image-51609\" alt=\"\" src=\"http:\/\/www.cinevox.be\/wp-content\/uploads\/sites\/2\/2014\/02\/IMG_9623-800x517.jpg\" width=\"640\" height=\"413\" srcset=\"https:\/\/welovecinema.be\/wp-content\/uploads\/sites\/2\/2014\/02\/IMG_9623-800x517.jpg 800w, https:\/\/welovecinema.be\/wp-content\/uploads\/sites\/2\/2014\/02\/IMG_9623-417x270.jpg 417w\" sizes=\"auto, (max-width: 640px) 100vw, 640px\" \/><\/a><\/p>\n<p>&nbsp;<\/p>\n<p>&nbsp;<\/p>\n<p><strong>LA C\u00c9R\u00c9MONIE<\/strong><\/p>\n<p>&nbsp;<\/p>\n<p>Ces Magritte 2014 commencent par la traditionnelle descente des marches bleues. Ils sont venus, ils sont (presque) tous l\u00e0 et l&rsquo;ambiance est particuli\u00e8rement bon enfant.<\/p>\n<p>&nbsp;<\/p>\n<p><a href=\"http:\/\/www.cinevox.be\/des-magritte-un-et-une-souris\/img_9597\/\" rel=\"attachment wp-att-51610\"><img loading=\"lazy\" decoding=\"async\" class=\"aligncenter size-large wp-image-51610\" alt=\"\" src=\"http:\/\/www.cinevox.be\/wp-content\/uploads\/sites\/2\/2014\/02\/IMG_9597-800x514.jpg\" width=\"640\" height=\"411\" srcset=\"https:\/\/welovecinema.be\/wp-content\/uploads\/sites\/2\/2014\/02\/IMG_9597-800x514.jpg 800w, https:\/\/welovecinema.be\/wp-content\/uploads\/sites\/2\/2014\/02\/IMG_9597-419x270.jpg 419w\" sizes=\"auto, (max-width: 640px) 100vw, 640px\" \/><\/a><\/p>\n<p>&nbsp;<\/p>\n<p>Beaucoup d&rsquo;acteurs, de techniciens, de r\u00e9alisateurs se sont install\u00e9s tout le long du tapis, pomme en main comme il y a deux ans. Pour faire part de leurs craintes quant \u00e0 la modification de leur statut. Mais sans agressivit\u00e9 aucune. La descente de la ministre Fadila Laanan sera longue, mais cordiale. Celle du Premier Ministre Elio Di Rupo aussi.<\/p>\n<p>&nbsp;<\/p>\n<p><a href=\"http:\/\/www.cinevox.be\/des-magritte-un-et-une-souris\/img_0024\/\" rel=\"attachment wp-att-51602\"><img loading=\"lazy\" decoding=\"async\" class=\"aligncenter size-large wp-image-51602\" alt=\"\" src=\"http:\/\/www.cinevox.be\/wp-content\/uploads\/sites\/2\/2014\/02\/IMG_0024-800x487.jpg\" width=\"640\" height=\"389\" srcset=\"https:\/\/welovecinema.be\/wp-content\/uploads\/sites\/2\/2014\/02\/IMG_0024-800x487.jpg 800w, https:\/\/welovecinema.be\/wp-content\/uploads\/sites\/2\/2014\/02\/IMG_0024-442x270.jpg 442w\" sizes=\"auto, (max-width: 640px) 100vw, 640px\" \/><\/a><\/p>\n<p>&nbsp;<\/p>\n<p>Comme d&rsquo;habitude, la salle est comble et l&rsquo;ambiance chaleureuse. Dans tous les sens du terme. En off, avant la c\u00e9r\u00e9monie, mais devant une salle attentive, Luc Jabon et Patrick Quinet insistent aupr\u00e8s des politiques pr\u00e9sents sur l&rsquo;importance de r\u00e9gler rapidement les probl\u00e8mes li\u00e9s au statut des artistes (tonnerre d&rsquo;applaudissements), mais aussi au droit d&rsquo;auteur&#8230;et au tax shelter.<\/p>\n<p>La c\u00e9r\u00e9monie d\u00e9bute sur un ton sportif avec l&rsquo;entr\u00e9e de Fabrizio Rongione en boxeur. Bien vu, car le ma\u00eetre de c\u00e9r\u00e9monie ouvre sur un round tonitruant o\u00f9 il se paie les nomin\u00e9s et les politiques dans un m\u00eame \u00e9lan enthousiaste&#8230;et iconoclaste. M\u00eame une alarme impromptue ne le d\u00e9sar\u00e7onne pas.<br \/>\nClasse aussi l&rsquo;intervention d&rsquo;Emilie Dequenne en pr\u00e9sidente \u00e9mue et \u00e9mouvante.<\/p>\n<p>&nbsp;<\/p>\n<p>&nbsp;<\/p>\n<p><strong>LES LAUREATS<\/strong><\/p>\n<p>&nbsp;<\/p>\n<p>Fran\u00e7ois Vincentelli remet le premier Magritte, celui du meilleur espoir f\u00e9minin \u00e0 une Pauline Burlet boulevers\u00e9e et stup\u00e9faite. Un bonheur qui fait plaisir, c&rsquo;est le moins qu&rsquo;on puisse dire. La jeune Montoise a \u00e9pat\u00e9 son monde avec Le Pass\u00e9. Les professionnels belges aussi.<\/p>\n<p>&nbsp;<\/p>\n<p><a href=\"http:\/\/www.cinevox.be\/des-magritte-un-et-une-souris\/img_0196\/\" rel=\"attachment wp-att-51603\"><img loading=\"lazy\" decoding=\"async\" class=\"aligncenter size-large wp-image-51603\" alt=\"\" src=\"http:\/\/www.cinevox.be\/wp-content\/uploads\/sites\/2\/2014\/02\/IMG_0196-800x506.jpg\" width=\"640\" height=\"404\" srcset=\"https:\/\/welovecinema.be\/wp-content\/uploads\/sites\/2\/2014\/02\/IMG_0196-800x506.jpg 800w, https:\/\/welovecinema.be\/wp-content\/uploads\/sites\/2\/2014\/02\/IMG_0196-426x270.jpg 426w\" sizes=\"auto, (max-width: 640px) 100vw, 640px\" \/><\/a><\/p>\n<p>&nbsp;<\/p>\n<p>Anne-Pascale Clairembourg, couronn\u00e9e l&rsquo;an dernier pour Mobile Home, remet ensuite le prix du meilleur espoir \u00e0 Achille Ridolfi pour sa prestation 5 \u00e9toiles dans Au nom du fils. L&rsquo;acteur se fend d&rsquo;un petit speech touchant et est la tout premi\u00e8re personnalit\u00e9 r\u00e9compens\u00e9e aux Magritte \u00e0 remercier sur sc\u00e8ne Cinevox pour son soutien. Autant vous dire que \u00e7a nous touche en plein coeur.<\/p>\n<p>Le Magritte du meilleur sc\u00e9nario revient \u00e0 une Anne Paulicevich aphone et \u00e0 Philippe Blasband pour Tango Libre.<\/p>\n<p>Edouard Vermeulen et la d\u00e9licieuse B\u00e9rang\u00e8re Mc Neese ont la double t\u00e2che de remettre les Magritte du meilleur d\u00e9cor et du meilleur costume. Le premier revient \u00e0 V\u00e9ronique Sacrez pour Tango Libre qui double donc d\u00e9j\u00e0 la mise. Le second \u00e0 Catherine Marchand pour son tr\u00e8s beau travail sur le trop peu nomm\u00e9 Vijay and I<\/p>\n<p>&nbsp;<\/p>\n<p><a href=\"http:\/\/www.cinevox.be\/des-magritte-un-et-une-souris\/1558553_10152207735094803_1319412460_n\/\" rel=\"attachment wp-att-51604\"><img loading=\"lazy\" decoding=\"async\" class=\"aligncenter size-large wp-image-51604\" alt=\"\" src=\"http:\/\/www.cinevox.be\/wp-content\/uploads\/sites\/2\/2014\/02\/1558553_10152207735094803_1319412460_n-800x533.jpg\" width=\"640\" height=\"426\" srcset=\"https:\/\/welovecinema.be\/wp-content\/uploads\/sites\/2\/2014\/02\/1558553_10152207735094803_1319412460_n-800x533.jpg 800w, https:\/\/welovecinema.be\/wp-content\/uploads\/sites\/2\/2014\/02\/1558553_10152207735094803_1319412460_n-405x270.jpg 405w, https:\/\/welovecinema.be\/wp-content\/uploads\/sites\/2\/2014\/02\/1558553_10152207735094803_1319412460_n.jpg 960w\" sizes=\"auto, (max-width: 640px) 100vw, 640px\" \/><\/a><\/p>\n<p style=\"text-align: right;\"><em>[Photo \u00a0\u00a9\u00a0<a href=\"http:\/\/www.flickr.com\/photos\/rudy_lamboray\/\" target=\"_blank\">Rudy Lamboray\u00a0<\/a>]<\/em><\/p>\n<p>&nbsp;<\/p>\n<p>Petite parenth\u00e8se pour l&rsquo;annuel Magritte d&rsquo;honneur remis cette ann\u00e9e \u00e0 l&rsquo;immense Emir Kusturica. Standing ovation m\u00e9rit\u00e9e pour ce r\u00e9alisateur qui a d\u00e9j\u00e0 remport\u00e9 deux Palmes d&rsquo;Or entre autres r\u00e9compenses exceptionnelles. En fran\u00e7ais, le cin\u00e9aste remercie la Belgique et rend un hommage \u00e0 Eliane Du Bois, directrice de Cineart d\u00e9c\u00e9d\u00e9e cette ann\u00e9e.<\/p>\n<p>&nbsp;<\/p>\n<p><a href=\"http:\/\/www.cinevox.be\/des-magritte-un-et-une-souris\/img_0240\/\" rel=\"attachment wp-att-51605\"><img loading=\"lazy\" decoding=\"async\" class=\"aligncenter size-large wp-image-51605\" alt=\"\" src=\"http:\/\/www.cinevox.be\/wp-content\/uploads\/sites\/2\/2014\/02\/IMG_0240-800x533.jpg\" width=\"640\" height=\"426\" srcset=\"https:\/\/welovecinema.be\/wp-content\/uploads\/sites\/2\/2014\/02\/IMG_0240-800x533.jpg 800w, https:\/\/welovecinema.be\/wp-content\/uploads\/sites\/2\/2014\/02\/IMG_0240-405x270.jpg 405w\" sizes=\"auto, (max-width: 640px) 100vw, 640px\" \/><\/a><\/p>\n<p>&nbsp;<\/p>\n<p>Le Magritte du meilleur r\u00e9alisateur de l&rsquo;ann\u00e9e, remis par Virginie Efira, revient \u00e0&#8230; Vincent Patar et St\u00e9phane Aubier. Les deux animateurs belges font partie d&rsquo;un trio avec le Fran\u00e7ais Benjamin Renner qui a initi\u00e9 le projet Ernest et C\u00e9lestine \u00e0 partir de l&rsquo;oeuvre de Gabrielle Vincent. Surpris et heureux les deux papas de Panique au village peuvent d\u00e9sormais envisager le Magritte du meilleur film dans la foul\u00e9e.<\/p>\n<p>&nbsp;<\/p>\n<p>Le Troph\u00e9e de la meilleure actrice dans un second r\u00f4le, remis par Benoit Mariage et L\u00e9a Drucker, couronne Catherine Sal\u00e9e, maman d&rsquo;Ad\u00e8le dans La vie&#8230; d&rsquo;Ad\u00e8le. Elle en profite pour souligner fort justement que si elle n&rsquo;avait pas eu son statut d&rsquo;artiste elle aurait d\u00fb changer de m\u00e9tier, et donc oublier ce Magritte. CQFD.<\/p>\n<p>&nbsp;<\/p>\n<p>Apr\u00e8s un succulent interm\u00e9diaire mettant en vedette un hallucinant Laurent Capelluto interpr\u00e9tant plus de dix r\u00f4les d\u00e9sopilants, Ambre Grouwels (Baby Balloon) remet le Magritte du meilleur court m\u00e9trage \u00e0 Welkom de Pablo Munoz Gomez. Pas de surprise, ce petit bijou est une bombe hilarante.<\/p>\n<p>&nbsp;<\/p>\n<p><a href=\"http:\/\/www.cinevox.be\/des-magritte-un-et-une-souris\/img_9630\/\" rel=\"attachment wp-att-51606\"><img loading=\"lazy\" decoding=\"async\" class=\"aligncenter size-large wp-image-51606\" alt=\"\" src=\"http:\/\/www.cinevox.be\/wp-content\/uploads\/sites\/2\/2014\/02\/IMG_9630-800x533.jpg\" width=\"640\" height=\"426\" srcset=\"https:\/\/welovecinema.be\/wp-content\/uploads\/sites\/2\/2014\/02\/IMG_9630-800x533.jpg 800w, https:\/\/welovecinema.be\/wp-content\/uploads\/sites\/2\/2014\/02\/IMG_9630-405x270.jpg 405w\" sizes=\"auto, (max-width: 640px) 100vw, 640px\" \/><\/a><\/p>\n<p>&nbsp;<\/p>\n<p>Tom Coumans, venu remettre le Magritte du meilleur long m\u00e9trage documentaire livre, lui aussi, un court speech direct sur le statut d&rsquo;artiste pr\u00e9cisant qu&rsquo;il pr\u00e9f\u00e8re le flou artistique au flou politique. C&rsquo;est Benjamin d&rsquo;Aoust, complice de Matthieu Donck qui remporte ici le prix en solo avec La Nuit qu&rsquo;on suppose.<\/p>\n<p>&nbsp;<\/p>\n<p>Lio qui arrive en chantant introduit joliment le Magritte du second r\u00f4le masculin en comparant le cin\u00e9ma \u00e0 une m\u00e9taphore du capitalisme: 1% des acteurs raflent 99% de la lumi\u00e8re. Le troph\u00e9e est d\u00e9cern\u00e9 \u00e0 Laurent Capelluto. Enfin! Cet acteur a le potentiel et l&rsquo;\u00e9toffe des grands r\u00f4les. Il l&rsquo;a d\u00e9j\u00e0 prouv\u00e9. Pourvu qu&rsquo;on lui en donne encore l&rsquo;occasion,<\/p>\n<p>&nbsp;<\/p>\n<p>Le Magritte de la meilleure image est remis par Mona Walraevens \u00e0 Hichame Allaoui\u00e9 pour son fabuleux travail sur Les Chevaux de Dieu (\u00e0 voir, si ce n&rsquo;est d\u00e9j\u00e0 fait). Le fils de feue Eliane du Bois remporte un deuxi\u00e8me prix en deux ans et s&rsquo;impose devant sa maman de cin\u00e9ma, Virginie St Martin, nomm\u00e9e pour Tango Libre, qui ne domine pas la soir\u00e9e comme attendu.<br \/>\nDans la foul\u00e9e, c&rsquo;est Marie-H\u00e9l\u00e8ne Dozot, monteuse des fr\u00e8res Dardenne qui remporte le Magritte du meilleur montage pour Kinshasa Kids<\/p>\n<p>&nbsp;<\/p>\n<p>Emmanuel de Boissieu, Fr\u00e9d\u00e9ric Demolder, Franco Piscopo et Luc Thomas remportent le Magritte du meilleur son pour Ernest et C\u00e9lestine tandis que le Magritte de la meilleure musique file chez Ozark Henri pour Le Monde nous appartient de Stephan Streker.<br \/>\nCe n&rsquo;est pas pour la ramener, mais nos pronostics sont presque tous bons jusqu&rsquo;ici.<\/p>\n<p>&nbsp;<\/p>\n<p><a href=\"http:\/\/www.cinevox.be\/des-magritte-un-et-une-souris\/img_0318\/\" rel=\"attachment wp-att-51607\"><img loading=\"lazy\" decoding=\"async\" class=\"aligncenter size-large wp-image-51607\" alt=\"\" src=\"http:\/\/www.cinevox.be\/wp-content\/uploads\/sites\/2\/2014\/02\/IMG_0318-800x525.jpg\" width=\"640\" height=\"420\" srcset=\"https:\/\/welovecinema.be\/wp-content\/uploads\/sites\/2\/2014\/02\/IMG_0318-800x525.jpg 800w, https:\/\/welovecinema.be\/wp-content\/uploads\/sites\/2\/2014\/02\/IMG_0318-410x270.jpg 410w\" sizes=\"auto, (max-width: 640px) 100vw, 640px\" \/><\/a><\/p>\n<p>Patrick Ridremont, titulaire du Magritte du premier film, remet cette ann\u00e9e ce prix d\u00e9cern\u00e9 par le public \u00e0 Une Chanson pour ma m\u00e8re de Joel Franka, une com\u00e9die avec Dave et&#8230; Fabrizio Rongione.<\/p>\n<p>&nbsp;<\/p>\n<p><a href=\"http:\/\/www.cinevox.be\/des-magritte-un-et-une-souris\/img_0326\/\" rel=\"attachment wp-att-51614\"><img loading=\"lazy\" decoding=\"async\" class=\"aligncenter size-large wp-image-51614\" alt=\"\" src=\"http:\/\/www.cinevox.be\/wp-content\/uploads\/sites\/2\/2014\/02\/IMG_0326-800x533.jpg\" width=\"640\" height=\"426\" srcset=\"https:\/\/welovecinema.be\/wp-content\/uploads\/sites\/2\/2014\/02\/IMG_0326-800x533.jpg 800w, https:\/\/welovecinema.be\/wp-content\/uploads\/sites\/2\/2014\/02\/IMG_0326-405x270.jpg 405w\" sizes=\"auto, (max-width: 640px) 100vw, 640px\" \/><\/a><\/p>\n<p>&nbsp;<\/p>\n<p>Apr\u00e8s un nouvel interm\u00e8de wallywoodien assez spectaculaire, l&rsquo;incandescente Audrey Fleurot vient remettre le Magritte du meilleur film \u00e9tranger en coproduction \u00e0 Genevi\u00e8ve Lemal (Scope pictures) pour La Vie d&rsquo;Ad\u00e8le.<br \/>\nC&rsquo;est au p\u00e9tillant Matteo Simoni, la vedette de Marina, que revient la t\u00e2che l\u00e9gitime de remettre le troph\u00e9e du meilleur film flamand en coproduction \u00e0 Kid de Fien Troch, coproduit ici par Versus.<\/p>\n<p>Restent maintenant trois prix: meilleurs acteur et actrice et meilleur film.<\/p>\n<p>C&rsquo;est Marianne Basler qui offrira le troph\u00e9e du meilleur acteur \u00e0 Benoit Poelvoorde, myst\u00e9rieusement absent de la c\u00e9r\u00e9monie alors qu&rsquo;on l&rsquo;a vu un peu partout en Belgique ces derniers jours. Dommage, vraiment. C&rsquo;est Fabienne Godet, la r\u00e9alisatrice d&rsquo;Une Place sur la terre qui vient chercher son prix.<\/p>\n<p>&nbsp;<\/p>\n<p><a href=\"http:\/\/www.cinevox.be\/des-magritte-un-et-une-souris\/img_0353\/\" rel=\"attachment wp-att-51608\"><img loading=\"lazy\" decoding=\"async\" class=\"aligncenter size-large wp-image-51608\" alt=\"\" src=\"http:\/\/www.cinevox.be\/wp-content\/uploads\/sites\/2\/2014\/02\/IMG_0353-800x402.jpg\" width=\"640\" height=\"321\" srcset=\"https:\/\/welovecinema.be\/wp-content\/uploads\/sites\/2\/2014\/02\/IMG_0353-800x402.jpg 800w, https:\/\/welovecinema.be\/wp-content\/uploads\/sites\/2\/2014\/02\/IMG_0353-480x241.jpg 480w\" sizes=\"auto, (max-width: 640px) 100vw, 640px\" \/><\/a><\/p>\n<p>&nbsp;<\/p>\n<p>Les actrices, elles, sont toutes l\u00e0. On les a crois\u00e9es sur les marches. Ouf! C&rsquo;est St\u00e9phane De Groodt qui va avoir le plaisir de couronner la meilleure d&rsquo;entre elles, pour cette excellente cuv\u00e9e 2014, soit&#8230; Pauline Etienne pour La Religieuse. Pauline a remport\u00e9 le premier Magritte du meilleur espoir en 2011. Sa confirmation est fulgurante.<\/p>\n<p>Ultime Magritte de la soir\u00e9e, celui du meilleur film, port\u00e9 par la pr\u00e9sidente d&rsquo;honneur, Emilie Dequenne revient \u00e0 Ernest et C\u00e9lestine, ce qui \u00e9tait dans l&rsquo;air depuis une bonne heure.<\/p>\n<p>&nbsp;<\/p>\n<p><a href=\"http:\/\/www.cinevox.be\/des-magritte-un-et-une-souris\/img_0383\/\" rel=\"attachment wp-att-51611\"><img loading=\"lazy\" decoding=\"async\" class=\"aligncenter size-large wp-image-51611\" alt=\"\" src=\"http:\/\/www.cinevox.be\/wp-content\/uploads\/sites\/2\/2014\/02\/IMG_0383-800x502.jpg\" width=\"640\" height=\"401\" srcset=\"https:\/\/welovecinema.be\/wp-content\/uploads\/sites\/2\/2014\/02\/IMG_0383-800x502.jpg 800w, https:\/\/welovecinema.be\/wp-content\/uploads\/sites\/2\/2014\/02\/IMG_0383-429x270.jpg 429w\" sizes=\"auto, (max-width: 640px) 100vw, 640px\" \/><\/a><\/p>\n<p>&nbsp;<\/p>\n<p>Ainsi se termine une soir\u00e9e, peut-\u00eatre un peu trop longue et trop \u00e9crite, mais plut\u00f4t \u00e9tonnante dans son d\u00e9roulement et ses laur\u00e9ats. Une soir\u00e9e dont le vainqueur objectif est bien s\u00fbr Ernest et C\u00e9lestine, plus gros succ\u00e8s commercial de l&rsquo;ann\u00e9e pour un film belge francophone, qui a concr\u00e9tis\u00e9 ses trois nominations.<\/p>\n<p>En attendant l&rsquo;Oscar?<\/p>\n","protected":false},"excerpt":{"rendered":"<p>Apr\u00e8s trois \u00e9ditions cons\u00e9cutivement domin\u00e9es par Mr Nobody de Jaco Van Dormael, Les G\u00e9ants et Rundskop, puis A Perdre la Raison de Joachim Lafosse, cette quatri\u00e8me c\u00e9r\u00e9monie des Magritte du cin\u00e9ma paraissait de prime abord plus ouverte. Le premier tour de scrutin qui d\u00e9boucha sur les nominations publi\u00e9es le 8 janvier mettait pourtant en lumi\u00e8re &hellip;<\/p>\n","protected":false},"author":7,"featured_media":51613,"comment_status":"closed","ping_status":"closed","sticky":false,"template":"","format":"standard","meta":{"ngg_post_thumbnail":0,"footnotes":""},"categories":[12],"tags":[],"class_list":["post-51580","post","type-post","status-publish","format-standard","has-post-thumbnail","","category-awards"],"yoast_head":"<!-- This site is optimized with the Yoast SEO plugin v20.4 - https:\/\/yoast.com\/wordpress\/plugins\/seo\/ -->\n<title>Des Magritte, un ours et une souris - We Love Cinema<\/title>\n<meta name=\"robots\" content=\"index, follow, max-snippet:-1, max-image-preview:large, max-video-preview:-1\" \/>\n<link rel=\"canonical\" href=\"https:\/\/welovecinema.be\/fr\/des-magritte-un-et-une-souris\/\" \/>\n<meta property=\"og:locale\" content=\"fr_FR\" \/>\n<meta property=\"og:type\" content=\"article\" \/>\n<meta property=\"og:title\" content=\"Des Magritte, un ours et une souris - We Love Cinema\" \/>\n<meta property=\"og:description\" content=\"Apr\u00e8s trois \u00e9ditions cons\u00e9cutivement domin\u00e9es par Mr Nobody de Jaco Van Dormael, Les G\u00e9ants et Rundskop, puis A Perdre la Raison de Joachim Lafosse, cette quatri\u00e8me c\u00e9r\u00e9monie des Magritte du cin\u00e9ma paraissait de prime abord plus ouverte. Le premier tour de scrutin qui d\u00e9boucha sur les nominations publi\u00e9es le 8 janvier mettait pourtant en lumi\u00e8re &hellip;\" \/>\n<meta property=\"og:url\" content=\"https:\/\/welovecinema.be\/fr\/des-magritte-un-et-une-souris\/\" \/>\n<meta property=\"og:site_name\" content=\"We Love Cinema\" \/>\n<meta property=\"article:publisher\" content=\"https:\/\/www.facebook.com\/welovecinema.be\" \/>\n<meta property=\"article:published_time\" content=\"2014-02-01T21:52:23+00:00\" \/>\n<meta property=\"article:modified_time\" content=\"2014-02-02T01:55:35+00:00\" \/>\n<meta property=\"og:image\" content=\"https:\/\/welovecinema.be\/wp-content\/uploads\/sites\/2\/2014\/02\/IMG_0166-800x533.jpg\" \/>\n\t<meta property=\"og:image:width\" content=\"800\" \/>\n\t<meta property=\"og:image:height\" content=\"533\" \/>\n\t<meta property=\"og:image:type\" content=\"image\/jpeg\" \/>\n<meta name=\"author\" content=\"Philippe.Pierquin\" \/>\n<meta name=\"twitter:card\" content=\"summary_large_image\" \/>\n<meta name=\"twitter:label1\" content=\"\u00c9crit par\" \/>\n\t<meta name=\"twitter:data1\" content=\"Philippe.Pierquin\" \/>\n\t<meta name=\"twitter:label2\" content=\"Dur\u00e9e de lecture estim\u00e9e\" \/>\n\t<meta name=\"twitter:data2\" content=\"8 minutes\" \/>\n<script type=\"application\/ld+json\" class=\"yoast-schema-graph\">{\"@context\":\"https:\/\/schema.org\",\"@graph\":[{\"@type\":\"Article\",\"@id\":\"https:\/\/welovecinema.be\/fr\/des-magritte-un-et-une-souris\/#article\",\"isPartOf\":{\"@id\":\"https:\/\/welovecinema.be\/fr\/des-magritte-un-et-une-souris\/\"},\"author\":{\"name\":\"Philippe.Pierquin\",\"@id\":\"https:\/\/welovecinema.be\/nl\/#\/schema\/person\/4b9b1d857f0943453a38a7c2859ef756\"},\"headline\":\"Des Magritte, un ours et une souris\",\"datePublished\":\"2014-02-01T21:52:23+00:00\",\"dateModified\":\"2014-02-02T01:55:35+00:00\",\"mainEntityOfPage\":{\"@id\":\"https:\/\/welovecinema.be\/fr\/des-magritte-un-et-une-souris\/\"},\"wordCount\":1583,\"publisher\":{\"@id\":\"https:\/\/welovecinema.be\/nl\/#organization\"},\"articleSection\":[\"Evenements\"],\"inLanguage\":\"fr-FR\"},{\"@type\":\"WebPage\",\"@id\":\"https:\/\/welovecinema.be\/fr\/des-magritte-un-et-une-souris\/\",\"url\":\"https:\/\/welovecinema.be\/fr\/des-magritte-un-et-une-souris\/\",\"name\":\"Des Magritte, un ours et une souris - We Love Cinema\",\"isPartOf\":{\"@id\":\"https:\/\/welovecinema.be\/nl\/#website\"},\"datePublished\":\"2014-02-01T21:52:23+00:00\",\"dateModified\":\"2014-02-02T01:55:35+00:00\",\"breadcrumb\":{\"@id\":\"https:\/\/welovecinema.be\/fr\/des-magritte-un-et-une-souris\/#breadcrumb\"},\"inLanguage\":\"fr-FR\",\"potentialAction\":[{\"@type\":\"ReadAction\",\"target\":[\"https:\/\/welovecinema.be\/fr\/des-magritte-un-et-une-souris\/\"]}]},{\"@type\":\"BreadcrumbList\",\"@id\":\"https:\/\/welovecinema.be\/fr\/des-magritte-un-et-une-souris\/#breadcrumb\",\"itemListElement\":[{\"@type\":\"ListItem\",\"position\":1,\"name\":\"Accueil\",\"item\":\"https:\/\/welovecinema.be\/fr\/\"},{\"@type\":\"ListItem\",\"position\":2,\"name\":\"Des Magritte, un ours et une souris\"}]},{\"@type\":\"WebSite\",\"@id\":\"https:\/\/welovecinema.be\/nl\/#website\",\"url\":\"https:\/\/welovecinema.be\/nl\/\",\"name\":\"We Love Cinema\",\"description\":\"Toute l\u2019information du cin\u00e9ma en Belgique\",\"publisher\":{\"@id\":\"https:\/\/welovecinema.be\/nl\/#organization\"},\"potentialAction\":[{\"@type\":\"SearchAction\",\"target\":{\"@type\":\"EntryPoint\",\"urlTemplate\":\"https:\/\/welovecinema.be\/nl\/?s={search_term_string}\"},\"query-input\":\"required name=search_term_string\"}],\"inLanguage\":\"fr-FR\"},{\"@type\":\"Organization\",\"@id\":\"https:\/\/welovecinema.be\/nl\/#organization\",\"name\":\"We Love Cinema\",\"url\":\"https:\/\/welovecinema.be\/nl\/\",\"logo\":{\"@type\":\"ImageObject\",\"inLanguage\":\"fr-FR\",\"@id\":\"https:\/\/welovecinema.be\/nl\/#\/schema\/logo\/image\/\",\"url\":\"https:\/\/welovecinema.be\/wp-content\/uploads\/sites\/2\/2023\/03\/Logo-We-Love-Cinema305x128.jpg\",\"contentUrl\":\"https:\/\/welovecinema.be\/wp-content\/uploads\/sites\/2\/2023\/03\/Logo-We-Love-Cinema305x128.jpg\",\"width\":305,\"height\":128,\"caption\":\"We Love Cinema\"},\"image\":{\"@id\":\"https:\/\/welovecinema.be\/nl\/#\/schema\/logo\/image\/\"},\"sameAs\":[\"https:\/\/www.facebook.com\/welovecinema.be\",\"https:\/\/www.youtube.com\/channel\/UCX5LYGVhnKvYauW4Nta4HJA\",\"https:\/\/www.instagram.com\/welovecinema.be\/\"]},{\"@type\":\"Person\",\"@id\":\"https:\/\/welovecinema.be\/nl\/#\/schema\/person\/4b9b1d857f0943453a38a7c2859ef756\",\"name\":\"Philippe.Pierquin\",\"url\":\"https:\/\/welovecinema.be\/fr\/author\/philippe-pierquin\/\"}]}<\/script>\n<!-- \/ Yoast SEO plugin. -->","yoast_head_json":{"title":"Des Magritte, un ours et une souris - We Love Cinema","robots":{"index":"index","follow":"follow","max-snippet":"max-snippet:-1","max-image-preview":"max-image-preview:large","max-video-preview":"max-video-preview:-1"},"canonical":"https:\/\/welovecinema.be\/fr\/des-magritte-un-et-une-souris\/","og_locale":"fr_FR","og_type":"article","og_title":"Des Magritte, un ours et une souris - We Love Cinema","og_description":"Apr\u00e8s trois \u00e9ditions cons\u00e9cutivement domin\u00e9es par Mr Nobody de Jaco Van Dormael, Les G\u00e9ants et Rundskop, puis A Perdre la Raison de Joachim Lafosse, cette quatri\u00e8me c\u00e9r\u00e9monie des Magritte du cin\u00e9ma paraissait de prime abord plus ouverte. Le premier tour de scrutin qui d\u00e9boucha sur les nominations publi\u00e9es le 8 janvier mettait pourtant en lumi\u00e8re &hellip;","og_url":"https:\/\/welovecinema.be\/fr\/des-magritte-un-et-une-souris\/","og_site_name":"We Love Cinema","article_publisher":"https:\/\/www.facebook.com\/welovecinema.be","article_published_time":"2014-02-01T21:52:23+00:00","article_modified_time":"2014-02-02T01:55:35+00:00","og_image":[{"width":800,"height":533,"url":"https:\/\/welovecinema.be\/wp-content\/uploads\/sites\/2\/2014\/02\/IMG_0166-800x533.jpg","type":"image\/jpeg"}],"author":"Philippe.Pierquin","twitter_card":"summary_large_image","twitter_misc":{"\u00c9crit par":"Philippe.Pierquin","Dur\u00e9e de lecture estim\u00e9e":"8 minutes"},"schema":{"@context":"https:\/\/schema.org","@graph":[{"@type":"Article","@id":"https:\/\/welovecinema.be\/fr\/des-magritte-un-et-une-souris\/#article","isPartOf":{"@id":"https:\/\/welovecinema.be\/fr\/des-magritte-un-et-une-souris\/"},"author":{"name":"Philippe.Pierquin","@id":"https:\/\/welovecinema.be\/nl\/#\/schema\/person\/4b9b1d857f0943453a38a7c2859ef756"},"headline":"Des Magritte, un ours et une souris","datePublished":"2014-02-01T21:52:23+00:00","dateModified":"2014-02-02T01:55:35+00:00","mainEntityOfPage":{"@id":"https:\/\/welovecinema.be\/fr\/des-magritte-un-et-une-souris\/"},"wordCount":1583,"publisher":{"@id":"https:\/\/welovecinema.be\/nl\/#organization"},"articleSection":["Evenements"],"inLanguage":"fr-FR"},{"@type":"WebPage","@id":"https:\/\/welovecinema.be\/fr\/des-magritte-un-et-une-souris\/","url":"https:\/\/welovecinema.be\/fr\/des-magritte-un-et-une-souris\/","name":"Des Magritte, un ours et une souris - We Love Cinema","isPartOf":{"@id":"https:\/\/welovecinema.be\/nl\/#website"},"datePublished":"2014-02-01T21:52:23+00:00","dateModified":"2014-02-02T01:55:35+00:00","breadcrumb":{"@id":"https:\/\/welovecinema.be\/fr\/des-magritte-un-et-une-souris\/#breadcrumb"},"inLanguage":"fr-FR","potentialAction":[{"@type":"ReadAction","target":["https:\/\/welovecinema.be\/fr\/des-magritte-un-et-une-souris\/"]}]},{"@type":"BreadcrumbList","@id":"https:\/\/welovecinema.be\/fr\/des-magritte-un-et-une-souris\/#breadcrumb","itemListElement":[{"@type":"ListItem","position":1,"name":"Accueil","item":"https:\/\/welovecinema.be\/fr\/"},{"@type":"ListItem","position":2,"name":"Des Magritte, un ours et une souris"}]},{"@type":"WebSite","@id":"https:\/\/welovecinema.be\/nl\/#website","url":"https:\/\/welovecinema.be\/nl\/","name":"We Love Cinema","description":"Toute l\u2019information du cin\u00e9ma en Belgique","publisher":{"@id":"https:\/\/welovecinema.be\/nl\/#organization"},"potentialAction":[{"@type":"SearchAction","target":{"@type":"EntryPoint","urlTemplate":"https:\/\/welovecinema.be\/nl\/?s={search_term_string}"},"query-input":"required name=search_term_string"}],"inLanguage":"fr-FR"},{"@type":"Organization","@id":"https:\/\/welovecinema.be\/nl\/#organization","name":"We Love Cinema","url":"https:\/\/welovecinema.be\/nl\/","logo":{"@type":"ImageObject","inLanguage":"fr-FR","@id":"https:\/\/welovecinema.be\/nl\/#\/schema\/logo\/image\/","url":"https:\/\/welovecinema.be\/wp-content\/uploads\/sites\/2\/2023\/03\/Logo-We-Love-Cinema305x128.jpg","contentUrl":"https:\/\/welovecinema.be\/wp-content\/uploads\/sites\/2\/2023\/03\/Logo-We-Love-Cinema305x128.jpg","width":305,"height":128,"caption":"We Love Cinema"},"image":{"@id":"https:\/\/welovecinema.be\/nl\/#\/schema\/logo\/image\/"},"sameAs":["https:\/\/www.facebook.com\/welovecinema.be","https:\/\/www.youtube.com\/channel\/UCX5LYGVhnKvYauW4Nta4HJA","https:\/\/www.instagram.com\/welovecinema.be\/"]},{"@type":"Person","@id":"https:\/\/welovecinema.be\/nl\/#\/schema\/person\/4b9b1d857f0943453a38a7c2859ef756","name":"Philippe.Pierquin","url":"https:\/\/welovecinema.be\/fr\/author\/philippe-pierquin\/"}]}},"_links":{"self":[{"href":"https:\/\/welovecinema.be\/fr\/wp-json\/wp\/v2\/posts\/51580","targetHints":{"allow":["GET"]}}],"collection":[{"href":"https:\/\/welovecinema.be\/fr\/wp-json\/wp\/v2\/posts"}],"about":[{"href":"https:\/\/welovecinema.be\/fr\/wp-json\/wp\/v2\/types\/post"}],"author":[{"embeddable":true,"href":"https:\/\/welovecinema.be\/fr\/wp-json\/wp\/v2\/users\/7"}],"replies":[{"embeddable":true,"href":"https:\/\/welovecinema.be\/fr\/wp-json\/wp\/v2\/comments?post=51580"}],"version-history":[{"count":0,"href":"https:\/\/welovecinema.be\/fr\/wp-json\/wp\/v2\/posts\/51580\/revisions"}],"wp:featuredmedia":[{"embeddable":true,"href":"https:\/\/welovecinema.be\/fr\/wp-json\/wp\/v2\/media\/51613"}],"wp:attachment":[{"href":"https:\/\/welovecinema.be\/fr\/wp-json\/wp\/v2\/media?parent=51580"}],"wp:term":[{"taxonomy":"category","embeddable":true,"href":"https:\/\/welovecinema.be\/fr\/wp-json\/wp\/v2\/categories?post=51580"},{"taxonomy":"post_tag","embeddable":true,"href":"https:\/\/welovecinema.be\/fr\/wp-json\/wp\/v2\/tags?post=51580"}],"curies":[{"name":"wp","href":"https:\/\/api.w.org\/{rel}","templated":true}]}}