{"id":50808,"date":"2014-01-23T07:48:28","date_gmt":"2014-01-23T06:48:28","guid":{"rendered":"http:\/\/www.cinevox.be\/?p=50808"},"modified":"2014-01-23T07:48:29","modified_gmt":"2014-01-23T06:48:29","slug":"le-tod-peut-il-changer-la-face-du-cinema-belge","status":"publish","type":"post","link":"https:\/\/welovecinema.be\/fr\/le-tod-peut-il-changer-la-face-du-cinema-belge\/","title":{"rendered":"Le TOD peut-il changer la face du cin\u00e9ma belge?"},"content":{"rendered":"<p>On conna\u00eet le cin\u00e9ma en salles. On conna\u00eet la VOD.<\/p>\n<p>I LIKE CINEMA propose de d\u00e9couvrir un nouvel usage du cin\u00e9ma qui combine le meilleur des deux mondes : le TOD, le premier service de Theater On Demand.<\/p>\n<p>Le principe? Voir le film de son choix, au moment de son choix, mais dans les meilleures conditions possibles, c&rsquo;est \u00e0 dire sur un grand \u00e9cran, dans une vraie salle.<\/p>\n<p><!--more--><\/p>\n<p>&nbsp;<\/p>\n<p>La base? Un site internet \u00a0de programmation communautaire et de vente de places de cin\u00e9ma qui met en relation les salles de cin\u00e9ma, les films et les spectateurs (voir <a href=\"https:\/\/www.ilikecinema.be\/fr\" target=\"_blank\">ICI<\/a>).<\/p>\n<p>&nbsp;<\/p>\n<p>Pour le prix normal d\u2019une place, le spectateur potentiel choisit son film dans un large catalogue de productions r\u00e9centes ou de r\u00e9pertoire et le met \u00e0 l\u2019affiche de son cin\u00e9ma pr\u00e9f\u00e9r\u00e9, sur le principe de l\u2019achat group\u00e9.<\/p>\n<p>&nbsp;<\/p>\n<p><a href=\"http:\/\/www.cinevox.be\/le-tod-peut-il-changer-la-face-du-cinema-belge\/2014-01-20_18h10_08\/\" rel=\"attachment wp-att-50809\"><img loading=\"lazy\" decoding=\"async\" class=\"alignright size-full wp-image-50809\" alt=\"\" src=\"http:\/\/www.cinevox.be\/wp-content\/uploads\/sites\/2\/2014\/01\/2014-01-20_18h10_08.jpg\" width=\"425\" height=\"190\" \/><\/a><\/p>\n<p>Destin\u00e9 \u00e0 tous les publics aimant sortir au cin\u00e9ma, le service fonctionne avec des outils simples et intuitifs. On peut ainsi cr\u00e9er sa s\u00e9ance en 4 clics. Ou 4 \u00ab claps !\u00bb : je choisis mon film, je choisis ma salle, je cr\u00e9e ma proposition de s\u00e9ance, je re\u00e7ois mon billet.<br \/>\nJe peux aussi rejoindre une s\u00e9ance d\u00e9j\u00e0 cr\u00e9\u00e9e par d\u2019autres internautes.<\/p>\n<p>&nbsp;<\/p>\n<p>&nbsp;<\/p>\n<p>Ouvert \u00e0 tous les publics, \u00e9tudiants, actifs, seniors, &#8211; cin\u00e9philes ou simples spectateurs, iLikeCinema cr\u00e9\u00e9e de nombreuses opportunit\u00e9s pour animer la vie quotidienne : c\u2019est id\u00e9al pour voir le film r\u00e9cent que j\u2019ai rat\u00e9, car il est (trop vite !) sorti de l\u2019affiche, revoir un film culte entour\u00e9 d\u2019autres passionn\u00e9s, r\u00e9unir mes communaut\u00e9s autour d\u2019un film qui nous rassemble, acc\u00e9der \u00e0 des films rares, voir des avant-premi\u00e8res, m\u00eame si je ne suis pas un VIP, f\u00eater un anniversaire, retrouver mes amis de lyc\u00e9e, \u00e9duquer mes enfants ou mes proches aux grands films qui m\u2019ont marqu\u00e9, inventer des soir\u00e9es originales sans me ruiner, etc.<\/p>\n<p>&nbsp;<\/p>\n<p>Pour les salles, I LIKE CINEMA est un outil moderne et simple qui peut permettre d\u2019augmenter la fr\u00e9quentation. Pour les distributeurs, c\u2019est un moyen efficace d\u2019\u00e9tendre le cycle d\u2019exploitation d\u2019un film dans le respect de la chronologie des m\u00e9dias. C\u2019est une plateforme de la 2e chance pour des films dont le public pl\u00e9biscite une disponibilit\u00e9 sup\u00e9rieure \u00e0 celle pr\u00e9vue au lancement.<\/p>\n<p>C\u2019est surtout un nouveau lien possible avec le spectateur pour susciter autrement de vraies envies de cin\u00e9ma grand \u00e9cran.<\/p>\n<p>&nbsp;<\/p>\n<p>&nbsp;<\/p>\n<p>En France, le service fonctionne depuis juin 2012 et est pr\u00e9sent dans 110 salles. Plus de 30\u00a0000 fans sont d\u00e9j\u00e0 inscrits. \u00c0 l\u2019heure actuelle, le site propose 550 films \u00e0 voir au \u00e0 revoir.<\/p>\n<p>&nbsp;<\/p>\n<p>Tr\u00e8s bient\u00f4t le site sera 100% op\u00e9rationnel en Belgique et proposera aux internautes belges de co-construire ensemble le service en cr\u00e9ant ou rejoignant des s\u00e9ances et en sugg\u00e9rant leurs films favoris (inscription sur www.ilikecinema.be ou par mail \u00e0 contact@ilikecinema.be).<\/p>\n<p>&nbsp;<\/p>\n<p>Avant la g\u00e9n\u00e9ralisation du service au reste de la Belgique durant l\u2019ann\u00e9e\u00a02014, les premiers inscrits pourront ainsi:<\/p>\n<p>&#8211;\u00a0\u00a0\u00a0\u00a0\u00a0\u00a0\u00a0\u00a0\u00a0 \u00catre les premiers \u00ab early adopters \u00bb \u00e0 cr\u00e9er ou rejoindre une s\u00e9ance Theater on Demand<\/p>\n<p>&#8211;\u00a0\u00a0\u00a0\u00a0\u00a0\u00a0\u00a0\u00a0\u00a0 Ajouter leurs playlists et leurs envies de cin\u00e9ma pour constituer le catalogue<\/p>\n<p>&#8211;\u00a0\u00a0\u00a0\u00a0\u00a0\u00a0\u00a0\u00a0\u00a0 Recommander leurs salles de cin\u00e9ma pr\u00e9f\u00e9r\u00e9es pour les faire entrer en priorit\u00e9 dans la plateforme<\/p>\n<p>&#8211;\u00a0\u00a0\u00a0\u00a0\u00a0\u00a0\u00a0\u00a0\u00a0 Gagner des places I LIKE CINEMA gratuites, des avants premi\u00e8res, etc.<\/p>\n<p>&nbsp;<\/p>\n<p><a href=\"http:\/\/www.cinevox.be\/le-tod-peut-il-changer-la-face-du-cinema-belge\/2014-01-20_18h09_27\/\" rel=\"attachment wp-att-50810\"><img loading=\"lazy\" decoding=\"async\" class=\"aligncenter size-large wp-image-50810\" alt=\"\" src=\"http:\/\/www.cinevox.be\/wp-content\/uploads\/sites\/2\/2014\/01\/2014-01-20_18h09_27-793x600.jpg\" width=\"640\" height=\"484\" srcset=\"https:\/\/welovecinema.be\/wp-content\/uploads\/sites\/2\/2014\/01\/2014-01-20_18h09_27-793x600.jpg 793w, https:\/\/welovecinema.be\/wp-content\/uploads\/sites\/2\/2014\/01\/2014-01-20_18h09_27-357x270.jpg 357w, https:\/\/welovecinema.be\/wp-content\/uploads\/sites\/2\/2014\/01\/2014-01-20_18h09_27.jpg 991w\" sizes=\"auto, (max-width: 640px) 100vw, 640px\" \/><\/a><\/p>\n<p>&nbsp;<\/p>\n<p>Actuellement le site propose d\u00e9j\u00e0 des films comme <i>La Tendresse, Le Pass\u00e9 (<\/i>avec <b>Pauline Burlet),<\/b><i> Ernest et C\u00e9lestine, Kid, Little Black Spiders, Le fils de l&rsquo;autre (<\/i>avec <b>Mehdi Dehbi<i>),<\/i><\/b><i> 38 t\u00e9moins, Mobile Home, Tango Libre, Camille Redouble (avec Yolande Moreau), La F\u00e9e ou Le Gamin au V\u00e9lo. <\/i><\/p>\n<p>&nbsp;<\/p>\n<p>&nbsp;<\/p>\n<p>Pratiquement, une fois que vous \u00eates inscrit (\u00e7a prend 2 minutes, on vient de le faire), voil\u00e0 comment fonctionnera I LIKE CINEMA :<\/p>\n<p>&nbsp;<\/p>\n<p>1 \u00ab Je choisis mon film \u00bb<\/p>\n<p>L\u2019internaute s\u00e9lectionne un film parmi un catalogue de 200 films r\u00e9cents, de r\u00e9pertoire, cultes, jeunes publics, com\u00e9dies\u2026<\/p>\n<p>&nbsp;<\/p>\n<p>2 \u00ab Je choisis ma salle \u00bb<\/p>\n<p>L\u2019internaute s\u00e9lectionne le cin\u00e9ma de son choix parmi les salles partenaires, le jour et l\u2019heure qui l\u2019arrangent pour la s\u00e9ance.<\/p>\n<p>&nbsp;<\/p>\n<p>3 \u00ab Je cr\u00e9e ma s\u00e9ance \u00bb<\/p>\n<p>L\u2019internaute cr\u00e9e sa proposition de s\u00e9ance combinant le film\/cin\u00e9ma\/moment de son choix en pr\u00e9achetant au minimum une place en ligne, au tarif en vigueur dans la salle. Ce pr\u00e9achat suffit pour publier automatiquement sa proposition de s\u00e9ance sur le cin\u00e9mur de ILikeCinema.be, et bien s\u00fbr, sur l\u2019ensemble des r\u00e9seaux sociaux qu\u2019il aura s\u00e9lectionn\u00e9s.<\/p>\n<p>&nbsp;<\/p>\n<p>4 \u00ab Je re\u00e7ois mon billet \u00bb<\/p>\n<p>D\u00e8s qu\u2019un nombre suffisant de spectateurs l\u2019a rejoint (entre 20 et 30 selon les salles), ma s\u00e9ance est valid\u00e9e. Elle passe officiellement \u00e0 l\u2019affiche du cin\u00e9ma. Et l\u2019internaute re\u00e7oit son billet.<\/p>\n<p>&nbsp;<\/p>\n<p><a href=\"http:\/\/www.cinevox.be\/le-tod-peut-il-changer-la-face-du-cinema-belge\/2014-01-20_18h13_08\/\" rel=\"attachment wp-att-50814\"><img loading=\"lazy\" decoding=\"async\" class=\"aligncenter size-large wp-image-50814\" alt=\"\" src=\"http:\/\/www.cinevox.be\/wp-content\/uploads\/sites\/2\/2014\/01\/2014-01-20_18h13_08-800x500.jpg\" width=\"640\" height=\"400\" srcset=\"https:\/\/welovecinema.be\/wp-content\/uploads\/sites\/2\/2014\/01\/2014-01-20_18h13_08-800x500.jpg 800w, https:\/\/welovecinema.be\/wp-content\/uploads\/sites\/2\/2014\/01\/2014-01-20_18h13_08-432x270.jpg 432w, https:\/\/welovecinema.be\/wp-content\/uploads\/sites\/2\/2014\/01\/2014-01-20_18h13_08.jpg 1064w\" sizes=\"auto, (max-width: 640px) 100vw, 640px\" \/><\/a><\/p>\n<p>&nbsp;<\/p>\n<p>&nbsp;<\/p>\n<p>L\u2019id\u00e9e est simple, assez g\u00e9niale. Elle est naturellement rendue possible par le passage des salles de cin\u00e9ma au num\u00e9rique. Plus de grosses bobines \u00e0 transporter; un simple DCP et le tour est jou\u00e9.<\/p>\n<p>&nbsp;<\/p>\n<p>Autant vous dire que pour les films belges, il pourrait s\u2019agir d\u2019une aubaine.<\/p>\n<p>Envie de voir un film flamand en Wallonie? \u00c7a sera techniquement possible !<\/p>\n<p>Envie de voir \u00e0 Mons un film seulement projet\u00e9 \u00e0 Bruxelles? Possible!<\/p>\n<p>Envie de d\u00e9couvrir en groupe un film sorti dans une salle pendant une semaine et d\u00e9j\u00e0 disparu? Possible aussi.<\/p>\n<p>&nbsp;<\/p>\n<p>Reste au service \u00e0 s\u2019installer et \u00e0 se d\u00e9velopper, aux distributeurs \u00e0 lui faire confiance et aux exploitants \u00e0 s\u2019ouvrir \u00e0 la collaboration.<\/p>\n<p>Mais c\u2019est bien s\u00fbr dans les mains du public que r\u00e9side le succ\u00e8s de ce syst\u00e8me de TOD.<\/p>\n<p>Quand l\u2019argument rebattu \u00ab\u00a0le film n\u2019est pas projet\u00e9 pr\u00e8s de chez moi\u00a0\u00bb aura vol\u00e9 en \u00e9clats, seule son envie de d\u00e9couvrir des films assurera leur succ\u00e8s ou les condamnera \u00e0 l\u2019\u00e9chec.<\/p>\n<p>Mais le r\u00e9pertoire des sempiternelles excuses sera \u00e0 conjuguer \u00e0 l\u2019imparfait du subjectif.<\/p>\n<p>&nbsp;<\/p>\n<p>&nbsp;<\/p>\n","protected":false},"excerpt":{"rendered":"<p>On conna\u00eet le cin\u00e9ma en salles. On conna\u00eet la VOD. I LIKE CINEMA propose de d\u00e9couvrir un nouvel usage du cin\u00e9ma qui combine le meilleur des deux mondes : le TOD, le premier service de Theater On Demand. Le principe? Voir le film de son choix, au moment de son choix, mais dans les meilleures &hellip;<\/p>\n","protected":false},"author":7,"featured_media":50812,"comment_status":"closed","ping_status":"closed","sticky":false,"template":"","format":"standard","meta":{"ngg_post_thumbnail":0,"footnotes":""},"categories":[7],"tags":[],"class_list":["post-50808","post","type-post","status-publish","format-standard","has-post-thumbnail","","category-actualites"],"yoast_head":"<!-- This site is optimized with the Yoast SEO plugin v20.4 - https:\/\/yoast.com\/wordpress\/plugins\/seo\/ -->\n<title>Le TOD peut-il changer la face du cin\u00e9ma belge? - We Love Cinema<\/title>\n<meta name=\"robots\" content=\"index, follow, max-snippet:-1, max-image-preview:large, max-video-preview:-1\" \/>\n<link rel=\"canonical\" href=\"https:\/\/welovecinema.be\/fr\/le-tod-peut-il-changer-la-face-du-cinema-belge\/\" \/>\n<meta property=\"og:locale\" content=\"fr_FR\" \/>\n<meta property=\"og:type\" content=\"article\" \/>\n<meta property=\"og:title\" content=\"Le TOD peut-il changer la face du cin\u00e9ma belge? - We Love Cinema\" \/>\n<meta property=\"og:description\" content=\"On conna\u00eet le cin\u00e9ma en salles. On conna\u00eet la VOD. I LIKE CINEMA propose de d\u00e9couvrir un nouvel usage du cin\u00e9ma qui combine le meilleur des deux mondes : le TOD, le premier service de Theater On Demand. Le principe? Voir le film de son choix, au moment de son choix, mais dans les meilleures &hellip;\" \/>\n<meta property=\"og:url\" content=\"https:\/\/welovecinema.be\/fr\/le-tod-peut-il-changer-la-face-du-cinema-belge\/\" \/>\n<meta property=\"og:site_name\" content=\"We Love Cinema\" \/>\n<meta property=\"article:publisher\" content=\"https:\/\/www.facebook.com\/welovecinema.be\" \/>\n<meta property=\"article:published_time\" content=\"2014-01-23T06:48:28+00:00\" \/>\n<meta property=\"article:modified_time\" content=\"2014-01-23T06:48:29+00:00\" \/>\n<meta property=\"og:image\" content=\"https:\/\/welovecinema.be\/wp-content\/uploads\/sites\/2\/2014\/01\/Cin\u00e9ma.jpg\" \/>\n\t<meta property=\"og:image:width\" content=\"2442\" \/>\n\t<meta property=\"og:image:height\" content=\"1533\" \/>\n\t<meta property=\"og:image:type\" content=\"image\/jpeg\" \/>\n<meta name=\"author\" content=\"Philippe.Pierquin\" \/>\n<meta name=\"twitter:card\" content=\"summary_large_image\" \/>\n<meta name=\"twitter:label1\" content=\"\u00c9crit par\" \/>\n\t<meta name=\"twitter:data1\" content=\"Philippe.Pierquin\" \/>\n\t<meta name=\"twitter:label2\" content=\"Dur\u00e9e de lecture estim\u00e9e\" \/>\n\t<meta name=\"twitter:data2\" content=\"5 minutes\" \/>\n<script type=\"application\/ld+json\" class=\"yoast-schema-graph\">{\"@context\":\"https:\/\/schema.org\",\"@graph\":[{\"@type\":\"Article\",\"@id\":\"https:\/\/welovecinema.be\/fr\/le-tod-peut-il-changer-la-face-du-cinema-belge\/#article\",\"isPartOf\":{\"@id\":\"https:\/\/welovecinema.be\/fr\/le-tod-peut-il-changer-la-face-du-cinema-belge\/\"},\"author\":{\"name\":\"Philippe.Pierquin\",\"@id\":\"https:\/\/welovecinema.be\/nl\/#\/schema\/person\/4b9b1d857f0943453a38a7c2859ef756\"},\"headline\":\"Le TOD peut-il changer la face du cin\u00e9ma belge?\",\"datePublished\":\"2014-01-23T06:48:28+00:00\",\"dateModified\":\"2014-01-23T06:48:29+00:00\",\"mainEntityOfPage\":{\"@id\":\"https:\/\/welovecinema.be\/fr\/le-tod-peut-il-changer-la-face-du-cinema-belge\/\"},\"wordCount\":1055,\"publisher\":{\"@id\":\"https:\/\/welovecinema.be\/nl\/#organization\"},\"articleSection\":[\"News\"],\"inLanguage\":\"fr-FR\"},{\"@type\":\"WebPage\",\"@id\":\"https:\/\/welovecinema.be\/fr\/le-tod-peut-il-changer-la-face-du-cinema-belge\/\",\"url\":\"https:\/\/welovecinema.be\/fr\/le-tod-peut-il-changer-la-face-du-cinema-belge\/\",\"name\":\"Le TOD peut-il changer la face du cin\u00e9ma belge? - We Love Cinema\",\"isPartOf\":{\"@id\":\"https:\/\/welovecinema.be\/nl\/#website\"},\"datePublished\":\"2014-01-23T06:48:28+00:00\",\"dateModified\":\"2014-01-23T06:48:29+00:00\",\"breadcrumb\":{\"@id\":\"https:\/\/welovecinema.be\/fr\/le-tod-peut-il-changer-la-face-du-cinema-belge\/#breadcrumb\"},\"inLanguage\":\"fr-FR\",\"potentialAction\":[{\"@type\":\"ReadAction\",\"target\":[\"https:\/\/welovecinema.be\/fr\/le-tod-peut-il-changer-la-face-du-cinema-belge\/\"]}]},{\"@type\":\"BreadcrumbList\",\"@id\":\"https:\/\/welovecinema.be\/fr\/le-tod-peut-il-changer-la-face-du-cinema-belge\/#breadcrumb\",\"itemListElement\":[{\"@type\":\"ListItem\",\"position\":1,\"name\":\"Accueil\",\"item\":\"https:\/\/welovecinema.be\/fr\/\"},{\"@type\":\"ListItem\",\"position\":2,\"name\":\"Le TOD peut-il changer la face du cin\u00e9ma belge?\"}]},{\"@type\":\"WebSite\",\"@id\":\"https:\/\/welovecinema.be\/nl\/#website\",\"url\":\"https:\/\/welovecinema.be\/nl\/\",\"name\":\"We Love Cinema\",\"description\":\"Toute l\u2019information du cin\u00e9ma en Belgique\",\"publisher\":{\"@id\":\"https:\/\/welovecinema.be\/nl\/#organization\"},\"potentialAction\":[{\"@type\":\"SearchAction\",\"target\":{\"@type\":\"EntryPoint\",\"urlTemplate\":\"https:\/\/welovecinema.be\/nl\/?s={search_term_string}\"},\"query-input\":\"required name=search_term_string\"}],\"inLanguage\":\"fr-FR\"},{\"@type\":\"Organization\",\"@id\":\"https:\/\/welovecinema.be\/nl\/#organization\",\"name\":\"We Love Cinema\",\"url\":\"https:\/\/welovecinema.be\/nl\/\",\"logo\":{\"@type\":\"ImageObject\",\"inLanguage\":\"fr-FR\",\"@id\":\"https:\/\/welovecinema.be\/nl\/#\/schema\/logo\/image\/\",\"url\":\"https:\/\/welovecinema.be\/wp-content\/uploads\/sites\/2\/2023\/03\/Logo-We-Love-Cinema305x128.jpg\",\"contentUrl\":\"https:\/\/welovecinema.be\/wp-content\/uploads\/sites\/2\/2023\/03\/Logo-We-Love-Cinema305x128.jpg\",\"width\":305,\"height\":128,\"caption\":\"We Love Cinema\"},\"image\":{\"@id\":\"https:\/\/welovecinema.be\/nl\/#\/schema\/logo\/image\/\"},\"sameAs\":[\"https:\/\/www.facebook.com\/welovecinema.be\",\"https:\/\/www.youtube.com\/channel\/UCX5LYGVhnKvYauW4Nta4HJA\",\"https:\/\/www.instagram.com\/welovecinema.be\/\"]},{\"@type\":\"Person\",\"@id\":\"https:\/\/welovecinema.be\/nl\/#\/schema\/person\/4b9b1d857f0943453a38a7c2859ef756\",\"name\":\"Philippe.Pierquin\",\"url\":\"https:\/\/welovecinema.be\/fr\/author\/philippe-pierquin\/\"}]}<\/script>\n<!-- \/ Yoast SEO plugin. -->","yoast_head_json":{"title":"Le TOD peut-il changer la face du cin\u00e9ma belge? - We Love Cinema","robots":{"index":"index","follow":"follow","max-snippet":"max-snippet:-1","max-image-preview":"max-image-preview:large","max-video-preview":"max-video-preview:-1"},"canonical":"https:\/\/welovecinema.be\/fr\/le-tod-peut-il-changer-la-face-du-cinema-belge\/","og_locale":"fr_FR","og_type":"article","og_title":"Le TOD peut-il changer la face du cin\u00e9ma belge? - We Love Cinema","og_description":"On conna\u00eet le cin\u00e9ma en salles. On conna\u00eet la VOD. I LIKE CINEMA propose de d\u00e9couvrir un nouvel usage du cin\u00e9ma qui combine le meilleur des deux mondes : le TOD, le premier service de Theater On Demand. Le principe? Voir le film de son choix, au moment de son choix, mais dans les meilleures &hellip;","og_url":"https:\/\/welovecinema.be\/fr\/le-tod-peut-il-changer-la-face-du-cinema-belge\/","og_site_name":"We Love Cinema","article_publisher":"https:\/\/www.facebook.com\/welovecinema.be","article_published_time":"2014-01-23T06:48:28+00:00","article_modified_time":"2014-01-23T06:48:29+00:00","og_image":[{"width":2442,"height":1533,"url":"https:\/\/welovecinema.be\/wp-content\/uploads\/sites\/2\/2014\/01\/Cin\u00e9ma.jpg","type":"image\/jpeg"}],"author":"Philippe.Pierquin","twitter_card":"summary_large_image","twitter_misc":{"\u00c9crit par":"Philippe.Pierquin","Dur\u00e9e de lecture estim\u00e9e":"5 minutes"},"schema":{"@context":"https:\/\/schema.org","@graph":[{"@type":"Article","@id":"https:\/\/welovecinema.be\/fr\/le-tod-peut-il-changer-la-face-du-cinema-belge\/#article","isPartOf":{"@id":"https:\/\/welovecinema.be\/fr\/le-tod-peut-il-changer-la-face-du-cinema-belge\/"},"author":{"name":"Philippe.Pierquin","@id":"https:\/\/welovecinema.be\/nl\/#\/schema\/person\/4b9b1d857f0943453a38a7c2859ef756"},"headline":"Le TOD peut-il changer la face du cin\u00e9ma belge?","datePublished":"2014-01-23T06:48:28+00:00","dateModified":"2014-01-23T06:48:29+00:00","mainEntityOfPage":{"@id":"https:\/\/welovecinema.be\/fr\/le-tod-peut-il-changer-la-face-du-cinema-belge\/"},"wordCount":1055,"publisher":{"@id":"https:\/\/welovecinema.be\/nl\/#organization"},"articleSection":["News"],"inLanguage":"fr-FR"},{"@type":"WebPage","@id":"https:\/\/welovecinema.be\/fr\/le-tod-peut-il-changer-la-face-du-cinema-belge\/","url":"https:\/\/welovecinema.be\/fr\/le-tod-peut-il-changer-la-face-du-cinema-belge\/","name":"Le TOD peut-il changer la face du cin\u00e9ma belge? - We Love Cinema","isPartOf":{"@id":"https:\/\/welovecinema.be\/nl\/#website"},"datePublished":"2014-01-23T06:48:28+00:00","dateModified":"2014-01-23T06:48:29+00:00","breadcrumb":{"@id":"https:\/\/welovecinema.be\/fr\/le-tod-peut-il-changer-la-face-du-cinema-belge\/#breadcrumb"},"inLanguage":"fr-FR","potentialAction":[{"@type":"ReadAction","target":["https:\/\/welovecinema.be\/fr\/le-tod-peut-il-changer-la-face-du-cinema-belge\/"]}]},{"@type":"BreadcrumbList","@id":"https:\/\/welovecinema.be\/fr\/le-tod-peut-il-changer-la-face-du-cinema-belge\/#breadcrumb","itemListElement":[{"@type":"ListItem","position":1,"name":"Accueil","item":"https:\/\/welovecinema.be\/fr\/"},{"@type":"ListItem","position":2,"name":"Le TOD peut-il changer la face du cin\u00e9ma belge?"}]},{"@type":"WebSite","@id":"https:\/\/welovecinema.be\/nl\/#website","url":"https:\/\/welovecinema.be\/nl\/","name":"We Love Cinema","description":"Toute l\u2019information du cin\u00e9ma en Belgique","publisher":{"@id":"https:\/\/welovecinema.be\/nl\/#organization"},"potentialAction":[{"@type":"SearchAction","target":{"@type":"EntryPoint","urlTemplate":"https:\/\/welovecinema.be\/nl\/?s={search_term_string}"},"query-input":"required name=search_term_string"}],"inLanguage":"fr-FR"},{"@type":"Organization","@id":"https:\/\/welovecinema.be\/nl\/#organization","name":"We Love Cinema","url":"https:\/\/welovecinema.be\/nl\/","logo":{"@type":"ImageObject","inLanguage":"fr-FR","@id":"https:\/\/welovecinema.be\/nl\/#\/schema\/logo\/image\/","url":"https:\/\/welovecinema.be\/wp-content\/uploads\/sites\/2\/2023\/03\/Logo-We-Love-Cinema305x128.jpg","contentUrl":"https:\/\/welovecinema.be\/wp-content\/uploads\/sites\/2\/2023\/03\/Logo-We-Love-Cinema305x128.jpg","width":305,"height":128,"caption":"We Love Cinema"},"image":{"@id":"https:\/\/welovecinema.be\/nl\/#\/schema\/logo\/image\/"},"sameAs":["https:\/\/www.facebook.com\/welovecinema.be","https:\/\/www.youtube.com\/channel\/UCX5LYGVhnKvYauW4Nta4HJA","https:\/\/www.instagram.com\/welovecinema.be\/"]},{"@type":"Person","@id":"https:\/\/welovecinema.be\/nl\/#\/schema\/person\/4b9b1d857f0943453a38a7c2859ef756","name":"Philippe.Pierquin","url":"https:\/\/welovecinema.be\/fr\/author\/philippe-pierquin\/"}]}},"_links":{"self":[{"href":"https:\/\/welovecinema.be\/fr\/wp-json\/wp\/v2\/posts\/50808","targetHints":{"allow":["GET"]}}],"collection":[{"href":"https:\/\/welovecinema.be\/fr\/wp-json\/wp\/v2\/posts"}],"about":[{"href":"https:\/\/welovecinema.be\/fr\/wp-json\/wp\/v2\/types\/post"}],"author":[{"embeddable":true,"href":"https:\/\/welovecinema.be\/fr\/wp-json\/wp\/v2\/users\/7"}],"replies":[{"embeddable":true,"href":"https:\/\/welovecinema.be\/fr\/wp-json\/wp\/v2\/comments?post=50808"}],"version-history":[{"count":0,"href":"https:\/\/welovecinema.be\/fr\/wp-json\/wp\/v2\/posts\/50808\/revisions"}],"wp:featuredmedia":[{"embeddable":true,"href":"https:\/\/welovecinema.be\/fr\/wp-json\/wp\/v2\/media\/50812"}],"wp:attachment":[{"href":"https:\/\/welovecinema.be\/fr\/wp-json\/wp\/v2\/media?parent=50808"}],"wp:term":[{"taxonomy":"category","embeddable":true,"href":"https:\/\/welovecinema.be\/fr\/wp-json\/wp\/v2\/categories?post=50808"},{"taxonomy":"post_tag","embeddable":true,"href":"https:\/\/welovecinema.be\/fr\/wp-json\/wp\/v2\/tags?post=50808"}],"curies":[{"name":"wp","href":"https:\/\/api.w.org\/{rel}","templated":true}]}}