{"id":50567,"date":"2014-01-16T10:02:29","date_gmt":"2014-01-16T09:02:29","guid":{"rendered":"http:\/\/www.cinevox.be\/?p=50567"},"modified":"2014-01-15T08:19:13","modified_gmt":"2014-01-15T07:19:13","slug":"20132014-denis-mpunga","status":"publish","type":"post","link":"https:\/\/welovecinema.be\/fr\/20132014-denis-mpunga\/","title":{"rendered":"2013\/2014 : Denis Mpunga"},"content":{"rendered":"<p>Mon ann\u00e9e 2013 a \u00e9t\u00e9 marqu\u00e9e par ma nomination au Magritte dans la cat\u00e9gorie meilleur second r\u00f4le masculin, en f\u00e9vrier, et par la mort de Nelson Mandela.<\/p>\n<p>\u00c0 la disparition de ce grand homme, j\u2019ai la ferme conviction qu\u2019en chacun de nous, il y a un petit Mandela qui sommeille, il faut le r\u00e9veiller ou le r\u00e9v\u00e9ler, car le ma\u00eetre n\u2019est plus l\u00e0&#8230;.<!--more--><\/p>\n<p>&nbsp;<\/p>\n<p>Je suis convaincu comme le disait Louis Lavelle: \u201cQue le plus grand bien que l\u2019on puisse faire aux gens ce n\u2019est pas de leur montrer notre richesse, mais de leur r\u00e9v\u00e9ler la leur\u201d&#8230;.<\/p>\n<p>&nbsp;<\/p>\n<p><a href=\"http:\/\/www.cinevox.be\/20132014-denis-mpunga\/dead-man-talking-dead-man-talking-27-03-2013-3-g-2\/\" rel=\"attachment wp-att-50572\"><img loading=\"lazy\" decoding=\"async\" class=\"aligncenter size-large wp-image-50572\" alt=\"\" src=\"http:\/\/www.cinevox.be\/wp-content\/uploads\/sites\/2\/2010\/01\/dead-man-talking-dead-man-talking-27-03-2013-3-g1-800x546.jpg\" width=\"640\" height=\"436\" srcset=\"https:\/\/welovecinema.be\/wp-content\/uploads\/sites\/2\/2010\/01\/dead-man-talking-dead-man-talking-27-03-2013-3-g1-800x546.jpg 800w, https:\/\/welovecinema.be\/wp-content\/uploads\/sites\/2\/2010\/01\/dead-man-talking-dead-man-talking-27-03-2013-3-g1-395x270.jpg 395w, https:\/\/welovecinema.be\/wp-content\/uploads\/sites\/2\/2010\/01\/dead-man-talking-dead-man-talking-27-03-2013-3-g1.jpg 1465w\" sizes=\"auto, (max-width: 640px) 100vw, 640px\" \/><\/a><\/p>\n<p>&nbsp;<\/p>\n<p>Pour 2014, je souhaite une grande tourn\u00e9e africaine et europ\u00e9enne \u00e0 ma derni\u00e8re mise en sc\u00e8ne th\u00e9\u00e2trale \u201cHaute-Pression\u201d cr\u00e9\u00e9e au Th\u00e9\u00e2tre Varia en octobre 2013, et je r\u00eave d\u2019un grand r\u00f4le au cin\u00e9ma en France, Belgique, Afrique ou en Am\u00e9rique avec des r\u00e9alisateurs qui ont envie de secouer le monde, car je pense profond\u00e9ment que le r\u00f4le des artistes est de faire bouger les fronti\u00e8res mentales&#8230;.<\/p>\n<p>&nbsp;<\/p>\n<p>Je souhaite que mon tout nouveau site web (voir <a href=\"http:\/\/www.denismpunga.be\/\" target=\"_blank\">ici)<\/a> soit visit\u00e9 par 2014 curieux, tous les mois, et que parmi eux, il se trouve des personnes passionnantes qui me contactent pour des projets passionnants. Je souhaite aussi terminer mon roman \u201cVoyage vers l\u2019inconnu\u201d, trouver un \u00e9diteur et un r\u00e9alisateur qui en fera une adaptation au cin\u00e9ma&#8230;<\/p>\n<p>&nbsp;<\/p>\n<p>Enfin, que 2014 une ann\u00e9e bonheur pour tous les b\u00e2tisseurs de la paix dans le monde.<\/p>\n","protected":false},"excerpt":{"rendered":"<p>Mon ann\u00e9e 2013 a \u00e9t\u00e9 marqu\u00e9e par ma nomination au Magritte dans la cat\u00e9gorie meilleur second r\u00f4le masculin, en f\u00e9vrier, et par la mort de Nelson Mandela. \u00c0 la disparition de ce grand homme, j\u2019ai la ferme conviction qu\u2019en chacun de nous, il y a un petit Mandela qui sommeille, il faut le r\u00e9veiller ou &hellip;<\/p>\n","protected":false},"author":7,"featured_media":50574,"comment_status":"closed","ping_status":"closed","sticky":false,"template":"","format":"standard","meta":{"ngg_post_thumbnail":0,"footnotes":""},"categories":[14],"tags":[],"class_list":["post-50567","post","type-post","status-publish","format-standard","has-post-thumbnail","","category-home-cinema"],"yoast_head":"<!-- This site is optimized with the Yoast SEO plugin v20.4 - https:\/\/yoast.com\/wordpress\/plugins\/seo\/ -->\n<title>2013\/2014 : Denis Mpunga - We Love Cinema<\/title>\n<meta name=\"robots\" content=\"index, follow, max-snippet:-1, max-image-preview:large, max-video-preview:-1\" \/>\n<link rel=\"canonical\" href=\"https:\/\/welovecinema.be\/fr\/20132014-denis-mpunga\/\" \/>\n<meta property=\"og:locale\" content=\"fr_FR\" \/>\n<meta property=\"og:type\" content=\"article\" \/>\n<meta property=\"og:title\" content=\"2013\/2014 : Denis Mpunga - We Love Cinema\" \/>\n<meta property=\"og:description\" content=\"Mon ann\u00e9e 2013 a \u00e9t\u00e9 marqu\u00e9e par ma nomination au Magritte dans la cat\u00e9gorie meilleur second r\u00f4le masculin, en f\u00e9vrier, et par la mort de Nelson Mandela. \u00c0 la disparition de ce grand homme, j\u2019ai la ferme conviction qu\u2019en chacun de nous, il y a un petit Mandela qui sommeille, il faut le r\u00e9veiller ou &hellip;\" \/>\n<meta property=\"og:url\" content=\"https:\/\/welovecinema.be\/fr\/20132014-denis-mpunga\/\" \/>\n<meta property=\"og:site_name\" content=\"We Love Cinema\" \/>\n<meta property=\"article:publisher\" content=\"https:\/\/www.facebook.com\/welovecinema.be\" \/>\n<meta property=\"article:published_time\" content=\"2014-01-16T09:02:29+00:00\" \/>\n<meta property=\"article:modified_time\" content=\"2014-01-15T07:19:13+00:00\" \/>\n<meta property=\"og:image\" content=\"https:\/\/welovecinema.be\/wp-content\/uploads\/sites\/2\/2010\/01\/2014-01-14_10h13_59.jpg\" \/>\n\t<meta property=\"og:image:width\" content=\"711\" \/>\n\t<meta property=\"og:image:height\" content=\"385\" \/>\n\t<meta property=\"og:image:type\" content=\"image\/jpeg\" \/>\n<meta name=\"author\" content=\"Philippe.Pierquin\" \/>\n<meta name=\"twitter:card\" content=\"summary_large_image\" \/>\n<meta name=\"twitter:label1\" content=\"\u00c9crit par\" \/>\n\t<meta name=\"twitter:data1\" content=\"Philippe.Pierquin\" \/>\n\t<meta name=\"twitter:label2\" content=\"Dur\u00e9e de lecture estim\u00e9e\" \/>\n\t<meta name=\"twitter:data2\" content=\"1 minute\" \/>\n<script type=\"application\/ld+json\" class=\"yoast-schema-graph\">{\"@context\":\"https:\/\/schema.org\",\"@graph\":[{\"@type\":\"Article\",\"@id\":\"https:\/\/welovecinema.be\/fr\/20132014-denis-mpunga\/#article\",\"isPartOf\":{\"@id\":\"https:\/\/welovecinema.be\/fr\/20132014-denis-mpunga\/\"},\"author\":{\"name\":\"Philippe.Pierquin\",\"@id\":\"https:\/\/welovecinema.be\/nl\/#\/schema\/person\/4b9b1d857f0943453a38a7c2859ef756\"},\"headline\":\"2013\/2014 : Denis Mpunga\",\"datePublished\":\"2014-01-16T09:02:29+00:00\",\"dateModified\":\"2014-01-15T07:19:13+00:00\",\"mainEntityOfPage\":{\"@id\":\"https:\/\/welovecinema.be\/fr\/20132014-denis-mpunga\/\"},\"wordCount\":272,\"publisher\":{\"@id\":\"https:\/\/welovecinema.be\/nl\/#organization\"},\"articleSection\":[\"Plateau t\u00e9l\u00e9\"],\"inLanguage\":\"fr-FR\"},{\"@type\":\"WebPage\",\"@id\":\"https:\/\/welovecinema.be\/fr\/20132014-denis-mpunga\/\",\"url\":\"https:\/\/welovecinema.be\/fr\/20132014-denis-mpunga\/\",\"name\":\"2013\/2014 : Denis Mpunga - We Love Cinema\",\"isPartOf\":{\"@id\":\"https:\/\/welovecinema.be\/nl\/#website\"},\"datePublished\":\"2014-01-16T09:02:29+00:00\",\"dateModified\":\"2014-01-15T07:19:13+00:00\",\"breadcrumb\":{\"@id\":\"https:\/\/welovecinema.be\/fr\/20132014-denis-mpunga\/#breadcrumb\"},\"inLanguage\":\"fr-FR\",\"potentialAction\":[{\"@type\":\"ReadAction\",\"target\":[\"https:\/\/welovecinema.be\/fr\/20132014-denis-mpunga\/\"]}]},{\"@type\":\"BreadcrumbList\",\"@id\":\"https:\/\/welovecinema.be\/fr\/20132014-denis-mpunga\/#breadcrumb\",\"itemListElement\":[{\"@type\":\"ListItem\",\"position\":1,\"name\":\"Accueil\",\"item\":\"https:\/\/welovecinema.be\/fr\/\"},{\"@type\":\"ListItem\",\"position\":2,\"name\":\"2013\/2014 : Denis Mpunga\"}]},{\"@type\":\"WebSite\",\"@id\":\"https:\/\/welovecinema.be\/nl\/#website\",\"url\":\"https:\/\/welovecinema.be\/nl\/\",\"name\":\"We Love Cinema\",\"description\":\"Toute l\u2019information du cin\u00e9ma en Belgique\",\"publisher\":{\"@id\":\"https:\/\/welovecinema.be\/nl\/#organization\"},\"potentialAction\":[{\"@type\":\"SearchAction\",\"target\":{\"@type\":\"EntryPoint\",\"urlTemplate\":\"https:\/\/welovecinema.be\/nl\/?s={search_term_string}\"},\"query-input\":\"required name=search_term_string\"}],\"inLanguage\":\"fr-FR\"},{\"@type\":\"Organization\",\"@id\":\"https:\/\/welovecinema.be\/nl\/#organization\",\"name\":\"We Love Cinema\",\"url\":\"https:\/\/welovecinema.be\/nl\/\",\"logo\":{\"@type\":\"ImageObject\",\"inLanguage\":\"fr-FR\",\"@id\":\"https:\/\/welovecinema.be\/nl\/#\/schema\/logo\/image\/\",\"url\":\"https:\/\/welovecinema.be\/wp-content\/uploads\/sites\/2\/2023\/03\/Logo-We-Love-Cinema305x128.jpg\",\"contentUrl\":\"https:\/\/welovecinema.be\/wp-content\/uploads\/sites\/2\/2023\/03\/Logo-We-Love-Cinema305x128.jpg\",\"width\":305,\"height\":128,\"caption\":\"We Love Cinema\"},\"image\":{\"@id\":\"https:\/\/welovecinema.be\/nl\/#\/schema\/logo\/image\/\"},\"sameAs\":[\"https:\/\/www.facebook.com\/welovecinema.be\",\"https:\/\/www.youtube.com\/channel\/UCX5LYGVhnKvYauW4Nta4HJA\",\"https:\/\/www.instagram.com\/welovecinema.be\/\"]},{\"@type\":\"Person\",\"@id\":\"https:\/\/welovecinema.be\/nl\/#\/schema\/person\/4b9b1d857f0943453a38a7c2859ef756\",\"name\":\"Philippe.Pierquin\",\"url\":\"https:\/\/welovecinema.be\/fr\/author\/philippe-pierquin\/\"}]}<\/script>\n<!-- \/ Yoast SEO plugin. -->","yoast_head_json":{"title":"2013\/2014 : Denis Mpunga - We Love Cinema","robots":{"index":"index","follow":"follow","max-snippet":"max-snippet:-1","max-image-preview":"max-image-preview:large","max-video-preview":"max-video-preview:-1"},"canonical":"https:\/\/welovecinema.be\/fr\/20132014-denis-mpunga\/","og_locale":"fr_FR","og_type":"article","og_title":"2013\/2014 : Denis Mpunga - We Love Cinema","og_description":"Mon ann\u00e9e 2013 a \u00e9t\u00e9 marqu\u00e9e par ma nomination au Magritte dans la cat\u00e9gorie meilleur second r\u00f4le masculin, en f\u00e9vrier, et par la mort de Nelson Mandela. \u00c0 la disparition de ce grand homme, j\u2019ai la ferme conviction qu\u2019en chacun de nous, il y a un petit Mandela qui sommeille, il faut le r\u00e9veiller ou &hellip;","og_url":"https:\/\/welovecinema.be\/fr\/20132014-denis-mpunga\/","og_site_name":"We Love Cinema","article_publisher":"https:\/\/www.facebook.com\/welovecinema.be","article_published_time":"2014-01-16T09:02:29+00:00","article_modified_time":"2014-01-15T07:19:13+00:00","og_image":[{"width":711,"height":385,"url":"https:\/\/welovecinema.be\/wp-content\/uploads\/sites\/2\/2010\/01\/2014-01-14_10h13_59.jpg","type":"image\/jpeg"}],"author":"Philippe.Pierquin","twitter_card":"summary_large_image","twitter_misc":{"\u00c9crit par":"Philippe.Pierquin","Dur\u00e9e de lecture estim\u00e9e":"1 minute"},"schema":{"@context":"https:\/\/schema.org","@graph":[{"@type":"Article","@id":"https:\/\/welovecinema.be\/fr\/20132014-denis-mpunga\/#article","isPartOf":{"@id":"https:\/\/welovecinema.be\/fr\/20132014-denis-mpunga\/"},"author":{"name":"Philippe.Pierquin","@id":"https:\/\/welovecinema.be\/nl\/#\/schema\/person\/4b9b1d857f0943453a38a7c2859ef756"},"headline":"2013\/2014 : Denis Mpunga","datePublished":"2014-01-16T09:02:29+00:00","dateModified":"2014-01-15T07:19:13+00:00","mainEntityOfPage":{"@id":"https:\/\/welovecinema.be\/fr\/20132014-denis-mpunga\/"},"wordCount":272,"publisher":{"@id":"https:\/\/welovecinema.be\/nl\/#organization"},"articleSection":["Plateau t\u00e9l\u00e9"],"inLanguage":"fr-FR"},{"@type":"WebPage","@id":"https:\/\/welovecinema.be\/fr\/20132014-denis-mpunga\/","url":"https:\/\/welovecinema.be\/fr\/20132014-denis-mpunga\/","name":"2013\/2014 : Denis Mpunga - We Love Cinema","isPartOf":{"@id":"https:\/\/welovecinema.be\/nl\/#website"},"datePublished":"2014-01-16T09:02:29+00:00","dateModified":"2014-01-15T07:19:13+00:00","breadcrumb":{"@id":"https:\/\/welovecinema.be\/fr\/20132014-denis-mpunga\/#breadcrumb"},"inLanguage":"fr-FR","potentialAction":[{"@type":"ReadAction","target":["https:\/\/welovecinema.be\/fr\/20132014-denis-mpunga\/"]}]},{"@type":"BreadcrumbList","@id":"https:\/\/welovecinema.be\/fr\/20132014-denis-mpunga\/#breadcrumb","itemListElement":[{"@type":"ListItem","position":1,"name":"Accueil","item":"https:\/\/welovecinema.be\/fr\/"},{"@type":"ListItem","position":2,"name":"2013\/2014 : Denis Mpunga"}]},{"@type":"WebSite","@id":"https:\/\/welovecinema.be\/nl\/#website","url":"https:\/\/welovecinema.be\/nl\/","name":"We Love Cinema","description":"Toute l\u2019information du cin\u00e9ma en Belgique","publisher":{"@id":"https:\/\/welovecinema.be\/nl\/#organization"},"potentialAction":[{"@type":"SearchAction","target":{"@type":"EntryPoint","urlTemplate":"https:\/\/welovecinema.be\/nl\/?s={search_term_string}"},"query-input":"required name=search_term_string"}],"inLanguage":"fr-FR"},{"@type":"Organization","@id":"https:\/\/welovecinema.be\/nl\/#organization","name":"We Love Cinema","url":"https:\/\/welovecinema.be\/nl\/","logo":{"@type":"ImageObject","inLanguage":"fr-FR","@id":"https:\/\/welovecinema.be\/nl\/#\/schema\/logo\/image\/","url":"https:\/\/welovecinema.be\/wp-content\/uploads\/sites\/2\/2023\/03\/Logo-We-Love-Cinema305x128.jpg","contentUrl":"https:\/\/welovecinema.be\/wp-content\/uploads\/sites\/2\/2023\/03\/Logo-We-Love-Cinema305x128.jpg","width":305,"height":128,"caption":"We Love Cinema"},"image":{"@id":"https:\/\/welovecinema.be\/nl\/#\/schema\/logo\/image\/"},"sameAs":["https:\/\/www.facebook.com\/welovecinema.be","https:\/\/www.youtube.com\/channel\/UCX5LYGVhnKvYauW4Nta4HJA","https:\/\/www.instagram.com\/welovecinema.be\/"]},{"@type":"Person","@id":"https:\/\/welovecinema.be\/nl\/#\/schema\/person\/4b9b1d857f0943453a38a7c2859ef756","name":"Philippe.Pierquin","url":"https:\/\/welovecinema.be\/fr\/author\/philippe-pierquin\/"}]}},"_links":{"self":[{"href":"https:\/\/welovecinema.be\/fr\/wp-json\/wp\/v2\/posts\/50567","targetHints":{"allow":["GET"]}}],"collection":[{"href":"https:\/\/welovecinema.be\/fr\/wp-json\/wp\/v2\/posts"}],"about":[{"href":"https:\/\/welovecinema.be\/fr\/wp-json\/wp\/v2\/types\/post"}],"author":[{"embeddable":true,"href":"https:\/\/welovecinema.be\/fr\/wp-json\/wp\/v2\/users\/7"}],"replies":[{"embeddable":true,"href":"https:\/\/welovecinema.be\/fr\/wp-json\/wp\/v2\/comments?post=50567"}],"version-history":[{"count":0,"href":"https:\/\/welovecinema.be\/fr\/wp-json\/wp\/v2\/posts\/50567\/revisions"}],"wp:featuredmedia":[{"embeddable":true,"href":"https:\/\/welovecinema.be\/fr\/wp-json\/wp\/v2\/media\/50574"}],"wp:attachment":[{"href":"https:\/\/welovecinema.be\/fr\/wp-json\/wp\/v2\/media?parent=50567"}],"wp:term":[{"taxonomy":"category","embeddable":true,"href":"https:\/\/welovecinema.be\/fr\/wp-json\/wp\/v2\/categories?post=50567"},{"taxonomy":"post_tag","embeddable":true,"href":"https:\/\/welovecinema.be\/fr\/wp-json\/wp\/v2\/tags?post=50567"}],"curies":[{"name":"wp","href":"https:\/\/api.w.org\/{rel}","templated":true}]}}