{"id":50294,"date":"2014-01-08T12:02:20","date_gmt":"2014-01-08T11:02:20","guid":{"rendered":"http:\/\/www.cinevox.be\/?p=50294"},"modified":"2014-01-08T12:08:46","modified_gmt":"2014-01-08T11:08:46","slug":"deux-belges-parmi-les-cinquante-personnalites-qui-font-le-cinema-francais","status":"publish","type":"post","link":"https:\/\/welovecinema.be\/fr\/deux-belges-parmi-les-cinquante-personnalites-qui-font-le-cinema-francais\/","title":{"rendered":"Deux Belges parmi les cinquante personnalit\u00e9s qui FONT le cin\u00e9ma fran\u00e7ais."},"content":{"rendered":"<p>Telerama publie aujourd&rsquo;hui son top 50 des personnalit\u00e9s qui font le cin\u00e9ma fran\u00e7ais, ceux qui \u00ab\u00a0ont le pouvoir et le talent de lever de l\u2019argent, faire na\u00eetre des films, les mener \u00e0 bien, les rendre populaires.\u00a0\u00bb Deux Belges figurent au palmar\u00e8s.<!--more--><\/p>\n<p>&nbsp;<\/p>\n<p>&nbsp;<\/p>\n<p>&nbsp;<\/p>\n<p>Pour \u00e9tablir le \u00ab Top 50 \u00bb de ceux qui font le cin\u00e9ma en France, Telerama s&rsquo;est appuy\u00e9 sur plusieurs crit\u00e8res : \u00e9conomique, artistique, symbolique. Le classement est pond\u00e9r\u00e9 par les r\u00e9sultats de l&rsquo;ann\u00e9e pass\u00e9e et par les promesses de 2014.<\/p>\n<p>&nbsp;<\/p>\n<p>Les journalistes pr\u00e9cisent que le classement est vu \u00e0 travers \u00ab\u00a0le prisme T\u00e9l\u00e9rama\u00a0\u00bb, ce qui signifie que \u00ab\u00a0\u2026certaines initiatives, certaines pratiques nous paraissent plus judicieuses, voire plus admirables que d&rsquo;autres. \u00c9quation complexe, donc, avec une part de subjectivit\u00e9 assum\u00e9e. Pour nous, derri\u00e8re les plus riches, il y a des francs-tireurs ; derri\u00e8re les stars incontournables, des acteurs qui p\u00e8sent le poids d&rsquo;un succ\u00e8s-surprise ; derri\u00e8re les fabricants de \u00ab grosses machines \u00bb, des artisans du cin\u00e9ma d&rsquo;auteur. Ce qui fait la diversit\u00e9, unique et pr\u00e9cieuse, de notre cin\u00e9ma.\u00a0\u00bb<\/p>\n<p>&nbsp;<\/p>\n<p><a href=\"http:\/\/www.cinevox.be\/deux-belges-parmi-les-cinquante-personnalites-qui-font-le-cinema-francais\/les-rayures-du-zebre-videos-529735a1e7850\/\" rel=\"attachment wp-att-50295\"><img loading=\"lazy\" decoding=\"async\" class=\"aligncenter size-large wp-image-50295\" alt=\"\" src=\"http:\/\/www.cinevox.be\/wp-content\/uploads\/sites\/2\/2014\/01\/les-rayures-du-zebre-videos-529735a1e7850-800x431.jpg\" width=\"640\" height=\"344\" srcset=\"https:\/\/welovecinema.be\/wp-content\/uploads\/sites\/2\/2014\/01\/les-rayures-du-zebre-videos-529735a1e7850-800x431.jpg 800w, https:\/\/welovecinema.be\/wp-content\/uploads\/sites\/2\/2014\/01\/les-rayures-du-zebre-videos-529735a1e7850-480x259.jpg 480w\" sizes=\"auto, (max-width: 640px) 100vw, 640px\" \/><\/a><\/p>\n<p>&nbsp;<\/p>\n<p>La pr\u00e9sence de Benoit Poelvoorde \u00e9tait attendue. Il figure \u00e0 la 43<sup>e<\/sup> position du palmar\u00e8s. Dans le magazine, un vendeur souligne que \u00ab\u00a0Surprenant et populaire, l&rsquo;acteur belge, capable d&rsquo;envoyer dans le d\u00e9cor une \u00e9mission de promotion (on l&rsquo;a vu ivre au 20heures de TF1), fait peur par son c\u00f4t\u00e9 impr\u00e9visible\u00a0\u00bb. Mais, note Telerama, \u00ab\u00a0son potentiel, du comique \u00e0 la noirceur, reste \u00e9lev\u00e9.\u00a0\u00bb<\/p>\n<p>&nbsp;<\/p>\n<p>La surprise vient plut\u00f4t du fait que Benoit ne soit pas le premier Belge class\u00e9.<\/p>\n<p>&nbsp;<\/p>\n<p><a href=\"http:\/\/www.cinevox.be\/deux-belges-parmi-les-cinquante-personnalites-qui-font-le-cinema-francais\/_vis6159\/\" rel=\"attachment wp-att-50296\"><img loading=\"lazy\" decoding=\"async\" class=\"aligncenter size-large wp-image-50296\" alt=\"\" src=\"http:\/\/www.cinevox.be\/wp-content\/uploads\/sites\/2\/2014\/01\/VIS6159-771x600.jpg\" width=\"640\" height=\"498\" srcset=\"https:\/\/welovecinema.be\/wp-content\/uploads\/sites\/2\/2014\/01\/VIS6159-771x600.jpg 771w, https:\/\/welovecinema.be\/wp-content\/uploads\/sites\/2\/2014\/01\/VIS6159-347x270.jpg 347w, https:\/\/welovecinema.be\/wp-content\/uploads\/sites\/2\/2014\/01\/VIS6159.jpg 900w\" sizes=\"auto, (max-width: 640px) 100vw, 640px\" \/><\/a><\/p>\n<p>&nbsp;<\/p>\n<p>A la 25<sup>e<\/sup> place, on retrouve en effet Virginie Efira. \u00ab\u00a0Le succ\u00e8s de Vingt ans d&rsquo;\u00e9cart (1.4 million d&rsquo;entr\u00e9es) a confirm\u00e9 le potentiel comique de la meilleure blonde belge\u00a0\u00bb explique Telerama qui pour 2014 pr\u00e9cise que \u00ab\u00a0les financiers adorent les stars non us\u00e9es par la r\u00e9p\u00e9tition des films. Du coup, sa cote grimpe\u00a0\u00bb.<\/p>\n<p>&nbsp;<\/p>\n","protected":false},"excerpt":{"rendered":"<p>Telerama publie aujourd&rsquo;hui son top 50 des personnalit\u00e9s qui font le cin\u00e9ma fran\u00e7ais, ceux qui \u00ab\u00a0ont le pouvoir et le talent de lever de l\u2019argent, faire na\u00eetre des films, les mener \u00e0 bien, les rendre populaires.\u00a0\u00bb Deux Belges figurent au palmar\u00e8s.<\/p>\n","protected":false},"author":7,"featured_media":50298,"comment_status":"closed","ping_status":"closed","sticky":false,"template":"","format":"standard","meta":{"ngg_post_thumbnail":0,"footnotes":""},"categories":[1923,7],"tags":[],"class_list":["post-50294","post","type-post","status-publish","format-standard","has-post-thumbnail","","category-en-bref","category-actualites"],"yoast_head":"<!-- This site is optimized with the Yoast SEO plugin v20.4 - https:\/\/yoast.com\/wordpress\/plugins\/seo\/ -->\n<title>Deux Belges parmi les cinquante personnalit\u00e9s qui FONT le cin\u00e9ma fran\u00e7ais. - We Love Cinema<\/title>\n<meta name=\"robots\" content=\"index, follow, max-snippet:-1, max-image-preview:large, max-video-preview:-1\" \/>\n<link rel=\"canonical\" href=\"https:\/\/welovecinema.be\/fr\/deux-belges-parmi-les-cinquante-personnalites-qui-font-le-cinema-francais\/\" \/>\n<meta property=\"og:locale\" content=\"fr_FR\" \/>\n<meta property=\"og:type\" content=\"article\" \/>\n<meta property=\"og:title\" content=\"Deux Belges parmi les cinquante personnalit\u00e9s qui FONT le cin\u00e9ma fran\u00e7ais. - We Love Cinema\" \/>\n<meta property=\"og:description\" content=\"Telerama publie aujourd&rsquo;hui son top 50 des personnalit\u00e9s qui font le cin\u00e9ma fran\u00e7ais, ceux qui \u00ab\u00a0ont le pouvoir et le talent de lever de l\u2019argent, faire na\u00eetre des films, les mener \u00e0 bien, les rendre populaires.\u00a0\u00bb Deux Belges figurent au palmar\u00e8s.\" \/>\n<meta property=\"og:url\" content=\"https:\/\/welovecinema.be\/fr\/deux-belges-parmi-les-cinquante-personnalites-qui-font-le-cinema-francais\/\" \/>\n<meta property=\"og:site_name\" content=\"We Love Cinema\" \/>\n<meta property=\"article:publisher\" content=\"https:\/\/www.facebook.com\/welovecinema.be\" \/>\n<meta property=\"article:published_time\" content=\"2014-01-08T11:02:20+00:00\" \/>\n<meta property=\"article:modified_time\" content=\"2014-01-08T11:08:46+00:00\" \/>\n<meta property=\"og:image\" content=\"https:\/\/welovecinema.be\/wp-content\/uploads\/sites\/2\/2014\/01\/2014-01-08_12h01_19.jpg\" \/>\n\t<meta property=\"og:image:width\" content=\"712\" \/>\n\t<meta property=\"og:image:height\" content=\"344\" \/>\n\t<meta property=\"og:image:type\" content=\"image\/jpeg\" \/>\n<meta name=\"author\" content=\"Philippe.Pierquin\" \/>\n<meta name=\"twitter:card\" content=\"summary_large_image\" \/>\n<meta name=\"twitter:label1\" content=\"\u00c9crit par\" \/>\n\t<meta name=\"twitter:data1\" content=\"Philippe.Pierquin\" \/>\n\t<meta name=\"twitter:label2\" content=\"Dur\u00e9e de lecture estim\u00e9e\" \/>\n\t<meta name=\"twitter:data2\" content=\"2 minutes\" \/>\n<script type=\"application\/ld+json\" class=\"yoast-schema-graph\">{\"@context\":\"https:\/\/schema.org\",\"@graph\":[{\"@type\":\"Article\",\"@id\":\"https:\/\/welovecinema.be\/fr\/deux-belges-parmi-les-cinquante-personnalites-qui-font-le-cinema-francais\/#article\",\"isPartOf\":{\"@id\":\"https:\/\/welovecinema.be\/fr\/deux-belges-parmi-les-cinquante-personnalites-qui-font-le-cinema-francais\/\"},\"author\":{\"name\":\"Philippe.Pierquin\",\"@id\":\"https:\/\/welovecinema.be\/nl\/#\/schema\/person\/4b9b1d857f0943453a38a7c2859ef756\"},\"headline\":\"Deux Belges parmi les cinquante personnalit\u00e9s qui FONT le cin\u00e9ma fran\u00e7ais.\",\"datePublished\":\"2014-01-08T11:02:20+00:00\",\"dateModified\":\"2014-01-08T11:08:46+00:00\",\"mainEntityOfPage\":{\"@id\":\"https:\/\/welovecinema.be\/fr\/deux-belges-parmi-les-cinquante-personnalites-qui-font-le-cinema-francais\/\"},\"wordCount\":355,\"publisher\":{\"@id\":\"https:\/\/welovecinema.be\/nl\/#organization\"},\"articleSection\":[\"En bref\",\"News\"],\"inLanguage\":\"fr-FR\"},{\"@type\":\"WebPage\",\"@id\":\"https:\/\/welovecinema.be\/fr\/deux-belges-parmi-les-cinquante-personnalites-qui-font-le-cinema-francais\/\",\"url\":\"https:\/\/welovecinema.be\/fr\/deux-belges-parmi-les-cinquante-personnalites-qui-font-le-cinema-francais\/\",\"name\":\"Deux Belges parmi les cinquante personnalit\u00e9s qui FONT le cin\u00e9ma fran\u00e7ais. - We Love Cinema\",\"isPartOf\":{\"@id\":\"https:\/\/welovecinema.be\/nl\/#website\"},\"datePublished\":\"2014-01-08T11:02:20+00:00\",\"dateModified\":\"2014-01-08T11:08:46+00:00\",\"breadcrumb\":{\"@id\":\"https:\/\/welovecinema.be\/fr\/deux-belges-parmi-les-cinquante-personnalites-qui-font-le-cinema-francais\/#breadcrumb\"},\"inLanguage\":\"fr-FR\",\"potentialAction\":[{\"@type\":\"ReadAction\",\"target\":[\"https:\/\/welovecinema.be\/fr\/deux-belges-parmi-les-cinquante-personnalites-qui-font-le-cinema-francais\/\"]}]},{\"@type\":\"BreadcrumbList\",\"@id\":\"https:\/\/welovecinema.be\/fr\/deux-belges-parmi-les-cinquante-personnalites-qui-font-le-cinema-francais\/#breadcrumb\",\"itemListElement\":[{\"@type\":\"ListItem\",\"position\":1,\"name\":\"Accueil\",\"item\":\"https:\/\/welovecinema.be\/fr\/\"},{\"@type\":\"ListItem\",\"position\":2,\"name\":\"Deux Belges parmi les cinquante personnalit\u00e9s qui FONT le cin\u00e9ma fran\u00e7ais.\"}]},{\"@type\":\"WebSite\",\"@id\":\"https:\/\/welovecinema.be\/nl\/#website\",\"url\":\"https:\/\/welovecinema.be\/nl\/\",\"name\":\"We Love Cinema\",\"description\":\"Toute l\u2019information du cin\u00e9ma en Belgique\",\"publisher\":{\"@id\":\"https:\/\/welovecinema.be\/nl\/#organization\"},\"potentialAction\":[{\"@type\":\"SearchAction\",\"target\":{\"@type\":\"EntryPoint\",\"urlTemplate\":\"https:\/\/welovecinema.be\/nl\/?s={search_term_string}\"},\"query-input\":\"required name=search_term_string\"}],\"inLanguage\":\"fr-FR\"},{\"@type\":\"Organization\",\"@id\":\"https:\/\/welovecinema.be\/nl\/#organization\",\"name\":\"We Love Cinema\",\"url\":\"https:\/\/welovecinema.be\/nl\/\",\"logo\":{\"@type\":\"ImageObject\",\"inLanguage\":\"fr-FR\",\"@id\":\"https:\/\/welovecinema.be\/nl\/#\/schema\/logo\/image\/\",\"url\":\"https:\/\/welovecinema.be\/wp-content\/uploads\/sites\/2\/2023\/03\/Logo-We-Love-Cinema305x128.jpg\",\"contentUrl\":\"https:\/\/welovecinema.be\/wp-content\/uploads\/sites\/2\/2023\/03\/Logo-We-Love-Cinema305x128.jpg\",\"width\":305,\"height\":128,\"caption\":\"We Love Cinema\"},\"image\":{\"@id\":\"https:\/\/welovecinema.be\/nl\/#\/schema\/logo\/image\/\"},\"sameAs\":[\"https:\/\/www.facebook.com\/welovecinema.be\",\"https:\/\/www.youtube.com\/channel\/UCX5LYGVhnKvYauW4Nta4HJA\",\"https:\/\/www.instagram.com\/welovecinema.be\/\"]},{\"@type\":\"Person\",\"@id\":\"https:\/\/welovecinema.be\/nl\/#\/schema\/person\/4b9b1d857f0943453a38a7c2859ef756\",\"name\":\"Philippe.Pierquin\",\"url\":\"https:\/\/welovecinema.be\/fr\/author\/philippe-pierquin\/\"}]}<\/script>\n<!-- \/ Yoast SEO plugin. -->","yoast_head_json":{"title":"Deux Belges parmi les cinquante personnalit\u00e9s qui FONT le cin\u00e9ma fran\u00e7ais. - We Love Cinema","robots":{"index":"index","follow":"follow","max-snippet":"max-snippet:-1","max-image-preview":"max-image-preview:large","max-video-preview":"max-video-preview:-1"},"canonical":"https:\/\/welovecinema.be\/fr\/deux-belges-parmi-les-cinquante-personnalites-qui-font-le-cinema-francais\/","og_locale":"fr_FR","og_type":"article","og_title":"Deux Belges parmi les cinquante personnalit\u00e9s qui FONT le cin\u00e9ma fran\u00e7ais. - We Love Cinema","og_description":"Telerama publie aujourd&rsquo;hui son top 50 des personnalit\u00e9s qui font le cin\u00e9ma fran\u00e7ais, ceux qui \u00ab\u00a0ont le pouvoir et le talent de lever de l\u2019argent, faire na\u00eetre des films, les mener \u00e0 bien, les rendre populaires.\u00a0\u00bb Deux Belges figurent au palmar\u00e8s.","og_url":"https:\/\/welovecinema.be\/fr\/deux-belges-parmi-les-cinquante-personnalites-qui-font-le-cinema-francais\/","og_site_name":"We Love Cinema","article_publisher":"https:\/\/www.facebook.com\/welovecinema.be","article_published_time":"2014-01-08T11:02:20+00:00","article_modified_time":"2014-01-08T11:08:46+00:00","og_image":[{"width":712,"height":344,"url":"https:\/\/welovecinema.be\/wp-content\/uploads\/sites\/2\/2014\/01\/2014-01-08_12h01_19.jpg","type":"image\/jpeg"}],"author":"Philippe.Pierquin","twitter_card":"summary_large_image","twitter_misc":{"\u00c9crit par":"Philippe.Pierquin","Dur\u00e9e de lecture estim\u00e9e":"2 minutes"},"schema":{"@context":"https:\/\/schema.org","@graph":[{"@type":"Article","@id":"https:\/\/welovecinema.be\/fr\/deux-belges-parmi-les-cinquante-personnalites-qui-font-le-cinema-francais\/#article","isPartOf":{"@id":"https:\/\/welovecinema.be\/fr\/deux-belges-parmi-les-cinquante-personnalites-qui-font-le-cinema-francais\/"},"author":{"name":"Philippe.Pierquin","@id":"https:\/\/welovecinema.be\/nl\/#\/schema\/person\/4b9b1d857f0943453a38a7c2859ef756"},"headline":"Deux Belges parmi les cinquante personnalit\u00e9s qui FONT le cin\u00e9ma fran\u00e7ais.","datePublished":"2014-01-08T11:02:20+00:00","dateModified":"2014-01-08T11:08:46+00:00","mainEntityOfPage":{"@id":"https:\/\/welovecinema.be\/fr\/deux-belges-parmi-les-cinquante-personnalites-qui-font-le-cinema-francais\/"},"wordCount":355,"publisher":{"@id":"https:\/\/welovecinema.be\/nl\/#organization"},"articleSection":["En bref","News"],"inLanguage":"fr-FR"},{"@type":"WebPage","@id":"https:\/\/welovecinema.be\/fr\/deux-belges-parmi-les-cinquante-personnalites-qui-font-le-cinema-francais\/","url":"https:\/\/welovecinema.be\/fr\/deux-belges-parmi-les-cinquante-personnalites-qui-font-le-cinema-francais\/","name":"Deux Belges parmi les cinquante personnalit\u00e9s qui FONT le cin\u00e9ma fran\u00e7ais. - We Love Cinema","isPartOf":{"@id":"https:\/\/welovecinema.be\/nl\/#website"},"datePublished":"2014-01-08T11:02:20+00:00","dateModified":"2014-01-08T11:08:46+00:00","breadcrumb":{"@id":"https:\/\/welovecinema.be\/fr\/deux-belges-parmi-les-cinquante-personnalites-qui-font-le-cinema-francais\/#breadcrumb"},"inLanguage":"fr-FR","potentialAction":[{"@type":"ReadAction","target":["https:\/\/welovecinema.be\/fr\/deux-belges-parmi-les-cinquante-personnalites-qui-font-le-cinema-francais\/"]}]},{"@type":"BreadcrumbList","@id":"https:\/\/welovecinema.be\/fr\/deux-belges-parmi-les-cinquante-personnalites-qui-font-le-cinema-francais\/#breadcrumb","itemListElement":[{"@type":"ListItem","position":1,"name":"Accueil","item":"https:\/\/welovecinema.be\/fr\/"},{"@type":"ListItem","position":2,"name":"Deux Belges parmi les cinquante personnalit\u00e9s qui FONT le cin\u00e9ma fran\u00e7ais."}]},{"@type":"WebSite","@id":"https:\/\/welovecinema.be\/nl\/#website","url":"https:\/\/welovecinema.be\/nl\/","name":"We Love Cinema","description":"Toute l\u2019information du cin\u00e9ma en Belgique","publisher":{"@id":"https:\/\/welovecinema.be\/nl\/#organization"},"potentialAction":[{"@type":"SearchAction","target":{"@type":"EntryPoint","urlTemplate":"https:\/\/welovecinema.be\/nl\/?s={search_term_string}"},"query-input":"required name=search_term_string"}],"inLanguage":"fr-FR"},{"@type":"Organization","@id":"https:\/\/welovecinema.be\/nl\/#organization","name":"We Love Cinema","url":"https:\/\/welovecinema.be\/nl\/","logo":{"@type":"ImageObject","inLanguage":"fr-FR","@id":"https:\/\/welovecinema.be\/nl\/#\/schema\/logo\/image\/","url":"https:\/\/welovecinema.be\/wp-content\/uploads\/sites\/2\/2023\/03\/Logo-We-Love-Cinema305x128.jpg","contentUrl":"https:\/\/welovecinema.be\/wp-content\/uploads\/sites\/2\/2023\/03\/Logo-We-Love-Cinema305x128.jpg","width":305,"height":128,"caption":"We Love Cinema"},"image":{"@id":"https:\/\/welovecinema.be\/nl\/#\/schema\/logo\/image\/"},"sameAs":["https:\/\/www.facebook.com\/welovecinema.be","https:\/\/www.youtube.com\/channel\/UCX5LYGVhnKvYauW4Nta4HJA","https:\/\/www.instagram.com\/welovecinema.be\/"]},{"@type":"Person","@id":"https:\/\/welovecinema.be\/nl\/#\/schema\/person\/4b9b1d857f0943453a38a7c2859ef756","name":"Philippe.Pierquin","url":"https:\/\/welovecinema.be\/fr\/author\/philippe-pierquin\/"}]}},"_links":{"self":[{"href":"https:\/\/welovecinema.be\/fr\/wp-json\/wp\/v2\/posts\/50294","targetHints":{"allow":["GET"]}}],"collection":[{"href":"https:\/\/welovecinema.be\/fr\/wp-json\/wp\/v2\/posts"}],"about":[{"href":"https:\/\/welovecinema.be\/fr\/wp-json\/wp\/v2\/types\/post"}],"author":[{"embeddable":true,"href":"https:\/\/welovecinema.be\/fr\/wp-json\/wp\/v2\/users\/7"}],"replies":[{"embeddable":true,"href":"https:\/\/welovecinema.be\/fr\/wp-json\/wp\/v2\/comments?post=50294"}],"version-history":[{"count":0,"href":"https:\/\/welovecinema.be\/fr\/wp-json\/wp\/v2\/posts\/50294\/revisions"}],"wp:featuredmedia":[{"embeddable":true,"href":"https:\/\/welovecinema.be\/fr\/wp-json\/wp\/v2\/media\/50298"}],"wp:attachment":[{"href":"https:\/\/welovecinema.be\/fr\/wp-json\/wp\/v2\/media?parent=50294"}],"wp:term":[{"taxonomy":"category","embeddable":true,"href":"https:\/\/welovecinema.be\/fr\/wp-json\/wp\/v2\/categories?post=50294"},{"taxonomy":"post_tag","embeddable":true,"href":"https:\/\/welovecinema.be\/fr\/wp-json\/wp\/v2\/tags?post=50294"}],"curies":[{"name":"wp","href":"https:\/\/api.w.org\/{rel}","templated":true}]}}