{"id":50275,"date":"2014-01-08T11:03:15","date_gmt":"2014-01-08T10:03:15","guid":{"rendered":"http:\/\/www.cinevox.be\/?p=50275"},"modified":"2014-01-08T11:03:17","modified_gmt":"2014-01-08T10:03:17","slug":"le-bifff-devoile-son-affiche-2014","status":"publish","type":"post","link":"https:\/\/welovecinema.be\/fr\/le-bifff-devoile-son-affiche-2014\/","title":{"rendered":"Le BIFFF d\u00e9voile son affiche 2014"},"content":{"rendered":"<p>Le BIFFF d\u00e9voile son affiche 2014, sign\u00e9e Walth\u00e9ry . Comme le souligne <b>Jonathan Lenaerts, <\/b>on dirait la ni\u00e8ce de Natacha qui aurait un peu trop tra\u00een\u00e9 avec Chucky.<!--more--><\/p>\n<p>&nbsp;<\/p>\n<p>Et, au BIFFF, ils aiment \u00e7a !<\/p>\n<p>\u00ab\u00a0Surtout quand le cadeau est sign\u00e9 par l\u2019un des grands noms de la BD belge, fra\u00eechement \u00e9lev\u00e9 \u00e0 la distinction d\u2019Officier du M\u00e9rite Wallon. Un grand monsieur qui a d\u00e9but\u00e9 comme assistant de Peyo, titill\u00e9 Johan et Pirlouit, Beno\u00eet Brisefer jusqu\u2019\u00e0 la tornade Natacha, qui d\u00e9boule dans Le Journal de Spirou en 1970 et s\u2019impose comme l\u2019h\u00f4tesse de l\u2019air la plus sexy de tous les temps !\u00a0 En 1993, Walth\u00e9ry cr\u00e9e Rubine, dont il partage la garde avec Dragan de Lazare, jeune dessinateur talentueux, et continue \u00e0 rendre hommage \u00e0 son terroir avec une passion intacte, apr\u00e8s 50 ans de carri\u00e8re !\u00a0\u00bb<\/p>\n<p>&nbsp;<\/p>\n<p>Rendez-vous est fix\u00e9 en avril 2014 pour voir ce que cache le sourire en coin de cette petite effront\u00e9e<\/p>\n<p>&nbsp;<\/p>\n<p><a href=\"http:\/\/www.cinevox.be\/le-bifff-devoile-son-affiche-2014\/noname-7\/\" rel=\"attachment wp-att-50276\"><img loading=\"lazy\" decoding=\"async\" class=\"aligncenter size-full wp-image-50276\" alt=\"\" src=\"http:\/\/www.cinevox.be\/wp-content\/uploads\/sites\/2\/2014\/01\/noname.jpg\" width=\"358\" height=\"536\" srcset=\"https:\/\/welovecinema.be\/wp-content\/uploads\/sites\/2\/2014\/01\/noname.jpg 358w, https:\/\/welovecinema.be\/wp-content\/uploads\/sites\/2\/2014\/01\/noname-180x270.jpg 180w\" sizes=\"auto, (max-width: 358px) 100vw, 358px\" \/><\/a><\/p>\n","protected":false},"excerpt":{"rendered":"<p>Le BIFFF d\u00e9voile son affiche 2014, sign\u00e9e Walth\u00e9ry . Comme le souligne Jonathan Lenaerts, on dirait la ni\u00e8ce de Natacha qui aurait un peu trop tra\u00een\u00e9 avec Chucky.<\/p>\n","protected":false},"author":7,"featured_media":50278,"comment_status":"closed","ping_status":"closed","sticky":false,"template":"","format":"standard","meta":{"ngg_post_thumbnail":0,"footnotes":""},"categories":[53],"tags":[],"class_list":["post-50275","post","type-post","status-publish","format-standard","has-post-thumbnail","","category-coming-soon"],"yoast_head":"<!-- This site is optimized with the Yoast SEO plugin v20.4 - https:\/\/yoast.com\/wordpress\/plugins\/seo\/ -->\n<title>Le BIFFF d\u00e9voile son affiche 2014 - We Love Cinema<\/title>\n<meta name=\"robots\" content=\"index, follow, max-snippet:-1, max-image-preview:large, max-video-preview:-1\" \/>\n<link rel=\"canonical\" href=\"https:\/\/welovecinema.be\/fr\/le-bifff-devoile-son-affiche-2014\/\" \/>\n<meta property=\"og:locale\" content=\"fr_FR\" \/>\n<meta property=\"og:type\" content=\"article\" \/>\n<meta property=\"og:title\" content=\"Le BIFFF d\u00e9voile son affiche 2014 - We Love Cinema\" \/>\n<meta property=\"og:description\" content=\"Le BIFFF d\u00e9voile son affiche 2014, sign\u00e9e Walth\u00e9ry . Comme le souligne Jonathan Lenaerts, on dirait la ni\u00e8ce de Natacha qui aurait un peu trop tra\u00een\u00e9 avec Chucky.\" \/>\n<meta property=\"og:url\" content=\"https:\/\/welovecinema.be\/fr\/le-bifff-devoile-son-affiche-2014\/\" \/>\n<meta property=\"og:site_name\" content=\"We Love Cinema\" \/>\n<meta property=\"article:publisher\" content=\"https:\/\/www.facebook.com\/welovecinema.be\" \/>\n<meta property=\"article:published_time\" content=\"2014-01-08T10:03:15+00:00\" \/>\n<meta property=\"article:modified_time\" content=\"2014-01-08T10:03:17+00:00\" \/>\n<meta property=\"og:image\" content=\"https:\/\/welovecinema.be\/wp-content\/uploads\/sites\/2\/2014\/01\/BIFFF-LOGO.jpg\" \/>\n\t<meta property=\"og:image:width\" content=\"598\" \/>\n\t<meta property=\"og:image:height\" content=\"281\" \/>\n\t<meta property=\"og:image:type\" content=\"image\/jpeg\" \/>\n<meta name=\"author\" content=\"Philippe.Pierquin\" \/>\n<meta name=\"twitter:card\" content=\"summary_large_image\" \/>\n<meta name=\"twitter:label1\" content=\"\u00c9crit par\" \/>\n\t<meta name=\"twitter:data1\" content=\"Philippe.Pierquin\" \/>\n\t<meta name=\"twitter:label2\" content=\"Dur\u00e9e de lecture estim\u00e9e\" \/>\n\t<meta name=\"twitter:data2\" content=\"1 minute\" \/>\n<script type=\"application\/ld+json\" class=\"yoast-schema-graph\">{\"@context\":\"https:\/\/schema.org\",\"@graph\":[{\"@type\":\"Article\",\"@id\":\"https:\/\/welovecinema.be\/fr\/le-bifff-devoile-son-affiche-2014\/#article\",\"isPartOf\":{\"@id\":\"https:\/\/welovecinema.be\/fr\/le-bifff-devoile-son-affiche-2014\/\"},\"author\":{\"name\":\"Philippe.Pierquin\",\"@id\":\"https:\/\/welovecinema.be\/nl\/#\/schema\/person\/4b9b1d857f0943453a38a7c2859ef756\"},\"headline\":\"Le BIFFF d\u00e9voile son affiche 2014\",\"datePublished\":\"2014-01-08T10:03:15+00:00\",\"dateModified\":\"2014-01-08T10:03:17+00:00\",\"mainEntityOfPage\":{\"@id\":\"https:\/\/welovecinema.be\/fr\/le-bifff-devoile-son-affiche-2014\/\"},\"wordCount\":174,\"publisher\":{\"@id\":\"https:\/\/welovecinema.be\/nl\/#organization\"},\"articleSection\":[\"Coming soon\"],\"inLanguage\":\"fr-FR\"},{\"@type\":\"WebPage\",\"@id\":\"https:\/\/welovecinema.be\/fr\/le-bifff-devoile-son-affiche-2014\/\",\"url\":\"https:\/\/welovecinema.be\/fr\/le-bifff-devoile-son-affiche-2014\/\",\"name\":\"Le BIFFF d\u00e9voile son affiche 2014 - We Love Cinema\",\"isPartOf\":{\"@id\":\"https:\/\/welovecinema.be\/nl\/#website\"},\"datePublished\":\"2014-01-08T10:03:15+00:00\",\"dateModified\":\"2014-01-08T10:03:17+00:00\",\"breadcrumb\":{\"@id\":\"https:\/\/welovecinema.be\/fr\/le-bifff-devoile-son-affiche-2014\/#breadcrumb\"},\"inLanguage\":\"fr-FR\",\"potentialAction\":[{\"@type\":\"ReadAction\",\"target\":[\"https:\/\/welovecinema.be\/fr\/le-bifff-devoile-son-affiche-2014\/\"]}]},{\"@type\":\"BreadcrumbList\",\"@id\":\"https:\/\/welovecinema.be\/fr\/le-bifff-devoile-son-affiche-2014\/#breadcrumb\",\"itemListElement\":[{\"@type\":\"ListItem\",\"position\":1,\"name\":\"Accueil\",\"item\":\"https:\/\/welovecinema.be\/fr\/\"},{\"@type\":\"ListItem\",\"position\":2,\"name\":\"Le BIFFF d\u00e9voile son affiche 2014\"}]},{\"@type\":\"WebSite\",\"@id\":\"https:\/\/welovecinema.be\/nl\/#website\",\"url\":\"https:\/\/welovecinema.be\/nl\/\",\"name\":\"We Love Cinema\",\"description\":\"Toute l\u2019information du cin\u00e9ma en Belgique\",\"publisher\":{\"@id\":\"https:\/\/welovecinema.be\/nl\/#organization\"},\"potentialAction\":[{\"@type\":\"SearchAction\",\"target\":{\"@type\":\"EntryPoint\",\"urlTemplate\":\"https:\/\/welovecinema.be\/nl\/?s={search_term_string}\"},\"query-input\":\"required name=search_term_string\"}],\"inLanguage\":\"fr-FR\"},{\"@type\":\"Organization\",\"@id\":\"https:\/\/welovecinema.be\/nl\/#organization\",\"name\":\"We Love Cinema\",\"url\":\"https:\/\/welovecinema.be\/nl\/\",\"logo\":{\"@type\":\"ImageObject\",\"inLanguage\":\"fr-FR\",\"@id\":\"https:\/\/welovecinema.be\/nl\/#\/schema\/logo\/image\/\",\"url\":\"https:\/\/welovecinema.be\/wp-content\/uploads\/sites\/2\/2023\/03\/Logo-We-Love-Cinema305x128.jpg\",\"contentUrl\":\"https:\/\/welovecinema.be\/wp-content\/uploads\/sites\/2\/2023\/03\/Logo-We-Love-Cinema305x128.jpg\",\"width\":305,\"height\":128,\"caption\":\"We Love Cinema\"},\"image\":{\"@id\":\"https:\/\/welovecinema.be\/nl\/#\/schema\/logo\/image\/\"},\"sameAs\":[\"https:\/\/www.facebook.com\/welovecinema.be\",\"https:\/\/www.youtube.com\/channel\/UCX5LYGVhnKvYauW4Nta4HJA\",\"https:\/\/www.instagram.com\/welovecinema.be\/\"]},{\"@type\":\"Person\",\"@id\":\"https:\/\/welovecinema.be\/nl\/#\/schema\/person\/4b9b1d857f0943453a38a7c2859ef756\",\"name\":\"Philippe.Pierquin\",\"url\":\"https:\/\/welovecinema.be\/fr\/author\/philippe-pierquin\/\"}]}<\/script>\n<!-- \/ Yoast SEO plugin. -->","yoast_head_json":{"title":"Le BIFFF d\u00e9voile son affiche 2014 - We Love Cinema","robots":{"index":"index","follow":"follow","max-snippet":"max-snippet:-1","max-image-preview":"max-image-preview:large","max-video-preview":"max-video-preview:-1"},"canonical":"https:\/\/welovecinema.be\/fr\/le-bifff-devoile-son-affiche-2014\/","og_locale":"fr_FR","og_type":"article","og_title":"Le BIFFF d\u00e9voile son affiche 2014 - We Love Cinema","og_description":"Le BIFFF d\u00e9voile son affiche 2014, sign\u00e9e Walth\u00e9ry . Comme le souligne Jonathan Lenaerts, on dirait la ni\u00e8ce de Natacha qui aurait un peu trop tra\u00een\u00e9 avec Chucky.","og_url":"https:\/\/welovecinema.be\/fr\/le-bifff-devoile-son-affiche-2014\/","og_site_name":"We Love Cinema","article_publisher":"https:\/\/www.facebook.com\/welovecinema.be","article_published_time":"2014-01-08T10:03:15+00:00","article_modified_time":"2014-01-08T10:03:17+00:00","og_image":[{"width":598,"height":281,"url":"https:\/\/welovecinema.be\/wp-content\/uploads\/sites\/2\/2014\/01\/BIFFF-LOGO.jpg","type":"image\/jpeg"}],"author":"Philippe.Pierquin","twitter_card":"summary_large_image","twitter_misc":{"\u00c9crit par":"Philippe.Pierquin","Dur\u00e9e de lecture estim\u00e9e":"1 minute"},"schema":{"@context":"https:\/\/schema.org","@graph":[{"@type":"Article","@id":"https:\/\/welovecinema.be\/fr\/le-bifff-devoile-son-affiche-2014\/#article","isPartOf":{"@id":"https:\/\/welovecinema.be\/fr\/le-bifff-devoile-son-affiche-2014\/"},"author":{"name":"Philippe.Pierquin","@id":"https:\/\/welovecinema.be\/nl\/#\/schema\/person\/4b9b1d857f0943453a38a7c2859ef756"},"headline":"Le BIFFF d\u00e9voile son affiche 2014","datePublished":"2014-01-08T10:03:15+00:00","dateModified":"2014-01-08T10:03:17+00:00","mainEntityOfPage":{"@id":"https:\/\/welovecinema.be\/fr\/le-bifff-devoile-son-affiche-2014\/"},"wordCount":174,"publisher":{"@id":"https:\/\/welovecinema.be\/nl\/#organization"},"articleSection":["Coming soon"],"inLanguage":"fr-FR"},{"@type":"WebPage","@id":"https:\/\/welovecinema.be\/fr\/le-bifff-devoile-son-affiche-2014\/","url":"https:\/\/welovecinema.be\/fr\/le-bifff-devoile-son-affiche-2014\/","name":"Le BIFFF d\u00e9voile son affiche 2014 - We Love Cinema","isPartOf":{"@id":"https:\/\/welovecinema.be\/nl\/#website"},"datePublished":"2014-01-08T10:03:15+00:00","dateModified":"2014-01-08T10:03:17+00:00","breadcrumb":{"@id":"https:\/\/welovecinema.be\/fr\/le-bifff-devoile-son-affiche-2014\/#breadcrumb"},"inLanguage":"fr-FR","potentialAction":[{"@type":"ReadAction","target":["https:\/\/welovecinema.be\/fr\/le-bifff-devoile-son-affiche-2014\/"]}]},{"@type":"BreadcrumbList","@id":"https:\/\/welovecinema.be\/fr\/le-bifff-devoile-son-affiche-2014\/#breadcrumb","itemListElement":[{"@type":"ListItem","position":1,"name":"Accueil","item":"https:\/\/welovecinema.be\/fr\/"},{"@type":"ListItem","position":2,"name":"Le BIFFF d\u00e9voile son affiche 2014"}]},{"@type":"WebSite","@id":"https:\/\/welovecinema.be\/nl\/#website","url":"https:\/\/welovecinema.be\/nl\/","name":"We Love Cinema","description":"Toute l\u2019information du cin\u00e9ma en Belgique","publisher":{"@id":"https:\/\/welovecinema.be\/nl\/#organization"},"potentialAction":[{"@type":"SearchAction","target":{"@type":"EntryPoint","urlTemplate":"https:\/\/welovecinema.be\/nl\/?s={search_term_string}"},"query-input":"required name=search_term_string"}],"inLanguage":"fr-FR"},{"@type":"Organization","@id":"https:\/\/welovecinema.be\/nl\/#organization","name":"We Love Cinema","url":"https:\/\/welovecinema.be\/nl\/","logo":{"@type":"ImageObject","inLanguage":"fr-FR","@id":"https:\/\/welovecinema.be\/nl\/#\/schema\/logo\/image\/","url":"https:\/\/welovecinema.be\/wp-content\/uploads\/sites\/2\/2023\/03\/Logo-We-Love-Cinema305x128.jpg","contentUrl":"https:\/\/welovecinema.be\/wp-content\/uploads\/sites\/2\/2023\/03\/Logo-We-Love-Cinema305x128.jpg","width":305,"height":128,"caption":"We Love Cinema"},"image":{"@id":"https:\/\/welovecinema.be\/nl\/#\/schema\/logo\/image\/"},"sameAs":["https:\/\/www.facebook.com\/welovecinema.be","https:\/\/www.youtube.com\/channel\/UCX5LYGVhnKvYauW4Nta4HJA","https:\/\/www.instagram.com\/welovecinema.be\/"]},{"@type":"Person","@id":"https:\/\/welovecinema.be\/nl\/#\/schema\/person\/4b9b1d857f0943453a38a7c2859ef756","name":"Philippe.Pierquin","url":"https:\/\/welovecinema.be\/fr\/author\/philippe-pierquin\/"}]}},"_links":{"self":[{"href":"https:\/\/welovecinema.be\/fr\/wp-json\/wp\/v2\/posts\/50275","targetHints":{"allow":["GET"]}}],"collection":[{"href":"https:\/\/welovecinema.be\/fr\/wp-json\/wp\/v2\/posts"}],"about":[{"href":"https:\/\/welovecinema.be\/fr\/wp-json\/wp\/v2\/types\/post"}],"author":[{"embeddable":true,"href":"https:\/\/welovecinema.be\/fr\/wp-json\/wp\/v2\/users\/7"}],"replies":[{"embeddable":true,"href":"https:\/\/welovecinema.be\/fr\/wp-json\/wp\/v2\/comments?post=50275"}],"version-history":[{"count":0,"href":"https:\/\/welovecinema.be\/fr\/wp-json\/wp\/v2\/posts\/50275\/revisions"}],"wp:featuredmedia":[{"embeddable":true,"href":"https:\/\/welovecinema.be\/fr\/wp-json\/wp\/v2\/media\/50278"}],"wp:attachment":[{"href":"https:\/\/welovecinema.be\/fr\/wp-json\/wp\/v2\/media?parent=50275"}],"wp:term":[{"taxonomy":"category","embeddable":true,"href":"https:\/\/welovecinema.be\/fr\/wp-json\/wp\/v2\/categories?post=50275"},{"taxonomy":"post_tag","embeddable":true,"href":"https:\/\/welovecinema.be\/fr\/wp-json\/wp\/v2\/tags?post=50275"}],"curies":[{"name":"wp","href":"https:\/\/api.w.org\/{rel}","templated":true}]}}