{"id":50182,"date":"2014-01-09T12:43:27","date_gmt":"2014-01-09T11:43:27","guid":{"rendered":"http:\/\/www.cinevox.be\/?p=50182"},"modified":"2014-01-11T10:54:03","modified_gmt":"2014-01-11T09:54:03","slug":"tango-libre-et-au-nom-du-fils-en-pole-position-pour-les-magritte","status":"publish","type":"post","link":"https:\/\/welovecinema.be\/fr\/tango-libre-et-au-nom-du-fils-en-pole-position-pour-les-magritte\/","title":{"rendered":"Tango Libre et&#8230; Au Nom du Fils en p\u00f4le position pour les Magritte"},"content":{"rendered":"<p>La 4<sup>e<\/sup> c\u00e9r\u00e9monie des Magritte du cin\u00e9ma belge se d\u00e9roulera au Mont des Arts le 1<sup>er<\/sup> f\u00e9vrier 2014. Elle sera bien s\u00fbr retransmise en direct et en clair sur Be TV et promet d\u2019\u00eatre assez explosive si on en croit la liste des nominations qui vient tout juste d\u2019\u00eatre rendue publique.<\/p>\n<p>Loin d\u2019\u00eatre consensuel, le r\u00e9sultat du premier tour de vote (secret, unique, individuel et informatis\u00e9, rappelons-le) qui s\u2019est termin\u00e9 le 31 d\u00e9cembre \u00e0 minuit a mis plusieurs films en \u00e9vidence et r\u00e9solument tourn\u00e9 le dos \u00e0 une s\u00e9rie de longs m\u00e9trages qu\u2019on s\u2019attendait \u00e0 retrouver d\u2019une fa\u00e7on ou d\u2019un autre dans quelques quatuors finaux. Autre sp\u00e9cificit\u00e9 peu commune : les cat\u00e9gories \u00ab\u00a0meilleur film\u00a0\u00bb et \u00ab\u00a0meilleur r\u00e9alisateur\u00a0\u00bb ne se superposent pas parfaitement et ce d\u00e9calage a ici de quoi \u00e9tonner.<\/p>\n<p>Tout cela n\u00e9cessite quelques explications :<\/p>\n<p style=\"text-align: right;\"><em>[Photo d&rsquo;ouverture : The Square version 100.000 volts, pour des Magritte qui promettent de la haute tension &#8211; photo PP\/Cinevox]<\/em><\/p>\n<p><!--more--><\/p>\n<p>&nbsp;<\/p>\n<p><a href=\"http:\/\/www.cinevox.be\/tango-libre-et-au-nom-du-fils-en-pole-position-pour-les-magritte\/tangolibre01muller-artemis-samsa-lc\/\" rel=\"attachment wp-att-50183\"><img loading=\"lazy\" decoding=\"async\" class=\"aligncenter size-large wp-image-50183\" alt=\"\" src=\"http:\/\/www.cinevox.be\/wp-content\/uploads\/sites\/2\/2014\/01\/TANGOLIBRE01\u00a9Muller-Artemis-Samsa-LC-800x450.jpg\" width=\"640\" height=\"360\" srcset=\"https:\/\/welovecinema.be\/wp-content\/uploads\/sites\/2\/2014\/01\/TANGOLIBRE01\u00a9Muller-Artemis-Samsa-LC-800x450.jpg 800w, https:\/\/welovecinema.be\/wp-content\/uploads\/sites\/2\/2014\/01\/TANGOLIBRE01\u00a9Muller-Artemis-Samsa-LC-200x113.jpg 200w, https:\/\/welovecinema.be\/wp-content\/uploads\/sites\/2\/2014\/01\/TANGOLIBRE01\u00a9Muller-Artemis-Samsa-LC-480x270.jpg 480w, https:\/\/welovecinema.be\/wp-content\/uploads\/sites\/2\/2014\/01\/TANGOLIBRE01\u00a9Muller-Artemis-Samsa-LC-300x169.jpg 300w, https:\/\/welovecinema.be\/wp-content\/uploads\/sites\/2\/2014\/01\/TANGOLIBRE01\u00a9Muller-Artemis-Samsa-LC-620x350.jpg 620w, https:\/\/welovecinema.be\/wp-content\/uploads\/sites\/2\/2014\/01\/TANGOLIBRE01\u00a9Muller-Artemis-Samsa-LC.jpg 1280w\" sizes=\"auto, (max-width: 640px) 100vw, 640px\" \/><\/a><\/p>\n<p>&nbsp;<\/p>\n<p>Comme vous pourrez le voir <a href=\"http:\/\/www.cinevox.be\/?p=50176\">ICI<\/a>, le premier tour de scrutin qui nous r\u00e9serve \u00e0 la fois des surprises et des tendances assez nettes a \u00e9t\u00e9 domin\u00e9 par <i>Tango Libre<\/i>. Le quatri\u00e8me long m\u00e9trage de <b>Fr\u00e9d\u00e9ric Fonteyne <\/b>est repris dans la section meilleur film, meilleur r\u00e9alisateur, meilleur acteur (2X), meilleur sc\u00e9nario et dans une s\u00e9rie de cat\u00e9gories techniques. Seule absente de marque, <b>Anne Paulicevich<\/b> n\u2019est pas en course pour le titre de meilleure actrice \u2026 mais elle est en lice pour celui de meilleur espoir et de meilleur sc\u00e9nariste, un tr\u00e8s joli doubl\u00e9 tr\u00e8s inhabituel.<\/p>\n<p>&nbsp;<\/p>\n<p><a href=\"http:\/\/www.cinevox.be\/tango-libre-et-au-nom-du-fils-en-pole-position-pour-les-magritte\/110608_03_265-2\/\" rel=\"attachment wp-att-50193\"><img loading=\"lazy\" decoding=\"async\" class=\"aligncenter size-large wp-image-50193\" alt=\"\" src=\"http:\/\/www.cinevox.be\/wp-content\/uploads\/sites\/2\/2014\/01\/110608_03_265-800x449.jpg\" width=\"640\" height=\"359\" srcset=\"https:\/\/welovecinema.be\/wp-content\/uploads\/sites\/2\/2014\/01\/110608_03_265-800x449.jpg 800w, https:\/\/welovecinema.be\/wp-content\/uploads\/sites\/2\/2014\/01\/110608_03_265-200x113.jpg 200w, https:\/\/welovecinema.be\/wp-content\/uploads\/sites\/2\/2014\/01\/110608_03_265-480x270.jpg 480w, https:\/\/welovecinema.be\/wp-content\/uploads\/sites\/2\/2014\/01\/110608_03_265-300x169.jpg 300w\" sizes=\"auto, (max-width: 640px) 100vw, 640px\" \/><\/a><\/p>\n<p>&nbsp;<\/p>\n<p>Avant m\u00eame les votes, on consid\u00e9rait g\u00e9n\u00e9ralement que la com\u00e9die dramatique dansante et musicale produite par Art\u00e9mis \u00e9tait le favori des Magritte\u00a02014\u2026 et que son concurrent le plus dangereux serait <i>Ernest et C\u00e9lestine<\/i>\u2026 ce que ne d\u00e9ment pas ce premier tour.<\/p>\n<p>&nbsp;<\/p>\n<p><a href=\"http:\/\/www.cinevox.be\/tango-libre-et-au-nom-du-fils-en-pole-position-pour-les-magritte\/9ay90tnvrprd02hs8jqy5cgpynt1aw650c3kqy0ydao-3\/\" rel=\"attachment wp-att-50184\"><img loading=\"lazy\" decoding=\"async\" class=\"aligncenter size-large wp-image-50184\" alt=\"\" src=\"http:\/\/www.cinevox.be\/wp-content\/uploads\/sites\/2\/2014\/01\/9Ay90TNvRPRD02hS8jqY5CgpYnT1Aw650C3KQY0ydAo-800x450.jpg\" width=\"640\" height=\"360\" srcset=\"https:\/\/welovecinema.be\/wp-content\/uploads\/sites\/2\/2014\/01\/9Ay90TNvRPRD02hS8jqY5CgpYnT1Aw650C3KQY0ydAo-800x450.jpg 800w, https:\/\/welovecinema.be\/wp-content\/uploads\/sites\/2\/2014\/01\/9Ay90TNvRPRD02hS8jqY5CgpYnT1Aw650C3KQY0ydAo-200x113.jpg 200w, https:\/\/welovecinema.be\/wp-content\/uploads\/sites\/2\/2014\/01\/9Ay90TNvRPRD02hS8jqY5CgpYnT1Aw650C3KQY0ydAo-480x270.jpg 480w, https:\/\/welovecinema.be\/wp-content\/uploads\/sites\/2\/2014\/01\/9Ay90TNvRPRD02hS8jqY5CgpYnT1Aw650C3KQY0ydAo-300x169.jpg 300w, https:\/\/welovecinema.be\/wp-content\/uploads\/sites\/2\/2014\/01\/9Ay90TNvRPRD02hS8jqY5CgpYnT1Aw650C3KQY0ydAo-620x350.jpg 620w, https:\/\/welovecinema.be\/wp-content\/uploads\/sites\/2\/2014\/01\/9Ay90TNvRPRD02hS8jqY5CgpYnT1Aw650C3KQY0ydAo.jpg 1280w\" sizes=\"auto, (max-width: 640px) 100vw, 640px\" \/><\/a><\/p>\n<p>&nbsp;<\/p>\n<p>Bien s\u00fbr, le formidable dessin anim\u00e9 de <b>Patar, Aubier<\/b> (et <b>Renner<\/b> puisque le projet a \u00e9t\u00e9 port\u00e9 d\u00e8s l\u2019origine par un r\u00e9alisateur fran\u00e7ais) n\u2019obtient ici que trois nominations. Mais il ne pouvait pas faire mieux. Financi\u00e8rement, il s\u2019agit d\u2019une coproduction minoritaire et seule l\u2019\u00e9quipe son en plus des r\u00e9alisateurs \u00e9tait belge. <i>Ernest et C\u00e9lestine<\/i> a donc r\u00e9alis\u00e9 un carton plein et reste plus que jamais un candidat tr\u00e8s s\u00e9rieux dans la course aux statuettes.<\/p>\n<p>&nbsp;<\/p>\n<p><a href=\"http:\/\/www.cinevox.be\/tango-libre-et-au-nom-du-fils-en-pole-position-pour-les-magritte\/2013-03-21_15h34_37-3\/\" rel=\"attachment wp-att-50185\"><img loading=\"lazy\" decoding=\"async\" class=\"aligncenter size-large wp-image-50185\" alt=\"\" src=\"http:\/\/www.cinevox.be\/wp-content\/uploads\/sites\/2\/2014\/01\/2013-03-21_15h34_37-800x333.jpg\" width=\"640\" height=\"266\" srcset=\"https:\/\/welovecinema.be\/wp-content\/uploads\/sites\/2\/2014\/01\/2013-03-21_15h34_37-800x333.jpg 800w, https:\/\/welovecinema.be\/wp-content\/uploads\/sites\/2\/2014\/01\/2013-03-21_15h34_37-480x200.jpg 480w, https:\/\/welovecinema.be\/wp-content\/uploads\/sites\/2\/2014\/01\/2013-03-21_15h34_37.jpg 1897w\" sizes=\"auto, (max-width: 640px) 100vw, 640px\" \/><\/a><\/p>\n<p>&nbsp;<\/p>\n<p>Si ces deux films \u00e9taient attendus, il n\u2019en \u00e9tait pas forc\u00e9ment de m\u00eame d\u2019<i>Au Nom du Fils<\/i>. Produit et distribu\u00e9 \u00e0 l\u2019arrache avec un culot extraordinaire par Lionel Jado, la douloureuse crise de foi de <b>Vincent Lannoo<\/b> h\u00e9rite de sept nominations. Vu son statut de \u00ab\u00a0film ind\u00e9\u00a0\u00bb rebelle, encens\u00e9 par ses fans, vilipend\u00e9 par quelques rigoristes, \u00e0 peine distribu\u00e9 en Belgique malgr\u00e9 une incroyable carri\u00e8re dans les festivals \u00e9trangers, Au Nom du fils a de toute \u00e9vidence frapp\u00e9 les imaginations.<\/p>\n<p>&nbsp;<\/p>\n<p><a href=\"http:\/\/www.cinevox.be\/tango-libre-et-au-nom-du-fils-en-pole-position-pour-les-magritte\/10513_447798648610405_2111946044_n-4\/\" rel=\"attachment wp-att-50186\"><img loading=\"lazy\" decoding=\"async\" class=\"aligncenter size-large wp-image-50186\" alt=\"\" src=\"http:\/\/www.cinevox.be\/wp-content\/uploads\/sites\/2\/2014\/01\/10513_447798648610405_2111946044_n-800x366.jpg\" width=\"640\" height=\"292\" srcset=\"https:\/\/welovecinema.be\/wp-content\/uploads\/sites\/2\/2014\/01\/10513_447798648610405_2111946044_n-800x366.jpg 800w, https:\/\/welovecinema.be\/wp-content\/uploads\/sites\/2\/2014\/01\/10513_447798648610405_2111946044_n-480x219.jpg 480w, https:\/\/welovecinema.be\/wp-content\/uploads\/sites\/2\/2014\/01\/10513_447798648610405_2111946044_n.jpg 889w\" sizes=\"auto, (max-width: 640px) 100vw, 640px\" \/><\/a><\/p>\n<p>&nbsp;<\/p>\n<p>Outre le film lui-m\u00eame et <b>Vincent La<\/b><b>nnoo<\/b>, aujourd\u2019hui reconnu comme un cin\u00e9aste parmi les plus passionnants du Royaume, <b>Astrid Whettnall<\/b>\u00a0 s\u2019est fray\u00e9e un chemin au sein du quatuor d\u2019actrices en course pour le Magritte de la meilleure prestation de l\u2019ann\u00e9e. Une performance d\u2019autant plus excitante (mais 100X m\u00e9rit\u00e9e) que des com\u00e9diennes du calibre de <b>Marie Gillain, Marie Kr\u00e9mer, C\u00e9cile de France <\/b>ou<b> Virginie Efira <\/b>n\u2019ont pas r\u00e9ussi \u00e0 passer le cap du premier tour. Dans cette cat\u00e9gorie, la lutte qui s\u2019engage entre <b>D\u00e9borah Fran\u00e7ois<\/b> (<i>Populaire<\/i>), <b>Pauline \u00c9tienne<\/b> (La religieuse), <b>Lubna Azabal<\/b> (<i>Goodbye Morocco<\/i>) et <b>Astrid Whettnall<\/b>, vaudra la peine d\u2019\u00eatre v\u00e9cue.<\/p>\n<p>&nbsp;<\/p>\n<p><a href=\"http:\/\/www.cinevox.be\/tango-libre-et-au-nom-du-fils-en-pole-position-pour-les-magritte\/2012-09-28_13h02_27-4\/\" rel=\"attachment wp-att-50187\"><img loading=\"lazy\" decoding=\"async\" class=\"aligncenter size-large wp-image-50187\" alt=\"\" src=\"http:\/\/www.cinevox.be\/wp-content\/uploads\/sites\/2\/2014\/01\/2012-09-28_13h02_27-800x334.jpg\" width=\"640\" height=\"267\" srcset=\"https:\/\/welovecinema.be\/wp-content\/uploads\/sites\/2\/2014\/01\/2012-09-28_13h02_27-800x334.jpg 800w, https:\/\/welovecinema.be\/wp-content\/uploads\/sites\/2\/2014\/01\/2012-09-28_13h02_27-480x200.jpg 480w, https:\/\/welovecinema.be\/wp-content\/uploads\/sites\/2\/2014\/01\/2012-09-28_13h02_27.jpg 1371w\" sizes=\"auto, (max-width: 640px) 100vw, 640px\" \/><\/a><\/p>\n<p>&nbsp;<\/p>\n<p><b>Dominique Baeyens<\/b> et <b>Achille Ridolfi<\/b> ont \u00e9galement \u00e9t\u00e9 retenus, respectivement en tant que meilleure com\u00e9dienne dans un second r\u00f4le et meilleur espoir masculin.<\/p>\n<p>&nbsp;<\/p>\n<p>Chez les acteurs, on va assister \u00e0 une inhabituelle lutte nord\/sud avec un axe commun, <i>Tango libre<\/i>. <b>Fran\u00e7ois Damiens<\/b> et <b>Jan Hammenecker<\/b> se retrouvent en effet (\u00e0 nouveau) face \u00e0 face dans une lutte fratricide arbitr\u00e9e par <b>Benoit Poelvoorde<\/b> retenu pour son \u00e9blouissante partition intimiste dans <i>Une Place sur la Terre <\/i>et <b>Sam Louwyck<\/b> qui est salu\u00e9 ici non pour <i>Une Chanson pour ma m\u00e8re<\/i> mais pour <i>La Cinqui\u00e8me Saison<\/i>, nomm\u00e9 \u00e0 quatre reprises. Une sacr\u00e9e perf pour une \u00ab\u00a0production minoritaire\u00a0\u00bb.<\/p>\n<p>&nbsp;<\/p>\n<p><a href=\"http:\/\/www.cinevox.be\/tango-libre-et-au-nom-du-fils-en-pole-position-pour-les-magritte\/110608_03_407-5\/\" rel=\"attachment wp-att-50191\"><img loading=\"lazy\" decoding=\"async\" class=\"aligncenter size-large wp-image-50191\" alt=\"\" src=\"http:\/\/www.cinevox.be\/wp-content\/uploads\/sites\/2\/2014\/01\/110608_03_407-800x449.jpg\" width=\"640\" height=\"359\" srcset=\"https:\/\/welovecinema.be\/wp-content\/uploads\/sites\/2\/2014\/01\/110608_03_407-800x449.jpg 800w, https:\/\/welovecinema.be\/wp-content\/uploads\/sites\/2\/2014\/01\/110608_03_407-200x113.jpg 200w, https:\/\/welovecinema.be\/wp-content\/uploads\/sites\/2\/2014\/01\/110608_03_407-480x270.jpg 480w, https:\/\/welovecinema.be\/wp-content\/uploads\/sites\/2\/2014\/01\/110608_03_407-300x169.jpg 300w\" sizes=\"auto, (max-width: 640px) 100vw, 640px\" \/><\/a><\/p>\n<p>&nbsp;<\/p>\n<p>L\u2019exp\u00e9rience le montre tr\u00e8s souvent dans de nombreuses comp\u00e9titions du m\u00eame genre : les films qui atteignent le second tour de scrutin et les r\u00e9alisateurs nomm\u00e9s sont en g\u00e9n\u00e9ral les m\u00eames. Ce n\u2019est pas tout \u00e0 fait le cas pour cette \u00e9dition des Magritte. La dissociation est d\u2019autant plus \u00e9trange que pour la premi\u00e8re fois, l\u2019Acad\u00e9mie Andr\u00e9 Delvaux a d\u00e9cid\u00e9 d\u2019\u00e9pingler cinq films au lieu de quatre.<\/p>\n<p>Outre <i>Tango Libre, Ernest et C\u00e9lestine et Au Nom du Fils<\/i>, les deux autres longs m\u00e9trages de fiction \u00e9pingl\u00e9s sont <i>Le Monde nous appartient<\/i> et <i>Kinshasa Kids<\/i>, une demi-surprise avouons-le quand on voit la liste des films plus m\u00e9diatis\u00e9s rest\u00e9s dans les stands.<\/p>\n<p>&nbsp;<\/p>\n<p><a href=\"http:\/\/www.cinevox.be\/tango-libre-et-au-nom-du-fils-en-pole-position-pour-les-magritte\/kinshasa-line-up-img_3351-3\/\" rel=\"attachment wp-att-50188\"><img loading=\"lazy\" decoding=\"async\" class=\"aligncenter size-large wp-image-50188\" alt=\"\" src=\"http:\/\/www.cinevox.be\/wp-content\/uploads\/sites\/2\/2014\/01\/Kinshasa-Line-up-IMG_3351-800x533.jpg\" width=\"640\" height=\"426\" srcset=\"https:\/\/welovecinema.be\/wp-content\/uploads\/sites\/2\/2014\/01\/Kinshasa-Line-up-IMG_3351-800x533.jpg 800w, https:\/\/welovecinema.be\/wp-content\/uploads\/sites\/2\/2014\/01\/Kinshasa-Line-up-IMG_3351-405x270.jpg 405w\" sizes=\"auto, (max-width: 640px) 100vw, 640px\" \/><\/a><\/p>\n<p>&nbsp;<\/p>\n<p>La bizarrerie vient donc de la comparaison entre cette section et celle des meilleurs r\u00e9alisateurs. Alors que <i>Vijay &amp; I<\/i> n\u2019a pas \u00e9t\u00e9 retenu dans la liste des meilleurs films, <b>Sam Garbarski<\/b> est retenu parmi les r\u00e9alisateurs les plus talentueux de l\u2019ann\u00e9e aux c\u00f4t\u00e9s de <b>Vincent Lannoo, Fred Fonteyne<\/b> et le duo <b>Patar <\/b>et<b> Aubier.<\/b><\/p>\n<p>&nbsp;<\/p>\n<p><a href=\"http:\/\/www.cinevox.be\/tango-libre-et-au-nom-du-fils-en-pole-position-pour-les-magritte\/img_5671\/\" rel=\"attachment wp-att-50189\"><img loading=\"lazy\" decoding=\"async\" class=\"aligncenter size-large wp-image-50189\" alt=\"\" src=\"http:\/\/www.cinevox.be\/wp-content\/uploads\/sites\/2\/2014\/01\/IMG_5671-800x533.jpg\" width=\"640\" height=\"426\" srcset=\"https:\/\/welovecinema.be\/wp-content\/uploads\/sites\/2\/2014\/01\/IMG_5671-800x533.jpg 800w, https:\/\/welovecinema.be\/wp-content\/uploads\/sites\/2\/2014\/01\/IMG_5671-405x270.jpg 405w\" sizes=\"auto, (max-width: 640px) 100vw, 640px\" \/><\/a><\/p>\n<p>&nbsp;<\/p>\n<p>Cela signifie que <b>Marc-Henri Wajnberg<\/b> et <b>Stefan Streker<\/b> ont \u00e9t\u00e9 \u00e9cart\u00e9s ce qui est a priori un peu \u00e9tonnant vu que <i>Le Monde nous appartient<\/i> est un pur exercice de style qui porte le sceau de son auteur. \u00a0On imagine en tous cas la d\u00e9ception de Stefan qui se consolera avec la nomination de son copain <b>Ozark Henri<\/b> pour la bande originale du film.<\/p>\n<p>&nbsp;<\/p>\n<p><a href=\"http:\/\/www.cinevox.be\/tango-libre-et-au-nom-du-fils-en-pole-position-pour-les-magritte\/luk-monsaer\/\" rel=\"attachment wp-att-50190\"><img loading=\"lazy\" decoding=\"async\" class=\"aligncenter size-large wp-image-50190\" alt=\"\" src=\"http:\/\/www.cinevox.be\/wp-content\/uploads\/sites\/2\/2014\/01\/\u00a9-Luk-Monsaer-800x530.jpg\" width=\"640\" height=\"424\" srcset=\"https:\/\/welovecinema.be\/wp-content\/uploads\/sites\/2\/2014\/01\/\u00a9-Luk-Monsaer-800x530.jpg 800w, https:\/\/welovecinema.be\/wp-content\/uploads\/sites\/2\/2014\/01\/\u00a9-Luk-Monsaer-407x270.jpg 407w, https:\/\/welovecinema.be\/wp-content\/uploads\/sites\/2\/2014\/01\/\u00a9-Luk-Monsaer.jpg 1200w\" sizes=\"auto, (max-width: 640px) 100vw, 640px\" \/><\/a><\/p>\n<p style=\"text-align: right;\"><em>(\u00a9 Luk Monsaer)<\/em><\/p>\n<p>&nbsp;<\/p>\n<p>Au rayon des autres absents de marque, on constatera non sans surprise que <i>Hors les Murs <\/i>de <b>David Lambert<\/b> et <i>la Tendresse <\/i>de <b>Marion H\u00e4nsel<\/b> ne sont pas repris une seule fois. <i>Une chanson pour ma m\u00e8re <\/i>et <i>Je suis Supporter du Standard<\/i>, \u00e0 peine cit\u00e9s, s\u2019affronteront dans une cat\u00e9gorie \u00ab\u00a0meilleur second r\u00f4le masculin\u00a0\u00bb forte de cinq candidats pour cause d\u2019ex-aequo; maigre consolation pour eux.<\/p>\n<p>&nbsp;<\/p>\n","protected":false},"excerpt":{"rendered":"<p>La 4e c\u00e9r\u00e9monie des Magritte du cin\u00e9ma belge se d\u00e9roulera au Mont des Arts le 1er f\u00e9vrier 2014. Elle sera bien s\u00fbr retransmise en direct et en clair sur Be TV et promet d\u2019\u00eatre assez explosive si on en croit la liste des nominations qui vient tout juste d\u2019\u00eatre rendue publique. Loin d\u2019\u00eatre consensuel, le &hellip;<\/p>\n","protected":false},"author":7,"featured_media":50195,"comment_status":"closed","ping_status":"closed","sticky":false,"template":"","format":"standard","meta":{"ngg_post_thumbnail":0,"footnotes":""},"categories":[12],"tags":[],"class_list":["post-50182","post","type-post","status-publish","format-standard","has-post-thumbnail","","category-awards"],"yoast_head":"<!-- This site is optimized with the Yoast SEO plugin v20.4 - https:\/\/yoast.com\/wordpress\/plugins\/seo\/ -->\n<title>Tango Libre et... Au Nom du Fils en p\u00f4le position pour les Magritte - We Love Cinema<\/title>\n<meta name=\"robots\" content=\"index, follow, max-snippet:-1, max-image-preview:large, max-video-preview:-1\" \/>\n<link rel=\"canonical\" href=\"https:\/\/welovecinema.be\/fr\/tango-libre-et-au-nom-du-fils-en-pole-position-pour-les-magritte\/\" \/>\n<meta property=\"og:locale\" content=\"fr_FR\" \/>\n<meta property=\"og:type\" content=\"article\" \/>\n<meta property=\"og:title\" content=\"Tango Libre et... Au Nom du Fils en p\u00f4le position pour les Magritte - We Love Cinema\" \/>\n<meta property=\"og:description\" content=\"La 4e c\u00e9r\u00e9monie des Magritte du cin\u00e9ma belge se d\u00e9roulera au Mont des Arts le 1er f\u00e9vrier 2014. Elle sera bien s\u00fbr retransmise en direct et en clair sur Be TV et promet d\u2019\u00eatre assez explosive si on en croit la liste des nominations qui vient tout juste d\u2019\u00eatre rendue publique. Loin d\u2019\u00eatre consensuel, le &hellip;\" \/>\n<meta property=\"og:url\" content=\"https:\/\/welovecinema.be\/fr\/tango-libre-et-au-nom-du-fils-en-pole-position-pour-les-magritte\/\" \/>\n<meta property=\"og:site_name\" content=\"We Love Cinema\" \/>\n<meta property=\"article:publisher\" content=\"https:\/\/www.facebook.com\/welovecinema.be\" \/>\n<meta property=\"article:published_time\" content=\"2014-01-09T11:43:27+00:00\" \/>\n<meta property=\"article:modified_time\" content=\"2014-01-11T09:54:03+00:00\" \/>\n<meta property=\"og:image\" content=\"https:\/\/welovecinema.be\/wp-content\/uploads\/sites\/2\/2014\/01\/IMG_7896-800x533.jpg\" \/>\n\t<meta property=\"og:image:width\" content=\"800\" \/>\n\t<meta property=\"og:image:height\" content=\"533\" \/>\n\t<meta property=\"og:image:type\" content=\"image\/jpeg\" \/>\n<meta name=\"author\" content=\"Philippe.Pierquin\" \/>\n<meta name=\"twitter:card\" content=\"summary_large_image\" \/>\n<meta name=\"twitter:label1\" content=\"\u00c9crit par\" \/>\n\t<meta name=\"twitter:data1\" content=\"Philippe.Pierquin\" \/>\n\t<meta name=\"twitter:label2\" content=\"Dur\u00e9e de lecture estim\u00e9e\" \/>\n\t<meta name=\"twitter:data2\" content=\"5 minutes\" \/>\n<script type=\"application\/ld+json\" class=\"yoast-schema-graph\">{\"@context\":\"https:\/\/schema.org\",\"@graph\":[{\"@type\":\"Article\",\"@id\":\"https:\/\/welovecinema.be\/fr\/tango-libre-et-au-nom-du-fils-en-pole-position-pour-les-magritte\/#article\",\"isPartOf\":{\"@id\":\"https:\/\/welovecinema.be\/fr\/tango-libre-et-au-nom-du-fils-en-pole-position-pour-les-magritte\/\"},\"author\":{\"name\":\"Philippe.Pierquin\",\"@id\":\"https:\/\/welovecinema.be\/nl\/#\/schema\/person\/4b9b1d857f0943453a38a7c2859ef756\"},\"headline\":\"Tango Libre et&#8230; Au Nom du Fils en p\u00f4le position pour les Magritte\",\"datePublished\":\"2014-01-09T11:43:27+00:00\",\"dateModified\":\"2014-01-11T09:54:03+00:00\",\"mainEntityOfPage\":{\"@id\":\"https:\/\/welovecinema.be\/fr\/tango-libre-et-au-nom-du-fils-en-pole-position-pour-les-magritte\/\"},\"wordCount\":1102,\"publisher\":{\"@id\":\"https:\/\/welovecinema.be\/nl\/#organization\"},\"articleSection\":[\"Evenements\"],\"inLanguage\":\"fr-FR\"},{\"@type\":\"WebPage\",\"@id\":\"https:\/\/welovecinema.be\/fr\/tango-libre-et-au-nom-du-fils-en-pole-position-pour-les-magritte\/\",\"url\":\"https:\/\/welovecinema.be\/fr\/tango-libre-et-au-nom-du-fils-en-pole-position-pour-les-magritte\/\",\"name\":\"Tango Libre et... Au Nom du Fils en p\u00f4le position pour les Magritte - We Love Cinema\",\"isPartOf\":{\"@id\":\"https:\/\/welovecinema.be\/nl\/#website\"},\"datePublished\":\"2014-01-09T11:43:27+00:00\",\"dateModified\":\"2014-01-11T09:54:03+00:00\",\"breadcrumb\":{\"@id\":\"https:\/\/welovecinema.be\/fr\/tango-libre-et-au-nom-du-fils-en-pole-position-pour-les-magritte\/#breadcrumb\"},\"inLanguage\":\"fr-FR\",\"potentialAction\":[{\"@type\":\"ReadAction\",\"target\":[\"https:\/\/welovecinema.be\/fr\/tango-libre-et-au-nom-du-fils-en-pole-position-pour-les-magritte\/\"]}]},{\"@type\":\"BreadcrumbList\",\"@id\":\"https:\/\/welovecinema.be\/fr\/tango-libre-et-au-nom-du-fils-en-pole-position-pour-les-magritte\/#breadcrumb\",\"itemListElement\":[{\"@type\":\"ListItem\",\"position\":1,\"name\":\"Accueil\",\"item\":\"https:\/\/welovecinema.be\/fr\/\"},{\"@type\":\"ListItem\",\"position\":2,\"name\":\"Tango Libre et&#8230; Au Nom du Fils en p\u00f4le position pour les Magritte\"}]},{\"@type\":\"WebSite\",\"@id\":\"https:\/\/welovecinema.be\/nl\/#website\",\"url\":\"https:\/\/welovecinema.be\/nl\/\",\"name\":\"We Love Cinema\",\"description\":\"Toute l\u2019information du cin\u00e9ma en Belgique\",\"publisher\":{\"@id\":\"https:\/\/welovecinema.be\/nl\/#organization\"},\"potentialAction\":[{\"@type\":\"SearchAction\",\"target\":{\"@type\":\"EntryPoint\",\"urlTemplate\":\"https:\/\/welovecinema.be\/nl\/?s={search_term_string}\"},\"query-input\":\"required name=search_term_string\"}],\"inLanguage\":\"fr-FR\"},{\"@type\":\"Organization\",\"@id\":\"https:\/\/welovecinema.be\/nl\/#organization\",\"name\":\"We Love Cinema\",\"url\":\"https:\/\/welovecinema.be\/nl\/\",\"logo\":{\"@type\":\"ImageObject\",\"inLanguage\":\"fr-FR\",\"@id\":\"https:\/\/welovecinema.be\/nl\/#\/schema\/logo\/image\/\",\"url\":\"https:\/\/welovecinema.be\/wp-content\/uploads\/sites\/2\/2023\/03\/Logo-We-Love-Cinema305x128.jpg\",\"contentUrl\":\"https:\/\/welovecinema.be\/wp-content\/uploads\/sites\/2\/2023\/03\/Logo-We-Love-Cinema305x128.jpg\",\"width\":305,\"height\":128,\"caption\":\"We Love Cinema\"},\"image\":{\"@id\":\"https:\/\/welovecinema.be\/nl\/#\/schema\/logo\/image\/\"},\"sameAs\":[\"https:\/\/www.facebook.com\/welovecinema.be\",\"https:\/\/www.youtube.com\/channel\/UCX5LYGVhnKvYauW4Nta4HJA\",\"https:\/\/www.instagram.com\/welovecinema.be\/\"]},{\"@type\":\"Person\",\"@id\":\"https:\/\/welovecinema.be\/nl\/#\/schema\/person\/4b9b1d857f0943453a38a7c2859ef756\",\"name\":\"Philippe.Pierquin\",\"url\":\"https:\/\/welovecinema.be\/fr\/author\/philippe-pierquin\/\"}]}<\/script>\n<!-- \/ Yoast SEO plugin. -->","yoast_head_json":{"title":"Tango Libre et... Au Nom du Fils en p\u00f4le position pour les Magritte - We Love Cinema","robots":{"index":"index","follow":"follow","max-snippet":"max-snippet:-1","max-image-preview":"max-image-preview:large","max-video-preview":"max-video-preview:-1"},"canonical":"https:\/\/welovecinema.be\/fr\/tango-libre-et-au-nom-du-fils-en-pole-position-pour-les-magritte\/","og_locale":"fr_FR","og_type":"article","og_title":"Tango Libre et... Au Nom du Fils en p\u00f4le position pour les Magritte - We Love Cinema","og_description":"La 4e c\u00e9r\u00e9monie des Magritte du cin\u00e9ma belge se d\u00e9roulera au Mont des Arts le 1er f\u00e9vrier 2014. Elle sera bien s\u00fbr retransmise en direct et en clair sur Be TV et promet d\u2019\u00eatre assez explosive si on en croit la liste des nominations qui vient tout juste d\u2019\u00eatre rendue publique. Loin d\u2019\u00eatre consensuel, le &hellip;","og_url":"https:\/\/welovecinema.be\/fr\/tango-libre-et-au-nom-du-fils-en-pole-position-pour-les-magritte\/","og_site_name":"We Love Cinema","article_publisher":"https:\/\/www.facebook.com\/welovecinema.be","article_published_time":"2014-01-09T11:43:27+00:00","article_modified_time":"2014-01-11T09:54:03+00:00","og_image":[{"width":800,"height":533,"url":"https:\/\/welovecinema.be\/wp-content\/uploads\/sites\/2\/2014\/01\/IMG_7896-800x533.jpg","type":"image\/jpeg"}],"author":"Philippe.Pierquin","twitter_card":"summary_large_image","twitter_misc":{"\u00c9crit par":"Philippe.Pierquin","Dur\u00e9e de lecture estim\u00e9e":"5 minutes"},"schema":{"@context":"https:\/\/schema.org","@graph":[{"@type":"Article","@id":"https:\/\/welovecinema.be\/fr\/tango-libre-et-au-nom-du-fils-en-pole-position-pour-les-magritte\/#article","isPartOf":{"@id":"https:\/\/welovecinema.be\/fr\/tango-libre-et-au-nom-du-fils-en-pole-position-pour-les-magritte\/"},"author":{"name":"Philippe.Pierquin","@id":"https:\/\/welovecinema.be\/nl\/#\/schema\/person\/4b9b1d857f0943453a38a7c2859ef756"},"headline":"Tango Libre et&#8230; Au Nom du Fils en p\u00f4le position pour les Magritte","datePublished":"2014-01-09T11:43:27+00:00","dateModified":"2014-01-11T09:54:03+00:00","mainEntityOfPage":{"@id":"https:\/\/welovecinema.be\/fr\/tango-libre-et-au-nom-du-fils-en-pole-position-pour-les-magritte\/"},"wordCount":1102,"publisher":{"@id":"https:\/\/welovecinema.be\/nl\/#organization"},"articleSection":["Evenements"],"inLanguage":"fr-FR"},{"@type":"WebPage","@id":"https:\/\/welovecinema.be\/fr\/tango-libre-et-au-nom-du-fils-en-pole-position-pour-les-magritte\/","url":"https:\/\/welovecinema.be\/fr\/tango-libre-et-au-nom-du-fils-en-pole-position-pour-les-magritte\/","name":"Tango Libre et... Au Nom du Fils en p\u00f4le position pour les Magritte - We Love Cinema","isPartOf":{"@id":"https:\/\/welovecinema.be\/nl\/#website"},"datePublished":"2014-01-09T11:43:27+00:00","dateModified":"2014-01-11T09:54:03+00:00","breadcrumb":{"@id":"https:\/\/welovecinema.be\/fr\/tango-libre-et-au-nom-du-fils-en-pole-position-pour-les-magritte\/#breadcrumb"},"inLanguage":"fr-FR","potentialAction":[{"@type":"ReadAction","target":["https:\/\/welovecinema.be\/fr\/tango-libre-et-au-nom-du-fils-en-pole-position-pour-les-magritte\/"]}]},{"@type":"BreadcrumbList","@id":"https:\/\/welovecinema.be\/fr\/tango-libre-et-au-nom-du-fils-en-pole-position-pour-les-magritte\/#breadcrumb","itemListElement":[{"@type":"ListItem","position":1,"name":"Accueil","item":"https:\/\/welovecinema.be\/fr\/"},{"@type":"ListItem","position":2,"name":"Tango Libre et&#8230; Au Nom du Fils en p\u00f4le position pour les Magritte"}]},{"@type":"WebSite","@id":"https:\/\/welovecinema.be\/nl\/#website","url":"https:\/\/welovecinema.be\/nl\/","name":"We Love Cinema","description":"Toute l\u2019information du cin\u00e9ma en Belgique","publisher":{"@id":"https:\/\/welovecinema.be\/nl\/#organization"},"potentialAction":[{"@type":"SearchAction","target":{"@type":"EntryPoint","urlTemplate":"https:\/\/welovecinema.be\/nl\/?s={search_term_string}"},"query-input":"required name=search_term_string"}],"inLanguage":"fr-FR"},{"@type":"Organization","@id":"https:\/\/welovecinema.be\/nl\/#organization","name":"We Love Cinema","url":"https:\/\/welovecinema.be\/nl\/","logo":{"@type":"ImageObject","inLanguage":"fr-FR","@id":"https:\/\/welovecinema.be\/nl\/#\/schema\/logo\/image\/","url":"https:\/\/welovecinema.be\/wp-content\/uploads\/sites\/2\/2023\/03\/Logo-We-Love-Cinema305x128.jpg","contentUrl":"https:\/\/welovecinema.be\/wp-content\/uploads\/sites\/2\/2023\/03\/Logo-We-Love-Cinema305x128.jpg","width":305,"height":128,"caption":"We Love Cinema"},"image":{"@id":"https:\/\/welovecinema.be\/nl\/#\/schema\/logo\/image\/"},"sameAs":["https:\/\/www.facebook.com\/welovecinema.be","https:\/\/www.youtube.com\/channel\/UCX5LYGVhnKvYauW4Nta4HJA","https:\/\/www.instagram.com\/welovecinema.be\/"]},{"@type":"Person","@id":"https:\/\/welovecinema.be\/nl\/#\/schema\/person\/4b9b1d857f0943453a38a7c2859ef756","name":"Philippe.Pierquin","url":"https:\/\/welovecinema.be\/fr\/author\/philippe-pierquin\/"}]}},"_links":{"self":[{"href":"https:\/\/welovecinema.be\/fr\/wp-json\/wp\/v2\/posts\/50182","targetHints":{"allow":["GET"]}}],"collection":[{"href":"https:\/\/welovecinema.be\/fr\/wp-json\/wp\/v2\/posts"}],"about":[{"href":"https:\/\/welovecinema.be\/fr\/wp-json\/wp\/v2\/types\/post"}],"author":[{"embeddable":true,"href":"https:\/\/welovecinema.be\/fr\/wp-json\/wp\/v2\/users\/7"}],"replies":[{"embeddable":true,"href":"https:\/\/welovecinema.be\/fr\/wp-json\/wp\/v2\/comments?post=50182"}],"version-history":[{"count":0,"href":"https:\/\/welovecinema.be\/fr\/wp-json\/wp\/v2\/posts\/50182\/revisions"}],"wp:featuredmedia":[{"embeddable":true,"href":"https:\/\/welovecinema.be\/fr\/wp-json\/wp\/v2\/media\/50195"}],"wp:attachment":[{"href":"https:\/\/welovecinema.be\/fr\/wp-json\/wp\/v2\/media?parent=50182"}],"wp:term":[{"taxonomy":"category","embeddable":true,"href":"https:\/\/welovecinema.be\/fr\/wp-json\/wp\/v2\/categories?post=50182"},{"taxonomy":"post_tag","embeddable":true,"href":"https:\/\/welovecinema.be\/fr\/wp-json\/wp\/v2\/tags?post=50182"}],"curies":[{"name":"wp","href":"https:\/\/api.w.org\/{rel}","templated":true}]}}