{"id":50076,"date":"2014-01-10T06:16:24","date_gmt":"2014-01-10T05:16:24","guid":{"rendered":"http:\/\/www.cinevox.be\/?p=50076"},"modified":"2014-01-10T17:16:25","modified_gmt":"2014-01-10T16:16:25","slug":"20132014-jan-hammenecker","status":"publish","type":"post","link":"https:\/\/welovecinema.be\/fr\/20132014-jan-hammenecker\/","title":{"rendered":"2013\/2014 : Jan Hammenecker"},"content":{"rendered":"<p>En termes de tournage, j&rsquo;ai termin\u00e9 l\u2019ann\u00e9e 2013 avec le court-m\u00e9trage <i>Incandescents<\/i> de Mireille Verboomen. Une histoire d\u2019adolescents avec un sc\u00e9nario tr\u00e8s fort.<\/p>\n<p>Ensuite, je d\u00e9marre l\u2019an 2014 avec le tournage d\u2019une s\u00e9rie pour France 2,\u00a0 <i>Les T\u00e9moins<\/i> r\u00e9alis\u00e9e par Herv\u00e9 Hadmar\u2018 aux c\u00f4t\u00e9s de Thierry Lhermitte et Laurent Lucas (et \u2018notre\u2019 Thomas Doret). Tr\u00e8s excitant. <i>[NDLR Jan avait d\u00e9j\u00e0 un superbe r\u00f4le dans Signature, la s\u00e9rie pr\u00e9c\u00e9dente du r\u00e9alisateur]<!--more--><\/i><\/p>\n<p>&nbsp;<\/p>\n<p>En termes de sortie en 2014, j\u2019attends impatiemment la sortie du premier long m\u00e9trage\u00a0 de Jonas Govaerts <i>Welp\/Cub<\/i>. \u00c7a a \u00e9t\u00e9 une tr\u00e8s belle exp\u00e9rience de tournage avec ce jeune r\u00e9alisateur, avec aussi Nicolas Karakatsanis (Rundskop\/Bullhead) \u00e0 l\u2019image et\u2026 un beau r\u00f4le de tueur psychopathe !!!<\/p>\n<p>Il y aura aussi <i>De Behandeling \/ Le Tra\u00eetement<\/i> de Hans Herbots (la s\u00e9rie <i>The Spiral<\/i>)dans lequel je joue un second r\u00f4le qui sort le 29 janvier.<\/p>\n<p>Puis en 2013 j&rsquo;ai \u00e9galement particip\u00e9 au tournage au Chili de <i>Mirage d\u2019amour avec fanfare<\/i> de Hubert Toint, aux c\u00f4t\u00e9s de Marie Gillain.<\/p>\n<p>Tant qu\u2019on y est : j\u2019ai \u00e9galement tourn\u00e9 un moyen-m\u00e9trage fran\u00e7ais au Havre au mois de f\u00e9vrier 2013<i>: D\u2019o\u00f9 que vienne la Douleur<\/i> de Khalil Cherti avec Sarah Adler. Ce film est s\u00e9lectionn\u00e9 au festival de Clermont-Ferrand en comp\u00e9tition Nationale. Je l\u2019ai vu et je l\u2019ai trouv\u00e9 tr\u00e8s r\u00e9ussi.<\/p>\n<p>&nbsp;<\/p>\n<p>&nbsp;<\/p>\n<p><em>Photo d&rsquo;ouverture au FIFF 2012 pour la pr\u00e9sentation de Tango Libre, un des films favoris des Magritte 20104 o\u00f9 Jan est nomm\u00e9 dans la cat\u00e9gorie meilleur acteur.<\/em><\/p>\n<p><em> Et en cadeau bonus, une photo in\u00e9dite que Jan nous a envoy\u00e9e, extraite du slasher Welp. Houlala&#8230;\u00a0<\/em><\/p>\n<p>&nbsp;<\/p>\n<p><a href=\"http:\/\/www.cinevox.be\/20132014-jan-hammenecker\/welp\/\" rel=\"attachment wp-att-50077\"><img loading=\"lazy\" decoding=\"async\" class=\"aligncenter size-large wp-image-50077\" alt=\"\" src=\"http:\/\/www.cinevox.be\/wp-content\/uploads\/sites\/2\/2014\/01\/welp-800x346.jpg\" width=\"640\" height=\"276\" srcset=\"https:\/\/welovecinema.be\/wp-content\/uploads\/sites\/2\/2014\/01\/welp-800x346.jpg 800w, https:\/\/welovecinema.be\/wp-content\/uploads\/sites\/2\/2014\/01\/welp-480x208.jpg 480w, https:\/\/welovecinema.be\/wp-content\/uploads\/sites\/2\/2014\/01\/welp.jpg 803w\" sizes=\"auto, (max-width: 640px) 100vw, 640px\" \/><\/a><\/p>\n","protected":false},"excerpt":{"rendered":"<p>En termes de tournage, j&rsquo;ai termin\u00e9 l\u2019ann\u00e9e 2013 avec le court-m\u00e9trage Incandescents de Mireille Verboomen. Une histoire d\u2019adolescents avec un sc\u00e9nario tr\u00e8s fort. Ensuite, je d\u00e9marre l\u2019an 2014 avec le tournage d\u2019une s\u00e9rie pour France 2,\u00a0 Les T\u00e9moins r\u00e9alis\u00e9e par Herv\u00e9 Hadmar\u2018 aux c\u00f4t\u00e9s de Thierry Lhermitte et Laurent Lucas (et \u2018notre\u2019 Thomas Doret). Tr\u00e8s &hellip;<\/p>\n","protected":false},"author":7,"featured_media":50082,"comment_status":"closed","ping_status":"closed","sticky":false,"template":"","format":"standard","meta":{"ngg_post_thumbnail":0,"footnotes":""},"categories":[1923],"tags":[],"class_list":["post-50076","post","type-post","status-publish","format-standard","has-post-thumbnail","","category-en-bref"],"yoast_head":"<!-- This site is optimized with the Yoast SEO plugin v20.4 - https:\/\/yoast.com\/wordpress\/plugins\/seo\/ -->\n<title>2013\/2014 : Jan Hammenecker - We Love Cinema<\/title>\n<meta name=\"robots\" content=\"index, follow, max-snippet:-1, max-image-preview:large, max-video-preview:-1\" \/>\n<link rel=\"canonical\" href=\"https:\/\/welovecinema.be\/fr\/20132014-jan-hammenecker\/\" \/>\n<meta property=\"og:locale\" content=\"fr_FR\" \/>\n<meta property=\"og:type\" content=\"article\" \/>\n<meta property=\"og:title\" content=\"2013\/2014 : Jan Hammenecker - We Love Cinema\" \/>\n<meta property=\"og:description\" content=\"En termes de tournage, j&rsquo;ai termin\u00e9 l\u2019ann\u00e9e 2013 avec le court-m\u00e9trage Incandescents de Mireille Verboomen. Une histoire d\u2019adolescents avec un sc\u00e9nario tr\u00e8s fort. Ensuite, je d\u00e9marre l\u2019an 2014 avec le tournage d\u2019une s\u00e9rie pour France 2,\u00a0 Les T\u00e9moins r\u00e9alis\u00e9e par Herv\u00e9 Hadmar\u2018 aux c\u00f4t\u00e9s de Thierry Lhermitte et Laurent Lucas (et \u2018notre\u2019 Thomas Doret). Tr\u00e8s &hellip;\" \/>\n<meta property=\"og:url\" content=\"https:\/\/welovecinema.be\/fr\/20132014-jan-hammenecker\/\" \/>\n<meta property=\"og:site_name\" content=\"We Love Cinema\" \/>\n<meta property=\"article:publisher\" content=\"https:\/\/www.facebook.com\/welovecinema.be\" \/>\n<meta property=\"article:published_time\" content=\"2014-01-10T05:16:24+00:00\" \/>\n<meta property=\"article:modified_time\" content=\"2014-01-10T16:16:25+00:00\" \/>\n<meta property=\"og:image\" content=\"https:\/\/welovecinema.be\/wp-content\/uploads\/sites\/2\/2010\/01\/Jan.jpg\" \/>\n\t<meta property=\"og:image:width\" content=\"639\" \/>\n\t<meta property=\"og:image:height\" content=\"376\" \/>\n\t<meta property=\"og:image:type\" content=\"image\/jpeg\" \/>\n<meta name=\"author\" content=\"Philippe.Pierquin\" \/>\n<meta name=\"twitter:card\" content=\"summary_large_image\" \/>\n<meta name=\"twitter:label1\" content=\"\u00c9crit par\" \/>\n\t<meta name=\"twitter:data1\" content=\"Philippe.Pierquin\" \/>\n\t<meta name=\"twitter:label2\" content=\"Dur\u00e9e de lecture estim\u00e9e\" \/>\n\t<meta name=\"twitter:data2\" content=\"2 minutes\" \/>\n<script type=\"application\/ld+json\" class=\"yoast-schema-graph\">{\"@context\":\"https:\/\/schema.org\",\"@graph\":[{\"@type\":\"Article\",\"@id\":\"https:\/\/welovecinema.be\/fr\/20132014-jan-hammenecker\/#article\",\"isPartOf\":{\"@id\":\"https:\/\/welovecinema.be\/fr\/20132014-jan-hammenecker\/\"},\"author\":{\"name\":\"Philippe.Pierquin\",\"@id\":\"https:\/\/welovecinema.be\/nl\/#\/schema\/person\/4b9b1d857f0943453a38a7c2859ef756\"},\"headline\":\"2013\/2014 : Jan Hammenecker\",\"datePublished\":\"2014-01-10T05:16:24+00:00\",\"dateModified\":\"2014-01-10T16:16:25+00:00\",\"mainEntityOfPage\":{\"@id\":\"https:\/\/welovecinema.be\/fr\/20132014-jan-hammenecker\/\"},\"wordCount\":309,\"publisher\":{\"@id\":\"https:\/\/welovecinema.be\/nl\/#organization\"},\"articleSection\":[\"En bref\"],\"inLanguage\":\"fr-FR\"},{\"@type\":\"WebPage\",\"@id\":\"https:\/\/welovecinema.be\/fr\/20132014-jan-hammenecker\/\",\"url\":\"https:\/\/welovecinema.be\/fr\/20132014-jan-hammenecker\/\",\"name\":\"2013\/2014 : Jan Hammenecker - We Love Cinema\",\"isPartOf\":{\"@id\":\"https:\/\/welovecinema.be\/nl\/#website\"},\"datePublished\":\"2014-01-10T05:16:24+00:00\",\"dateModified\":\"2014-01-10T16:16:25+00:00\",\"breadcrumb\":{\"@id\":\"https:\/\/welovecinema.be\/fr\/20132014-jan-hammenecker\/#breadcrumb\"},\"inLanguage\":\"fr-FR\",\"potentialAction\":[{\"@type\":\"ReadAction\",\"target\":[\"https:\/\/welovecinema.be\/fr\/20132014-jan-hammenecker\/\"]}]},{\"@type\":\"BreadcrumbList\",\"@id\":\"https:\/\/welovecinema.be\/fr\/20132014-jan-hammenecker\/#breadcrumb\",\"itemListElement\":[{\"@type\":\"ListItem\",\"position\":1,\"name\":\"Accueil\",\"item\":\"https:\/\/welovecinema.be\/fr\/\"},{\"@type\":\"ListItem\",\"position\":2,\"name\":\"2013\/2014 : Jan Hammenecker\"}]},{\"@type\":\"WebSite\",\"@id\":\"https:\/\/welovecinema.be\/nl\/#website\",\"url\":\"https:\/\/welovecinema.be\/nl\/\",\"name\":\"We Love Cinema\",\"description\":\"Toute l\u2019information du cin\u00e9ma en Belgique\",\"publisher\":{\"@id\":\"https:\/\/welovecinema.be\/nl\/#organization\"},\"potentialAction\":[{\"@type\":\"SearchAction\",\"target\":{\"@type\":\"EntryPoint\",\"urlTemplate\":\"https:\/\/welovecinema.be\/nl\/?s={search_term_string}\"},\"query-input\":\"required name=search_term_string\"}],\"inLanguage\":\"fr-FR\"},{\"@type\":\"Organization\",\"@id\":\"https:\/\/welovecinema.be\/nl\/#organization\",\"name\":\"We Love Cinema\",\"url\":\"https:\/\/welovecinema.be\/nl\/\",\"logo\":{\"@type\":\"ImageObject\",\"inLanguage\":\"fr-FR\",\"@id\":\"https:\/\/welovecinema.be\/nl\/#\/schema\/logo\/image\/\",\"url\":\"https:\/\/welovecinema.be\/wp-content\/uploads\/sites\/2\/2023\/03\/Logo-We-Love-Cinema305x128.jpg\",\"contentUrl\":\"https:\/\/welovecinema.be\/wp-content\/uploads\/sites\/2\/2023\/03\/Logo-We-Love-Cinema305x128.jpg\",\"width\":305,\"height\":128,\"caption\":\"We Love Cinema\"},\"image\":{\"@id\":\"https:\/\/welovecinema.be\/nl\/#\/schema\/logo\/image\/\"},\"sameAs\":[\"https:\/\/www.facebook.com\/welovecinema.be\",\"https:\/\/www.youtube.com\/channel\/UCX5LYGVhnKvYauW4Nta4HJA\",\"https:\/\/www.instagram.com\/welovecinema.be\/\"]},{\"@type\":\"Person\",\"@id\":\"https:\/\/welovecinema.be\/nl\/#\/schema\/person\/4b9b1d857f0943453a38a7c2859ef756\",\"name\":\"Philippe.Pierquin\",\"url\":\"https:\/\/welovecinema.be\/fr\/author\/philippe-pierquin\/\"}]}<\/script>\n<!-- \/ Yoast SEO plugin. -->","yoast_head_json":{"title":"2013\/2014 : Jan Hammenecker - We Love Cinema","robots":{"index":"index","follow":"follow","max-snippet":"max-snippet:-1","max-image-preview":"max-image-preview:large","max-video-preview":"max-video-preview:-1"},"canonical":"https:\/\/welovecinema.be\/fr\/20132014-jan-hammenecker\/","og_locale":"fr_FR","og_type":"article","og_title":"2013\/2014 : Jan Hammenecker - We Love Cinema","og_description":"En termes de tournage, j&rsquo;ai termin\u00e9 l\u2019ann\u00e9e 2013 avec le court-m\u00e9trage Incandescents de Mireille Verboomen. Une histoire d\u2019adolescents avec un sc\u00e9nario tr\u00e8s fort. Ensuite, je d\u00e9marre l\u2019an 2014 avec le tournage d\u2019une s\u00e9rie pour France 2,\u00a0 Les T\u00e9moins r\u00e9alis\u00e9e par Herv\u00e9 Hadmar\u2018 aux c\u00f4t\u00e9s de Thierry Lhermitte et Laurent Lucas (et \u2018notre\u2019 Thomas Doret). Tr\u00e8s &hellip;","og_url":"https:\/\/welovecinema.be\/fr\/20132014-jan-hammenecker\/","og_site_name":"We Love Cinema","article_publisher":"https:\/\/www.facebook.com\/welovecinema.be","article_published_time":"2014-01-10T05:16:24+00:00","article_modified_time":"2014-01-10T16:16:25+00:00","og_image":[{"width":639,"height":376,"url":"https:\/\/welovecinema.be\/wp-content\/uploads\/sites\/2\/2010\/01\/Jan.jpg","type":"image\/jpeg"}],"author":"Philippe.Pierquin","twitter_card":"summary_large_image","twitter_misc":{"\u00c9crit par":"Philippe.Pierquin","Dur\u00e9e de lecture estim\u00e9e":"2 minutes"},"schema":{"@context":"https:\/\/schema.org","@graph":[{"@type":"Article","@id":"https:\/\/welovecinema.be\/fr\/20132014-jan-hammenecker\/#article","isPartOf":{"@id":"https:\/\/welovecinema.be\/fr\/20132014-jan-hammenecker\/"},"author":{"name":"Philippe.Pierquin","@id":"https:\/\/welovecinema.be\/nl\/#\/schema\/person\/4b9b1d857f0943453a38a7c2859ef756"},"headline":"2013\/2014 : Jan Hammenecker","datePublished":"2014-01-10T05:16:24+00:00","dateModified":"2014-01-10T16:16:25+00:00","mainEntityOfPage":{"@id":"https:\/\/welovecinema.be\/fr\/20132014-jan-hammenecker\/"},"wordCount":309,"publisher":{"@id":"https:\/\/welovecinema.be\/nl\/#organization"},"articleSection":["En bref"],"inLanguage":"fr-FR"},{"@type":"WebPage","@id":"https:\/\/welovecinema.be\/fr\/20132014-jan-hammenecker\/","url":"https:\/\/welovecinema.be\/fr\/20132014-jan-hammenecker\/","name":"2013\/2014 : Jan Hammenecker - We Love Cinema","isPartOf":{"@id":"https:\/\/welovecinema.be\/nl\/#website"},"datePublished":"2014-01-10T05:16:24+00:00","dateModified":"2014-01-10T16:16:25+00:00","breadcrumb":{"@id":"https:\/\/welovecinema.be\/fr\/20132014-jan-hammenecker\/#breadcrumb"},"inLanguage":"fr-FR","potentialAction":[{"@type":"ReadAction","target":["https:\/\/welovecinema.be\/fr\/20132014-jan-hammenecker\/"]}]},{"@type":"BreadcrumbList","@id":"https:\/\/welovecinema.be\/fr\/20132014-jan-hammenecker\/#breadcrumb","itemListElement":[{"@type":"ListItem","position":1,"name":"Accueil","item":"https:\/\/welovecinema.be\/fr\/"},{"@type":"ListItem","position":2,"name":"2013\/2014 : Jan Hammenecker"}]},{"@type":"WebSite","@id":"https:\/\/welovecinema.be\/nl\/#website","url":"https:\/\/welovecinema.be\/nl\/","name":"We Love Cinema","description":"Toute l\u2019information du cin\u00e9ma en Belgique","publisher":{"@id":"https:\/\/welovecinema.be\/nl\/#organization"},"potentialAction":[{"@type":"SearchAction","target":{"@type":"EntryPoint","urlTemplate":"https:\/\/welovecinema.be\/nl\/?s={search_term_string}"},"query-input":"required name=search_term_string"}],"inLanguage":"fr-FR"},{"@type":"Organization","@id":"https:\/\/welovecinema.be\/nl\/#organization","name":"We Love Cinema","url":"https:\/\/welovecinema.be\/nl\/","logo":{"@type":"ImageObject","inLanguage":"fr-FR","@id":"https:\/\/welovecinema.be\/nl\/#\/schema\/logo\/image\/","url":"https:\/\/welovecinema.be\/wp-content\/uploads\/sites\/2\/2023\/03\/Logo-We-Love-Cinema305x128.jpg","contentUrl":"https:\/\/welovecinema.be\/wp-content\/uploads\/sites\/2\/2023\/03\/Logo-We-Love-Cinema305x128.jpg","width":305,"height":128,"caption":"We Love Cinema"},"image":{"@id":"https:\/\/welovecinema.be\/nl\/#\/schema\/logo\/image\/"},"sameAs":["https:\/\/www.facebook.com\/welovecinema.be","https:\/\/www.youtube.com\/channel\/UCX5LYGVhnKvYauW4Nta4HJA","https:\/\/www.instagram.com\/welovecinema.be\/"]},{"@type":"Person","@id":"https:\/\/welovecinema.be\/nl\/#\/schema\/person\/4b9b1d857f0943453a38a7c2859ef756","name":"Philippe.Pierquin","url":"https:\/\/welovecinema.be\/fr\/author\/philippe-pierquin\/"}]}},"_links":{"self":[{"href":"https:\/\/welovecinema.be\/fr\/wp-json\/wp\/v2\/posts\/50076","targetHints":{"allow":["GET"]}}],"collection":[{"href":"https:\/\/welovecinema.be\/fr\/wp-json\/wp\/v2\/posts"}],"about":[{"href":"https:\/\/welovecinema.be\/fr\/wp-json\/wp\/v2\/types\/post"}],"author":[{"embeddable":true,"href":"https:\/\/welovecinema.be\/fr\/wp-json\/wp\/v2\/users\/7"}],"replies":[{"embeddable":true,"href":"https:\/\/welovecinema.be\/fr\/wp-json\/wp\/v2\/comments?post=50076"}],"version-history":[{"count":0,"href":"https:\/\/welovecinema.be\/fr\/wp-json\/wp\/v2\/posts\/50076\/revisions"}],"wp:featuredmedia":[{"embeddable":true,"href":"https:\/\/welovecinema.be\/fr\/wp-json\/wp\/v2\/media\/50082"}],"wp:attachment":[{"href":"https:\/\/welovecinema.be\/fr\/wp-json\/wp\/v2\/media?parent=50076"}],"wp:term":[{"taxonomy":"category","embeddable":true,"href":"https:\/\/welovecinema.be\/fr\/wp-json\/wp\/v2\/categories?post=50076"},{"taxonomy":"post_tag","embeddable":true,"href":"https:\/\/welovecinema.be\/fr\/wp-json\/wp\/v2\/tags?post=50076"}],"curies":[{"name":"wp","href":"https:\/\/api.w.org\/{rel}","templated":true}]}}