{"id":49837,"date":"2014-01-02T06:52:04","date_gmt":"2014-01-02T05:52:04","guid":{"rendered":"http:\/\/www.cinevox.be\/?p=49837"},"modified":"2013-12-30T11:51:24","modified_gmt":"2013-12-30T10:51:24","slug":"2013et2014-achille-ridolfi-3","status":"publish","type":"post","link":"https:\/\/welovecinema.be\/fr\/2013et2014-achille-ridolfi-3\/","title":{"rendered":"2013\/2014 : Achille Ridolfi"},"content":{"rendered":"<p>Mon ann\u00e9e 2013 aura surtout \u00e9t\u00e9 marqu\u00e9e par la sortie d&rsquo;un film que j&rsquo;aime beaucoup et qui gardera toujours une place particuli\u00e8re dans mon parcours d&rsquo;acteur, j&rsquo;ai nomm\u00e9 <i>Au nom du fils<\/i> de Vincent Lannoo.<\/p>\n<p><!--more--><\/p>\n<p>&nbsp;<\/p>\n<p>J&#8217;emporte avec moi de tr\u00e8s beaux souvenirs d&rsquo;avant-premi\u00e8res belges, un accueil chaleureux, g\u00e9n\u00e9reux, avec un Vincent, tant\u00f4t tendre tant\u00f4t fougueux, toujours pr\u00eat \u00e0 amuser une foule en d\u00e9lire et puis ce stress, m\u00eal\u00e9 \u00e0 la r\u00e9jouissance de pouvoir \u00e9couter les premi\u00e8res r\u00e9actions dans le noir d&rsquo;une salle de cin\u00e9ma, cette esp\u00e8ce de bon trac que j&rsquo;aimais partager avec Astrid (Whettnall).<\/p>\n<p>&nbsp;<\/p>\n<p>Sortie nationale, internationale (le Canada, la France courant 2014), plusieurs festivals, divers prix, un public toujours grandissant. Je suis si fier, si heureux d&rsquo;avoir fait partie de ce projet. Il continue encore aujourd&rsquo;hui \u00e0 me surprendre, \u00e0 me toucher par la singularit\u00e9 de son chemin et par tout ce qu&rsquo;il m&rsquo;a apport\u00e9 humainement et artistiquement. Parfois, j&rsquo;aime imaginer que l&rsquo;on aura l&rsquo;opportunit\u00e9 de se r\u00e9unir \u00e0 nouveau. \u00ab\u00a0On prend les m\u00eames et on recommence.\u00a0\u00bb Une nouvelle histoire avec la m\u00eame \u00e9quipe technique, les m\u00eames acteurs, le m\u00eame r\u00e9alisateur et action ! On raconte et on partage le plaisir d&rsquo;\u00eatre ensemble. Avec \u00e0 la cl\u00e9 des gens qui nous soutiennent, qui ont la foi et qui y croient. Tout cela m&rsquo;am\u00e8ne peut-\u00eatre d\u00e9j\u00e0 \u00e0 exprimer mes d\u00e9sirs pour les ann\u00e9es \u00e0 venir, mais revenons encore un peu \u00e0 2013 o\u00f9 j&rsquo;ai eu l&rsquo;occasion de faire de tr\u00e8s belles rencontres.<\/p>\n<p>&nbsp;<\/p>\n<p>Cette ann\u00e9e, j&rsquo;ai pris la d\u00e9cision d&rsquo;inviter plusieurs r\u00e9alisateurs \u00e0 venir me voir au th\u00e9\u00e2tre. Certains d&rsquo;entre eux ont r\u00e9pondu pr\u00e9sent et cela m&rsquo;a beaucoup touch\u00e9. Notamment Am\u00e9lie Van Elmbt, Fran\u00e7ois Pirot, Sarah Hirtt, avec qui j&rsquo;ai partag\u00e9 de vraies discussions, tr\u00e8s riches, pleines d&rsquo;humanit\u00e9.<\/p>\n<p>Pas de projets pr\u00e9vus avec eux dans l&rsquo;imm\u00e9diat, mais ce n&rsquo;\u00e9tait pas vraiment le but. La d\u00e9marche s&rsquo;inscrit plut\u00f4t sur le long terme et peut-\u00eatre, qui sait, pour donner lieu \u00e0 de belles et futures collaborations?<\/p>\n<p>&nbsp;<\/p>\n<p>Autre belle surprise, ma rencontre avec le r\u00e9alisateur David Lambert, qui m&rsquo;a invit\u00e9 \u00e0 participer \u00e0 son dernier film, <i>Je suis \u00e0 toi.<\/i> Un tournage tr\u00e8s agr\u00e9able, avec une \u00e9quipe formidable et un r\u00e9alisateur d\u00e9licat, bienveillant et talentueux. Tr\u00e8s heureux d&rsquo;avoir crois\u00e9 son chemin, un vrai cadeau pour cette fin d&rsquo;ann\u00e9e 2013.<\/p>\n<p>&nbsp;<\/p>\n<p>Je me rends compte que j&rsquo;aurais pu intituler ce texte RENCONTRES\u00a0puisqu&rsquo;il en est \u00e9galement question dans mes envies futures.<\/p>\n<p>Le plus important pour moi reste de continuer \u00e0 explorer le jeu avec des personnes dont j&rsquo;appr\u00e9cie le travail. Tenter de rencontrer ceux qui arrivent \u00e0 projeter sur moi une partition complexe, pleine de possibles, s&rsquo;\u00e9loignant des st\u00e9r\u00e9otypes. \u00ab\u00a0Oui, je peux faire autre chose que le costaud\u00a0\u00bb.<\/p>\n<p>&nbsp;<\/p>\n<p>Continuer \u00e0 exprimer la liste de mes r\u00eaves les plus fous : tourner dans un film de et avec Yolande Moreau,\u00a0dire oui \u00e0 Jaco Van Dormael qui me propose de rejoindre son prochain film, r\u00e9pondre \u00e0 un mail de F\u00e9lix Van Groeningen qui a \u00e9crit un super r\u00f4le en pensant \u00e0 moi. Et puis, toutes ces petites choses, qui viendront peut-\u00eatre me surprendre comme cette rencontre \u00e9vidente, pleine de belles promesses, que je n&rsquo;attendais pas&#8230;<\/p>\n<p>&nbsp;<\/p>\n<p>Une rencontre qui va teinter mon ann\u00e9e 2014, celle avec Chris Vander Stappen (Ma vie en rose, Soeur Sourire), collaborant de plus en plus avec Vincent Lannoo.<\/p>\n<p>A nous trois, nous imaginons plusieurs projets et je m&rsquo;en r\u00e9jouis d\u00e9j\u00e0&#8230;<\/p>\n<p>L&rsquo;\u00e9criture de Chris, sensible et subtile.\u00a0Le regard de Vincent, toujours juste et audacieux.\u00a0Un programme prometteur pour cette nouvelle ann\u00e9e.<\/p>\n<p>(Tr\u00e8s belle) affaire \u00e0 suivre donc&#8230;<\/p>\n<p>&nbsp;<\/p>\n<p>Je vous dis \u00e0 bient\u00f4t. Mes meilleurs voeux \u00e0 toute l&rsquo;\u00e9quipe de CINEVOX, \u00e0 tous ceux qui liront ces quelques lignes et au plaisir de vous RENCONTRER&#8230;<\/p>\n<p>&nbsp;<\/p>\n<p>&nbsp;<\/p>\n<p><em>[Photo de Johan Legraie\u00a0sur le plateau de Je Suis \u00e0 toi de David Lambert]<\/em><\/p>\n","protected":false},"excerpt":{"rendered":"<p>Mon ann\u00e9e 2013 aura surtout \u00e9t\u00e9 marqu\u00e9e par la sortie d&rsquo;un film que j&rsquo;aime beaucoup et qui gardera toujours une place particuli\u00e8re dans mon parcours d&rsquo;acteur, j&rsquo;ai nomm\u00e9 Au nom du fils de Vincent Lannoo.<\/p>\n","protected":false},"author":7,"featured_media":49851,"comment_status":"closed","ping_status":"closed","sticky":false,"template":"","format":"standard","meta":{"ngg_post_thumbnail":0,"footnotes":""},"categories":[1923],"tags":[],"class_list":["post-49837","post","type-post","status-publish","format-standard","has-post-thumbnail","","category-en-bref"],"yoast_head":"<!-- This site is optimized with the Yoast SEO plugin v20.4 - https:\/\/yoast.com\/wordpress\/plugins\/seo\/ -->\n<title>2013\/2014 : Achille Ridolfi  - We Love Cinema<\/title>\n<meta name=\"robots\" content=\"index, follow, max-snippet:-1, max-image-preview:large, max-video-preview:-1\" \/>\n<link rel=\"canonical\" href=\"https:\/\/welovecinema.be\/fr\/2013et2014-achille-ridolfi-3\/\" \/>\n<meta property=\"og:locale\" content=\"fr_FR\" \/>\n<meta property=\"og:type\" content=\"article\" \/>\n<meta property=\"og:title\" content=\"2013\/2014 : Achille Ridolfi  - We Love Cinema\" \/>\n<meta property=\"og:description\" content=\"Mon ann\u00e9e 2013 aura surtout \u00e9t\u00e9 marqu\u00e9e par la sortie d&rsquo;un film que j&rsquo;aime beaucoup et qui gardera toujours une place particuli\u00e8re dans mon parcours d&rsquo;acteur, j&rsquo;ai nomm\u00e9 Au nom du fils de Vincent Lannoo.\" \/>\n<meta property=\"og:url\" content=\"https:\/\/welovecinema.be\/fr\/2013et2014-achille-ridolfi-3\/\" \/>\n<meta property=\"og:site_name\" content=\"We Love Cinema\" \/>\n<meta property=\"article:publisher\" content=\"https:\/\/www.facebook.com\/welovecinema.be\" \/>\n<meta property=\"article:published_time\" content=\"2014-01-02T05:52:04+00:00\" \/>\n<meta property=\"article:modified_time\" content=\"2013-12-30T10:51:24+00:00\" \/>\n<meta property=\"og:image\" content=\"https:\/\/welovecinema.be\/wp-content\/uploads\/sites\/2\/2014\/01\/2013_jsat-12_20_5D_4926.jpg\" \/>\n\t<meta property=\"og:image:width\" content=\"1280\" \/>\n\t<meta property=\"og:image:height\" content=\"853\" \/>\n\t<meta property=\"og:image:type\" content=\"image\/jpeg\" \/>\n<meta name=\"author\" content=\"Philippe.Pierquin\" \/>\n<meta name=\"twitter:card\" content=\"summary_large_image\" \/>\n<meta name=\"twitter:label1\" content=\"\u00c9crit par\" \/>\n\t<meta name=\"twitter:data1\" content=\"Philippe.Pierquin\" \/>\n\t<meta name=\"twitter:label2\" content=\"Dur\u00e9e de lecture estim\u00e9e\" \/>\n\t<meta name=\"twitter:data2\" content=\"3 minutes\" \/>\n<script type=\"application\/ld+json\" class=\"yoast-schema-graph\">{\"@context\":\"https:\/\/schema.org\",\"@graph\":[{\"@type\":\"Article\",\"@id\":\"https:\/\/welovecinema.be\/fr\/2013et2014-achille-ridolfi-3\/#article\",\"isPartOf\":{\"@id\":\"https:\/\/welovecinema.be\/fr\/2013et2014-achille-ridolfi-3\/\"},\"author\":{\"name\":\"Philippe.Pierquin\",\"@id\":\"https:\/\/welovecinema.be\/nl\/#\/schema\/person\/4b9b1d857f0943453a38a7c2859ef756\"},\"headline\":\"2013\/2014 : Achille Ridolfi\",\"datePublished\":\"2014-01-02T05:52:04+00:00\",\"dateModified\":\"2013-12-30T10:51:24+00:00\",\"mainEntityOfPage\":{\"@id\":\"https:\/\/welovecinema.be\/fr\/2013et2014-achille-ridolfi-3\/\"},\"wordCount\":710,\"publisher\":{\"@id\":\"https:\/\/welovecinema.be\/nl\/#organization\"},\"articleSection\":[\"En bref\"],\"inLanguage\":\"fr-FR\"},{\"@type\":\"WebPage\",\"@id\":\"https:\/\/welovecinema.be\/fr\/2013et2014-achille-ridolfi-3\/\",\"url\":\"https:\/\/welovecinema.be\/fr\/2013et2014-achille-ridolfi-3\/\",\"name\":\"2013\/2014 : Achille Ridolfi - We Love Cinema\",\"isPartOf\":{\"@id\":\"https:\/\/welovecinema.be\/nl\/#website\"},\"datePublished\":\"2014-01-02T05:52:04+00:00\",\"dateModified\":\"2013-12-30T10:51:24+00:00\",\"breadcrumb\":{\"@id\":\"https:\/\/welovecinema.be\/fr\/2013et2014-achille-ridolfi-3\/#breadcrumb\"},\"inLanguage\":\"fr-FR\",\"potentialAction\":[{\"@type\":\"ReadAction\",\"target\":[\"https:\/\/welovecinema.be\/fr\/2013et2014-achille-ridolfi-3\/\"]}]},{\"@type\":\"BreadcrumbList\",\"@id\":\"https:\/\/welovecinema.be\/fr\/2013et2014-achille-ridolfi-3\/#breadcrumb\",\"itemListElement\":[{\"@type\":\"ListItem\",\"position\":1,\"name\":\"Accueil\",\"item\":\"https:\/\/welovecinema.be\/fr\/\"},{\"@type\":\"ListItem\",\"position\":2,\"name\":\"2013\/2014 : Achille Ridolfi\"}]},{\"@type\":\"WebSite\",\"@id\":\"https:\/\/welovecinema.be\/nl\/#website\",\"url\":\"https:\/\/welovecinema.be\/nl\/\",\"name\":\"We Love Cinema\",\"description\":\"Toute l\u2019information du cin\u00e9ma en Belgique\",\"publisher\":{\"@id\":\"https:\/\/welovecinema.be\/nl\/#organization\"},\"potentialAction\":[{\"@type\":\"SearchAction\",\"target\":{\"@type\":\"EntryPoint\",\"urlTemplate\":\"https:\/\/welovecinema.be\/nl\/?s={search_term_string}\"},\"query-input\":\"required name=search_term_string\"}],\"inLanguage\":\"fr-FR\"},{\"@type\":\"Organization\",\"@id\":\"https:\/\/welovecinema.be\/nl\/#organization\",\"name\":\"We Love Cinema\",\"url\":\"https:\/\/welovecinema.be\/nl\/\",\"logo\":{\"@type\":\"ImageObject\",\"inLanguage\":\"fr-FR\",\"@id\":\"https:\/\/welovecinema.be\/nl\/#\/schema\/logo\/image\/\",\"url\":\"https:\/\/welovecinema.be\/wp-content\/uploads\/sites\/2\/2023\/03\/Logo-We-Love-Cinema305x128.jpg\",\"contentUrl\":\"https:\/\/welovecinema.be\/wp-content\/uploads\/sites\/2\/2023\/03\/Logo-We-Love-Cinema305x128.jpg\",\"width\":305,\"height\":128,\"caption\":\"We Love Cinema\"},\"image\":{\"@id\":\"https:\/\/welovecinema.be\/nl\/#\/schema\/logo\/image\/\"},\"sameAs\":[\"https:\/\/www.facebook.com\/welovecinema.be\",\"https:\/\/www.youtube.com\/channel\/UCX5LYGVhnKvYauW4Nta4HJA\",\"https:\/\/www.instagram.com\/welovecinema.be\/\"]},{\"@type\":\"Person\",\"@id\":\"https:\/\/welovecinema.be\/nl\/#\/schema\/person\/4b9b1d857f0943453a38a7c2859ef756\",\"name\":\"Philippe.Pierquin\",\"url\":\"https:\/\/welovecinema.be\/fr\/author\/philippe-pierquin\/\"}]}<\/script>\n<!-- \/ Yoast SEO plugin. -->","yoast_head_json":{"title":"2013\/2014 : Achille Ridolfi  - We Love Cinema","robots":{"index":"index","follow":"follow","max-snippet":"max-snippet:-1","max-image-preview":"max-image-preview:large","max-video-preview":"max-video-preview:-1"},"canonical":"https:\/\/welovecinema.be\/fr\/2013et2014-achille-ridolfi-3\/","og_locale":"fr_FR","og_type":"article","og_title":"2013\/2014 : Achille Ridolfi  - We Love Cinema","og_description":"Mon ann\u00e9e 2013 aura surtout \u00e9t\u00e9 marqu\u00e9e par la sortie d&rsquo;un film que j&rsquo;aime beaucoup et qui gardera toujours une place particuli\u00e8re dans mon parcours d&rsquo;acteur, j&rsquo;ai nomm\u00e9 Au nom du fils de Vincent Lannoo.","og_url":"https:\/\/welovecinema.be\/fr\/2013et2014-achille-ridolfi-3\/","og_site_name":"We Love Cinema","article_publisher":"https:\/\/www.facebook.com\/welovecinema.be","article_published_time":"2014-01-02T05:52:04+00:00","article_modified_time":"2013-12-30T10:51:24+00:00","og_image":[{"width":1280,"height":853,"url":"https:\/\/welovecinema.be\/wp-content\/uploads\/sites\/2\/2014\/01\/2013_jsat-12_20_5D_4926.jpg","type":"image\/jpeg"}],"author":"Philippe.Pierquin","twitter_card":"summary_large_image","twitter_misc":{"\u00c9crit par":"Philippe.Pierquin","Dur\u00e9e de lecture estim\u00e9e":"3 minutes"},"schema":{"@context":"https:\/\/schema.org","@graph":[{"@type":"Article","@id":"https:\/\/welovecinema.be\/fr\/2013et2014-achille-ridolfi-3\/#article","isPartOf":{"@id":"https:\/\/welovecinema.be\/fr\/2013et2014-achille-ridolfi-3\/"},"author":{"name":"Philippe.Pierquin","@id":"https:\/\/welovecinema.be\/nl\/#\/schema\/person\/4b9b1d857f0943453a38a7c2859ef756"},"headline":"2013\/2014 : Achille Ridolfi","datePublished":"2014-01-02T05:52:04+00:00","dateModified":"2013-12-30T10:51:24+00:00","mainEntityOfPage":{"@id":"https:\/\/welovecinema.be\/fr\/2013et2014-achille-ridolfi-3\/"},"wordCount":710,"publisher":{"@id":"https:\/\/welovecinema.be\/nl\/#organization"},"articleSection":["En bref"],"inLanguage":"fr-FR"},{"@type":"WebPage","@id":"https:\/\/welovecinema.be\/fr\/2013et2014-achille-ridolfi-3\/","url":"https:\/\/welovecinema.be\/fr\/2013et2014-achille-ridolfi-3\/","name":"2013\/2014 : Achille Ridolfi - We Love Cinema","isPartOf":{"@id":"https:\/\/welovecinema.be\/nl\/#website"},"datePublished":"2014-01-02T05:52:04+00:00","dateModified":"2013-12-30T10:51:24+00:00","breadcrumb":{"@id":"https:\/\/welovecinema.be\/fr\/2013et2014-achille-ridolfi-3\/#breadcrumb"},"inLanguage":"fr-FR","potentialAction":[{"@type":"ReadAction","target":["https:\/\/welovecinema.be\/fr\/2013et2014-achille-ridolfi-3\/"]}]},{"@type":"BreadcrumbList","@id":"https:\/\/welovecinema.be\/fr\/2013et2014-achille-ridolfi-3\/#breadcrumb","itemListElement":[{"@type":"ListItem","position":1,"name":"Accueil","item":"https:\/\/welovecinema.be\/fr\/"},{"@type":"ListItem","position":2,"name":"2013\/2014 : Achille Ridolfi"}]},{"@type":"WebSite","@id":"https:\/\/welovecinema.be\/nl\/#website","url":"https:\/\/welovecinema.be\/nl\/","name":"We Love Cinema","description":"Toute l\u2019information du cin\u00e9ma en Belgique","publisher":{"@id":"https:\/\/welovecinema.be\/nl\/#organization"},"potentialAction":[{"@type":"SearchAction","target":{"@type":"EntryPoint","urlTemplate":"https:\/\/welovecinema.be\/nl\/?s={search_term_string}"},"query-input":"required name=search_term_string"}],"inLanguage":"fr-FR"},{"@type":"Organization","@id":"https:\/\/welovecinema.be\/nl\/#organization","name":"We Love Cinema","url":"https:\/\/welovecinema.be\/nl\/","logo":{"@type":"ImageObject","inLanguage":"fr-FR","@id":"https:\/\/welovecinema.be\/nl\/#\/schema\/logo\/image\/","url":"https:\/\/welovecinema.be\/wp-content\/uploads\/sites\/2\/2023\/03\/Logo-We-Love-Cinema305x128.jpg","contentUrl":"https:\/\/welovecinema.be\/wp-content\/uploads\/sites\/2\/2023\/03\/Logo-We-Love-Cinema305x128.jpg","width":305,"height":128,"caption":"We Love Cinema"},"image":{"@id":"https:\/\/welovecinema.be\/nl\/#\/schema\/logo\/image\/"},"sameAs":["https:\/\/www.facebook.com\/welovecinema.be","https:\/\/www.youtube.com\/channel\/UCX5LYGVhnKvYauW4Nta4HJA","https:\/\/www.instagram.com\/welovecinema.be\/"]},{"@type":"Person","@id":"https:\/\/welovecinema.be\/nl\/#\/schema\/person\/4b9b1d857f0943453a38a7c2859ef756","name":"Philippe.Pierquin","url":"https:\/\/welovecinema.be\/fr\/author\/philippe-pierquin\/"}]}},"_links":{"self":[{"href":"https:\/\/welovecinema.be\/fr\/wp-json\/wp\/v2\/posts\/49837","targetHints":{"allow":["GET"]}}],"collection":[{"href":"https:\/\/welovecinema.be\/fr\/wp-json\/wp\/v2\/posts"}],"about":[{"href":"https:\/\/welovecinema.be\/fr\/wp-json\/wp\/v2\/types\/post"}],"author":[{"embeddable":true,"href":"https:\/\/welovecinema.be\/fr\/wp-json\/wp\/v2\/users\/7"}],"replies":[{"embeddable":true,"href":"https:\/\/welovecinema.be\/fr\/wp-json\/wp\/v2\/comments?post=49837"}],"version-history":[{"count":0,"href":"https:\/\/welovecinema.be\/fr\/wp-json\/wp\/v2\/posts\/49837\/revisions"}],"wp:featuredmedia":[{"embeddable":true,"href":"https:\/\/welovecinema.be\/fr\/wp-json\/wp\/v2\/media\/49851"}],"wp:attachment":[{"href":"https:\/\/welovecinema.be\/fr\/wp-json\/wp\/v2\/media?parent=49837"}],"wp:term":[{"taxonomy":"category","embeddable":true,"href":"https:\/\/welovecinema.be\/fr\/wp-json\/wp\/v2\/categories?post=49837"},{"taxonomy":"post_tag","embeddable":true,"href":"https:\/\/welovecinema.be\/fr\/wp-json\/wp\/v2\/tags?post=49837"}],"curies":[{"name":"wp","href":"https:\/\/api.w.org\/{rel}","templated":true}]}}