{"id":49832,"date":"2014-01-01T07:45:27","date_gmt":"2014-01-01T06:45:27","guid":{"rendered":"http:\/\/www.cinevox.be\/?p=49832"},"modified":"2013-12-30T10:59:26","modified_gmt":"2013-12-30T09:59:26","slug":"20132014-xavier-seron","status":"publish","type":"post","link":"https:\/\/welovecinema.be\/fr\/20132014-xavier-seron\/","title":{"rendered":"2013\/2014 : Xavier Seron"},"content":{"rendered":"<p>Ce qui a marqu\u00e9 ma vie professionnelle en 2013, les plus grands moments de ces 12 derniers mois ?<\/p>\n<p>&#8211;\u00a0\u00a0\u00a0\u00a0\u00a0\u00a0 L\u2019IAD m\u2019avait propos\u00e9 d\u2019encadrer un film de fin d\u2019\u00e9tudes et ce fut une belle rencontre avec un jeune r\u00e9alisateur souriant et talentueux : Pablo Munoz Gomez : <i>Welkom<\/i>, son court m\u00e9trage fait d\u00e9j\u00e0 parler de lui.<\/p>\n<p>&nbsp;<\/p>\n<p>&#8211;\u00a0\u00a0\u00a0\u00a0\u00a0\u00a0 Par contre, j\u2019\u00e9prouve un grand malaise en songeant \u00e0 la r\u00e9forme actuelle du statut d\u2019artiste. Elle risque de mettre un s\u00e9rieux coup de frein \u00e0 l\u2019\u00e9closion des nouveaux talents. Sans parler du reste&#8230;<\/p>\n<p>&#8211;\u00a0\u00a0\u00a0\u00a0\u00a0\u00a0 La finition de <i>Dreamcatchers<\/i>, un documentaire sur des catcheurs belges que j\u2019ai r\u00e9alis\u00e9 avec C\u00e9dric Bourgeois. La premi\u00e8re du film a eu lieu le 29 d\u00e9cembre au Bozar\u00a0 \u00e0 l\u2019occasion du Be Film Festival.\u00a0 Il y avait m\u00eame une d\u00e9monstration de catch apr\u00e8s.\u00a0<!--more--><\/p>\n<p>&nbsp;<\/p>\n<p>Enfin, le grand moment de cette ann\u00e9e 2013 fut pour moi le tournage de la premi\u00e8re partie de <i>Je me tue \u00e0 le dire<\/i>. Il s\u2019agit de mon premier long m\u00e9trage, une com\u00e9die grin\u00e7ante, tourn\u00e9e en noir et blanc qui raconte les m\u00e9saventures d\u2019un com\u00e9dien trentenaire (camp\u00e9 par mon vieux complice Jean-Jacques Rausin), persuad\u00e9 d\u2019avoir contract\u00e9 le cancer du sein de sa m\u00e8re (Myriam Boyer, \u00e9poustouflante).<\/p>\n<p>C\u2019est b\u00eate \u00e0 dire, mais quand j\u2019ai vu la feuille de service n\u00b01, \u00e7a m\u2019a \u00e9mu. Au passage, j\u2019en profite pour remercier les producteurs (Novak prod et Tobina films), les com\u00e9diens, mon \u00e9quipe fabuleuse,\u00a0 ma compagne (Julie Naas, qui monte tous mes films), la famille, les amis qui me soutiennent.<\/p>\n<p>Ce que j\u2019attends de l\u2019ann\u00e9e prochaine ? La suite du tournage de <i>Je me tue \u00e0 le dire<\/i>.<\/p>\n<p>Le planning a \u00e9t\u00e9 scind\u00e9 et le financement reste fragile. Si vous connaissez des m\u00e9c\u00e8nes cin\u00e9philes ou l\u2019adresse du p\u00e8re No\u00ebl, nous avons d\u00e9j\u00e0 des images qui pourraient les convaincre&#8230;<\/p>\n<p>De tr\u00e8s bonnes f\u00eates et de bons films \u00e0 tous.<\/p>\n<p>&nbsp;<\/p>\n<p><em>[Photo : Xavier Seron avec son ami Jean-Jacques Rausin \u00e0 Cannes &#8211; Photo WBI]<\/em><\/p>\n","protected":false},"excerpt":{"rendered":"<p>Ce qui a marqu\u00e9 ma vie professionnelle en 2013, les plus grands moments de ces 12 derniers mois ? &#8211;\u00a0\u00a0\u00a0\u00a0\u00a0\u00a0 L\u2019IAD m\u2019avait propos\u00e9 d\u2019encadrer un film de fin d\u2019\u00e9tudes et ce fut une belle rencontre avec un jeune r\u00e9alisateur souriant et talentueux : Pablo Munoz Gomez : Welkom, son court m\u00e9trage fait d\u00e9j\u00e0 parler de &hellip;<\/p>\n","protected":false},"author":7,"featured_media":49834,"comment_status":"closed","ping_status":"closed","sticky":false,"template":"","format":"standard","meta":{"ngg_post_thumbnail":0,"footnotes":""},"categories":[1923],"tags":[],"class_list":["post-49832","post","type-post","status-publish","format-standard","has-post-thumbnail","","category-en-bref"],"yoast_head":"<!-- This site is optimized with the Yoast SEO plugin v20.4 - https:\/\/yoast.com\/wordpress\/plugins\/seo\/ -->\n<title>2013\/2014 : Xavier Seron - We Love Cinema<\/title>\n<meta name=\"robots\" content=\"index, follow, max-snippet:-1, max-image-preview:large, max-video-preview:-1\" \/>\n<link rel=\"canonical\" href=\"https:\/\/welovecinema.be\/fr\/20132014-xavier-seron\/\" \/>\n<meta property=\"og:locale\" content=\"fr_FR\" \/>\n<meta property=\"og:type\" content=\"article\" \/>\n<meta property=\"og:title\" content=\"2013\/2014 : Xavier Seron - We Love Cinema\" \/>\n<meta property=\"og:description\" content=\"Ce qui a marqu\u00e9 ma vie professionnelle en 2013, les plus grands moments de ces 12 derniers mois ? &#8211;\u00a0\u00a0\u00a0\u00a0\u00a0\u00a0 L\u2019IAD m\u2019avait propos\u00e9 d\u2019encadrer un film de fin d\u2019\u00e9tudes et ce fut une belle rencontre avec un jeune r\u00e9alisateur souriant et talentueux : Pablo Munoz Gomez : Welkom, son court m\u00e9trage fait d\u00e9j\u00e0 parler de &hellip;\" \/>\n<meta property=\"og:url\" content=\"https:\/\/welovecinema.be\/fr\/20132014-xavier-seron\/\" \/>\n<meta property=\"og:site_name\" content=\"We Love Cinema\" \/>\n<meta property=\"article:publisher\" content=\"https:\/\/www.facebook.com\/welovecinema.be\" \/>\n<meta property=\"article:published_time\" content=\"2014-01-01T06:45:27+00:00\" \/>\n<meta property=\"article:modified_time\" content=\"2013-12-30T09:59:26+00:00\" \/>\n<meta property=\"og:image\" content=\"https:\/\/welovecinema.be\/wp-content\/uploads\/sites\/2\/2010\/01\/312213_10151601238672192_1203591217_n.jpg\" \/>\n\t<meta property=\"og:image:width\" content=\"960\" \/>\n\t<meta property=\"og:image:height\" content=\"640\" \/>\n\t<meta property=\"og:image:type\" content=\"image\/jpeg\" \/>\n<meta name=\"author\" content=\"Philippe.Pierquin\" \/>\n<meta name=\"twitter:card\" content=\"summary_large_image\" \/>\n<meta name=\"twitter:label1\" content=\"\u00c9crit par\" \/>\n\t<meta name=\"twitter:data1\" content=\"Philippe.Pierquin\" \/>\n\t<meta name=\"twitter:label2\" content=\"Dur\u00e9e de lecture estim\u00e9e\" \/>\n\t<meta name=\"twitter:data2\" content=\"2 minutes\" \/>\n<script type=\"application\/ld+json\" class=\"yoast-schema-graph\">{\"@context\":\"https:\/\/schema.org\",\"@graph\":[{\"@type\":\"Article\",\"@id\":\"https:\/\/welovecinema.be\/fr\/20132014-xavier-seron\/#article\",\"isPartOf\":{\"@id\":\"https:\/\/welovecinema.be\/fr\/20132014-xavier-seron\/\"},\"author\":{\"name\":\"Philippe.Pierquin\",\"@id\":\"https:\/\/welovecinema.be\/nl\/#\/schema\/person\/4b9b1d857f0943453a38a7c2859ef756\"},\"headline\":\"2013\/2014 : Xavier Seron\",\"datePublished\":\"2014-01-01T06:45:27+00:00\",\"dateModified\":\"2013-12-30T09:59:26+00:00\",\"mainEntityOfPage\":{\"@id\":\"https:\/\/welovecinema.be\/fr\/20132014-xavier-seron\/\"},\"wordCount\":361,\"publisher\":{\"@id\":\"https:\/\/welovecinema.be\/nl\/#organization\"},\"articleSection\":[\"En bref\"],\"inLanguage\":\"fr-FR\"},{\"@type\":\"WebPage\",\"@id\":\"https:\/\/welovecinema.be\/fr\/20132014-xavier-seron\/\",\"url\":\"https:\/\/welovecinema.be\/fr\/20132014-xavier-seron\/\",\"name\":\"2013\/2014 : Xavier Seron - We Love Cinema\",\"isPartOf\":{\"@id\":\"https:\/\/welovecinema.be\/nl\/#website\"},\"datePublished\":\"2014-01-01T06:45:27+00:00\",\"dateModified\":\"2013-12-30T09:59:26+00:00\",\"breadcrumb\":{\"@id\":\"https:\/\/welovecinema.be\/fr\/20132014-xavier-seron\/#breadcrumb\"},\"inLanguage\":\"fr-FR\",\"potentialAction\":[{\"@type\":\"ReadAction\",\"target\":[\"https:\/\/welovecinema.be\/fr\/20132014-xavier-seron\/\"]}]},{\"@type\":\"BreadcrumbList\",\"@id\":\"https:\/\/welovecinema.be\/fr\/20132014-xavier-seron\/#breadcrumb\",\"itemListElement\":[{\"@type\":\"ListItem\",\"position\":1,\"name\":\"Accueil\",\"item\":\"https:\/\/welovecinema.be\/fr\/\"},{\"@type\":\"ListItem\",\"position\":2,\"name\":\"2013\/2014 : Xavier Seron\"}]},{\"@type\":\"WebSite\",\"@id\":\"https:\/\/welovecinema.be\/nl\/#website\",\"url\":\"https:\/\/welovecinema.be\/nl\/\",\"name\":\"We Love Cinema\",\"description\":\"Toute l\u2019information du cin\u00e9ma en Belgique\",\"publisher\":{\"@id\":\"https:\/\/welovecinema.be\/nl\/#organization\"},\"potentialAction\":[{\"@type\":\"SearchAction\",\"target\":{\"@type\":\"EntryPoint\",\"urlTemplate\":\"https:\/\/welovecinema.be\/nl\/?s={search_term_string}\"},\"query-input\":\"required name=search_term_string\"}],\"inLanguage\":\"fr-FR\"},{\"@type\":\"Organization\",\"@id\":\"https:\/\/welovecinema.be\/nl\/#organization\",\"name\":\"We Love Cinema\",\"url\":\"https:\/\/welovecinema.be\/nl\/\",\"logo\":{\"@type\":\"ImageObject\",\"inLanguage\":\"fr-FR\",\"@id\":\"https:\/\/welovecinema.be\/nl\/#\/schema\/logo\/image\/\",\"url\":\"https:\/\/welovecinema.be\/wp-content\/uploads\/sites\/2\/2023\/03\/Logo-We-Love-Cinema305x128.jpg\",\"contentUrl\":\"https:\/\/welovecinema.be\/wp-content\/uploads\/sites\/2\/2023\/03\/Logo-We-Love-Cinema305x128.jpg\",\"width\":305,\"height\":128,\"caption\":\"We Love Cinema\"},\"image\":{\"@id\":\"https:\/\/welovecinema.be\/nl\/#\/schema\/logo\/image\/\"},\"sameAs\":[\"https:\/\/www.facebook.com\/welovecinema.be\",\"https:\/\/www.youtube.com\/channel\/UCX5LYGVhnKvYauW4Nta4HJA\",\"https:\/\/www.instagram.com\/welovecinema.be\/\"]},{\"@type\":\"Person\",\"@id\":\"https:\/\/welovecinema.be\/nl\/#\/schema\/person\/4b9b1d857f0943453a38a7c2859ef756\",\"name\":\"Philippe.Pierquin\",\"url\":\"https:\/\/welovecinema.be\/fr\/author\/philippe-pierquin\/\"}]}<\/script>\n<!-- \/ Yoast SEO plugin. -->","yoast_head_json":{"title":"2013\/2014 : Xavier Seron - We Love Cinema","robots":{"index":"index","follow":"follow","max-snippet":"max-snippet:-1","max-image-preview":"max-image-preview:large","max-video-preview":"max-video-preview:-1"},"canonical":"https:\/\/welovecinema.be\/fr\/20132014-xavier-seron\/","og_locale":"fr_FR","og_type":"article","og_title":"2013\/2014 : Xavier Seron - We Love Cinema","og_description":"Ce qui a marqu\u00e9 ma vie professionnelle en 2013, les plus grands moments de ces 12 derniers mois ? &#8211;\u00a0\u00a0\u00a0\u00a0\u00a0\u00a0 L\u2019IAD m\u2019avait propos\u00e9 d\u2019encadrer un film de fin d\u2019\u00e9tudes et ce fut une belle rencontre avec un jeune r\u00e9alisateur souriant et talentueux : Pablo Munoz Gomez : Welkom, son court m\u00e9trage fait d\u00e9j\u00e0 parler de &hellip;","og_url":"https:\/\/welovecinema.be\/fr\/20132014-xavier-seron\/","og_site_name":"We Love Cinema","article_publisher":"https:\/\/www.facebook.com\/welovecinema.be","article_published_time":"2014-01-01T06:45:27+00:00","article_modified_time":"2013-12-30T09:59:26+00:00","og_image":[{"width":960,"height":640,"url":"https:\/\/welovecinema.be\/wp-content\/uploads\/sites\/2\/2010\/01\/312213_10151601238672192_1203591217_n.jpg","type":"image\/jpeg"}],"author":"Philippe.Pierquin","twitter_card":"summary_large_image","twitter_misc":{"\u00c9crit par":"Philippe.Pierquin","Dur\u00e9e de lecture estim\u00e9e":"2 minutes"},"schema":{"@context":"https:\/\/schema.org","@graph":[{"@type":"Article","@id":"https:\/\/welovecinema.be\/fr\/20132014-xavier-seron\/#article","isPartOf":{"@id":"https:\/\/welovecinema.be\/fr\/20132014-xavier-seron\/"},"author":{"name":"Philippe.Pierquin","@id":"https:\/\/welovecinema.be\/nl\/#\/schema\/person\/4b9b1d857f0943453a38a7c2859ef756"},"headline":"2013\/2014 : Xavier Seron","datePublished":"2014-01-01T06:45:27+00:00","dateModified":"2013-12-30T09:59:26+00:00","mainEntityOfPage":{"@id":"https:\/\/welovecinema.be\/fr\/20132014-xavier-seron\/"},"wordCount":361,"publisher":{"@id":"https:\/\/welovecinema.be\/nl\/#organization"},"articleSection":["En bref"],"inLanguage":"fr-FR"},{"@type":"WebPage","@id":"https:\/\/welovecinema.be\/fr\/20132014-xavier-seron\/","url":"https:\/\/welovecinema.be\/fr\/20132014-xavier-seron\/","name":"2013\/2014 : Xavier Seron - We Love Cinema","isPartOf":{"@id":"https:\/\/welovecinema.be\/nl\/#website"},"datePublished":"2014-01-01T06:45:27+00:00","dateModified":"2013-12-30T09:59:26+00:00","breadcrumb":{"@id":"https:\/\/welovecinema.be\/fr\/20132014-xavier-seron\/#breadcrumb"},"inLanguage":"fr-FR","potentialAction":[{"@type":"ReadAction","target":["https:\/\/welovecinema.be\/fr\/20132014-xavier-seron\/"]}]},{"@type":"BreadcrumbList","@id":"https:\/\/welovecinema.be\/fr\/20132014-xavier-seron\/#breadcrumb","itemListElement":[{"@type":"ListItem","position":1,"name":"Accueil","item":"https:\/\/welovecinema.be\/fr\/"},{"@type":"ListItem","position":2,"name":"2013\/2014 : Xavier Seron"}]},{"@type":"WebSite","@id":"https:\/\/welovecinema.be\/nl\/#website","url":"https:\/\/welovecinema.be\/nl\/","name":"We Love Cinema","description":"Toute l\u2019information du cin\u00e9ma en Belgique","publisher":{"@id":"https:\/\/welovecinema.be\/nl\/#organization"},"potentialAction":[{"@type":"SearchAction","target":{"@type":"EntryPoint","urlTemplate":"https:\/\/welovecinema.be\/nl\/?s={search_term_string}"},"query-input":"required name=search_term_string"}],"inLanguage":"fr-FR"},{"@type":"Organization","@id":"https:\/\/welovecinema.be\/nl\/#organization","name":"We Love Cinema","url":"https:\/\/welovecinema.be\/nl\/","logo":{"@type":"ImageObject","inLanguage":"fr-FR","@id":"https:\/\/welovecinema.be\/nl\/#\/schema\/logo\/image\/","url":"https:\/\/welovecinema.be\/wp-content\/uploads\/sites\/2\/2023\/03\/Logo-We-Love-Cinema305x128.jpg","contentUrl":"https:\/\/welovecinema.be\/wp-content\/uploads\/sites\/2\/2023\/03\/Logo-We-Love-Cinema305x128.jpg","width":305,"height":128,"caption":"We Love Cinema"},"image":{"@id":"https:\/\/welovecinema.be\/nl\/#\/schema\/logo\/image\/"},"sameAs":["https:\/\/www.facebook.com\/welovecinema.be","https:\/\/www.youtube.com\/channel\/UCX5LYGVhnKvYauW4Nta4HJA","https:\/\/www.instagram.com\/welovecinema.be\/"]},{"@type":"Person","@id":"https:\/\/welovecinema.be\/nl\/#\/schema\/person\/4b9b1d857f0943453a38a7c2859ef756","name":"Philippe.Pierquin","url":"https:\/\/welovecinema.be\/fr\/author\/philippe-pierquin\/"}]}},"_links":{"self":[{"href":"https:\/\/welovecinema.be\/fr\/wp-json\/wp\/v2\/posts\/49832","targetHints":{"allow":["GET"]}}],"collection":[{"href":"https:\/\/welovecinema.be\/fr\/wp-json\/wp\/v2\/posts"}],"about":[{"href":"https:\/\/welovecinema.be\/fr\/wp-json\/wp\/v2\/types\/post"}],"author":[{"embeddable":true,"href":"https:\/\/welovecinema.be\/fr\/wp-json\/wp\/v2\/users\/7"}],"replies":[{"embeddable":true,"href":"https:\/\/welovecinema.be\/fr\/wp-json\/wp\/v2\/comments?post=49832"}],"version-history":[{"count":0,"href":"https:\/\/welovecinema.be\/fr\/wp-json\/wp\/v2\/posts\/49832\/revisions"}],"wp:featuredmedia":[{"embeddable":true,"href":"https:\/\/welovecinema.be\/fr\/wp-json\/wp\/v2\/media\/49834"}],"wp:attachment":[{"href":"https:\/\/welovecinema.be\/fr\/wp-json\/wp\/v2\/media?parent=49832"}],"wp:term":[{"taxonomy":"category","embeddable":true,"href":"https:\/\/welovecinema.be\/fr\/wp-json\/wp\/v2\/categories?post=49832"},{"taxonomy":"post_tag","embeddable":true,"href":"https:\/\/welovecinema.be\/fr\/wp-json\/wp\/v2\/tags?post=49832"}],"curies":[{"name":"wp","href":"https:\/\/api.w.org\/{rel}","templated":true}]}}