{"id":48499,"date":"2013-11-29T07:02:10","date_gmt":"2013-11-29T06:02:10","guid":{"rendered":"http:\/\/www.cinevox.be\/?p=48499"},"modified":"2013-11-29T16:09:49","modified_gmt":"2013-11-29T15:09:49","slug":"stephane-et-dany-font-du-ski","status":"publish","type":"post","link":"https:\/\/welovecinema.be\/fr\/stephane-et-dany-font-du-ski\/","title":{"rendered":"St\u00e9phane et Dany font du ski."},"content":{"rendered":"<p>Il a de la chance <b>St\u00e9phane de Groodt<\/b> : c\u2019est confirm\u00e9, il fera partie du jury du 17e Festival International du Film de Com\u00e9die de l\u2019Alpe d\u2019Huez, un des plus conviviaux et amusants (forc\u00e9ment) qui soient. L\u2019humoriste belge qui n\u2019en finit pas de s\u00e9duire les m\u00e9dias et le public fran\u00e7ais y retrouvera un pr\u00e9sident qu\u2019il conna\u00eet d\u00e9sormais de mieux en mieux, un certain Dany Boon.<!--more--><\/p>\n<p>&nbsp;<\/p>\n<p>Unique festival de Films de Com\u00e9die en France, le Festival de l\u2019Alpe d\u2019Huez s\u2019est construit au fil des ans une r\u00e9putation et une notori\u00e9t\u00e9 gr\u00e2ce aux films qu\u2019il a mis \u00e0 l\u2019honneur et qui sont devenus pour certains, des r\u00e9f\u00e9rences cin\u00e9matographiques. Ou mieux encore, de v\u00e9ritables mythes. C\u2019est dans la station de sports d\u2019hiver que fut montr\u00e9 pour la premi\u00e8re fois <i>Bienvenue chez les Ch&#8217;tis<\/i>, plus gros succ\u00e8s du cin\u00e9ma fran\u00e7ais de tous les temps&#8230; S\u2019il ne fallait qu\u2019un titre pour justifier un statut, le triomphe de Dany Boon serait donc celui-l\u00e0.<\/p>\n<p>&nbsp;<\/p>\n<p><a href=\"http:\/\/www.cinevox.be\/stephane-et-dany-font-du-ski\/1395911_652316488147677_1207894025_n-2\/\" rel=\"attachment wp-att-48507\"><img loading=\"lazy\" decoding=\"async\" class=\"alignright size-large wp-image-48507\" alt=\"\" src=\"http:\/\/www.cinevox.be\/wp-content\/uploads\/sites\/2\/2010\/11\/1395911_652316488147677_1207894025_n-391x600.jpg\" width=\"391\" height=\"600\" srcset=\"https:\/\/welovecinema.be\/wp-content\/uploads\/sites\/2\/2010\/11\/1395911_652316488147677_1207894025_n-391x600.jpg 391w, https:\/\/welovecinema.be\/wp-content\/uploads\/sites\/2\/2010\/11\/1395911_652316488147677_1207894025_n-176x270.jpg 176w, https:\/\/welovecinema.be\/wp-content\/uploads\/sites\/2\/2010\/11\/1395911_652316488147677_1207894025_n.jpg 521w\" sizes=\"auto, (max-width: 391px) 100vw, 391px\" \/><\/a>Mais la manifestation a \u00e9galement \u00e9t\u00e9 une rampe de lancement fran\u00e7aise pour d\u2019autres com\u00e9dies qui ont secou\u00e9 le box-office et les zygomatiques des spectateurs : <i>Radiostars, Starbuck, Hasta la Vista, Tout Ce Qui Brille, L\u2019Arnac\u0153ur, La V\u00e9rit\u00e9 Si Je Mens, Premi\u00e8re \u00c9toile, Podium, Juno, Les Randonneurs, Mariage \u00e0 la Grecque, Il \u00e9tait une fois une fois, Une Pure Affaire&#8230;<\/i><\/p>\n<p>&nbsp;<\/p>\n<p>L\u2019autre atout de l&rsquo;\u00e9v\u00e8nement est son ambiance tr\u00e8s d\u00e9contrassst\u00e9e. La profession adore s\u2019y retrouver dans une atmosph\u00e8re ludique et conviviale, o\u00f9 chacun a le temps d\u2019aller s\u2019essayer au ski, \u00e0 la luge ou jet ski.<\/p>\n<p>&nbsp;<\/p>\n<p>Mais ne croyez pas que le festival est r\u00e9serv\u00e9 \u00e0 une \u00e9lite. C\u2019est m\u00eame tout le contraire : il est grand ouvert aux spectateurs lambda qui ne se privent pas pour se r\u00e9chauffer apr\u00e8s une journ\u00e9e sur les pistes: avec plus de 12.000 entr\u00e9es lors des derni\u00e8res \u00e9ditions, la fr\u00e9quentation est en augmentation constante depuis plusieurs ann\u00e9es, confortant ainsi le Festival \u00e0 proposer\u2026 une entr\u00e9e libre pour l\u2019ensemble des projections.<\/p>\n<p>Voil\u00e0 une particularit\u00e9 rarissime pour un Festival de cin\u00e9ma.<\/p>\n<p>&nbsp;<\/p>\n<p style=\"text-align: center;\"><a href=\"http:\/\/www.cinevox.be\/stephane-et-dany-font-du-ski\/1475779_659578897421436_1655240896_n\/\" rel=\"attachment wp-att-48501\"><img loading=\"lazy\" decoding=\"async\" class=\"size-large wp-image-48501 aligncenter\" alt=\"\" src=\"http:\/\/www.cinevox.be\/wp-content\/uploads\/sites\/2\/2013\/11\/1475779_659578897421436_1655240896_n-800x223.jpg\" width=\"640\" height=\"178\" srcset=\"https:\/\/welovecinema.be\/wp-content\/uploads\/sites\/2\/2013\/11\/1475779_659578897421436_1655240896_n-800x223.jpg 800w, https:\/\/welovecinema.be\/wp-content\/uploads\/sites\/2\/2013\/11\/1475779_659578897421436_1655240896_n-480x134.jpg 480w, https:\/\/welovecinema.be\/wp-content\/uploads\/sites\/2\/2013\/11\/1475779_659578897421436_1655240896_n.jpg 843w\" sizes=\"auto, (max-width: 640px) 100vw, 640px\" \/><\/a><\/p>\n<p>&nbsp;<\/p>\n<p>En janvier, St\u00e9phane De Groodt \u00a0croisera dans le jury le tr\u00e8s hype Pierre Niney de la Com\u00e9die-Fran\u00e7aise (<i>20 ans d\u2019\u00e9cart<\/i>), Val\u00e9rie Bonneton, Le\u00efla Bekhti et son nouveau meilleur ami Dany Boon qui, a non seulement produit <i>Palais de Justesse<\/i>, son premier court m\u00e9trage, dans lequel il a accept\u00e9 de jouer (lire <a href=\"http:\/\/www.cinevox.be\/stephane-de-groodt-sur-tous-les-fronts\/\" target=\"_blank\">ici<\/a>). Int\u00e9r\u00eat m\u00e9diatique assur\u00e9 !<\/p>\n<p>&nbsp;<\/p>\n<p><a href=\"http:\/\/www.cinevox.be\/stephane-et-dany-font-du-ski\/p1190974\/\" rel=\"attachment wp-att-48528\"><img loading=\"lazy\" decoding=\"async\" class=\"aligncenter size-large wp-image-48528\" alt=\"\" src=\"http:\/\/www.cinevox.be\/wp-content\/uploads\/sites\/2\/2013\/11\/P1190974-800x450.jpg\" width=\"640\" height=\"360\" srcset=\"https:\/\/welovecinema.be\/wp-content\/uploads\/sites\/2\/2013\/11\/P1190974-800x450.jpg 800w, https:\/\/welovecinema.be\/wp-content\/uploads\/sites\/2\/2013\/11\/P1190974-200x113.jpg 200w, https:\/\/welovecinema.be\/wp-content\/uploads\/sites\/2\/2013\/11\/P1190974-480x270.jpg 480w, https:\/\/welovecinema.be\/wp-content\/uploads\/sites\/2\/2013\/11\/P1190974-300x169.jpg 300w, https:\/\/welovecinema.be\/wp-content\/uploads\/sites\/2\/2013\/11\/P1190974-620x350.jpg 620w\" sizes=\"auto, (max-width: 640px) 100vw, 640px\" \/><\/a><\/p>\n<p style=\"text-align: right;\"><em>Photo : Olivier Philippart<\/em><\/p>\n<p>&nbsp;<\/p>\n<p>Il y aura beaucoup de complicit\u00e9 dans l\u2019air puisque le pr\u00e9sident retrouvera aussi Val\u00e9rie Bonneton avec qui il partageait la t\u00eate d\u2019affiche du tr\u00e8s amusant Eyjafjallaj\u00f6kull.<\/p>\n<p>&nbsp;<\/p>\n<p><a href=\"http:\/\/www.cinevox.be\/stephane-et-dany-font-du-ski\/supecrcondriaque-2\/\" rel=\"attachment wp-att-48503\"><img loading=\"lazy\" decoding=\"async\" class=\"aligncenter size-full wp-image-48503\" alt=\"\" src=\"http:\/\/www.cinevox.be\/wp-content\/uploads\/sites\/2\/2013\/11\/supecrcondriaque1.jpg\" width=\"640\" height=\"427\" srcset=\"https:\/\/welovecinema.be\/wp-content\/uploads\/sites\/2\/2013\/11\/supecrcondriaque1.jpg 640w, https:\/\/welovecinema.be\/wp-content\/uploads\/sites\/2\/2013\/11\/supecrcondriaque1-404x270.jpg 404w\" sizes=\"auto, (max-width: 640px) 100vw, 640px\" \/><\/a><\/p>\n<p>&nbsp;<\/p>\n<p>Dany Boon ne viendra d\u2019ailleurs pas les mains vides puisqu\u2019il pr\u00e9sentera au festival, en ouverture (forc\u00e9ment hors comp\u00e9tition) et en premi\u00e8re mondiale<i> Supercondriaque<\/i>, son quatri\u00e8me long m\u00e9trage en tant que r\u00e9alisateur,\u00a0 coproduit chez nous par Artemis et film\u00e9 en grande partie en Belgique (48 jours sur 62). Dany Boon y retrouve Kad Merad. Le duo gagnant <i>de Bienvenue chez les Chtis <\/i>enflammera-t-il \u00e0 nouveau les spectateurs? Aussi \u00e0 l\u2019affiche Alice Pol, Jean-Yves Berteloot, Judith El Zein, Val\u00e9rie Bonneton (ils sont ins\u00e9parables), Marthe Villalonga, Bruno Lochet, St\u00e9phane De Groodt, J\u00e9r\u00f4me Commandeur et de tr\u00e8s nombreux acteurs belges dans de plus petits r\u00f4les.<\/p>\n<p>Cette premi\u00e8re mondiale aura lieu le mercredi 15 janvier 2014.<\/p>\n<p>&nbsp;<\/p>\n<p>&nbsp;<\/p>\n","protected":false},"excerpt":{"rendered":"<p>Il a de la chance St\u00e9phane de Groodt : c\u2019est confirm\u00e9, il fera partie du jury du 17e Festival International du Film de Com\u00e9die de l\u2019Alpe d\u2019Huez, un des plus conviviaux et amusants (forc\u00e9ment) qui soient. L\u2019humoriste belge qui n\u2019en finit pas de s\u00e9duire les m\u00e9dias et le public fran\u00e7ais y retrouvera un pr\u00e9sident qu\u2019il &hellip;<\/p>\n","protected":false},"author":7,"featured_media":48505,"comment_status":"closed","ping_status":"closed","sticky":false,"template":"","format":"standard","meta":{"ngg_post_thumbnail":0,"footnotes":""},"categories":[1923],"tags":[],"class_list":["post-48499","post","type-post","status-publish","format-standard","has-post-thumbnail","","category-en-bref"],"yoast_head":"<!-- This site is optimized with the Yoast SEO plugin v20.4 - https:\/\/yoast.com\/wordpress\/plugins\/seo\/ -->\n<title>St\u00e9phane et Dany font du ski. - We Love Cinema<\/title>\n<meta name=\"robots\" content=\"index, follow, max-snippet:-1, max-image-preview:large, max-video-preview:-1\" \/>\n<link rel=\"canonical\" href=\"https:\/\/welovecinema.be\/fr\/stephane-et-dany-font-du-ski\/\" \/>\n<meta property=\"og:locale\" content=\"fr_FR\" \/>\n<meta property=\"og:type\" content=\"article\" \/>\n<meta property=\"og:title\" content=\"St\u00e9phane et Dany font du ski. - We Love Cinema\" \/>\n<meta property=\"og:description\" content=\"Il a de la chance St\u00e9phane de Groodt : c\u2019est confirm\u00e9, il fera partie du jury du 17e Festival International du Film de Com\u00e9die de l\u2019Alpe d\u2019Huez, un des plus conviviaux et amusants (forc\u00e9ment) qui soient. L\u2019humoriste belge qui n\u2019en finit pas de s\u00e9duire les m\u00e9dias et le public fran\u00e7ais y retrouvera un pr\u00e9sident qu\u2019il &hellip;\" \/>\n<meta property=\"og:url\" content=\"https:\/\/welovecinema.be\/fr\/stephane-et-dany-font-du-ski\/\" \/>\n<meta property=\"og:site_name\" content=\"We Love Cinema\" \/>\n<meta property=\"article:publisher\" content=\"https:\/\/www.facebook.com\/welovecinema.be\" \/>\n<meta property=\"article:published_time\" content=\"2013-11-29T06:02:10+00:00\" \/>\n<meta property=\"article:modified_time\" content=\"2013-11-29T15:09:49+00:00\" \/>\n<meta property=\"og:image\" content=\"https:\/\/welovecinema.be\/wp-content\/uploads\/sites\/2\/2010\/11\/sdg-off.jpg\" \/>\n\t<meta property=\"og:image:width\" content=\"1280\" \/>\n\t<meta property=\"og:image:height\" content=\"910\" \/>\n\t<meta property=\"og:image:type\" content=\"image\/jpeg\" \/>\n<meta name=\"author\" content=\"Philippe.Pierquin\" \/>\n<meta name=\"twitter:card\" content=\"summary_large_image\" \/>\n<meta name=\"twitter:label1\" content=\"\u00c9crit par\" \/>\n\t<meta name=\"twitter:data1\" content=\"Philippe.Pierquin\" \/>\n\t<meta name=\"twitter:label2\" content=\"Dur\u00e9e de lecture estim\u00e9e\" \/>\n\t<meta name=\"twitter:data2\" content=\"3 minutes\" \/>\n<script type=\"application\/ld+json\" class=\"yoast-schema-graph\">{\"@context\":\"https:\/\/schema.org\",\"@graph\":[{\"@type\":\"Article\",\"@id\":\"https:\/\/welovecinema.be\/fr\/stephane-et-dany-font-du-ski\/#article\",\"isPartOf\":{\"@id\":\"https:\/\/welovecinema.be\/fr\/stephane-et-dany-font-du-ski\/\"},\"author\":{\"name\":\"Philippe.Pierquin\",\"@id\":\"https:\/\/welovecinema.be\/nl\/#\/schema\/person\/4b9b1d857f0943453a38a7c2859ef756\"},\"headline\":\"St\u00e9phane et Dany font du ski.\",\"datePublished\":\"2013-11-29T06:02:10+00:00\",\"dateModified\":\"2013-11-29T15:09:49+00:00\",\"mainEntityOfPage\":{\"@id\":\"https:\/\/welovecinema.be\/fr\/stephane-et-dany-font-du-ski\/\"},\"wordCount\":631,\"publisher\":{\"@id\":\"https:\/\/welovecinema.be\/nl\/#organization\"},\"articleSection\":[\"En bref\"],\"inLanguage\":\"fr-FR\"},{\"@type\":\"WebPage\",\"@id\":\"https:\/\/welovecinema.be\/fr\/stephane-et-dany-font-du-ski\/\",\"url\":\"https:\/\/welovecinema.be\/fr\/stephane-et-dany-font-du-ski\/\",\"name\":\"St\u00e9phane et Dany font du ski. - We Love Cinema\",\"isPartOf\":{\"@id\":\"https:\/\/welovecinema.be\/nl\/#website\"},\"datePublished\":\"2013-11-29T06:02:10+00:00\",\"dateModified\":\"2013-11-29T15:09:49+00:00\",\"breadcrumb\":{\"@id\":\"https:\/\/welovecinema.be\/fr\/stephane-et-dany-font-du-ski\/#breadcrumb\"},\"inLanguage\":\"fr-FR\",\"potentialAction\":[{\"@type\":\"ReadAction\",\"target\":[\"https:\/\/welovecinema.be\/fr\/stephane-et-dany-font-du-ski\/\"]}]},{\"@type\":\"BreadcrumbList\",\"@id\":\"https:\/\/welovecinema.be\/fr\/stephane-et-dany-font-du-ski\/#breadcrumb\",\"itemListElement\":[{\"@type\":\"ListItem\",\"position\":1,\"name\":\"Accueil\",\"item\":\"https:\/\/welovecinema.be\/fr\/\"},{\"@type\":\"ListItem\",\"position\":2,\"name\":\"St\u00e9phane et Dany font du ski.\"}]},{\"@type\":\"WebSite\",\"@id\":\"https:\/\/welovecinema.be\/nl\/#website\",\"url\":\"https:\/\/welovecinema.be\/nl\/\",\"name\":\"We Love Cinema\",\"description\":\"Toute l\u2019information du cin\u00e9ma en Belgique\",\"publisher\":{\"@id\":\"https:\/\/welovecinema.be\/nl\/#organization\"},\"potentialAction\":[{\"@type\":\"SearchAction\",\"target\":{\"@type\":\"EntryPoint\",\"urlTemplate\":\"https:\/\/welovecinema.be\/nl\/?s={search_term_string}\"},\"query-input\":\"required name=search_term_string\"}],\"inLanguage\":\"fr-FR\"},{\"@type\":\"Organization\",\"@id\":\"https:\/\/welovecinema.be\/nl\/#organization\",\"name\":\"We Love Cinema\",\"url\":\"https:\/\/welovecinema.be\/nl\/\",\"logo\":{\"@type\":\"ImageObject\",\"inLanguage\":\"fr-FR\",\"@id\":\"https:\/\/welovecinema.be\/nl\/#\/schema\/logo\/image\/\",\"url\":\"https:\/\/welovecinema.be\/wp-content\/uploads\/sites\/2\/2023\/03\/Logo-We-Love-Cinema305x128.jpg\",\"contentUrl\":\"https:\/\/welovecinema.be\/wp-content\/uploads\/sites\/2\/2023\/03\/Logo-We-Love-Cinema305x128.jpg\",\"width\":305,\"height\":128,\"caption\":\"We Love Cinema\"},\"image\":{\"@id\":\"https:\/\/welovecinema.be\/nl\/#\/schema\/logo\/image\/\"},\"sameAs\":[\"https:\/\/www.facebook.com\/welovecinema.be\",\"https:\/\/www.youtube.com\/channel\/UCX5LYGVhnKvYauW4Nta4HJA\",\"https:\/\/www.instagram.com\/welovecinema.be\/\"]},{\"@type\":\"Person\",\"@id\":\"https:\/\/welovecinema.be\/nl\/#\/schema\/person\/4b9b1d857f0943453a38a7c2859ef756\",\"name\":\"Philippe.Pierquin\",\"url\":\"https:\/\/welovecinema.be\/fr\/author\/philippe-pierquin\/\"}]}<\/script>\n<!-- \/ Yoast SEO plugin. -->","yoast_head_json":{"title":"St\u00e9phane et Dany font du ski. - We Love Cinema","robots":{"index":"index","follow":"follow","max-snippet":"max-snippet:-1","max-image-preview":"max-image-preview:large","max-video-preview":"max-video-preview:-1"},"canonical":"https:\/\/welovecinema.be\/fr\/stephane-et-dany-font-du-ski\/","og_locale":"fr_FR","og_type":"article","og_title":"St\u00e9phane et Dany font du ski. - We Love Cinema","og_description":"Il a de la chance St\u00e9phane de Groodt : c\u2019est confirm\u00e9, il fera partie du jury du 17e Festival International du Film de Com\u00e9die de l\u2019Alpe d\u2019Huez, un des plus conviviaux et amusants (forc\u00e9ment) qui soient. L\u2019humoriste belge qui n\u2019en finit pas de s\u00e9duire les m\u00e9dias et le public fran\u00e7ais y retrouvera un pr\u00e9sident qu\u2019il &hellip;","og_url":"https:\/\/welovecinema.be\/fr\/stephane-et-dany-font-du-ski\/","og_site_name":"We Love Cinema","article_publisher":"https:\/\/www.facebook.com\/welovecinema.be","article_published_time":"2013-11-29T06:02:10+00:00","article_modified_time":"2013-11-29T15:09:49+00:00","og_image":[{"width":1280,"height":910,"url":"https:\/\/welovecinema.be\/wp-content\/uploads\/sites\/2\/2010\/11\/sdg-off.jpg","type":"image\/jpeg"}],"author":"Philippe.Pierquin","twitter_card":"summary_large_image","twitter_misc":{"\u00c9crit par":"Philippe.Pierquin","Dur\u00e9e de lecture estim\u00e9e":"3 minutes"},"schema":{"@context":"https:\/\/schema.org","@graph":[{"@type":"Article","@id":"https:\/\/welovecinema.be\/fr\/stephane-et-dany-font-du-ski\/#article","isPartOf":{"@id":"https:\/\/welovecinema.be\/fr\/stephane-et-dany-font-du-ski\/"},"author":{"name":"Philippe.Pierquin","@id":"https:\/\/welovecinema.be\/nl\/#\/schema\/person\/4b9b1d857f0943453a38a7c2859ef756"},"headline":"St\u00e9phane et Dany font du ski.","datePublished":"2013-11-29T06:02:10+00:00","dateModified":"2013-11-29T15:09:49+00:00","mainEntityOfPage":{"@id":"https:\/\/welovecinema.be\/fr\/stephane-et-dany-font-du-ski\/"},"wordCount":631,"publisher":{"@id":"https:\/\/welovecinema.be\/nl\/#organization"},"articleSection":["En bref"],"inLanguage":"fr-FR"},{"@type":"WebPage","@id":"https:\/\/welovecinema.be\/fr\/stephane-et-dany-font-du-ski\/","url":"https:\/\/welovecinema.be\/fr\/stephane-et-dany-font-du-ski\/","name":"St\u00e9phane et Dany font du ski. - We Love Cinema","isPartOf":{"@id":"https:\/\/welovecinema.be\/nl\/#website"},"datePublished":"2013-11-29T06:02:10+00:00","dateModified":"2013-11-29T15:09:49+00:00","breadcrumb":{"@id":"https:\/\/welovecinema.be\/fr\/stephane-et-dany-font-du-ski\/#breadcrumb"},"inLanguage":"fr-FR","potentialAction":[{"@type":"ReadAction","target":["https:\/\/welovecinema.be\/fr\/stephane-et-dany-font-du-ski\/"]}]},{"@type":"BreadcrumbList","@id":"https:\/\/welovecinema.be\/fr\/stephane-et-dany-font-du-ski\/#breadcrumb","itemListElement":[{"@type":"ListItem","position":1,"name":"Accueil","item":"https:\/\/welovecinema.be\/fr\/"},{"@type":"ListItem","position":2,"name":"St\u00e9phane et Dany font du ski."}]},{"@type":"WebSite","@id":"https:\/\/welovecinema.be\/nl\/#website","url":"https:\/\/welovecinema.be\/nl\/","name":"We Love Cinema","description":"Toute l\u2019information du cin\u00e9ma en Belgique","publisher":{"@id":"https:\/\/welovecinema.be\/nl\/#organization"},"potentialAction":[{"@type":"SearchAction","target":{"@type":"EntryPoint","urlTemplate":"https:\/\/welovecinema.be\/nl\/?s={search_term_string}"},"query-input":"required name=search_term_string"}],"inLanguage":"fr-FR"},{"@type":"Organization","@id":"https:\/\/welovecinema.be\/nl\/#organization","name":"We Love Cinema","url":"https:\/\/welovecinema.be\/nl\/","logo":{"@type":"ImageObject","inLanguage":"fr-FR","@id":"https:\/\/welovecinema.be\/nl\/#\/schema\/logo\/image\/","url":"https:\/\/welovecinema.be\/wp-content\/uploads\/sites\/2\/2023\/03\/Logo-We-Love-Cinema305x128.jpg","contentUrl":"https:\/\/welovecinema.be\/wp-content\/uploads\/sites\/2\/2023\/03\/Logo-We-Love-Cinema305x128.jpg","width":305,"height":128,"caption":"We Love Cinema"},"image":{"@id":"https:\/\/welovecinema.be\/nl\/#\/schema\/logo\/image\/"},"sameAs":["https:\/\/www.facebook.com\/welovecinema.be","https:\/\/www.youtube.com\/channel\/UCX5LYGVhnKvYauW4Nta4HJA","https:\/\/www.instagram.com\/welovecinema.be\/"]},{"@type":"Person","@id":"https:\/\/welovecinema.be\/nl\/#\/schema\/person\/4b9b1d857f0943453a38a7c2859ef756","name":"Philippe.Pierquin","url":"https:\/\/welovecinema.be\/fr\/author\/philippe-pierquin\/"}]}},"_links":{"self":[{"href":"https:\/\/welovecinema.be\/fr\/wp-json\/wp\/v2\/posts\/48499","targetHints":{"allow":["GET"]}}],"collection":[{"href":"https:\/\/welovecinema.be\/fr\/wp-json\/wp\/v2\/posts"}],"about":[{"href":"https:\/\/welovecinema.be\/fr\/wp-json\/wp\/v2\/types\/post"}],"author":[{"embeddable":true,"href":"https:\/\/welovecinema.be\/fr\/wp-json\/wp\/v2\/users\/7"}],"replies":[{"embeddable":true,"href":"https:\/\/welovecinema.be\/fr\/wp-json\/wp\/v2\/comments?post=48499"}],"version-history":[{"count":0,"href":"https:\/\/welovecinema.be\/fr\/wp-json\/wp\/v2\/posts\/48499\/revisions"}],"wp:featuredmedia":[{"embeddable":true,"href":"https:\/\/welovecinema.be\/fr\/wp-json\/wp\/v2\/media\/48505"}],"wp:attachment":[{"href":"https:\/\/welovecinema.be\/fr\/wp-json\/wp\/v2\/media?parent=48499"}],"wp:term":[{"taxonomy":"category","embeddable":true,"href":"https:\/\/welovecinema.be\/fr\/wp-json\/wp\/v2\/categories?post=48499"},{"taxonomy":"post_tag","embeddable":true,"href":"https:\/\/welovecinema.be\/fr\/wp-json\/wp\/v2\/tags?post=48499"}],"curies":[{"name":"wp","href":"https:\/\/api.w.org\/{rel}","templated":true}]}}