{"id":48449,"date":"2013-11-26T13:20:40","date_gmt":"2013-11-26T12:20:40","guid":{"rendered":"http:\/\/www.cinevox.be\/?p=48449"},"modified":"2013-11-26T13:25:16","modified_gmt":"2013-11-26T12:25:16","slug":"tom-coumans-bande-demo","status":"publish","type":"post","link":"https:\/\/welovecinema.be\/fr\/tom-coumans-bande-demo\/","title":{"rendered":"Thomas Coumans : Bande-d\u00e9mo"},"content":{"rendered":"<p>Tr\u00e8s actif au th\u00e9\u00e2tre, vu dans Voleurs de Chevaux ou El\u00e8ve Libre, Thomas Coumans semble bien parti pour faire carri\u00e8re en France, un pays qui l&rsquo;a adopt\u00e9.<\/p>\n<p>On l&rsquo;a r\u00e9cemment vu \u00e0 la t\u00e9l\u00e9vision dans Le Cerveau d&rsquo;Hugo o\u00f9 il \u00e9tait bluffant et au cin\u00e9ma dans Une Place sur terre aux c\u00f4t\u00e9s de Benoit Poelvoorde. Il a aussi jou\u00e9 dans Arr\u00eatez-mo ide Jean-Paul Lillienfeld qui n&rsquo;est pas sorti en Belgique.<\/p>\n<p>Au FIFF namurois on l&rsquo;a vu tr\u00e8s sexy dans <i>Puppy Love<\/i> de Delphine Lehericey et dans plusieurs courts m\u00e9trages dont <i>Passionate Kiss<\/i> o\u00f9 il pouvait \u00e9talage d&rsquo;un autre de ses talents naturels : la danse.<\/p>\n<p>&nbsp;<\/p>\n<p>Au d\u00e9but de l&rsquo;ann\u00e9e, nous lui avions demand\u00e9 ce qu&rsquo;il attendait de 2013. Lisez <a href=\"http:\/\/www.cinevox.be\/%E2%80%A6-thomas-coumans-tom-van-avermaet-christelle-cornil\/\">ici<\/a> ce qu&rsquo;il avait r\u00e9pondu<\/p>\n<p>Voici sa nouvelle bande-d\u00e9mo.<\/p>\n<p>Chez Cinevox, on mise sur lui ,et vous?<\/p>\n","protected":false},"excerpt":{"rendered":"<p>Tr\u00e8s actif au th\u00e9\u00e2tre, vu dans Voleurs de Chevaux ou El\u00e8ve Libre, Thomas Coumans semble bien parti pour faire carri\u00e8re en France, un pays qui l&rsquo;a adopt\u00e9. On l&rsquo;a r\u00e9cemment vu \u00e0 la t\u00e9l\u00e9vision dans Le Cerveau d&rsquo;Hugo o\u00f9 il \u00e9tait bluffant et au cin\u00e9ma dans Une Place sur terre aux c\u00f4t\u00e9s de Benoit Poelvoorde. &hellip;<\/p>\n","protected":false},"author":7,"featured_media":48451,"comment_status":"closed","ping_status":"closed","sticky":false,"template":"","format":"standard","meta":{"ngg_post_thumbnail":0,"footnotes":""},"categories":[1923],"tags":[],"class_list":["post-48449","post","type-post","status-publish","format-standard","has-post-thumbnail","","category-en-bref"],"yoast_head":"<!-- This site is optimized with the Yoast SEO plugin v20.4 - https:\/\/yoast.com\/wordpress\/plugins\/seo\/ -->\n<title>Thomas Coumans : Bande-d\u00e9mo - We Love Cinema<\/title>\n<meta name=\"robots\" content=\"index, follow, max-snippet:-1, max-image-preview:large, max-video-preview:-1\" \/>\n<link rel=\"canonical\" href=\"https:\/\/welovecinema.be\/fr\/tom-coumans-bande-demo\/\" \/>\n<meta property=\"og:locale\" content=\"fr_FR\" \/>\n<meta property=\"og:type\" content=\"article\" \/>\n<meta property=\"og:title\" content=\"Thomas Coumans : Bande-d\u00e9mo - We Love Cinema\" \/>\n<meta property=\"og:description\" content=\"Tr\u00e8s actif au th\u00e9\u00e2tre, vu dans Voleurs de Chevaux ou El\u00e8ve Libre, Thomas Coumans semble bien parti pour faire carri\u00e8re en France, un pays qui l&rsquo;a adopt\u00e9. On l&rsquo;a r\u00e9cemment vu \u00e0 la t\u00e9l\u00e9vision dans Le Cerveau d&rsquo;Hugo o\u00f9 il \u00e9tait bluffant et au cin\u00e9ma dans Une Place sur terre aux c\u00f4t\u00e9s de Benoit Poelvoorde. &hellip;\" \/>\n<meta property=\"og:url\" content=\"https:\/\/welovecinema.be\/fr\/tom-coumans-bande-demo\/\" \/>\n<meta property=\"og:site_name\" content=\"We Love Cinema\" \/>\n<meta property=\"article:publisher\" content=\"https:\/\/www.facebook.com\/welovecinema.be\" \/>\n<meta property=\"article:published_time\" content=\"2013-11-26T12:20:40+00:00\" \/>\n<meta property=\"article:modified_time\" content=\"2013-11-26T12:25:16+00:00\" \/>\n<meta property=\"og:image\" content=\"https:\/\/welovecinema.be\/wp-content\/uploads\/sites\/2\/2013\/11\/407180_10150501052052029_499345606_n.jpg\" \/>\n\t<meta property=\"og:image:width\" content=\"635\" \/>\n\t<meta property=\"og:image:height\" content=\"414\" \/>\n\t<meta property=\"og:image:type\" content=\"image\/jpeg\" \/>\n<meta name=\"author\" content=\"Philippe.Pierquin\" \/>\n<meta name=\"twitter:card\" content=\"summary_large_image\" \/>\n<meta name=\"twitter:label1\" content=\"\u00c9crit par\" \/>\n\t<meta name=\"twitter:data1\" content=\"Philippe.Pierquin\" \/>\n\t<meta name=\"twitter:label2\" content=\"Dur\u00e9e de lecture estim\u00e9e\" \/>\n\t<meta name=\"twitter:data2\" content=\"1 minute\" \/>\n<script type=\"application\/ld+json\" class=\"yoast-schema-graph\">{\"@context\":\"https:\/\/schema.org\",\"@graph\":[{\"@type\":\"Article\",\"@id\":\"https:\/\/welovecinema.be\/fr\/tom-coumans-bande-demo\/#article\",\"isPartOf\":{\"@id\":\"https:\/\/welovecinema.be\/fr\/tom-coumans-bande-demo\/\"},\"author\":{\"name\":\"Philippe.Pierquin\",\"@id\":\"https:\/\/welovecinema.be\/nl\/#\/schema\/person\/4b9b1d857f0943453a38a7c2859ef756\"},\"headline\":\"Thomas Coumans : Bande-d\u00e9mo\",\"datePublished\":\"2013-11-26T12:20:40+00:00\",\"dateModified\":\"2013-11-26T12:25:16+00:00\",\"mainEntityOfPage\":{\"@id\":\"https:\/\/welovecinema.be\/fr\/tom-coumans-bande-demo\/\"},\"wordCount\":164,\"publisher\":{\"@id\":\"https:\/\/welovecinema.be\/nl\/#organization\"},\"articleSection\":[\"En bref\"],\"inLanguage\":\"fr-FR\"},{\"@type\":\"WebPage\",\"@id\":\"https:\/\/welovecinema.be\/fr\/tom-coumans-bande-demo\/\",\"url\":\"https:\/\/welovecinema.be\/fr\/tom-coumans-bande-demo\/\",\"name\":\"Thomas Coumans : Bande-d\u00e9mo - We Love Cinema\",\"isPartOf\":{\"@id\":\"https:\/\/welovecinema.be\/nl\/#website\"},\"datePublished\":\"2013-11-26T12:20:40+00:00\",\"dateModified\":\"2013-11-26T12:25:16+00:00\",\"breadcrumb\":{\"@id\":\"https:\/\/welovecinema.be\/fr\/tom-coumans-bande-demo\/#breadcrumb\"},\"inLanguage\":\"fr-FR\",\"potentialAction\":[{\"@type\":\"ReadAction\",\"target\":[\"https:\/\/welovecinema.be\/fr\/tom-coumans-bande-demo\/\"]}]},{\"@type\":\"BreadcrumbList\",\"@id\":\"https:\/\/welovecinema.be\/fr\/tom-coumans-bande-demo\/#breadcrumb\",\"itemListElement\":[{\"@type\":\"ListItem\",\"position\":1,\"name\":\"Accueil\",\"item\":\"https:\/\/welovecinema.be\/fr\/\"},{\"@type\":\"ListItem\",\"position\":2,\"name\":\"Thomas Coumans : Bande-d\u00e9mo\"}]},{\"@type\":\"WebSite\",\"@id\":\"https:\/\/welovecinema.be\/nl\/#website\",\"url\":\"https:\/\/welovecinema.be\/nl\/\",\"name\":\"We Love Cinema\",\"description\":\"Toute l\u2019information du cin\u00e9ma en Belgique\",\"publisher\":{\"@id\":\"https:\/\/welovecinema.be\/nl\/#organization\"},\"potentialAction\":[{\"@type\":\"SearchAction\",\"target\":{\"@type\":\"EntryPoint\",\"urlTemplate\":\"https:\/\/welovecinema.be\/nl\/?s={search_term_string}\"},\"query-input\":\"required name=search_term_string\"}],\"inLanguage\":\"fr-FR\"},{\"@type\":\"Organization\",\"@id\":\"https:\/\/welovecinema.be\/nl\/#organization\",\"name\":\"We Love Cinema\",\"url\":\"https:\/\/welovecinema.be\/nl\/\",\"logo\":{\"@type\":\"ImageObject\",\"inLanguage\":\"fr-FR\",\"@id\":\"https:\/\/welovecinema.be\/nl\/#\/schema\/logo\/image\/\",\"url\":\"https:\/\/welovecinema.be\/wp-content\/uploads\/sites\/2\/2023\/03\/Logo-We-Love-Cinema305x128.jpg\",\"contentUrl\":\"https:\/\/welovecinema.be\/wp-content\/uploads\/sites\/2\/2023\/03\/Logo-We-Love-Cinema305x128.jpg\",\"width\":305,\"height\":128,\"caption\":\"We Love Cinema\"},\"image\":{\"@id\":\"https:\/\/welovecinema.be\/nl\/#\/schema\/logo\/image\/\"},\"sameAs\":[\"https:\/\/www.facebook.com\/welovecinema.be\",\"https:\/\/www.youtube.com\/channel\/UCX5LYGVhnKvYauW4Nta4HJA\",\"https:\/\/www.instagram.com\/welovecinema.be\/\"]},{\"@type\":\"Person\",\"@id\":\"https:\/\/welovecinema.be\/nl\/#\/schema\/person\/4b9b1d857f0943453a38a7c2859ef756\",\"name\":\"Philippe.Pierquin\",\"url\":\"https:\/\/welovecinema.be\/fr\/author\/philippe-pierquin\/\"}]}<\/script>\n<!-- \/ Yoast SEO plugin. -->","yoast_head_json":{"title":"Thomas Coumans : Bande-d\u00e9mo - We Love Cinema","robots":{"index":"index","follow":"follow","max-snippet":"max-snippet:-1","max-image-preview":"max-image-preview:large","max-video-preview":"max-video-preview:-1"},"canonical":"https:\/\/welovecinema.be\/fr\/tom-coumans-bande-demo\/","og_locale":"fr_FR","og_type":"article","og_title":"Thomas Coumans : Bande-d\u00e9mo - We Love Cinema","og_description":"Tr\u00e8s actif au th\u00e9\u00e2tre, vu dans Voleurs de Chevaux ou El\u00e8ve Libre, Thomas Coumans semble bien parti pour faire carri\u00e8re en France, un pays qui l&rsquo;a adopt\u00e9. On l&rsquo;a r\u00e9cemment vu \u00e0 la t\u00e9l\u00e9vision dans Le Cerveau d&rsquo;Hugo o\u00f9 il \u00e9tait bluffant et au cin\u00e9ma dans Une Place sur terre aux c\u00f4t\u00e9s de Benoit Poelvoorde. &hellip;","og_url":"https:\/\/welovecinema.be\/fr\/tom-coumans-bande-demo\/","og_site_name":"We Love Cinema","article_publisher":"https:\/\/www.facebook.com\/welovecinema.be","article_published_time":"2013-11-26T12:20:40+00:00","article_modified_time":"2013-11-26T12:25:16+00:00","og_image":[{"width":635,"height":414,"url":"https:\/\/welovecinema.be\/wp-content\/uploads\/sites\/2\/2013\/11\/407180_10150501052052029_499345606_n.jpg","type":"image\/jpeg"}],"author":"Philippe.Pierquin","twitter_card":"summary_large_image","twitter_misc":{"\u00c9crit par":"Philippe.Pierquin","Dur\u00e9e de lecture estim\u00e9e":"1 minute"},"schema":{"@context":"https:\/\/schema.org","@graph":[{"@type":"Article","@id":"https:\/\/welovecinema.be\/fr\/tom-coumans-bande-demo\/#article","isPartOf":{"@id":"https:\/\/welovecinema.be\/fr\/tom-coumans-bande-demo\/"},"author":{"name":"Philippe.Pierquin","@id":"https:\/\/welovecinema.be\/nl\/#\/schema\/person\/4b9b1d857f0943453a38a7c2859ef756"},"headline":"Thomas Coumans : Bande-d\u00e9mo","datePublished":"2013-11-26T12:20:40+00:00","dateModified":"2013-11-26T12:25:16+00:00","mainEntityOfPage":{"@id":"https:\/\/welovecinema.be\/fr\/tom-coumans-bande-demo\/"},"wordCount":164,"publisher":{"@id":"https:\/\/welovecinema.be\/nl\/#organization"},"articleSection":["En bref"],"inLanguage":"fr-FR"},{"@type":"WebPage","@id":"https:\/\/welovecinema.be\/fr\/tom-coumans-bande-demo\/","url":"https:\/\/welovecinema.be\/fr\/tom-coumans-bande-demo\/","name":"Thomas Coumans : Bande-d\u00e9mo - We Love Cinema","isPartOf":{"@id":"https:\/\/welovecinema.be\/nl\/#website"},"datePublished":"2013-11-26T12:20:40+00:00","dateModified":"2013-11-26T12:25:16+00:00","breadcrumb":{"@id":"https:\/\/welovecinema.be\/fr\/tom-coumans-bande-demo\/#breadcrumb"},"inLanguage":"fr-FR","potentialAction":[{"@type":"ReadAction","target":["https:\/\/welovecinema.be\/fr\/tom-coumans-bande-demo\/"]}]},{"@type":"BreadcrumbList","@id":"https:\/\/welovecinema.be\/fr\/tom-coumans-bande-demo\/#breadcrumb","itemListElement":[{"@type":"ListItem","position":1,"name":"Accueil","item":"https:\/\/welovecinema.be\/fr\/"},{"@type":"ListItem","position":2,"name":"Thomas Coumans : Bande-d\u00e9mo"}]},{"@type":"WebSite","@id":"https:\/\/welovecinema.be\/nl\/#website","url":"https:\/\/welovecinema.be\/nl\/","name":"We Love Cinema","description":"Toute l\u2019information du cin\u00e9ma en Belgique","publisher":{"@id":"https:\/\/welovecinema.be\/nl\/#organization"},"potentialAction":[{"@type":"SearchAction","target":{"@type":"EntryPoint","urlTemplate":"https:\/\/welovecinema.be\/nl\/?s={search_term_string}"},"query-input":"required name=search_term_string"}],"inLanguage":"fr-FR"},{"@type":"Organization","@id":"https:\/\/welovecinema.be\/nl\/#organization","name":"We Love Cinema","url":"https:\/\/welovecinema.be\/nl\/","logo":{"@type":"ImageObject","inLanguage":"fr-FR","@id":"https:\/\/welovecinema.be\/nl\/#\/schema\/logo\/image\/","url":"https:\/\/welovecinema.be\/wp-content\/uploads\/sites\/2\/2023\/03\/Logo-We-Love-Cinema305x128.jpg","contentUrl":"https:\/\/welovecinema.be\/wp-content\/uploads\/sites\/2\/2023\/03\/Logo-We-Love-Cinema305x128.jpg","width":305,"height":128,"caption":"We Love Cinema"},"image":{"@id":"https:\/\/welovecinema.be\/nl\/#\/schema\/logo\/image\/"},"sameAs":["https:\/\/www.facebook.com\/welovecinema.be","https:\/\/www.youtube.com\/channel\/UCX5LYGVhnKvYauW4Nta4HJA","https:\/\/www.instagram.com\/welovecinema.be\/"]},{"@type":"Person","@id":"https:\/\/welovecinema.be\/nl\/#\/schema\/person\/4b9b1d857f0943453a38a7c2859ef756","name":"Philippe.Pierquin","url":"https:\/\/welovecinema.be\/fr\/author\/philippe-pierquin\/"}]}},"_links":{"self":[{"href":"https:\/\/welovecinema.be\/fr\/wp-json\/wp\/v2\/posts\/48449","targetHints":{"allow":["GET"]}}],"collection":[{"href":"https:\/\/welovecinema.be\/fr\/wp-json\/wp\/v2\/posts"}],"about":[{"href":"https:\/\/welovecinema.be\/fr\/wp-json\/wp\/v2\/types\/post"}],"author":[{"embeddable":true,"href":"https:\/\/welovecinema.be\/fr\/wp-json\/wp\/v2\/users\/7"}],"replies":[{"embeddable":true,"href":"https:\/\/welovecinema.be\/fr\/wp-json\/wp\/v2\/comments?post=48449"}],"version-history":[{"count":0,"href":"https:\/\/welovecinema.be\/fr\/wp-json\/wp\/v2\/posts\/48449\/revisions"}],"wp:featuredmedia":[{"embeddable":true,"href":"https:\/\/welovecinema.be\/fr\/wp-json\/wp\/v2\/media\/48451"}],"wp:attachment":[{"href":"https:\/\/welovecinema.be\/fr\/wp-json\/wp\/v2\/media?parent=48449"}],"wp:term":[{"taxonomy":"category","embeddable":true,"href":"https:\/\/welovecinema.be\/fr\/wp-json\/wp\/v2\/categories?post=48449"},{"taxonomy":"post_tag","embeddable":true,"href":"https:\/\/welovecinema.be\/fr\/wp-json\/wp\/v2\/tags?post=48449"}],"curies":[{"name":"wp","href":"https:\/\/api.w.org\/{rel}","templated":true}]}}