{"id":4829,"date":"2012-07-03T10:22:51","date_gmt":"2012-07-03T10:22:51","guid":{"rendered":"http:\/\/www.cinevox.be\/?p=4829"},"modified":"2013-04-24T12:37:45","modified_gmt":"2013-04-24T12:37:45","slug":"il-etait-une-fois-jean-luc-couchard-belgitude","status":"publish","type":"post","link":"https:\/\/welovecinema.be\/fr\/il-etait-une-fois-jean-luc-couchard-belgitude\/","title":{"rendered":"Il \u00e9tait une fois &#8211; Jean-Luc Couchard &#8211; Belgitude"},"content":{"rendered":"<p>Jean-Luc Couchard et Charlie Dupont \u00e9tait les garants du degr\u00e9 de Belgitude dans <em>Il \u00e9tait une fois une fois. <\/em>Non seulement, ils ont veill\u00e9 \u00e0 la coh\u00e9rence de la langue et des attitudes, mais ils ont aussi rajout\u00e9 une bonne dose de d\u00e9lire \u00ab\u00a0noir jaune rouge\u00a0\u00bb qui n&rsquo;est pas pour rien dans le charme du film.<\/p>\n<p>&nbsp;<\/p>\n<p><em>Il \u00e9tait une fois une fois<\/em> est sorti en DVD le 27 juin 2012<\/p>\n","protected":false},"excerpt":{"rendered":"<p>Jean-Luc Couchard et Charlie Dupont \u00e9tait les garants du degr\u00e9 de Belgitude dans Il \u00e9tait une fois une fois. Non seulement, ils ont veill\u00e9 \u00e0 la coh\u00e9rence de la langue et des attitudes, mais ils ont aussi rajout\u00e9 une bonne dose de d\u00e9lire \u00ab\u00a0noir jaune rouge\u00a0\u00bb qui n&rsquo;est pas pour rien dans le charme du &hellip;<\/p>\n","protected":false},"author":36,"featured_media":4830,"comment_status":"closed","ping_status":"closed","sticky":false,"template":"","format":"standard","meta":{"ngg_post_thumbnail":0,"footnotes":""},"categories":[1978],"tags":[],"class_list":["post-4829","post","type-post","status-publish","format-standard","has-post-thumbnail","","category-interviews"],"yoast_head":"<!-- This site is optimized with the Yoast SEO plugin v20.4 - https:\/\/yoast.com\/wordpress\/plugins\/seo\/ -->\n<title>Il \u00e9tait une fois - Jean-Luc Couchard - Belgitude - We Love Cinema<\/title>\n<meta name=\"robots\" content=\"index, follow, max-snippet:-1, max-image-preview:large, max-video-preview:-1\" \/>\n<link rel=\"canonical\" href=\"https:\/\/welovecinema.be\/fr\/il-etait-une-fois-jean-luc-couchard-belgitude\/\" \/>\n<meta property=\"og:locale\" content=\"fr_FR\" \/>\n<meta property=\"og:type\" content=\"article\" \/>\n<meta property=\"og:title\" content=\"Il \u00e9tait une fois - Jean-Luc Couchard - Belgitude - We Love Cinema\" \/>\n<meta property=\"og:description\" content=\"Jean-Luc Couchard et Charlie Dupont \u00e9tait les garants du degr\u00e9 de Belgitude dans Il \u00e9tait une fois une fois. Non seulement, ils ont veill\u00e9 \u00e0 la coh\u00e9rence de la langue et des attitudes, mais ils ont aussi rajout\u00e9 une bonne dose de d\u00e9lire \u00ab\u00a0noir jaune rouge\u00a0\u00bb qui n&rsquo;est pas pour rien dans le charme du &hellip;\" \/>\n<meta property=\"og:url\" content=\"https:\/\/welovecinema.be\/fr\/il-etait-une-fois-jean-luc-couchard-belgitude\/\" \/>\n<meta property=\"og:site_name\" content=\"We Love Cinema\" \/>\n<meta property=\"article:publisher\" content=\"https:\/\/www.facebook.com\/welovecinema.be\" \/>\n<meta property=\"article:published_time\" content=\"2012-07-03T10:22:51+00:00\" \/>\n<meta property=\"article:modified_time\" content=\"2013-04-24T12:37:45+00:00\" \/>\n<meta property=\"og:image\" content=\"https:\/\/welovecinema.be\/wp-content\/uploads\/sites\/2\/2011\/07\/couchard-belgitude.jpg\" \/>\n\t<meta property=\"og:image:width\" content=\"641\" \/>\n\t<meta property=\"og:image:height\" content=\"361\" \/>\n\t<meta property=\"og:image:type\" content=\"image\/jpeg\" \/>\n<meta name=\"author\" content=\"Laurent\" \/>\n<meta name=\"twitter:card\" content=\"summary_large_image\" \/>\n<meta name=\"twitter:label1\" content=\"\u00c9crit par\" \/>\n\t<meta name=\"twitter:data1\" content=\"Laurent\" \/>\n<script type=\"application\/ld+json\" class=\"yoast-schema-graph\">{\"@context\":\"https:\/\/schema.org\",\"@graph\":[{\"@type\":\"Article\",\"@id\":\"https:\/\/welovecinema.be\/fr\/il-etait-une-fois-jean-luc-couchard-belgitude\/#article\",\"isPartOf\":{\"@id\":\"https:\/\/welovecinema.be\/fr\/il-etait-une-fois-jean-luc-couchard-belgitude\/\"},\"author\":{\"name\":\"Laurent\",\"@id\":\"https:\/\/welovecinema.be\/nl\/#\/schema\/person\/a07110839d59a016cbd2294e2aca8352\"},\"headline\":\"Il \u00e9tait une fois &#8211; Jean-Luc Couchard &#8211; Belgitude\",\"datePublished\":\"2012-07-03T10:22:51+00:00\",\"dateModified\":\"2013-04-24T12:37:45+00:00\",\"mainEntityOfPage\":{\"@id\":\"https:\/\/welovecinema.be\/fr\/il-etait-une-fois-jean-luc-couchard-belgitude\/\"},\"wordCount\":80,\"publisher\":{\"@id\":\"https:\/\/welovecinema.be\/nl\/#organization\"},\"articleSection\":[\"Rencontres\"],\"inLanguage\":\"fr-FR\"},{\"@type\":\"WebPage\",\"@id\":\"https:\/\/welovecinema.be\/fr\/il-etait-une-fois-jean-luc-couchard-belgitude\/\",\"url\":\"https:\/\/welovecinema.be\/fr\/il-etait-une-fois-jean-luc-couchard-belgitude\/\",\"name\":\"Il \u00e9tait une fois - Jean-Luc Couchard - Belgitude - We Love Cinema\",\"isPartOf\":{\"@id\":\"https:\/\/welovecinema.be\/nl\/#website\"},\"datePublished\":\"2012-07-03T10:22:51+00:00\",\"dateModified\":\"2013-04-24T12:37:45+00:00\",\"breadcrumb\":{\"@id\":\"https:\/\/welovecinema.be\/fr\/il-etait-une-fois-jean-luc-couchard-belgitude\/#breadcrumb\"},\"inLanguage\":\"fr-FR\",\"potentialAction\":[{\"@type\":\"ReadAction\",\"target\":[\"https:\/\/welovecinema.be\/fr\/il-etait-une-fois-jean-luc-couchard-belgitude\/\"]}]},{\"@type\":\"BreadcrumbList\",\"@id\":\"https:\/\/welovecinema.be\/fr\/il-etait-une-fois-jean-luc-couchard-belgitude\/#breadcrumb\",\"itemListElement\":[{\"@type\":\"ListItem\",\"position\":1,\"name\":\"Accueil\",\"item\":\"https:\/\/welovecinema.be\/fr\/\"},{\"@type\":\"ListItem\",\"position\":2,\"name\":\"Il \u00e9tait une fois &#8211; Jean-Luc Couchard &#8211; Belgitude\"}]},{\"@type\":\"WebSite\",\"@id\":\"https:\/\/welovecinema.be\/nl\/#website\",\"url\":\"https:\/\/welovecinema.be\/nl\/\",\"name\":\"We Love Cinema\",\"description\":\"Toute l\u2019information du cin\u00e9ma en Belgique\",\"publisher\":{\"@id\":\"https:\/\/welovecinema.be\/nl\/#organization\"},\"potentialAction\":[{\"@type\":\"SearchAction\",\"target\":{\"@type\":\"EntryPoint\",\"urlTemplate\":\"https:\/\/welovecinema.be\/nl\/?s={search_term_string}\"},\"query-input\":\"required name=search_term_string\"}],\"inLanguage\":\"fr-FR\"},{\"@type\":\"Organization\",\"@id\":\"https:\/\/welovecinema.be\/nl\/#organization\",\"name\":\"We Love Cinema\",\"url\":\"https:\/\/welovecinema.be\/nl\/\",\"logo\":{\"@type\":\"ImageObject\",\"inLanguage\":\"fr-FR\",\"@id\":\"https:\/\/welovecinema.be\/nl\/#\/schema\/logo\/image\/\",\"url\":\"https:\/\/welovecinema.be\/wp-content\/uploads\/sites\/2\/2023\/03\/Logo-We-Love-Cinema305x128.jpg\",\"contentUrl\":\"https:\/\/welovecinema.be\/wp-content\/uploads\/sites\/2\/2023\/03\/Logo-We-Love-Cinema305x128.jpg\",\"width\":305,\"height\":128,\"caption\":\"We Love Cinema\"},\"image\":{\"@id\":\"https:\/\/welovecinema.be\/nl\/#\/schema\/logo\/image\/\"},\"sameAs\":[\"https:\/\/www.facebook.com\/welovecinema.be\",\"https:\/\/www.youtube.com\/channel\/UCX5LYGVhnKvYauW4Nta4HJA\",\"https:\/\/www.instagram.com\/welovecinema.be\/\"]},{\"@type\":\"Person\",\"@id\":\"https:\/\/welovecinema.be\/nl\/#\/schema\/person\/a07110839d59a016cbd2294e2aca8352\",\"name\":\"Laurent\",\"sameAs\":[\"http:\/\/www.facebook.com\/laurent.jans\"],\"url\":\"https:\/\/welovecinema.be\/fr\/author\/laurent-jans\/\"}]}<\/script>\n<!-- \/ Yoast SEO plugin. -->","yoast_head_json":{"title":"Il \u00e9tait une fois - Jean-Luc Couchard - Belgitude - We Love Cinema","robots":{"index":"index","follow":"follow","max-snippet":"max-snippet:-1","max-image-preview":"max-image-preview:large","max-video-preview":"max-video-preview:-1"},"canonical":"https:\/\/welovecinema.be\/fr\/il-etait-une-fois-jean-luc-couchard-belgitude\/","og_locale":"fr_FR","og_type":"article","og_title":"Il \u00e9tait une fois - Jean-Luc Couchard - Belgitude - We Love Cinema","og_description":"Jean-Luc Couchard et Charlie Dupont \u00e9tait les garants du degr\u00e9 de Belgitude dans Il \u00e9tait une fois une fois. Non seulement, ils ont veill\u00e9 \u00e0 la coh\u00e9rence de la langue et des attitudes, mais ils ont aussi rajout\u00e9 une bonne dose de d\u00e9lire \u00ab\u00a0noir jaune rouge\u00a0\u00bb qui n&rsquo;est pas pour rien dans le charme du &hellip;","og_url":"https:\/\/welovecinema.be\/fr\/il-etait-une-fois-jean-luc-couchard-belgitude\/","og_site_name":"We Love Cinema","article_publisher":"https:\/\/www.facebook.com\/welovecinema.be","article_published_time":"2012-07-03T10:22:51+00:00","article_modified_time":"2013-04-24T12:37:45+00:00","og_image":[{"width":"641","height":"361","url":"https:\/\/welovecinema.be\/wp-content\/uploads\/sites\/2\/2011\/07\/couchard-belgitude.jpg","type":"image\/jpeg"}],"author":"Laurent","twitter_card":"summary_large_image","twitter_misc":{"\u00c9crit par":"Laurent"},"schema":{"@context":"https:\/\/schema.org","@graph":[{"@type":"Article","@id":"https:\/\/welovecinema.be\/fr\/il-etait-une-fois-jean-luc-couchard-belgitude\/#article","isPartOf":{"@id":"https:\/\/welovecinema.be\/fr\/il-etait-une-fois-jean-luc-couchard-belgitude\/"},"author":{"name":"Laurent","@id":"https:\/\/welovecinema.be\/nl\/#\/schema\/person\/a07110839d59a016cbd2294e2aca8352"},"headline":"Il \u00e9tait une fois &#8211; Jean-Luc Couchard &#8211; Belgitude","datePublished":"2012-07-03T10:22:51+00:00","dateModified":"2013-04-24T12:37:45+00:00","mainEntityOfPage":{"@id":"https:\/\/welovecinema.be\/fr\/il-etait-une-fois-jean-luc-couchard-belgitude\/"},"wordCount":80,"publisher":{"@id":"https:\/\/welovecinema.be\/nl\/#organization"},"articleSection":["Rencontres"],"inLanguage":"fr-FR"},{"@type":"WebPage","@id":"https:\/\/welovecinema.be\/fr\/il-etait-une-fois-jean-luc-couchard-belgitude\/","url":"https:\/\/welovecinema.be\/fr\/il-etait-une-fois-jean-luc-couchard-belgitude\/","name":"Il \u00e9tait une fois - Jean-Luc Couchard - Belgitude - We Love Cinema","isPartOf":{"@id":"https:\/\/welovecinema.be\/nl\/#website"},"datePublished":"2012-07-03T10:22:51+00:00","dateModified":"2013-04-24T12:37:45+00:00","breadcrumb":{"@id":"https:\/\/welovecinema.be\/fr\/il-etait-une-fois-jean-luc-couchard-belgitude\/#breadcrumb"},"inLanguage":"fr-FR","potentialAction":[{"@type":"ReadAction","target":["https:\/\/welovecinema.be\/fr\/il-etait-une-fois-jean-luc-couchard-belgitude\/"]}]},{"@type":"BreadcrumbList","@id":"https:\/\/welovecinema.be\/fr\/il-etait-une-fois-jean-luc-couchard-belgitude\/#breadcrumb","itemListElement":[{"@type":"ListItem","position":1,"name":"Accueil","item":"https:\/\/welovecinema.be\/fr\/"},{"@type":"ListItem","position":2,"name":"Il \u00e9tait une fois &#8211; Jean-Luc Couchard &#8211; Belgitude"}]},{"@type":"WebSite","@id":"https:\/\/welovecinema.be\/nl\/#website","url":"https:\/\/welovecinema.be\/nl\/","name":"We Love Cinema","description":"Toute l\u2019information du cin\u00e9ma en Belgique","publisher":{"@id":"https:\/\/welovecinema.be\/nl\/#organization"},"potentialAction":[{"@type":"SearchAction","target":{"@type":"EntryPoint","urlTemplate":"https:\/\/welovecinema.be\/nl\/?s={search_term_string}"},"query-input":"required name=search_term_string"}],"inLanguage":"fr-FR"},{"@type":"Organization","@id":"https:\/\/welovecinema.be\/nl\/#organization","name":"We Love Cinema","url":"https:\/\/welovecinema.be\/nl\/","logo":{"@type":"ImageObject","inLanguage":"fr-FR","@id":"https:\/\/welovecinema.be\/nl\/#\/schema\/logo\/image\/","url":"https:\/\/welovecinema.be\/wp-content\/uploads\/sites\/2\/2023\/03\/Logo-We-Love-Cinema305x128.jpg","contentUrl":"https:\/\/welovecinema.be\/wp-content\/uploads\/sites\/2\/2023\/03\/Logo-We-Love-Cinema305x128.jpg","width":305,"height":128,"caption":"We Love Cinema"},"image":{"@id":"https:\/\/welovecinema.be\/nl\/#\/schema\/logo\/image\/"},"sameAs":["https:\/\/www.facebook.com\/welovecinema.be","https:\/\/www.youtube.com\/channel\/UCX5LYGVhnKvYauW4Nta4HJA","https:\/\/www.instagram.com\/welovecinema.be\/"]},{"@type":"Person","@id":"https:\/\/welovecinema.be\/nl\/#\/schema\/person\/a07110839d59a016cbd2294e2aca8352","name":"Laurent","sameAs":["http:\/\/www.facebook.com\/laurent.jans"],"url":"https:\/\/welovecinema.be\/fr\/author\/laurent-jans\/"}]}},"_links":{"self":[{"href":"https:\/\/welovecinema.be\/fr\/wp-json\/wp\/v2\/posts\/4829","targetHints":{"allow":["GET"]}}],"collection":[{"href":"https:\/\/welovecinema.be\/fr\/wp-json\/wp\/v2\/posts"}],"about":[{"href":"https:\/\/welovecinema.be\/fr\/wp-json\/wp\/v2\/types\/post"}],"author":[{"embeddable":true,"href":"https:\/\/welovecinema.be\/fr\/wp-json\/wp\/v2\/users\/36"}],"replies":[{"embeddable":true,"href":"https:\/\/welovecinema.be\/fr\/wp-json\/wp\/v2\/comments?post=4829"}],"version-history":[{"count":0,"href":"https:\/\/welovecinema.be\/fr\/wp-json\/wp\/v2\/posts\/4829\/revisions"}],"wp:featuredmedia":[{"embeddable":true,"href":"https:\/\/welovecinema.be\/fr\/wp-json\/wp\/v2\/media\/4830"}],"wp:attachment":[{"href":"https:\/\/welovecinema.be\/fr\/wp-json\/wp\/v2\/media?parent=4829"}],"wp:term":[{"taxonomy":"category","embeddable":true,"href":"https:\/\/welovecinema.be\/fr\/wp-json\/wp\/v2\/categories?post=4829"},{"taxonomy":"post_tag","embeddable":true,"href":"https:\/\/welovecinema.be\/fr\/wp-json\/wp\/v2\/tags?post=4829"}],"curies":[{"name":"wp","href":"https:\/\/api.w.org\/{rel}","templated":true}]}}