{"id":47925,"date":"2013-11-08T11:22:03","date_gmt":"2013-11-08T10:22:03","guid":{"rendered":"http:\/\/www.cinevox.be\/?p=47925"},"modified":"2013-11-08T23:01:43","modified_gmt":"2013-11-08T22:01:43","slug":"cinevox-happening-marche-souleve-les-foules","status":"publish","type":"post","link":"https:\/\/welovecinema.be\/fr\/cinevox-happening-marche-souleve-les-foules\/","title":{"rendered":"Cinevox Happening : Une Marche qui soul\u00e8ve les foules"},"content":{"rendered":"<p>On parle souvent de chambouler la chronologie des m\u00e9dias, de r\u00e9duire la dur\u00e9e entre la sortie d\u2019un film en salle et sa parution DVD. Les arguments, essentiellement \u00e9conomiques, d\u00e9velopp\u00e9s par les partisans de cette th\u00e8se sont justes et respectables\u2026 mais on ne nous enl\u00e8vera pas notre id\u00e9e fixe : la meilleure fa\u00e7on de savourer un film restera toujours une projection sur tr\u00e8s grand \u00e9cran avec un son pur et pr\u00e9cis dans une salle de cin\u00e9ma confortable remplie d\u2019un public attentif et impliqu\u00e9.Le Cinevox Happening que nous avons v\u00e9cu hier au Kinepolis, gr\u00e2ce au soutien de Belga Films et d&rsquo;Entre Chien et Loup, l\u2019a prouv\u00e9 une nouvelle fois avec une force incroyable.<\/p>\n<p>&nbsp;<\/p>\n<p style=\"text-align: right;\"><em>[Photos \u00a9 AP\/Cinevox 2013]<\/em><\/p>\n<p><!--more--><\/p>\n<p>&nbsp;<\/p>\n<p>&nbsp;<\/p>\n<p><i>La Marche<\/i> est un formidable film, nous l\u2019avons d\u00e9j\u00e0 dit; un film au propos capital, mais aussi une \u0153uvre de cin\u00e9ma remarquable : de l\u2019\u00e9criture \u00e0 la direction d\u2019acteurssssssssss (10 s pour les 10 com\u00e9diens principaux), de la bande originale au montage (quelle d\u00e9monstration de Damien Keyeux!), du travail sur le son \u00e0 la direction photo, tout est soign\u00e9 aux petits oignons avec une petite touche suppl\u00e9mentaire de savoir-faire qu\u2019on pourrait qualifier de g\u00e9nie.<\/p>\n<p>&nbsp;<\/p>\n<p><a href=\"http:\/\/www.cinevox.be\/cinevox-happening-marche-souleve-les-foules\/copie-de-2013-11-07-21-57-13\/\" rel=\"attachment wp-att-47926\"><img loading=\"lazy\" decoding=\"async\" class=\"aligncenter size-large wp-image-47926\" alt=\"\" src=\"http:\/\/www.cinevox.be\/wp-content\/uploads\/sites\/2\/2013\/11\/Copie-de-2013-11-07-21.57.13-800x600.jpg\" width=\"640\" height=\"480\" srcset=\"https:\/\/welovecinema.be\/wp-content\/uploads\/sites\/2\/2013\/11\/Copie-de-2013-11-07-21.57.13-800x600.jpg 800w, https:\/\/welovecinema.be\/wp-content\/uploads\/sites\/2\/2013\/11\/Copie-de-2013-11-07-21.57.13-360x270.jpg 360w, https:\/\/welovecinema.be\/wp-content\/uploads\/sites\/2\/2013\/11\/Copie-de-2013-11-07-21.57.13-300x225.jpg 300w, https:\/\/welovecinema.be\/wp-content\/uploads\/sites\/2\/2013\/11\/Copie-de-2013-11-07-21.57.13.jpg 1024w\" sizes=\"auto, (max-width: 640px) 100vw, 640px\" \/><\/a><\/p>\n<p>&nbsp;<\/p>\n<p>Ce deuxi\u00e8me long m\u00e9trage de Nabil Ben Yadir a surtout \u00e9t\u00e9 pens\u00e9 pour le public qu\u2019il m\u00e8ne par le bout du nez, alternant les sentiments, les sensations, les \u00e9motions comme autant de montagnes russes d\u00e9routantes. Impossible de s\u2019en d\u00e9tacher une minute pendant les deux heures de projection. Les spectateurs sont sur les rails et r\u00e9agissent \u00e0 toutes les intentions. Ils rient beaucoup aussi, car m\u00eame si le sujet est grave, Nabil et ses cosc\u00e9naristes n\u2019ont pas oubli\u00e9 d\u2019y injecter une bonne dose d\u2019humour. Et \u00e7a fait du bien.<\/p>\n<p>&nbsp;<\/p>\n<p><a href=\"http:\/\/www.cinevox.be\/cinevox-happening-marche-souleve-les-foules\/img_9193-2\/\" rel=\"attachment wp-att-47941\"><img loading=\"lazy\" decoding=\"async\" class=\"aligncenter size-full wp-image-47941\" alt=\"\" src=\"http:\/\/www.cinevox.be\/wp-content\/uploads\/sites\/2\/2013\/11\/IMG_91931.jpg\" width=\"4929\" height=\"3056\" srcset=\"https:\/\/welovecinema.be\/wp-content\/uploads\/sites\/2\/2013\/11\/IMG_91931.jpg 4929w, https:\/\/welovecinema.be\/wp-content\/uploads\/sites\/2\/2013\/11\/IMG_91931-435x270.jpg 435w, https:\/\/welovecinema.be\/wp-content\/uploads\/sites\/2\/2013\/11\/IMG_91931-800x496.jpg 800w\" sizes=\"auto, (max-width: 4929px) 100vw, 4929px\" \/><\/a><\/p>\n<p>&nbsp;<\/p>\n<p>Non, il n\u2019y a rien de mieux pour d\u00e9couvrir un film que ce genre de soir\u00e9e et rien de plus \u00e9mouvant au cin\u00e9ma que de voir le public se lever comme un seul homme (terme global: il y avait beaucoup de femmes dans la salle) sur le g\u00e9n\u00e9rique final pour applaudir tr\u00e8s longuement ,chaleureusement, les acteurs et le r\u00e9alisateur revenus les saluer.<\/p>\n<p>&nbsp;<\/p>\n<p>C\u2019est dans ces moments-l\u00e0 que le cin\u00e9ma est le plus renversant.<\/p>\n<p>&nbsp;<\/p>\n<p><a href=\"http:\/\/www.cinevox.be\/cinevox-happening-marche-souleve-les-foules\/img_9190-2\/\" rel=\"attachment wp-att-47942\"><img loading=\"lazy\" decoding=\"async\" class=\"aligncenter size-full wp-image-47942\" alt=\"\" src=\"http:\/\/www.cinevox.be\/wp-content\/uploads\/sites\/2\/2013\/11\/IMG_91901.jpg\" width=\"3414\" height=\"1809\" srcset=\"https:\/\/welovecinema.be\/wp-content\/uploads\/sites\/2\/2013\/11\/IMG_91901.jpg 3414w, https:\/\/welovecinema.be\/wp-content\/uploads\/sites\/2\/2013\/11\/IMG_91901-480x254.jpg 480w, https:\/\/welovecinema.be\/wp-content\/uploads\/sites\/2\/2013\/11\/IMG_91901-800x423.jpg 800w\" sizes=\"auto, (max-width: 3414px) 100vw, 3414px\" \/><\/a><\/p>\n<p>&nbsp;<\/p>\n<p>Et c\u2019est un de ces instants magiques que nous avons v\u00e9cu hier avec les 450 spectateurs de ce Cinevox Happening qui ont r\u00e9serv\u00e9 un triomphe \u00e0 Nabil Ben Yadir, Tewfik Jallab, Nader Boussandel, Hafsia Herzi, M\u2019Barek Belkouk et Jamel Debbouze. Le jeu des questions-r\u00e9ponses passionn\u00e9 qui a suivi a encore ajout\u00e9 au plaisir avec un incroyable moment n\u00e9 de l\u2019intervention d\u2019un jeune spectateur. Le genre d&rsquo;\u00e9motion inracontable qu\u2019il faut d\u00e9couvrir en direct. Qui vous chavire totalement.<\/p>\n<p>&nbsp;<\/p>\n<p><a href=\"http:\/\/www.cinevox.be\/cinevox-happening-marche-souleve-les-foules\/img_9253b\/\" rel=\"attachment wp-att-47948\"><img loading=\"lazy\" decoding=\"async\" class=\"aligncenter size-full wp-image-47948\" alt=\"\" src=\"http:\/\/www.cinevox.be\/wp-content\/uploads\/sites\/2\/2013\/11\/IMG_9253b.jpg\" width=\"3970\" height=\"1998\" srcset=\"https:\/\/welovecinema.be\/wp-content\/uploads\/sites\/2\/2013\/11\/IMG_9253b.jpg 3970w, https:\/\/welovecinema.be\/wp-content\/uploads\/sites\/2\/2013\/11\/IMG_9253b-480x241.jpg 480w, https:\/\/welovecinema.be\/wp-content\/uploads\/sites\/2\/2013\/11\/IMG_9253b-800x402.jpg 800w\" sizes=\"auto, (max-width: 3970px) 100vw, 3970px\" \/><\/a><\/p>\n<p>&nbsp;<\/p>\n<p>Nous vous proposerons tout \u00e0 l\u2019heure un aper\u00e7u de la soir\u00e9e en vid\u00e9o avec des interviews et les faits majeurs de ce Cinevox Happening, de l\u2019accueil des com\u00e9diens fa\u00e7on Beatles (hallucinant) au cocktail vraiment convivial o\u00f9 les invit\u00e9s de Cinevox ont crois\u00e9 les acteurs du film, mais aussi des personnalit\u00e9s du cin\u00e9ma belge comme Jaco van Dormael, Kadija Leclere, Stephan Streker, Isabelle de Hertogh, David Murgia, Romain David ou la rayonnante Pauline Brisy (entre autres).<\/p>\n<p>&nbsp;<\/p>\n<p><a href=\"http:\/\/www.cinevox.be\/cinevox-happening-marche-souleve-les-foules\/img_9392\/\" rel=\"attachment wp-att-47931\"><img loading=\"lazy\" decoding=\"async\" class=\"aligncenter size-large wp-image-47931\" alt=\"\" src=\"http:\/\/www.cinevox.be\/wp-content\/uploads\/sites\/2\/2013\/11\/IMG_9392-800x591.jpg\" width=\"640\" height=\"472\" srcset=\"https:\/\/welovecinema.be\/wp-content\/uploads\/sites\/2\/2013\/11\/IMG_9392-800x591.jpg 800w, https:\/\/welovecinema.be\/wp-content\/uploads\/sites\/2\/2013\/11\/IMG_9392-365x270.jpg 365w\" sizes=\"auto, (max-width: 640px) 100vw, 640px\" \/><\/a><\/p>\n<p>&nbsp;<\/p>\n<p><a href=\"http:\/\/www.cinevox.be\/cinevox-happening-marche-souleve-les-foules\/img_9370\/\" rel=\"attachment wp-att-47932\"><img loading=\"lazy\" decoding=\"async\" class=\"aligncenter size-large wp-image-47932\" alt=\"\" src=\"http:\/\/www.cinevox.be\/wp-content\/uploads\/sites\/2\/2013\/11\/IMG_9370-800x524.jpg\" width=\"640\" height=\"419\" srcset=\"https:\/\/welovecinema.be\/wp-content\/uploads\/sites\/2\/2013\/11\/IMG_9370-800x524.jpg 800w, https:\/\/welovecinema.be\/wp-content\/uploads\/sites\/2\/2013\/11\/IMG_9370-411x270.jpg 411w\" sizes=\"auto, (max-width: 640px) 100vw, 640px\" \/><\/a><br \/>\nEt quoi qu\u2019il en soit notez d\u00e9j\u00e0 que <i>La Marche<\/i> sort le 27 novembre et que c\u2019est tr\u00e8s probablement (avec <i>Marina<\/i>) le film \u00e0 voir en priorit\u00e9 en cette fin d\u2019ann\u00e9e.<\/p>\n<p>\u00c0 voir et \u00e0 revoir\u2026, car cette exp\u00e9rience est encore plus forte la deuxi\u00e8me fois.<\/p>\n<p>&nbsp;<\/p>\n<p>Voici d\u2019ailleurs quelques r\u00e9actions de spectateurs recueillies sur notre page Facebook ce matin:<\/p>\n<p>&nbsp;<\/p>\n<p><a href=\"http:\/\/www.cinevox.be\/cinevox-happening-marche-souleve-les-foules\/2013-11-08_22h59_03\/\" rel=\"attachment wp-att-47958\"><img loading=\"lazy\" decoding=\"async\" class=\"alignright size-full wp-image-47958\" alt=\"\" src=\"http:\/\/www.cinevox.be\/wp-content\/uploads\/sites\/2\/2013\/11\/2013-11-08_22h59_03.jpg\" width=\"914\" height=\"1807\" srcset=\"https:\/\/welovecinema.be\/wp-content\/uploads\/sites\/2\/2013\/11\/2013-11-08_22h59_03.jpg 914w, https:\/\/welovecinema.be\/wp-content\/uploads\/sites\/2\/2013\/11\/2013-11-08_22h59_03-136x270.jpg 136w, https:\/\/welovecinema.be\/wp-content\/uploads\/sites\/2\/2013\/11\/2013-11-08_22h59_03-303x600.jpg 303w\" sizes=\"auto, (max-width: 914px) 100vw, 914px\" \/><\/a><\/p>\n","protected":false},"excerpt":{"rendered":"<p>On parle souvent de chambouler la chronologie des m\u00e9dias, de r\u00e9duire la dur\u00e9e entre la sortie d\u2019un film en salle et sa parution DVD. Les arguments, essentiellement \u00e9conomiques, d\u00e9velopp\u00e9s par les partisans de cette th\u00e8se sont justes et respectables\u2026 mais on ne nous enl\u00e8vera pas notre id\u00e9e fixe : la meilleure fa\u00e7on de savourer un &hellip;<\/p>\n","protected":false},"author":7,"featured_media":47935,"comment_status":"closed","ping_status":"closed","sticky":false,"template":"","format":"standard","meta":{"ngg_post_thumbnail":0,"footnotes":""},"categories":[1923],"tags":[],"class_list":["post-47925","post","type-post","status-publish","format-standard","has-post-thumbnail","","category-en-bref"],"yoast_head":"<!-- This site is optimized with the Yoast SEO plugin v20.4 - https:\/\/yoast.com\/wordpress\/plugins\/seo\/ -->\n<title>Cinevox Happening : Une Marche qui soul\u00e8ve les foules - We Love Cinema<\/title>\n<meta name=\"robots\" content=\"index, follow, max-snippet:-1, max-image-preview:large, max-video-preview:-1\" \/>\n<link rel=\"canonical\" href=\"https:\/\/welovecinema.be\/fr\/cinevox-happening-marche-souleve-les-foules\/\" \/>\n<meta property=\"og:locale\" content=\"fr_FR\" \/>\n<meta property=\"og:type\" content=\"article\" \/>\n<meta property=\"og:title\" content=\"Cinevox Happening : Une Marche qui soul\u00e8ve les foules - We Love Cinema\" \/>\n<meta property=\"og:description\" content=\"On parle souvent de chambouler la chronologie des m\u00e9dias, de r\u00e9duire la dur\u00e9e entre la sortie d\u2019un film en salle et sa parution DVD. Les arguments, essentiellement \u00e9conomiques, d\u00e9velopp\u00e9s par les partisans de cette th\u00e8se sont justes et respectables\u2026 mais on ne nous enl\u00e8vera pas notre id\u00e9e fixe : la meilleure fa\u00e7on de savourer un &hellip;\" \/>\n<meta property=\"og:url\" content=\"https:\/\/welovecinema.be\/fr\/cinevox-happening-marche-souleve-les-foules\/\" \/>\n<meta property=\"og:site_name\" content=\"We Love Cinema\" \/>\n<meta property=\"article:publisher\" content=\"https:\/\/www.facebook.com\/welovecinema.be\" \/>\n<meta property=\"article:published_time\" content=\"2013-11-08T10:22:03+00:00\" \/>\n<meta property=\"article:modified_time\" content=\"2013-11-08T22:01:43+00:00\" \/>\n<meta property=\"og:image\" content=\"https:\/\/welovecinema.be\/wp-content\/uploads\/sites\/2\/2013\/11\/2013-11-07-18.44.17-800x600.jpg\" \/>\n\t<meta property=\"og:image:width\" content=\"800\" \/>\n\t<meta property=\"og:image:height\" content=\"600\" \/>\n\t<meta property=\"og:image:type\" content=\"image\/jpeg\" \/>\n<meta name=\"author\" content=\"Philippe.Pierquin\" \/>\n<meta name=\"twitter:card\" content=\"summary_large_image\" \/>\n<meta name=\"twitter:label1\" content=\"\u00c9crit par\" \/>\n\t<meta name=\"twitter:data1\" content=\"Philippe.Pierquin\" \/>\n\t<meta name=\"twitter:label2\" content=\"Dur\u00e9e de lecture estim\u00e9e\" \/>\n\t<meta name=\"twitter:data2\" content=\"3 minutes\" \/>\n<script type=\"application\/ld+json\" class=\"yoast-schema-graph\">{\"@context\":\"https:\/\/schema.org\",\"@graph\":[{\"@type\":\"Article\",\"@id\":\"https:\/\/welovecinema.be\/fr\/cinevox-happening-marche-souleve-les-foules\/#article\",\"isPartOf\":{\"@id\":\"https:\/\/welovecinema.be\/fr\/cinevox-happening-marche-souleve-les-foules\/\"},\"author\":{\"name\":\"Philippe.Pierquin\",\"@id\":\"https:\/\/welovecinema.be\/nl\/#\/schema\/person\/4b9b1d857f0943453a38a7c2859ef756\"},\"headline\":\"Cinevox Happening : Une Marche qui soul\u00e8ve les foules\",\"datePublished\":\"2013-11-08T10:22:03+00:00\",\"dateModified\":\"2013-11-08T22:01:43+00:00\",\"mainEntityOfPage\":{\"@id\":\"https:\/\/welovecinema.be\/fr\/cinevox-happening-marche-souleve-les-foules\/\"},\"wordCount\":652,\"publisher\":{\"@id\":\"https:\/\/welovecinema.be\/nl\/#organization\"},\"articleSection\":[\"En bref\"],\"inLanguage\":\"fr-FR\"},{\"@type\":\"WebPage\",\"@id\":\"https:\/\/welovecinema.be\/fr\/cinevox-happening-marche-souleve-les-foules\/\",\"url\":\"https:\/\/welovecinema.be\/fr\/cinevox-happening-marche-souleve-les-foules\/\",\"name\":\"Cinevox Happening : Une Marche qui soul\u00e8ve les foules - We Love Cinema\",\"isPartOf\":{\"@id\":\"https:\/\/welovecinema.be\/nl\/#website\"},\"datePublished\":\"2013-11-08T10:22:03+00:00\",\"dateModified\":\"2013-11-08T22:01:43+00:00\",\"breadcrumb\":{\"@id\":\"https:\/\/welovecinema.be\/fr\/cinevox-happening-marche-souleve-les-foules\/#breadcrumb\"},\"inLanguage\":\"fr-FR\",\"potentialAction\":[{\"@type\":\"ReadAction\",\"target\":[\"https:\/\/welovecinema.be\/fr\/cinevox-happening-marche-souleve-les-foules\/\"]}]},{\"@type\":\"BreadcrumbList\",\"@id\":\"https:\/\/welovecinema.be\/fr\/cinevox-happening-marche-souleve-les-foules\/#breadcrumb\",\"itemListElement\":[{\"@type\":\"ListItem\",\"position\":1,\"name\":\"Accueil\",\"item\":\"https:\/\/welovecinema.be\/fr\/\"},{\"@type\":\"ListItem\",\"position\":2,\"name\":\"Cinevox Happening : Une Marche qui soul\u00e8ve les foules\"}]},{\"@type\":\"WebSite\",\"@id\":\"https:\/\/welovecinema.be\/nl\/#website\",\"url\":\"https:\/\/welovecinema.be\/nl\/\",\"name\":\"We Love Cinema\",\"description\":\"Toute l\u2019information du cin\u00e9ma en Belgique\",\"publisher\":{\"@id\":\"https:\/\/welovecinema.be\/nl\/#organization\"},\"potentialAction\":[{\"@type\":\"SearchAction\",\"target\":{\"@type\":\"EntryPoint\",\"urlTemplate\":\"https:\/\/welovecinema.be\/nl\/?s={search_term_string}\"},\"query-input\":\"required name=search_term_string\"}],\"inLanguage\":\"fr-FR\"},{\"@type\":\"Organization\",\"@id\":\"https:\/\/welovecinema.be\/nl\/#organization\",\"name\":\"We Love Cinema\",\"url\":\"https:\/\/welovecinema.be\/nl\/\",\"logo\":{\"@type\":\"ImageObject\",\"inLanguage\":\"fr-FR\",\"@id\":\"https:\/\/welovecinema.be\/nl\/#\/schema\/logo\/image\/\",\"url\":\"https:\/\/welovecinema.be\/wp-content\/uploads\/sites\/2\/2023\/03\/Logo-We-Love-Cinema305x128.jpg\",\"contentUrl\":\"https:\/\/welovecinema.be\/wp-content\/uploads\/sites\/2\/2023\/03\/Logo-We-Love-Cinema305x128.jpg\",\"width\":305,\"height\":128,\"caption\":\"We Love Cinema\"},\"image\":{\"@id\":\"https:\/\/welovecinema.be\/nl\/#\/schema\/logo\/image\/\"},\"sameAs\":[\"https:\/\/www.facebook.com\/welovecinema.be\",\"https:\/\/www.youtube.com\/channel\/UCX5LYGVhnKvYauW4Nta4HJA\",\"https:\/\/www.instagram.com\/welovecinema.be\/\"]},{\"@type\":\"Person\",\"@id\":\"https:\/\/welovecinema.be\/nl\/#\/schema\/person\/4b9b1d857f0943453a38a7c2859ef756\",\"name\":\"Philippe.Pierquin\",\"url\":\"https:\/\/welovecinema.be\/fr\/author\/philippe-pierquin\/\"}]}<\/script>\n<!-- \/ Yoast SEO plugin. -->","yoast_head_json":{"title":"Cinevox Happening : Une Marche qui soul\u00e8ve les foules - We Love Cinema","robots":{"index":"index","follow":"follow","max-snippet":"max-snippet:-1","max-image-preview":"max-image-preview:large","max-video-preview":"max-video-preview:-1"},"canonical":"https:\/\/welovecinema.be\/fr\/cinevox-happening-marche-souleve-les-foules\/","og_locale":"fr_FR","og_type":"article","og_title":"Cinevox Happening : Une Marche qui soul\u00e8ve les foules - We Love Cinema","og_description":"On parle souvent de chambouler la chronologie des m\u00e9dias, de r\u00e9duire la dur\u00e9e entre la sortie d\u2019un film en salle et sa parution DVD. Les arguments, essentiellement \u00e9conomiques, d\u00e9velopp\u00e9s par les partisans de cette th\u00e8se sont justes et respectables\u2026 mais on ne nous enl\u00e8vera pas notre id\u00e9e fixe : la meilleure fa\u00e7on de savourer un &hellip;","og_url":"https:\/\/welovecinema.be\/fr\/cinevox-happening-marche-souleve-les-foules\/","og_site_name":"We Love Cinema","article_publisher":"https:\/\/www.facebook.com\/welovecinema.be","article_published_time":"2013-11-08T10:22:03+00:00","article_modified_time":"2013-11-08T22:01:43+00:00","og_image":[{"width":800,"height":600,"url":"https:\/\/welovecinema.be\/wp-content\/uploads\/sites\/2\/2013\/11\/2013-11-07-18.44.17-800x600.jpg","type":"image\/jpeg"}],"author":"Philippe.Pierquin","twitter_card":"summary_large_image","twitter_misc":{"\u00c9crit par":"Philippe.Pierquin","Dur\u00e9e de lecture estim\u00e9e":"3 minutes"},"schema":{"@context":"https:\/\/schema.org","@graph":[{"@type":"Article","@id":"https:\/\/welovecinema.be\/fr\/cinevox-happening-marche-souleve-les-foules\/#article","isPartOf":{"@id":"https:\/\/welovecinema.be\/fr\/cinevox-happening-marche-souleve-les-foules\/"},"author":{"name":"Philippe.Pierquin","@id":"https:\/\/welovecinema.be\/nl\/#\/schema\/person\/4b9b1d857f0943453a38a7c2859ef756"},"headline":"Cinevox Happening : Une Marche qui soul\u00e8ve les foules","datePublished":"2013-11-08T10:22:03+00:00","dateModified":"2013-11-08T22:01:43+00:00","mainEntityOfPage":{"@id":"https:\/\/welovecinema.be\/fr\/cinevox-happening-marche-souleve-les-foules\/"},"wordCount":652,"publisher":{"@id":"https:\/\/welovecinema.be\/nl\/#organization"},"articleSection":["En bref"],"inLanguage":"fr-FR"},{"@type":"WebPage","@id":"https:\/\/welovecinema.be\/fr\/cinevox-happening-marche-souleve-les-foules\/","url":"https:\/\/welovecinema.be\/fr\/cinevox-happening-marche-souleve-les-foules\/","name":"Cinevox Happening : Une Marche qui soul\u00e8ve les foules - We Love Cinema","isPartOf":{"@id":"https:\/\/welovecinema.be\/nl\/#website"},"datePublished":"2013-11-08T10:22:03+00:00","dateModified":"2013-11-08T22:01:43+00:00","breadcrumb":{"@id":"https:\/\/welovecinema.be\/fr\/cinevox-happening-marche-souleve-les-foules\/#breadcrumb"},"inLanguage":"fr-FR","potentialAction":[{"@type":"ReadAction","target":["https:\/\/welovecinema.be\/fr\/cinevox-happening-marche-souleve-les-foules\/"]}]},{"@type":"BreadcrumbList","@id":"https:\/\/welovecinema.be\/fr\/cinevox-happening-marche-souleve-les-foules\/#breadcrumb","itemListElement":[{"@type":"ListItem","position":1,"name":"Accueil","item":"https:\/\/welovecinema.be\/fr\/"},{"@type":"ListItem","position":2,"name":"Cinevox Happening : Une Marche qui soul\u00e8ve les foules"}]},{"@type":"WebSite","@id":"https:\/\/welovecinema.be\/nl\/#website","url":"https:\/\/welovecinema.be\/nl\/","name":"We Love Cinema","description":"Toute l\u2019information du cin\u00e9ma en Belgique","publisher":{"@id":"https:\/\/welovecinema.be\/nl\/#organization"},"potentialAction":[{"@type":"SearchAction","target":{"@type":"EntryPoint","urlTemplate":"https:\/\/welovecinema.be\/nl\/?s={search_term_string}"},"query-input":"required name=search_term_string"}],"inLanguage":"fr-FR"},{"@type":"Organization","@id":"https:\/\/welovecinema.be\/nl\/#organization","name":"We Love Cinema","url":"https:\/\/welovecinema.be\/nl\/","logo":{"@type":"ImageObject","inLanguage":"fr-FR","@id":"https:\/\/welovecinema.be\/nl\/#\/schema\/logo\/image\/","url":"https:\/\/welovecinema.be\/wp-content\/uploads\/sites\/2\/2023\/03\/Logo-We-Love-Cinema305x128.jpg","contentUrl":"https:\/\/welovecinema.be\/wp-content\/uploads\/sites\/2\/2023\/03\/Logo-We-Love-Cinema305x128.jpg","width":305,"height":128,"caption":"We Love Cinema"},"image":{"@id":"https:\/\/welovecinema.be\/nl\/#\/schema\/logo\/image\/"},"sameAs":["https:\/\/www.facebook.com\/welovecinema.be","https:\/\/www.youtube.com\/channel\/UCX5LYGVhnKvYauW4Nta4HJA","https:\/\/www.instagram.com\/welovecinema.be\/"]},{"@type":"Person","@id":"https:\/\/welovecinema.be\/nl\/#\/schema\/person\/4b9b1d857f0943453a38a7c2859ef756","name":"Philippe.Pierquin","url":"https:\/\/welovecinema.be\/fr\/author\/philippe-pierquin\/"}]}},"_links":{"self":[{"href":"https:\/\/welovecinema.be\/fr\/wp-json\/wp\/v2\/posts\/47925","targetHints":{"allow":["GET"]}}],"collection":[{"href":"https:\/\/welovecinema.be\/fr\/wp-json\/wp\/v2\/posts"}],"about":[{"href":"https:\/\/welovecinema.be\/fr\/wp-json\/wp\/v2\/types\/post"}],"author":[{"embeddable":true,"href":"https:\/\/welovecinema.be\/fr\/wp-json\/wp\/v2\/users\/7"}],"replies":[{"embeddable":true,"href":"https:\/\/welovecinema.be\/fr\/wp-json\/wp\/v2\/comments?post=47925"}],"version-history":[{"count":0,"href":"https:\/\/welovecinema.be\/fr\/wp-json\/wp\/v2\/posts\/47925\/revisions"}],"wp:featuredmedia":[{"embeddable":true,"href":"https:\/\/welovecinema.be\/fr\/wp-json\/wp\/v2\/media\/47935"}],"wp:attachment":[{"href":"https:\/\/welovecinema.be\/fr\/wp-json\/wp\/v2\/media?parent=47925"}],"wp:term":[{"taxonomy":"category","embeddable":true,"href":"https:\/\/welovecinema.be\/fr\/wp-json\/wp\/v2\/categories?post=47925"},{"taxonomy":"post_tag","embeddable":true,"href":"https:\/\/welovecinema.be\/fr\/wp-json\/wp\/v2\/tags?post=47925"}],"curies":[{"name":"wp","href":"https:\/\/api.w.org\/{rel}","templated":true}]}}