{"id":47803,"date":"2013-11-14T06:42:00","date_gmt":"2013-11-14T05:42:00","guid":{"rendered":"http:\/\/www.cinevox.be\/?p=47803"},"modified":"2020-04-02T15:29:14","modified_gmt":"2020-04-02T13:29:14","slug":"sauvez-wendy-fous-ces-belges-ok","status":"publish","type":"post","link":"https:\/\/welovecinema.be\/fr\/sauvez-wendy-fous-ces-belges-ok\/","title":{"rendered":"Belgian Disaster : ils sont fous ces Belges !"},"content":{"rendered":"<p>Une adolescente d\u00e9lur\u00e9e de 16 ans, sortie tout droit du prol\u00e9tariat belge, fait d\u00e9couvrir l\u2019extase \u00e0 un jeune Fran\u00e7ais de 24 ans.<\/p>\n<p>&nbsp;<\/p>\n<p>Le gamin est maladroit avec les filles, mais h\u00e9ritier d\u2019une des plus riches familles industrielles de l\u2019Hexagone.<\/p>\n<p>Une simple rencontre de vacances&#8230;<\/p>\n<p>&nbsp;<\/p>\n<p><!--more--><\/p>\n<p>&nbsp;<\/p>\n<p><a href=\"http:\/\/www.cinevox.be\/sauvez-wendy-fous-ces-belges\/attachment\/06\/\" rel=\"attachment wp-att-47805\"><img loading=\"lazy\" decoding=\"async\" class=\"aligncenter size-large wp-image-47805\" src=\"http:\/\/www.cinevox.be\/wp-content\/uploads\/sites\/2\/2013\/11\/06-800x450.png\" alt=\"\" width=\"640\" height=\"360\" srcset=\"https:\/\/welovecinema.be\/wp-content\/uploads\/sites\/2\/2013\/11\/06-800x450.png 800w, https:\/\/welovecinema.be\/wp-content\/uploads\/sites\/2\/2013\/11\/06-200x113.png 200w, https:\/\/welovecinema.be\/wp-content\/uploads\/sites\/2\/2013\/11\/06-480x270.png 480w, https:\/\/welovecinema.be\/wp-content\/uploads\/sites\/2\/2013\/11\/06-300x169.png 300w, https:\/\/welovecinema.be\/wp-content\/uploads\/sites\/2\/2013\/11\/06-620x350.png 620w, https:\/\/welovecinema.be\/wp-content\/uploads\/sites\/2\/2013\/11\/06.png 1920w\" sizes=\"auto, (max-width: 640px) 100vw, 640px\" \/><\/a><\/p>\n<p>&nbsp;<\/p>\n<p>Mais le gar\u00e7on en tombe amoureux et lui envoie \u00e0 Bruxelles une d\u00e9claration enflamm\u00e9e\u2026 qui atterrit malencontreusement dans les mains de Robert, le p\u00e8re de l\u2019adolescente et de ses copains, Raoul et Lucas, des \u00ab\u00a0Robin des Bois\u00a0\u00bb de la magouille \u00e0 la petite semaine.<\/p>\n<p>&nbsp;<\/p>\n<p><a href=\"http:\/\/www.cinevox.be\/sauvez-wendy-fous-ces-belges\/20-2\/\" rel=\"attachment wp-att-47810\"><img loading=\"lazy\" decoding=\"async\" class=\"aligncenter size-large wp-image-47810\" src=\"http:\/\/www.cinevox.be\/wp-content\/uploads\/sites\/2\/2013\/11\/20-800x450.png\" alt=\"\" width=\"640\" height=\"360\" srcset=\"https:\/\/welovecinema.be\/wp-content\/uploads\/sites\/2\/2013\/11\/20-800x450.png 800w, https:\/\/welovecinema.be\/wp-content\/uploads\/sites\/2\/2013\/11\/20-200x113.png 200w, https:\/\/welovecinema.be\/wp-content\/uploads\/sites\/2\/2013\/11\/20-480x270.png 480w, https:\/\/welovecinema.be\/wp-content\/uploads\/sites\/2\/2013\/11\/20-300x169.png 300w, https:\/\/welovecinema.be\/wp-content\/uploads\/sites\/2\/2013\/11\/20-620x350.png 620w, https:\/\/welovecinema.be\/wp-content\/uploads\/sites\/2\/2013\/11\/20.png 1920w\" sizes=\"auto, (max-width: 640px) 100vw, 640px\" \/><\/a><\/p>\n<p>&nbsp;<\/p>\n<p>Avec l\u2019aide d\u2019Omar, sp\u00e9cialiste en marchandises tomb\u00e9es du camion (le pro de la bande!), les margoulins vont monter une arnaque minable et tenter de faire chanter le riche h\u00e9ritier.<\/p>\n<p>Mais il faut faire vite, car l\u2019usine dans laquelle travaillent les \u00e9pouses du trio est sur le point de fermer. Et si elles restent au bercail toute la sainte journ\u00e9e, c\u2019en est fini des combines et de la dolce vita.<\/p>\n<p>&nbsp;<\/p>\n<p><a href=\"http:\/\/www.cinevox.be\/sauvez-wendy-fous-ces-belges\/attachment\/27\/\" rel=\"attachment wp-att-47804\"><img loading=\"lazy\" decoding=\"async\" class=\"aligncenter size-large wp-image-47804\" src=\"http:\/\/www.cinevox.be\/wp-content\/uploads\/sites\/2\/2013\/11\/27-800x450.png\" alt=\"\" width=\"640\" height=\"360\" srcset=\"https:\/\/welovecinema.be\/wp-content\/uploads\/sites\/2\/2013\/11\/27-800x450.png 800w, https:\/\/welovecinema.be\/wp-content\/uploads\/sites\/2\/2013\/11\/27-200x113.png 200w, https:\/\/welovecinema.be\/wp-content\/uploads\/sites\/2\/2013\/11\/27-480x270.png 480w, https:\/\/welovecinema.be\/wp-content\/uploads\/sites\/2\/2013\/11\/27-300x169.png 300w, https:\/\/welovecinema.be\/wp-content\/uploads\/sites\/2\/2013\/11\/27-620x350.png 620w, https:\/\/welovecinema.be\/wp-content\/uploads\/sites\/2\/2013\/11\/27.png 1920w\" sizes=\"auto, (max-width: 640px) 100vw, 640px\" \/><\/a><\/p>\n<p>&nbsp;<\/p>\n<p>Belgian Disaster, c\u2019est la rencontre tragi-comique, visuellement extravagante, de trois mondes: les petites gens, les rupins et les gens du voyage. Les aventures rocambolesques de magouilleurs, pauvres diables, d\u2019\u00e9pouses et de mamas terribles, d\u2019ouvri\u00e8res bilingues, de roturiers arrivistes et d\u2019aristocrates largu\u00e9s. C\u2019est aussi une histoire d\u2019amour improbable et romantique entre une adolescente et un forain.<\/p>\n<p>&nbsp;<\/p>\n<p><a href=\"http:\/\/www.cinevox.be\/sauvez-wendy-fous-ces-belges\/attachment\/26\/\" rel=\"attachment wp-att-47807\"><img loading=\"lazy\" decoding=\"async\" class=\"aligncenter size-large wp-image-47807\" src=\"http:\/\/www.cinevox.be\/wp-content\/uploads\/sites\/2\/2013\/11\/26-800x450.png\" alt=\"\" width=\"640\" height=\"360\" srcset=\"https:\/\/welovecinema.be\/wp-content\/uploads\/sites\/2\/2013\/11\/26-800x450.png 800w, https:\/\/welovecinema.be\/wp-content\/uploads\/sites\/2\/2013\/11\/26-200x113.png 200w, https:\/\/welovecinema.be\/wp-content\/uploads\/sites\/2\/2013\/11\/26-480x270.png 480w, https:\/\/welovecinema.be\/wp-content\/uploads\/sites\/2\/2013\/11\/26-300x169.png 300w, https:\/\/welovecinema.be\/wp-content\/uploads\/sites\/2\/2013\/11\/26-620x350.png 620w, https:\/\/welovecinema.be\/wp-content\/uploads\/sites\/2\/2013\/11\/26.png 1920w\" sizes=\"auto, (max-width: 640px) 100vw, 640px\" \/><\/a><\/p>\n<p>&nbsp;<\/p>\n<p>C\u2019est enfin le r\u00eave en train de se r\u00e9aliser d\u2019un r\u00e9alisateur t\u00eatu comme on en voit peu. Non seulement Patrick Glotz a r\u00e9ussi avec la complicit\u00e9 de YC Aligator Film \u00e0 mettre en route le tournage de son premier long m\u00e9trage qu\u2019il a \u00e9crit, mais il s\u2019est adjoint une bande d\u2019acteurs assez jouissive <b>: Jean-Luc Couchard, Sam Louwijck, Erika Sainte, Michel Schillaci, Ilir\u00a0Selimovski<\/b>\u00a0 ou <b>Ars\u00e8ne Mosca<\/b>, l\u2019hilarant nazi \u00e9gyptien d\u2019<i>OSS117: le Caire, Nid d\u2019Espions<\/i>. Pour ne citer que ceux que nous avons crois\u00e9s sur le tournage lors de notre passage.<\/p>\n<p>Passage qui sera bien s\u00fbr concr\u00e9tis\u00e9 par un Cinevox en salles d\u00e8s le mois de janvier. On ne va pas se g\u00eaner pour essayer de vous faire rire.<\/p>\n<p>&nbsp;<\/p>\n<p><a href=\"http:\/\/www.cinevox.be\/sauvez-wendy-fous-ces-belges\/attachment\/08\/\" rel=\"attachment wp-att-47806\"><img loading=\"lazy\" decoding=\"async\" class=\"aligncenter size-large wp-image-47806\" src=\"http:\/\/www.cinevox.be\/wp-content\/uploads\/sites\/2\/2013\/11\/08-800x450.png\" alt=\"\" width=\"640\" height=\"360\" srcset=\"https:\/\/welovecinema.be\/wp-content\/uploads\/sites\/2\/2013\/11\/08-800x450.png 800w, https:\/\/welovecinema.be\/wp-content\/uploads\/sites\/2\/2013\/11\/08-200x113.png 200w, https:\/\/welovecinema.be\/wp-content\/uploads\/sites\/2\/2013\/11\/08-480x270.png 480w, https:\/\/welovecinema.be\/wp-content\/uploads\/sites\/2\/2013\/11\/08-300x169.png 300w, https:\/\/welovecinema.be\/wp-content\/uploads\/sites\/2\/2013\/11\/08-620x350.png 620w, https:\/\/welovecinema.be\/wp-content\/uploads\/sites\/2\/2013\/11\/08.png 1920w\" sizes=\"auto, (max-width: 640px) 100vw, 640px\" \/><\/a><\/p>\n<p>&nbsp;<\/p>\n<p>Le CV de <b>Patrick Glotz<\/b> ne manque pas de panache : Disc-jockey , gar\u00e7on de caf\u00e9, pigiste pour une revue de compagnie d\u2019assurance, chauffeur, puis trafic manager en courrier express, cr\u00e9ateur et exploitant des Waffy Kot \u00ab kots \u00e0 gaufres de Li\u00e8ge \u00bb, en France, sur les pistes de ski au-dessus de 2000 m\u00e8tres d\u2019altitude (tr\u00e8s important).<\/p>\n<p>&nbsp;<\/p>\n<p><a href=\"http:\/\/www.cinevox.be\/sauvez-wendy-fous-ces-belges\/attachment\/04\/\" rel=\"attachment wp-att-47809\"><img loading=\"lazy\" decoding=\"async\" class=\"aligncenter size-large wp-image-47809\" src=\"http:\/\/www.cinevox.be\/wp-content\/uploads\/sites\/2\/2013\/11\/04-800x450.png\" alt=\"\" width=\"640\" height=\"360\" srcset=\"https:\/\/welovecinema.be\/wp-content\/uploads\/sites\/2\/2013\/11\/04-800x450.png 800w, https:\/\/welovecinema.be\/wp-content\/uploads\/sites\/2\/2013\/11\/04-200x113.png 200w, https:\/\/welovecinema.be\/wp-content\/uploads\/sites\/2\/2013\/11\/04-480x270.png 480w, https:\/\/welovecinema.be\/wp-content\/uploads\/sites\/2\/2013\/11\/04-300x169.png 300w, https:\/\/welovecinema.be\/wp-content\/uploads\/sites\/2\/2013\/11\/04-620x350.png 620w, https:\/\/welovecinema.be\/wp-content\/uploads\/sites\/2\/2013\/11\/04.png 1920w\" sizes=\"auto, (max-width: 640px) 100vw, 640px\" \/><\/a><\/p>\n<p>&nbsp;<\/p>\n<p>Pendant tout ce temps ce r\u00e9volt\u00e9 au grand c\u0153ur a aussi r\u00e9alis\u00e9 des films. Normal, c\u2019est sa passion. \u00c0 son palmar\u00e8s, quelques courts m\u00e9trages, des films d\u2019entreprises; des portraits pour les Petits riens et m\u00eame un moyen m\u00e9trage dans une langue imaginaire.<\/p>\n<p>Officiel ! ce type est un peu dingue ! Et c\u2019est pour cela qu\u2019il tourne aujourd\u2019hui son film.<\/p>\n<p>\u00ab\u00a0Il ne savait pas que c\u2019\u00e9tait impossible, alors il l\u2019a fait\u00a0\u00bb, la phrase de Mark Twain est clairement sa ligne de conduite. Qui s\u2019en plaindra?<\/p>\n<p>&nbsp;<\/p>\n<p><a href=\"http:\/\/www.cinevox.be\/sauvez-wendy-fous-ces-belges\/attachment\/29\/\" rel=\"attachment wp-att-47817\"><img loading=\"lazy\" decoding=\"async\" class=\"aligncenter size-large wp-image-47817\" src=\"http:\/\/www.cinevox.be\/wp-content\/uploads\/sites\/2\/2010\/11\/29-800x450.png\" alt=\"\" width=\"640\" height=\"360\" srcset=\"https:\/\/welovecinema.be\/wp-content\/uploads\/sites\/2\/2010\/11\/29-800x450.png 800w, https:\/\/welovecinema.be\/wp-content\/uploads\/sites\/2\/2010\/11\/29-200x113.png 200w, https:\/\/welovecinema.be\/wp-content\/uploads\/sites\/2\/2010\/11\/29-480x270.png 480w, https:\/\/welovecinema.be\/wp-content\/uploads\/sites\/2\/2010\/11\/29-300x169.png 300w, https:\/\/welovecinema.be\/wp-content\/uploads\/sites\/2\/2010\/11\/29-620x350.png 620w, https:\/\/welovecinema.be\/wp-content\/uploads\/sites\/2\/2010\/11\/29.png 1920w\" sizes=\"auto, (max-width: 640px) 100vw, 640px\" \/><\/a><\/p>\n<p>&nbsp;<\/p>\n<p>&nbsp;<\/p>\n<p style=\"text-align: right;\"><strong><em>Toutes les photos copyright Kaos Films\/Cinevox 2013<\/em><\/strong><\/p>\n","protected":false},"excerpt":{"rendered":"<p>Une adolescente d\u00e9lur\u00e9e de 16 ans, sortie tout droit du prol\u00e9tariat belge, fait d\u00e9couvrir l\u2019extase \u00e0 un jeune Fran\u00e7ais de 24 ans. &nbsp; Le gamin est maladroit avec les filles, mais h\u00e9ritier d\u2019une des plus riches familles industrielles de l\u2019Hexagone. Une simple rencontre de vacances&#8230; &nbsp;<\/p>\n","protected":false},"author":7,"featured_media":227784,"comment_status":"closed","ping_status":"closed","sticky":false,"template":"","format":"standard","meta":{"ngg_post_thumbnail":0,"footnotes":""},"categories":[11],"tags":[],"class_list":["post-47803","post","type-post","status-publish","format-standard","has-post-thumbnail","","category-tournages"],"yoast_head":"<!-- This site is optimized with the Yoast SEO plugin v20.4 - https:\/\/yoast.com\/wordpress\/plugins\/seo\/ -->\n<title>Belgian Disaster : ils sont fous ces Belges ! - We Love Cinema<\/title>\n<meta name=\"robots\" content=\"index, follow, max-snippet:-1, max-image-preview:large, max-video-preview:-1\" \/>\n<link rel=\"canonical\" href=\"https:\/\/welovecinema.be\/fr\/sauvez-wendy-fous-ces-belges-ok\/\" \/>\n<meta property=\"og:locale\" content=\"fr_FR\" \/>\n<meta property=\"og:type\" content=\"article\" \/>\n<meta property=\"og:title\" content=\"Belgian Disaster : ils sont fous ces Belges ! - We Love Cinema\" \/>\n<meta property=\"og:description\" content=\"Une adolescente d\u00e9lur\u00e9e de 16 ans, sortie tout droit du prol\u00e9tariat belge, fait d\u00e9couvrir l\u2019extase \u00e0 un jeune Fran\u00e7ais de 24 ans. &nbsp; Le gamin est maladroit avec les filles, mais h\u00e9ritier d\u2019une des plus riches familles industrielles de l\u2019Hexagone. Une simple rencontre de vacances&#8230; &nbsp;\" \/>\n<meta property=\"og:url\" content=\"https:\/\/welovecinema.be\/fr\/sauvez-wendy-fous-ces-belges-ok\/\" \/>\n<meta property=\"og:site_name\" content=\"We Love Cinema\" \/>\n<meta property=\"article:publisher\" content=\"https:\/\/www.facebook.com\/welovecinema.be\" \/>\n<meta property=\"article:published_time\" content=\"2013-11-14T05:42:00+00:00\" \/>\n<meta property=\"article:modified_time\" content=\"2020-04-02T13:29:14+00:00\" \/>\n<meta property=\"og:image\" content=\"https:\/\/welovecinema.be\/wp-content\/uploads\/sites\/2\/2013\/11\/Belgian-Disaster.jpg\" \/>\n\t<meta property=\"og:image:width\" content=\"800\" \/>\n\t<meta property=\"og:image:height\" content=\"450\" \/>\n\t<meta property=\"og:image:type\" content=\"image\/jpeg\" \/>\n<meta name=\"author\" content=\"Philippe.Pierquin\" \/>\n<meta name=\"twitter:card\" content=\"summary_large_image\" \/>\n<meta name=\"twitter:label1\" content=\"\u00c9crit par\" \/>\n\t<meta name=\"twitter:data1\" content=\"Philippe.Pierquin\" \/>\n\t<meta name=\"twitter:label2\" content=\"Dur\u00e9e de lecture estim\u00e9e\" \/>\n\t<meta name=\"twitter:data2\" content=\"3 minutes\" \/>\n<script type=\"application\/ld+json\" class=\"yoast-schema-graph\">{\"@context\":\"https:\/\/schema.org\",\"@graph\":[{\"@type\":\"Article\",\"@id\":\"https:\/\/welovecinema.be\/fr\/sauvez-wendy-fous-ces-belges-ok\/#article\",\"isPartOf\":{\"@id\":\"https:\/\/welovecinema.be\/fr\/sauvez-wendy-fous-ces-belges-ok\/\"},\"author\":{\"name\":\"Philippe.Pierquin\",\"@id\":\"https:\/\/welovecinema.be\/nl\/#\/schema\/person\/4b9b1d857f0943453a38a7c2859ef756\"},\"headline\":\"Belgian Disaster : ils sont fous ces Belges !\",\"datePublished\":\"2013-11-14T05:42:00+00:00\",\"dateModified\":\"2020-04-02T13:29:14+00:00\",\"mainEntityOfPage\":{\"@id\":\"https:\/\/welovecinema.be\/fr\/sauvez-wendy-fous-ces-belges-ok\/\"},\"wordCount\":560,\"publisher\":{\"@id\":\"https:\/\/welovecinema.be\/nl\/#organization\"},\"articleSection\":[\"Tournages\"],\"inLanguage\":\"fr-FR\"},{\"@type\":\"WebPage\",\"@id\":\"https:\/\/welovecinema.be\/fr\/sauvez-wendy-fous-ces-belges-ok\/\",\"url\":\"https:\/\/welovecinema.be\/fr\/sauvez-wendy-fous-ces-belges-ok\/\",\"name\":\"Belgian Disaster : ils sont fous ces Belges ! - We Love Cinema\",\"isPartOf\":{\"@id\":\"https:\/\/welovecinema.be\/nl\/#website\"},\"datePublished\":\"2013-11-14T05:42:00+00:00\",\"dateModified\":\"2020-04-02T13:29:14+00:00\",\"breadcrumb\":{\"@id\":\"https:\/\/welovecinema.be\/fr\/sauvez-wendy-fous-ces-belges-ok\/#breadcrumb\"},\"inLanguage\":\"fr-FR\",\"potentialAction\":[{\"@type\":\"ReadAction\",\"target\":[\"https:\/\/welovecinema.be\/fr\/sauvez-wendy-fous-ces-belges-ok\/\"]}]},{\"@type\":\"BreadcrumbList\",\"@id\":\"https:\/\/welovecinema.be\/fr\/sauvez-wendy-fous-ces-belges-ok\/#breadcrumb\",\"itemListElement\":[{\"@type\":\"ListItem\",\"position\":1,\"name\":\"Accueil\",\"item\":\"https:\/\/welovecinema.be\/fr\/\"},{\"@type\":\"ListItem\",\"position\":2,\"name\":\"Belgian Disaster : ils sont fous ces Belges !\"}]},{\"@type\":\"WebSite\",\"@id\":\"https:\/\/welovecinema.be\/nl\/#website\",\"url\":\"https:\/\/welovecinema.be\/nl\/\",\"name\":\"We Love Cinema\",\"description\":\"Toute l\u2019information du cin\u00e9ma en Belgique\",\"publisher\":{\"@id\":\"https:\/\/welovecinema.be\/nl\/#organization\"},\"potentialAction\":[{\"@type\":\"SearchAction\",\"target\":{\"@type\":\"EntryPoint\",\"urlTemplate\":\"https:\/\/welovecinema.be\/nl\/?s={search_term_string}\"},\"query-input\":\"required name=search_term_string\"}],\"inLanguage\":\"fr-FR\"},{\"@type\":\"Organization\",\"@id\":\"https:\/\/welovecinema.be\/nl\/#organization\",\"name\":\"We Love Cinema\",\"url\":\"https:\/\/welovecinema.be\/nl\/\",\"logo\":{\"@type\":\"ImageObject\",\"inLanguage\":\"fr-FR\",\"@id\":\"https:\/\/welovecinema.be\/nl\/#\/schema\/logo\/image\/\",\"url\":\"https:\/\/welovecinema.be\/wp-content\/uploads\/sites\/2\/2023\/03\/Logo-We-Love-Cinema305x128.jpg\",\"contentUrl\":\"https:\/\/welovecinema.be\/wp-content\/uploads\/sites\/2\/2023\/03\/Logo-We-Love-Cinema305x128.jpg\",\"width\":305,\"height\":128,\"caption\":\"We Love Cinema\"},\"image\":{\"@id\":\"https:\/\/welovecinema.be\/nl\/#\/schema\/logo\/image\/\"},\"sameAs\":[\"https:\/\/www.facebook.com\/welovecinema.be\",\"https:\/\/www.youtube.com\/channel\/UCX5LYGVhnKvYauW4Nta4HJA\",\"https:\/\/www.instagram.com\/welovecinema.be\/\"]},{\"@type\":\"Person\",\"@id\":\"https:\/\/welovecinema.be\/nl\/#\/schema\/person\/4b9b1d857f0943453a38a7c2859ef756\",\"name\":\"Philippe.Pierquin\",\"url\":\"https:\/\/welovecinema.be\/fr\/author\/philippe-pierquin\/\"}]}<\/script>\n<!-- \/ Yoast SEO plugin. -->","yoast_head_json":{"title":"Belgian Disaster : ils sont fous ces Belges ! - We Love Cinema","robots":{"index":"index","follow":"follow","max-snippet":"max-snippet:-1","max-image-preview":"max-image-preview:large","max-video-preview":"max-video-preview:-1"},"canonical":"https:\/\/welovecinema.be\/fr\/sauvez-wendy-fous-ces-belges-ok\/","og_locale":"fr_FR","og_type":"article","og_title":"Belgian Disaster : ils sont fous ces Belges ! - We Love Cinema","og_description":"Une adolescente d\u00e9lur\u00e9e de 16 ans, sortie tout droit du prol\u00e9tariat belge, fait d\u00e9couvrir l\u2019extase \u00e0 un jeune Fran\u00e7ais de 24 ans. &nbsp; Le gamin est maladroit avec les filles, mais h\u00e9ritier d\u2019une des plus riches familles industrielles de l\u2019Hexagone. Une simple rencontre de vacances&#8230; &nbsp;","og_url":"https:\/\/welovecinema.be\/fr\/sauvez-wendy-fous-ces-belges-ok\/","og_site_name":"We Love Cinema","article_publisher":"https:\/\/www.facebook.com\/welovecinema.be","article_published_time":"2013-11-14T05:42:00+00:00","article_modified_time":"2020-04-02T13:29:14+00:00","og_image":[{"width":800,"height":450,"url":"https:\/\/welovecinema.be\/wp-content\/uploads\/sites\/2\/2013\/11\/Belgian-Disaster.jpg","type":"image\/jpeg"}],"author":"Philippe.Pierquin","twitter_card":"summary_large_image","twitter_misc":{"\u00c9crit par":"Philippe.Pierquin","Dur\u00e9e de lecture estim\u00e9e":"3 minutes"},"schema":{"@context":"https:\/\/schema.org","@graph":[{"@type":"Article","@id":"https:\/\/welovecinema.be\/fr\/sauvez-wendy-fous-ces-belges-ok\/#article","isPartOf":{"@id":"https:\/\/welovecinema.be\/fr\/sauvez-wendy-fous-ces-belges-ok\/"},"author":{"name":"Philippe.Pierquin","@id":"https:\/\/welovecinema.be\/nl\/#\/schema\/person\/4b9b1d857f0943453a38a7c2859ef756"},"headline":"Belgian Disaster : ils sont fous ces Belges !","datePublished":"2013-11-14T05:42:00+00:00","dateModified":"2020-04-02T13:29:14+00:00","mainEntityOfPage":{"@id":"https:\/\/welovecinema.be\/fr\/sauvez-wendy-fous-ces-belges-ok\/"},"wordCount":560,"publisher":{"@id":"https:\/\/welovecinema.be\/nl\/#organization"},"articleSection":["Tournages"],"inLanguage":"fr-FR"},{"@type":"WebPage","@id":"https:\/\/welovecinema.be\/fr\/sauvez-wendy-fous-ces-belges-ok\/","url":"https:\/\/welovecinema.be\/fr\/sauvez-wendy-fous-ces-belges-ok\/","name":"Belgian Disaster : ils sont fous ces Belges ! - We Love Cinema","isPartOf":{"@id":"https:\/\/welovecinema.be\/nl\/#website"},"datePublished":"2013-11-14T05:42:00+00:00","dateModified":"2020-04-02T13:29:14+00:00","breadcrumb":{"@id":"https:\/\/welovecinema.be\/fr\/sauvez-wendy-fous-ces-belges-ok\/#breadcrumb"},"inLanguage":"fr-FR","potentialAction":[{"@type":"ReadAction","target":["https:\/\/welovecinema.be\/fr\/sauvez-wendy-fous-ces-belges-ok\/"]}]},{"@type":"BreadcrumbList","@id":"https:\/\/welovecinema.be\/fr\/sauvez-wendy-fous-ces-belges-ok\/#breadcrumb","itemListElement":[{"@type":"ListItem","position":1,"name":"Accueil","item":"https:\/\/welovecinema.be\/fr\/"},{"@type":"ListItem","position":2,"name":"Belgian Disaster : ils sont fous ces Belges !"}]},{"@type":"WebSite","@id":"https:\/\/welovecinema.be\/nl\/#website","url":"https:\/\/welovecinema.be\/nl\/","name":"We Love Cinema","description":"Toute l\u2019information du cin\u00e9ma en Belgique","publisher":{"@id":"https:\/\/welovecinema.be\/nl\/#organization"},"potentialAction":[{"@type":"SearchAction","target":{"@type":"EntryPoint","urlTemplate":"https:\/\/welovecinema.be\/nl\/?s={search_term_string}"},"query-input":"required name=search_term_string"}],"inLanguage":"fr-FR"},{"@type":"Organization","@id":"https:\/\/welovecinema.be\/nl\/#organization","name":"We Love Cinema","url":"https:\/\/welovecinema.be\/nl\/","logo":{"@type":"ImageObject","inLanguage":"fr-FR","@id":"https:\/\/welovecinema.be\/nl\/#\/schema\/logo\/image\/","url":"https:\/\/welovecinema.be\/wp-content\/uploads\/sites\/2\/2023\/03\/Logo-We-Love-Cinema305x128.jpg","contentUrl":"https:\/\/welovecinema.be\/wp-content\/uploads\/sites\/2\/2023\/03\/Logo-We-Love-Cinema305x128.jpg","width":305,"height":128,"caption":"We Love Cinema"},"image":{"@id":"https:\/\/welovecinema.be\/nl\/#\/schema\/logo\/image\/"},"sameAs":["https:\/\/www.facebook.com\/welovecinema.be","https:\/\/www.youtube.com\/channel\/UCX5LYGVhnKvYauW4Nta4HJA","https:\/\/www.instagram.com\/welovecinema.be\/"]},{"@type":"Person","@id":"https:\/\/welovecinema.be\/nl\/#\/schema\/person\/4b9b1d857f0943453a38a7c2859ef756","name":"Philippe.Pierquin","url":"https:\/\/welovecinema.be\/fr\/author\/philippe-pierquin\/"}]}},"_links":{"self":[{"href":"https:\/\/welovecinema.be\/fr\/wp-json\/wp\/v2\/posts\/47803","targetHints":{"allow":["GET"]}}],"collection":[{"href":"https:\/\/welovecinema.be\/fr\/wp-json\/wp\/v2\/posts"}],"about":[{"href":"https:\/\/welovecinema.be\/fr\/wp-json\/wp\/v2\/types\/post"}],"author":[{"embeddable":true,"href":"https:\/\/welovecinema.be\/fr\/wp-json\/wp\/v2\/users\/7"}],"replies":[{"embeddable":true,"href":"https:\/\/welovecinema.be\/fr\/wp-json\/wp\/v2\/comments?post=47803"}],"version-history":[{"count":0,"href":"https:\/\/welovecinema.be\/fr\/wp-json\/wp\/v2\/posts\/47803\/revisions"}],"wp:featuredmedia":[{"embeddable":true,"href":"https:\/\/welovecinema.be\/fr\/wp-json\/wp\/v2\/media\/227784"}],"wp:attachment":[{"href":"https:\/\/welovecinema.be\/fr\/wp-json\/wp\/v2\/media?parent=47803"}],"wp:term":[{"taxonomy":"category","embeddable":true,"href":"https:\/\/welovecinema.be\/fr\/wp-json\/wp\/v2\/categories?post=47803"},{"taxonomy":"post_tag","embeddable":true,"href":"https:\/\/welovecinema.be\/fr\/wp-json\/wp\/v2\/tags?post=47803"}],"curies":[{"name":"wp","href":"https:\/\/api.w.org\/{rel}","templated":true}]}}