{"id":47463,"date":"2013-11-07T10:33:50","date_gmt":"2013-11-07T09:33:50","guid":{"rendered":"http:\/\/www.cinevox.be\/?p=47463"},"modified":"2013-11-07T14:00:11","modified_gmt":"2013-11-07T13:00:11","slug":"marina-ce-les-spectateurs-en-disent-16-premieres-impressions","status":"publish","type":"post","link":"https:\/\/welovecinema.be\/fr\/marina-ce-les-spectateurs-en-disent-16-premieres-impressions\/","title":{"rendered":"Marina &#8211; Ce que les spectateurs en disent &#8211; 1\/6 &#8211; Premi\u00e8res impressions"},"content":{"rendered":"<p>En septembre, Cinevox a profit\u00e9 des BNP Paribas Fortis Film Days pour organiser quelques Cinevox Happenings.<\/p>\n<p>En vedette, <i>Morrocan Gigolos<\/i> et <i>Vijay and I.<\/i><\/p>\n<p>Plus un film secret, pr\u00e9sent\u00e9 sous la banni\u00e8re \u00ab\u00a0Sneak Preview\u00a0\u00bb \u00e0 l&rsquo;UGC de Brouck\u00e8re et au Cinepointcom \u00e0 Charleroi.<!--more--><\/p>\n<p>&nbsp;<\/p>\n<p>Cette surprise, nous vous l&rsquo;avons appris <a href=\"http:\/\/www.cinevox.be\/fete-presque-finie-lembargo-leve\/\">ici<\/a>, c&rsquo;\u00e9tait <i>Marina <\/i>de Stijn Coninx.<\/p>\n<p>Les spectateurs venus assister \u00e0 cette soir\u00e9e ignoraient tout du film qu&rsquo;ils allaient d\u00e9couvrir. A la sortie de la projection, nous avons pos\u00e9 six questions \u00e0 un vaste \u00e9chantillon de ces privil\u00e9gi\u00e9s.<\/p>\n<p>&nbsp;<\/p>\n<p>Ces avis \u00e0 chaud ont \u00e9t\u00e9 regroup\u00e9s en six s\u00e9quences que nous diffuserons chaque jour \u00e0 partir de ce mercredi 30 octobre.<\/p>\n<p>&nbsp;<\/p>\n<p>Marina sort mercredi 6 novembre sur les \u00e9crans et nous lui avons consacr\u00e9 un autre article \u00e0 lire <a href=\"http:\/\/www.cinevox.be\/marina-bouleversante-lecon-cinema\/\">ICI.<\/a><\/p>\n","protected":false},"excerpt":{"rendered":"<p>En septembre, Cinevox a profit\u00e9 des BNP Paribas Fortis Film Days pour organiser quelques Cinevox Happenings. En vedette, Morrocan Gigolos et Vijay and I. Plus un film secret, pr\u00e9sent\u00e9 sous la banni\u00e8re \u00ab\u00a0Sneak Preview\u00a0\u00bb \u00e0 l&rsquo;UGC de Brouck\u00e8re et au Cinepointcom \u00e0 Charleroi.<\/p>\n","protected":false},"author":7,"featured_media":47464,"comment_status":"closed","ping_status":"closed","sticky":false,"template":"","format":"standard","meta":{"ngg_post_thumbnail":0,"footnotes":""},"categories":[1923],"tags":[],"class_list":["post-47463","post","type-post","status-publish","format-standard","has-post-thumbnail","","category-en-bref"],"yoast_head":"<!-- This site is optimized with the Yoast SEO plugin v20.4 - https:\/\/yoast.com\/wordpress\/plugins\/seo\/ -->\n<title>Marina - Ce que les spectateurs en disent - 1\/6 - Premi\u00e8res impressions - We Love Cinema<\/title>\n<meta name=\"robots\" content=\"index, follow, max-snippet:-1, max-image-preview:large, max-video-preview:-1\" \/>\n<link rel=\"canonical\" href=\"https:\/\/welovecinema.be\/fr\/marina-ce-les-spectateurs-en-disent-16-premieres-impressions\/\" \/>\n<meta property=\"og:locale\" content=\"fr_FR\" \/>\n<meta property=\"og:type\" content=\"article\" \/>\n<meta property=\"og:title\" content=\"Marina - Ce que les spectateurs en disent - 1\/6 - Premi\u00e8res impressions - We Love Cinema\" \/>\n<meta property=\"og:description\" content=\"En septembre, Cinevox a profit\u00e9 des BNP Paribas Fortis Film Days pour organiser quelques Cinevox Happenings. En vedette, Morrocan Gigolos et Vijay and I. Plus un film secret, pr\u00e9sent\u00e9 sous la banni\u00e8re \u00ab\u00a0Sneak Preview\u00a0\u00bb \u00e0 l&rsquo;UGC de Brouck\u00e8re et au Cinepointcom \u00e0 Charleroi.\" \/>\n<meta property=\"og:url\" content=\"https:\/\/welovecinema.be\/fr\/marina-ce-les-spectateurs-en-disent-16-premieres-impressions\/\" \/>\n<meta property=\"og:site_name\" content=\"We Love Cinema\" \/>\n<meta property=\"article:publisher\" content=\"https:\/\/www.facebook.com\/welovecinema.be\" \/>\n<meta property=\"article:published_time\" content=\"2013-11-07T09:33:50+00:00\" \/>\n<meta property=\"article:modified_time\" content=\"2013-11-07T13:00:11+00:00\" \/>\n<meta property=\"og:image\" content=\"https:\/\/welovecinema.be\/wp-content\/uploads\/sites\/2\/2010\/10\/maxresdefault.jpg\" \/>\n\t<meta property=\"og:image:width\" content=\"1268\" \/>\n\t<meta property=\"og:image:height\" content=\"529\" \/>\n\t<meta property=\"og:image:type\" content=\"image\/jpeg\" \/>\n<meta name=\"author\" content=\"Philippe.Pierquin\" \/>\n<meta name=\"twitter:card\" content=\"summary_large_image\" \/>\n<meta name=\"twitter:label1\" content=\"\u00c9crit par\" \/>\n\t<meta name=\"twitter:data1\" content=\"Philippe.Pierquin\" \/>\n\t<meta name=\"twitter:label2\" content=\"Dur\u00e9e de lecture estim\u00e9e\" \/>\n\t<meta name=\"twitter:data2\" content=\"1 minute\" \/>\n<script type=\"application\/ld+json\" class=\"yoast-schema-graph\">{\"@context\":\"https:\/\/schema.org\",\"@graph\":[{\"@type\":\"Article\",\"@id\":\"https:\/\/welovecinema.be\/fr\/marina-ce-les-spectateurs-en-disent-16-premieres-impressions\/#article\",\"isPartOf\":{\"@id\":\"https:\/\/welovecinema.be\/fr\/marina-ce-les-spectateurs-en-disent-16-premieres-impressions\/\"},\"author\":{\"name\":\"Philippe.Pierquin\",\"@id\":\"https:\/\/welovecinema.be\/nl\/#\/schema\/person\/4b9b1d857f0943453a38a7c2859ef756\"},\"headline\":\"Marina &#8211; Ce que les spectateurs en disent &#8211; 1\/6 &#8211; Premi\u00e8res impressions\",\"datePublished\":\"2013-11-07T09:33:50+00:00\",\"dateModified\":\"2013-11-07T13:00:11+00:00\",\"mainEntityOfPage\":{\"@id\":\"https:\/\/welovecinema.be\/fr\/marina-ce-les-spectateurs-en-disent-16-premieres-impressions\/\"},\"wordCount\":148,\"publisher\":{\"@id\":\"https:\/\/welovecinema.be\/nl\/#organization\"},\"articleSection\":[\"En bref\"],\"inLanguage\":\"fr-FR\"},{\"@type\":\"WebPage\",\"@id\":\"https:\/\/welovecinema.be\/fr\/marina-ce-les-spectateurs-en-disent-16-premieres-impressions\/\",\"url\":\"https:\/\/welovecinema.be\/fr\/marina-ce-les-spectateurs-en-disent-16-premieres-impressions\/\",\"name\":\"Marina - Ce que les spectateurs en disent - 1\/6 - Premi\u00e8res impressions - We Love Cinema\",\"isPartOf\":{\"@id\":\"https:\/\/welovecinema.be\/nl\/#website\"},\"datePublished\":\"2013-11-07T09:33:50+00:00\",\"dateModified\":\"2013-11-07T13:00:11+00:00\",\"breadcrumb\":{\"@id\":\"https:\/\/welovecinema.be\/fr\/marina-ce-les-spectateurs-en-disent-16-premieres-impressions\/#breadcrumb\"},\"inLanguage\":\"fr-FR\",\"potentialAction\":[{\"@type\":\"ReadAction\",\"target\":[\"https:\/\/welovecinema.be\/fr\/marina-ce-les-spectateurs-en-disent-16-premieres-impressions\/\"]}]},{\"@type\":\"BreadcrumbList\",\"@id\":\"https:\/\/welovecinema.be\/fr\/marina-ce-les-spectateurs-en-disent-16-premieres-impressions\/#breadcrumb\",\"itemListElement\":[{\"@type\":\"ListItem\",\"position\":1,\"name\":\"Accueil\",\"item\":\"https:\/\/welovecinema.be\/fr\/\"},{\"@type\":\"ListItem\",\"position\":2,\"name\":\"Marina &#8211; Ce que les spectateurs en disent &#8211; 1\/6 &#8211; Premi\u00e8res impressions\"}]},{\"@type\":\"WebSite\",\"@id\":\"https:\/\/welovecinema.be\/nl\/#website\",\"url\":\"https:\/\/welovecinema.be\/nl\/\",\"name\":\"We Love Cinema\",\"description\":\"Toute l\u2019information du cin\u00e9ma en Belgique\",\"publisher\":{\"@id\":\"https:\/\/welovecinema.be\/nl\/#organization\"},\"potentialAction\":[{\"@type\":\"SearchAction\",\"target\":{\"@type\":\"EntryPoint\",\"urlTemplate\":\"https:\/\/welovecinema.be\/nl\/?s={search_term_string}\"},\"query-input\":\"required name=search_term_string\"}],\"inLanguage\":\"fr-FR\"},{\"@type\":\"Organization\",\"@id\":\"https:\/\/welovecinema.be\/nl\/#organization\",\"name\":\"We Love Cinema\",\"url\":\"https:\/\/welovecinema.be\/nl\/\",\"logo\":{\"@type\":\"ImageObject\",\"inLanguage\":\"fr-FR\",\"@id\":\"https:\/\/welovecinema.be\/nl\/#\/schema\/logo\/image\/\",\"url\":\"https:\/\/welovecinema.be\/wp-content\/uploads\/sites\/2\/2023\/03\/Logo-We-Love-Cinema305x128.jpg\",\"contentUrl\":\"https:\/\/welovecinema.be\/wp-content\/uploads\/sites\/2\/2023\/03\/Logo-We-Love-Cinema305x128.jpg\",\"width\":305,\"height\":128,\"caption\":\"We Love Cinema\"},\"image\":{\"@id\":\"https:\/\/welovecinema.be\/nl\/#\/schema\/logo\/image\/\"},\"sameAs\":[\"https:\/\/www.facebook.com\/welovecinema.be\",\"https:\/\/www.youtube.com\/channel\/UCX5LYGVhnKvYauW4Nta4HJA\",\"https:\/\/www.instagram.com\/welovecinema.be\/\"]},{\"@type\":\"Person\",\"@id\":\"https:\/\/welovecinema.be\/nl\/#\/schema\/person\/4b9b1d857f0943453a38a7c2859ef756\",\"name\":\"Philippe.Pierquin\",\"url\":\"https:\/\/welovecinema.be\/fr\/author\/philippe-pierquin\/\"}]}<\/script>\n<!-- \/ Yoast SEO plugin. -->","yoast_head_json":{"title":"Marina - Ce que les spectateurs en disent - 1\/6 - Premi\u00e8res impressions - We Love Cinema","robots":{"index":"index","follow":"follow","max-snippet":"max-snippet:-1","max-image-preview":"max-image-preview:large","max-video-preview":"max-video-preview:-1"},"canonical":"https:\/\/welovecinema.be\/fr\/marina-ce-les-spectateurs-en-disent-16-premieres-impressions\/","og_locale":"fr_FR","og_type":"article","og_title":"Marina - Ce que les spectateurs en disent - 1\/6 - Premi\u00e8res impressions - We Love Cinema","og_description":"En septembre, Cinevox a profit\u00e9 des BNP Paribas Fortis Film Days pour organiser quelques Cinevox Happenings. En vedette, Morrocan Gigolos et Vijay and I. Plus un film secret, pr\u00e9sent\u00e9 sous la banni\u00e8re \u00ab\u00a0Sneak Preview\u00a0\u00bb \u00e0 l&rsquo;UGC de Brouck\u00e8re et au Cinepointcom \u00e0 Charleroi.","og_url":"https:\/\/welovecinema.be\/fr\/marina-ce-les-spectateurs-en-disent-16-premieres-impressions\/","og_site_name":"We Love Cinema","article_publisher":"https:\/\/www.facebook.com\/welovecinema.be","article_published_time":"2013-11-07T09:33:50+00:00","article_modified_time":"2013-11-07T13:00:11+00:00","og_image":[{"width":1268,"height":529,"url":"https:\/\/welovecinema.be\/wp-content\/uploads\/sites\/2\/2010\/10\/maxresdefault.jpg","type":"image\/jpeg"}],"author":"Philippe.Pierquin","twitter_card":"summary_large_image","twitter_misc":{"\u00c9crit par":"Philippe.Pierquin","Dur\u00e9e de lecture estim\u00e9e":"1 minute"},"schema":{"@context":"https:\/\/schema.org","@graph":[{"@type":"Article","@id":"https:\/\/welovecinema.be\/fr\/marina-ce-les-spectateurs-en-disent-16-premieres-impressions\/#article","isPartOf":{"@id":"https:\/\/welovecinema.be\/fr\/marina-ce-les-spectateurs-en-disent-16-premieres-impressions\/"},"author":{"name":"Philippe.Pierquin","@id":"https:\/\/welovecinema.be\/nl\/#\/schema\/person\/4b9b1d857f0943453a38a7c2859ef756"},"headline":"Marina &#8211; Ce que les spectateurs en disent &#8211; 1\/6 &#8211; Premi\u00e8res impressions","datePublished":"2013-11-07T09:33:50+00:00","dateModified":"2013-11-07T13:00:11+00:00","mainEntityOfPage":{"@id":"https:\/\/welovecinema.be\/fr\/marina-ce-les-spectateurs-en-disent-16-premieres-impressions\/"},"wordCount":148,"publisher":{"@id":"https:\/\/welovecinema.be\/nl\/#organization"},"articleSection":["En bref"],"inLanguage":"fr-FR"},{"@type":"WebPage","@id":"https:\/\/welovecinema.be\/fr\/marina-ce-les-spectateurs-en-disent-16-premieres-impressions\/","url":"https:\/\/welovecinema.be\/fr\/marina-ce-les-spectateurs-en-disent-16-premieres-impressions\/","name":"Marina - Ce que les spectateurs en disent - 1\/6 - Premi\u00e8res impressions - We Love Cinema","isPartOf":{"@id":"https:\/\/welovecinema.be\/nl\/#website"},"datePublished":"2013-11-07T09:33:50+00:00","dateModified":"2013-11-07T13:00:11+00:00","breadcrumb":{"@id":"https:\/\/welovecinema.be\/fr\/marina-ce-les-spectateurs-en-disent-16-premieres-impressions\/#breadcrumb"},"inLanguage":"fr-FR","potentialAction":[{"@type":"ReadAction","target":["https:\/\/welovecinema.be\/fr\/marina-ce-les-spectateurs-en-disent-16-premieres-impressions\/"]}]},{"@type":"BreadcrumbList","@id":"https:\/\/welovecinema.be\/fr\/marina-ce-les-spectateurs-en-disent-16-premieres-impressions\/#breadcrumb","itemListElement":[{"@type":"ListItem","position":1,"name":"Accueil","item":"https:\/\/welovecinema.be\/fr\/"},{"@type":"ListItem","position":2,"name":"Marina &#8211; Ce que les spectateurs en disent &#8211; 1\/6 &#8211; Premi\u00e8res impressions"}]},{"@type":"WebSite","@id":"https:\/\/welovecinema.be\/nl\/#website","url":"https:\/\/welovecinema.be\/nl\/","name":"We Love Cinema","description":"Toute l\u2019information du cin\u00e9ma en Belgique","publisher":{"@id":"https:\/\/welovecinema.be\/nl\/#organization"},"potentialAction":[{"@type":"SearchAction","target":{"@type":"EntryPoint","urlTemplate":"https:\/\/welovecinema.be\/nl\/?s={search_term_string}"},"query-input":"required name=search_term_string"}],"inLanguage":"fr-FR"},{"@type":"Organization","@id":"https:\/\/welovecinema.be\/nl\/#organization","name":"We Love Cinema","url":"https:\/\/welovecinema.be\/nl\/","logo":{"@type":"ImageObject","inLanguage":"fr-FR","@id":"https:\/\/welovecinema.be\/nl\/#\/schema\/logo\/image\/","url":"https:\/\/welovecinema.be\/wp-content\/uploads\/sites\/2\/2023\/03\/Logo-We-Love-Cinema305x128.jpg","contentUrl":"https:\/\/welovecinema.be\/wp-content\/uploads\/sites\/2\/2023\/03\/Logo-We-Love-Cinema305x128.jpg","width":305,"height":128,"caption":"We Love Cinema"},"image":{"@id":"https:\/\/welovecinema.be\/nl\/#\/schema\/logo\/image\/"},"sameAs":["https:\/\/www.facebook.com\/welovecinema.be","https:\/\/www.youtube.com\/channel\/UCX5LYGVhnKvYauW4Nta4HJA","https:\/\/www.instagram.com\/welovecinema.be\/"]},{"@type":"Person","@id":"https:\/\/welovecinema.be\/nl\/#\/schema\/person\/4b9b1d857f0943453a38a7c2859ef756","name":"Philippe.Pierquin","url":"https:\/\/welovecinema.be\/fr\/author\/philippe-pierquin\/"}]}},"_links":{"self":[{"href":"https:\/\/welovecinema.be\/fr\/wp-json\/wp\/v2\/posts\/47463","targetHints":{"allow":["GET"]}}],"collection":[{"href":"https:\/\/welovecinema.be\/fr\/wp-json\/wp\/v2\/posts"}],"about":[{"href":"https:\/\/welovecinema.be\/fr\/wp-json\/wp\/v2\/types\/post"}],"author":[{"embeddable":true,"href":"https:\/\/welovecinema.be\/fr\/wp-json\/wp\/v2\/users\/7"}],"replies":[{"embeddable":true,"href":"https:\/\/welovecinema.be\/fr\/wp-json\/wp\/v2\/comments?post=47463"}],"version-history":[{"count":0,"href":"https:\/\/welovecinema.be\/fr\/wp-json\/wp\/v2\/posts\/47463\/revisions"}],"wp:featuredmedia":[{"embeddable":true,"href":"https:\/\/welovecinema.be\/fr\/wp-json\/wp\/v2\/media\/47464"}],"wp:attachment":[{"href":"https:\/\/welovecinema.be\/fr\/wp-json\/wp\/v2\/media?parent=47463"}],"wp:term":[{"taxonomy":"category","embeddable":true,"href":"https:\/\/welovecinema.be\/fr\/wp-json\/wp\/v2\/categories?post=47463"},{"taxonomy":"post_tag","embeddable":true,"href":"https:\/\/welovecinema.be\/fr\/wp-json\/wp\/v2\/tags?post=47463"}],"curies":[{"name":"wp","href":"https:\/\/api.w.org\/{rel}","templated":true}]}}