{"id":47329,"date":"2013-10-28T05:51:24","date_gmt":"2013-10-28T04:51:24","guid":{"rendered":"http:\/\/www.cinevox.be\/?p=47329"},"modified":"2013-10-28T15:47:19","modified_gmt":"2013-10-28T14:47:19","slug":"marina-bouleversante-lecon-cinema","status":"publish","type":"post","link":"https:\/\/welovecinema.be\/fr\/marina-bouleversante-lecon-cinema\/","title":{"rendered":"Marina : une bouleversante le\u00e7on de cin\u00e9ma"},"content":{"rendered":"<p>Rocco est n\u00e9 en Italie en 1938. Il a v\u00e9cu et grandi dans un agr\u00e9able petit village, plut\u00f4t retir\u00e9 du monde. Son existence dans les montagnes de Calabre n\u2019a rien de tr\u00e8s fastueuse, mais il y est heureux\u2026 jusqu\u2019au jour o\u00f9 son p\u00e8re d\u00e9cide de partir. En qu\u00eate d\u2019un avenir meilleur pour sa famille. Sa destination? La Belgique, terre promise ! Salvatore compte y gagner beaucoup d\u2019argent en peu de temps en travaillant dans les mines. Ensuite, il reviendra dans son pays natal. Mais comme la fortune vient moins vite que pr\u00e9vu, il demande \u00e0 sa femme et \u00e0 ses enfants de le rejoindre dans le Limbourg.<\/p>\n<p>Du jour au lendemain, le jeune Rocco est un \u00ab\u00a0immigr\u00e9\u00a0\u00bb, un \u00ab\u00a0macaroni\u00a0\u00bb avec toutes les cons\u00e9quences et la ranc\u0153ur que cela implique. Heureusement, ce gamin tr\u00e8s d\u00e9gourdi a une passion : l\u2019accord\u00e9on ! Et s\u2019il compte bien devenir \u00ab\u00a0quelqu\u2019un\u00a0\u00bb, c\u2019est uniquement en s\u2019imposant comme un musicien respect\u00e9, un artiste.<\/p>\n<p>Pour son p\u00e8re qui trime chaque jour jusqu\u2019aux limites de ses forces dans les profondeurs noires de son nouveau pays, c\u2019est un choix de carri\u00e8re optimiste, difficile \u00e0 accepter.<!--more--><\/p>\n<p>&nbsp;<\/p>\n<p>&nbsp;<\/p>\n<p><a href=\"http:\/\/www.cinevox.be\/marina-emouvante-lecon-cinema\/49279-2\/\" rel=\"attachment wp-att-47340\"><img loading=\"lazy\" decoding=\"async\" class=\"aligncenter size-full wp-image-47340\" alt=\"\" src=\"http:\/\/www.cinevox.be\/wp-content\/uploads\/sites\/2\/2010\/10\/49279.jpg\" width=\"640\" height=\"360\" srcset=\"https:\/\/welovecinema.be\/wp-content\/uploads\/sites\/2\/2010\/10\/49279.jpg 640w, https:\/\/welovecinema.be\/wp-content\/uploads\/sites\/2\/2010\/10\/49279-200x113.jpg 200w, https:\/\/welovecinema.be\/wp-content\/uploads\/sites\/2\/2010\/10\/49279-480x270.jpg 480w, https:\/\/welovecinema.be\/wp-content\/uploads\/sites\/2\/2010\/10\/49279-300x169.jpg 300w, https:\/\/welovecinema.be\/wp-content\/uploads\/sites\/2\/2010\/10\/49279-620x350.jpg 620w\" sizes=\"auto, (max-width: 640px) 100vw, 640px\" \/><\/a><\/p>\n<p>&nbsp;<\/p>\n<p>Comme vous le savez sans doute : <i>Marina<\/i> est une histoire vraie. Dans les grandes lignes.<\/p>\n<p>Rocco existe. Il appara\u00eet m\u00eame dans le film : c\u2019est lui qui vend l\u2019accord\u00e9on \u00e0 <b>Matteo Simoni<\/b> dans l\u2019\u00e9choppe bruxelloise. En 2013, Rocco Granata reste un artiste tr\u00e8s connu dans le monde entier gr\u00e2ce \u00e0 son hit Marina qui fit le tour de la plan\u00e8te et continue d\u2019\u00eatre diffus\u00e9 \u00e0 intervalles r\u00e9guliers. Les supporters du club de football de Genk le savent bien, eux qui entendent r\u00e9guli\u00e8rement la chanson pendant la mi-temps des matches que leurs favoris jouent \u00e0 domicile.<\/p>\n<p>Oui, aujourd\u2019hui, Rocco (ci-dessous avec Matteo Simoni) est une fiert\u00e9 pour les locaux. Vous verrez avec ce film que ce ne fut pas toujours le cas.<\/p>\n<p>&nbsp;<\/p>\n<p><a href=\"http:\/\/www.cinevox.be\/marina-emouvante-lecon-cinema\/580323_375399952534289_644853512_n-800x529\/\" rel=\"attachment wp-att-47332\"><img loading=\"lazy\" decoding=\"async\" class=\"aligncenter size-full wp-image-47332\" alt=\"\" src=\"http:\/\/www.cinevox.be\/wp-content\/uploads\/sites\/2\/2013\/10\/580323_375399952534289_644853512_n-800x529.jpg\" width=\"800\" height=\"529\" srcset=\"https:\/\/welovecinema.be\/wp-content\/uploads\/sites\/2\/2013\/10\/580323_375399952534289_644853512_n-800x529.jpg 800w, https:\/\/welovecinema.be\/wp-content\/uploads\/sites\/2\/2013\/10\/580323_375399952534289_644853512_n-800x529-408x270.jpg 408w\" sizes=\"auto, (max-width: 800px) 100vw, 800px\" \/><\/a><\/p>\n<p>&nbsp;<\/p>\n<p>Comme <i>Soeur Sourire<\/i>, <i>Marina<\/i> est donc un biopic romanc\u00e9, une sp\u00e9cialit\u00e9 de <b>Stijn Coninx<\/b> (ci-dessous sur le plateau italien du film), r\u00e9alisateur qui connut tr\u00e8s jeune la gloire en \u00e9tant s\u00e9lectionn\u00e9 pour l\u2019Oscar du meilleur film \u00e9tranger en 1993 avec <i>Daens.<\/i> Il y fut battu par Regis Wargnier et <i>Indochine<\/i>. Mais, \u00e0 35 ans, pour son troisi\u00e8me long m\u00e9trage c\u2019est bien s\u00fbr un souvenir qui marque un homme. Vingt ans plus tard, le voil\u00e0 de retour aux commandes d\u2019un blockbuster potentiel qui pourrait charmer son public bien au-del\u00e0 de nos fronti\u00e8res. Un vrai film belge, puisque produit par Eyeworks (<i>Loft, De Zaak Alzheimer, Tot Altijd, Het Vonnis<\/i>) et coproduit par les Films du Fleuve des fr\u00e8res Dardenne (<i>L&rsquo;Exercice de l&rsquo;Etat, Looking for Eric\u2026<\/i>). L\u2019alliance n\u2019est pas innocente !<\/p>\n<p>&nbsp;<\/p>\n<p><a href=\"http:\/\/www.cinevox.be\/marina-emouvante-lecon-cinema\/421207_370993662974918_83988899_n-3\/\" rel=\"attachment wp-att-47333\"><img loading=\"lazy\" decoding=\"async\" class=\"aligncenter size-large wp-image-47333\" alt=\"\" src=\"http:\/\/www.cinevox.be\/wp-content\/uploads\/sites\/2\/2013\/10\/421207_370993662974918_83988899_n-800x505.jpg\" width=\"640\" height=\"404\" srcset=\"https:\/\/welovecinema.be\/wp-content\/uploads\/sites\/2\/2013\/10\/421207_370993662974918_83988899_n-800x505.jpg 800w, https:\/\/welovecinema.be\/wp-content\/uploads\/sites\/2\/2013\/10\/421207_370993662974918_83988899_n-427x270.jpg 427w, https:\/\/welovecinema.be\/wp-content\/uploads\/sites\/2\/2013\/10\/421207_370993662974918_83988899_n.jpg 960w\" sizes=\"auto, (max-width: 640px) 100vw, 640px\" \/><\/a><\/p>\n<p>&nbsp;<\/p>\n<p>&nbsp;<\/p>\n<p>Situ\u00e9 dans le Limbourg, avec une br\u00e8ve incursion \u00e0 Bruxelles (le tournage de cette sc\u00e8ne a, en fait, eu lieu dans la r\u00e9gion de Li\u00e8ge lors de notre passage, voir <a href=\"http:\/\/www.cinevox.be\/grand-ecran-cinevox-17\" target=\"_blank\">ICI<\/a>), <i>Marina<\/i> raconte une histoire qui int\u00e9ressera autant le spectateur wallon que flamand. La r\u00e9alit\u00e9 qui y est d\u00e9peinte est en effet celle qu\u2019a aussi v\u00e9cue en Wallonie la premi\u00e8re g\u00e9n\u00e9ration d\u2019immigr\u00e9s; des travailleurs m\u00e9pris\u00e9s par les locaux, incompris, isol\u00e9s, mais heureusement solidaires.<\/p>\n<p>Un des grands attraits du film est de montrer, pour la premi\u00e8re fois dans un film de cette envergure, cette relation ambigu\u00eb entre Belges et Italiens qui d\u00e9bouche d\u2019une fa\u00e7on h\u00e9las beaucoup plus large sur la confrontation permanente entre les autochtones et ceux qui r\u00eavent de s\u2019implanter quelque part pour y conna\u00eetre une existence plus agr\u00e9able. C\u2019est le g\u00e9nie de cette histoire qui part d\u2019un cas individuel (Rocco et sa famille) pour \u00e9voquer un th\u00e8me plus g\u00e9n\u00e9ral et soudain atteindre une port\u00e9e universelle.<\/p>\n<p>Un miracle? Pas vraiment. Plut\u00f4t le r\u00e9sultat d\u2019une lente maturation.<\/p>\n<p>&nbsp;<\/p>\n<p><a href=\"http:\/\/www.cinevox.be\/marina-emouvante-lecon-cinema\/14_05_28_film_marina_01_1939_2279_2938_4192\/\" rel=\"attachment wp-att-47334\"><img loading=\"lazy\" decoding=\"async\" class=\"aligncenter size-large wp-image-47334\" alt=\"\" src=\"http:\/\/www.cinevox.be\/wp-content\/uploads\/sites\/2\/2013\/10\/14_05_28_film_marina_01_1939_2279_2938_4192-800x355.jpg\" width=\"640\" height=\"284\" srcset=\"https:\/\/welovecinema.be\/wp-content\/uploads\/sites\/2\/2013\/10\/14_05_28_film_marina_01_1939_2279_2938_4192-800x355.jpg 800w, https:\/\/welovecinema.be\/wp-content\/uploads\/sites\/2\/2013\/10\/14_05_28_film_marina_01_1939_2279_2938_4192-480x213.jpg 480w, https:\/\/welovecinema.be\/wp-content\/uploads\/sites\/2\/2013\/10\/14_05_28_film_marina_01_1939_2279_2938_4192.jpg 900w\" sizes=\"auto, (max-width: 640px) 100vw, 640px\" \/><\/a><\/p>\n<p>&nbsp;<\/p>\n<p>Lorsque <b>Stijn Coninx<\/b> vint trouver <b>Peter Bouckaert<\/b> pour lui expliquer qu\u2019il pensait r\u00e9aliser un film sur Rocco Granata, la premi\u00e8re question qui se pr\u00e9senta \u00e0 l\u2019esprit du pragmatique producteur fut : \u00ab\u00a0qui va s\u2019int\u00e9resser \u00e0 ton histoire?\u00a0\u00bb Puis, plus pr\u00e9cis\u00e9ment : \u00ab\u00a0comment vas-tu captiver le public?\u00a0\u00bb<\/p>\n<p>Commen\u00e7a alors un long travail de r\u00e9flexion, puis une p\u00e9riode d\u2019\u00e9criture pendant laquelle Stijn Coninx collabora avec <b>Rik D\u2019Hiet<\/b>, sc\u00e9nariste rompu aux s\u00e9ries t\u00e9l\u00e9.<\/p>\n<p>La derni\u00e8re phase, la mise en production du film, ne fut pas la plus simple. Mais, m\u00eame avec un budget inf\u00e9rieur \u00e0 l\u2019attente, tout le monde d\u00e9cida de se lancer dans l\u2019aventure.<\/p>\n<p>&nbsp;<\/p>\n<p>En tout, six ans se seront \u00e9coul\u00e9s entre le moment o\u00f9 le projet germa d\u2019une rencontre entre Stijn et Rocco et la date du 6 novembre 2013 o\u00f9 le film sortira enfin dans les salles belges. Distribu\u00e9 par KFD,\u00a0<i>Marina<\/i>\u00a0a indiscutablement le potentiel d\u2019un v\u00e9ritable blockbuster, mais notait Peter Bouckaert \u00e0 Bruxelles lors des sneak previews organis\u00e9es par Cinevox, \u00ab\u00a0c\u2019est un film beaucoup plus difficile \u00e0 vendre que\u00a0<i>Het Vonnis<\/i>\u00a0dont le th\u00e8me ne pouvait qu\u2019int\u00e9resser massivement les spectateurs potentiels, bien au-del\u00e0 des cercles de cin\u00e9philes\u00a0\u00bb.<\/p>\n<p>&nbsp;<\/p>\n<p><a href=\"http:\/\/www.cinevox.be\/marina-emouvante-lecon-cinema\/bxl_8-3\/\" rel=\"attachment wp-att-47335\"><img loading=\"lazy\" decoding=\"async\" class=\"aligncenter size-large wp-image-47335\" alt=\"\" src=\"http:\/\/www.cinevox.be\/wp-content\/uploads\/sites\/2\/2013\/10\/BXL_8-800x450.jpg\" width=\"640\" height=\"360\" srcset=\"https:\/\/welovecinema.be\/wp-content\/uploads\/sites\/2\/2013\/10\/BXL_8-800x450.jpg 800w, https:\/\/welovecinema.be\/wp-content\/uploads\/sites\/2\/2013\/10\/BXL_8-200x113.jpg 200w, https:\/\/welovecinema.be\/wp-content\/uploads\/sites\/2\/2013\/10\/BXL_8-480x270.jpg 480w, https:\/\/welovecinema.be\/wp-content\/uploads\/sites\/2\/2013\/10\/BXL_8-300x169.jpg 300w, https:\/\/welovecinema.be\/wp-content\/uploads\/sites\/2\/2013\/10\/BXL_8-620x350.jpg 620w, https:\/\/welovecinema.be\/wp-content\/uploads\/sites\/2\/2013\/10\/BXL_8.jpg 1920w\" sizes=\"auto, (max-width: 640px) 100vw, 640px\" \/><\/a><\/p>\n<p>&nbsp;<\/p>\n<p>Le salut de <i>Marina <\/i>r\u00e9side en fait dans le bouche-\u00e0-oreille\u2026 qui sera forc\u00e9ment excellent : nous n\u2019avons pas crois\u00e9 \u00e0 l\u2019issue de nos avant-premi\u00e8res le moindre spectateur qui soit ne f\u00fbt-ce que mitig\u00e9. Encore faut-il que la bonne parole se r\u00e9pande suffisamment vite pour assurer au film un parc de salles cons\u00e9quent d\u00e8s sa deuxi\u00e8me semaine.<\/p>\n<p>Acteurs, sc\u00e9nariste, r\u00e9alisateur et producteurs comptent bien s\u00fbr sur les chanceux qui ont pu d\u00e9couvrir ce petit bijou en avant-premi\u00e8re pour \u00eatre ses ambassadeurs.<br \/>\nSi le c\u0153ur vous en dit, ne vous g\u00eanez pas\u2026<\/p>\n<p>&nbsp;<\/p>\n<p>&nbsp;<\/p>\n<p><em>\u00a0(nous allons prochainement publier les r\u00e9actions des spectateurs recueillies lors des avant-premi\u00e8res Cinevox. Six s\u00e9quences qui devraient vous donner envie d&rsquo;en voir plus&#8230;)<\/em><\/p>\n","protected":false},"excerpt":{"rendered":"<p>Rocco est n\u00e9 en Italie en 1938. Il a v\u00e9cu et grandi dans un agr\u00e9able petit village, plut\u00f4t retir\u00e9 du monde. Son existence dans les montagnes de Calabre n\u2019a rien de tr\u00e8s fastueuse, mais il y est heureux\u2026 jusqu\u2019au jour o\u00f9 son p\u00e8re d\u00e9cide de partir. En qu\u00eate d\u2019un avenir meilleur pour sa famille. Sa &hellip;<\/p>\n","protected":false},"author":7,"featured_media":47337,"comment_status":"closed","ping_status":"closed","sticky":false,"template":"","format":"standard","meta":{"ngg_post_thumbnail":0,"footnotes":""},"categories":[53],"tags":[],"class_list":["post-47329","post","type-post","status-publish","format-standard","has-post-thumbnail","","category-coming-soon"],"yoast_head":"<!-- This site is optimized with the Yoast SEO plugin v20.4 - https:\/\/yoast.com\/wordpress\/plugins\/seo\/ -->\n<title>Marina : une bouleversante le\u00e7on de cin\u00e9ma  - We Love Cinema<\/title>\n<meta name=\"robots\" content=\"index, follow, max-snippet:-1, max-image-preview:large, max-video-preview:-1\" \/>\n<link rel=\"canonical\" href=\"https:\/\/welovecinema.be\/fr\/marina-bouleversante-lecon-cinema\/\" \/>\n<meta property=\"og:locale\" content=\"fr_FR\" \/>\n<meta property=\"og:type\" content=\"article\" \/>\n<meta property=\"og:title\" content=\"Marina : une bouleversante le\u00e7on de cin\u00e9ma  - We Love Cinema\" \/>\n<meta property=\"og:description\" content=\"Rocco est n\u00e9 en Italie en 1938. Il a v\u00e9cu et grandi dans un agr\u00e9able petit village, plut\u00f4t retir\u00e9 du monde. Son existence dans les montagnes de Calabre n\u2019a rien de tr\u00e8s fastueuse, mais il y est heureux\u2026 jusqu\u2019au jour o\u00f9 son p\u00e8re d\u00e9cide de partir. En qu\u00eate d\u2019un avenir meilleur pour sa famille. Sa &hellip;\" \/>\n<meta property=\"og:url\" content=\"https:\/\/welovecinema.be\/fr\/marina-bouleversante-lecon-cinema\/\" \/>\n<meta property=\"og:site_name\" content=\"We Love Cinema\" \/>\n<meta property=\"article:publisher\" content=\"https:\/\/www.facebook.com\/welovecinema.be\" \/>\n<meta property=\"article:published_time\" content=\"2013-10-28T04:51:24+00:00\" \/>\n<meta property=\"article:modified_time\" content=\"2013-10-28T14:47:19+00:00\" \/>\n<meta property=\"og:image\" content=\"https:\/\/welovecinema.be\/wp-content\/uploads\/sites\/2\/2010\/10\/video1-large.jpg\" \/>\n\t<meta property=\"og:image:width\" content=\"2560\" \/>\n\t<meta property=\"og:image:height\" content=\"1504\" \/>\n\t<meta property=\"og:image:type\" content=\"image\/jpeg\" \/>\n<meta name=\"author\" content=\"Philippe.Pierquin\" \/>\n<meta name=\"twitter:card\" content=\"summary_large_image\" \/>\n<meta name=\"twitter:label1\" content=\"\u00c9crit par\" \/>\n\t<meta name=\"twitter:data1\" content=\"Philippe.Pierquin\" \/>\n\t<meta name=\"twitter:label2\" content=\"Dur\u00e9e de lecture estim\u00e9e\" \/>\n\t<meta name=\"twitter:data2\" content=\"5 minutes\" \/>\n<script type=\"application\/ld+json\" class=\"yoast-schema-graph\">{\"@context\":\"https:\/\/schema.org\",\"@graph\":[{\"@type\":\"Article\",\"@id\":\"https:\/\/welovecinema.be\/fr\/marina-bouleversante-lecon-cinema\/#article\",\"isPartOf\":{\"@id\":\"https:\/\/welovecinema.be\/fr\/marina-bouleversante-lecon-cinema\/\"},\"author\":{\"name\":\"Philippe.Pierquin\",\"@id\":\"https:\/\/welovecinema.be\/nl\/#\/schema\/person\/4b9b1d857f0943453a38a7c2859ef756\"},\"headline\":\"Marina : une bouleversante le\u00e7on de cin\u00e9ma\",\"datePublished\":\"2013-10-28T04:51:24+00:00\",\"dateModified\":\"2013-10-28T14:47:19+00:00\",\"mainEntityOfPage\":{\"@id\":\"https:\/\/welovecinema.be\/fr\/marina-bouleversante-lecon-cinema\/\"},\"wordCount\":1043,\"publisher\":{\"@id\":\"https:\/\/welovecinema.be\/nl\/#organization\"},\"articleSection\":[\"Coming soon\"],\"inLanguage\":\"fr-FR\"},{\"@type\":\"WebPage\",\"@id\":\"https:\/\/welovecinema.be\/fr\/marina-bouleversante-lecon-cinema\/\",\"url\":\"https:\/\/welovecinema.be\/fr\/marina-bouleversante-lecon-cinema\/\",\"name\":\"Marina : une bouleversante le\u00e7on de cin\u00e9ma - We Love Cinema\",\"isPartOf\":{\"@id\":\"https:\/\/welovecinema.be\/nl\/#website\"},\"datePublished\":\"2013-10-28T04:51:24+00:00\",\"dateModified\":\"2013-10-28T14:47:19+00:00\",\"breadcrumb\":{\"@id\":\"https:\/\/welovecinema.be\/fr\/marina-bouleversante-lecon-cinema\/#breadcrumb\"},\"inLanguage\":\"fr-FR\",\"potentialAction\":[{\"@type\":\"ReadAction\",\"target\":[\"https:\/\/welovecinema.be\/fr\/marina-bouleversante-lecon-cinema\/\"]}]},{\"@type\":\"BreadcrumbList\",\"@id\":\"https:\/\/welovecinema.be\/fr\/marina-bouleversante-lecon-cinema\/#breadcrumb\",\"itemListElement\":[{\"@type\":\"ListItem\",\"position\":1,\"name\":\"Accueil\",\"item\":\"https:\/\/welovecinema.be\/fr\/\"},{\"@type\":\"ListItem\",\"position\":2,\"name\":\"Marina : une bouleversante le\u00e7on de cin\u00e9ma\"}]},{\"@type\":\"WebSite\",\"@id\":\"https:\/\/welovecinema.be\/nl\/#website\",\"url\":\"https:\/\/welovecinema.be\/nl\/\",\"name\":\"We Love Cinema\",\"description\":\"Toute l\u2019information du cin\u00e9ma en Belgique\",\"publisher\":{\"@id\":\"https:\/\/welovecinema.be\/nl\/#organization\"},\"potentialAction\":[{\"@type\":\"SearchAction\",\"target\":{\"@type\":\"EntryPoint\",\"urlTemplate\":\"https:\/\/welovecinema.be\/nl\/?s={search_term_string}\"},\"query-input\":\"required name=search_term_string\"}],\"inLanguage\":\"fr-FR\"},{\"@type\":\"Organization\",\"@id\":\"https:\/\/welovecinema.be\/nl\/#organization\",\"name\":\"We Love Cinema\",\"url\":\"https:\/\/welovecinema.be\/nl\/\",\"logo\":{\"@type\":\"ImageObject\",\"inLanguage\":\"fr-FR\",\"@id\":\"https:\/\/welovecinema.be\/nl\/#\/schema\/logo\/image\/\",\"url\":\"https:\/\/welovecinema.be\/wp-content\/uploads\/sites\/2\/2023\/03\/Logo-We-Love-Cinema305x128.jpg\",\"contentUrl\":\"https:\/\/welovecinema.be\/wp-content\/uploads\/sites\/2\/2023\/03\/Logo-We-Love-Cinema305x128.jpg\",\"width\":305,\"height\":128,\"caption\":\"We Love Cinema\"},\"image\":{\"@id\":\"https:\/\/welovecinema.be\/nl\/#\/schema\/logo\/image\/\"},\"sameAs\":[\"https:\/\/www.facebook.com\/welovecinema.be\",\"https:\/\/www.youtube.com\/channel\/UCX5LYGVhnKvYauW4Nta4HJA\",\"https:\/\/www.instagram.com\/welovecinema.be\/\"]},{\"@type\":\"Person\",\"@id\":\"https:\/\/welovecinema.be\/nl\/#\/schema\/person\/4b9b1d857f0943453a38a7c2859ef756\",\"name\":\"Philippe.Pierquin\",\"url\":\"https:\/\/welovecinema.be\/fr\/author\/philippe-pierquin\/\"}]}<\/script>\n<!-- \/ Yoast SEO plugin. -->","yoast_head_json":{"title":"Marina : une bouleversante le\u00e7on de cin\u00e9ma  - We Love Cinema","robots":{"index":"index","follow":"follow","max-snippet":"max-snippet:-1","max-image-preview":"max-image-preview:large","max-video-preview":"max-video-preview:-1"},"canonical":"https:\/\/welovecinema.be\/fr\/marina-bouleversante-lecon-cinema\/","og_locale":"fr_FR","og_type":"article","og_title":"Marina : une bouleversante le\u00e7on de cin\u00e9ma  - We Love Cinema","og_description":"Rocco est n\u00e9 en Italie en 1938. Il a v\u00e9cu et grandi dans un agr\u00e9able petit village, plut\u00f4t retir\u00e9 du monde. Son existence dans les montagnes de Calabre n\u2019a rien de tr\u00e8s fastueuse, mais il y est heureux\u2026 jusqu\u2019au jour o\u00f9 son p\u00e8re d\u00e9cide de partir. En qu\u00eate d\u2019un avenir meilleur pour sa famille. Sa &hellip;","og_url":"https:\/\/welovecinema.be\/fr\/marina-bouleversante-lecon-cinema\/","og_site_name":"We Love Cinema","article_publisher":"https:\/\/www.facebook.com\/welovecinema.be","article_published_time":"2013-10-28T04:51:24+00:00","article_modified_time":"2013-10-28T14:47:19+00:00","og_image":[{"width":2560,"height":1504,"url":"https:\/\/welovecinema.be\/wp-content\/uploads\/sites\/2\/2010\/10\/video1-large.jpg","type":"image\/jpeg"}],"author":"Philippe.Pierquin","twitter_card":"summary_large_image","twitter_misc":{"\u00c9crit par":"Philippe.Pierquin","Dur\u00e9e de lecture estim\u00e9e":"5 minutes"},"schema":{"@context":"https:\/\/schema.org","@graph":[{"@type":"Article","@id":"https:\/\/welovecinema.be\/fr\/marina-bouleversante-lecon-cinema\/#article","isPartOf":{"@id":"https:\/\/welovecinema.be\/fr\/marina-bouleversante-lecon-cinema\/"},"author":{"name":"Philippe.Pierquin","@id":"https:\/\/welovecinema.be\/nl\/#\/schema\/person\/4b9b1d857f0943453a38a7c2859ef756"},"headline":"Marina : une bouleversante le\u00e7on de cin\u00e9ma","datePublished":"2013-10-28T04:51:24+00:00","dateModified":"2013-10-28T14:47:19+00:00","mainEntityOfPage":{"@id":"https:\/\/welovecinema.be\/fr\/marina-bouleversante-lecon-cinema\/"},"wordCount":1043,"publisher":{"@id":"https:\/\/welovecinema.be\/nl\/#organization"},"articleSection":["Coming soon"],"inLanguage":"fr-FR"},{"@type":"WebPage","@id":"https:\/\/welovecinema.be\/fr\/marina-bouleversante-lecon-cinema\/","url":"https:\/\/welovecinema.be\/fr\/marina-bouleversante-lecon-cinema\/","name":"Marina : une bouleversante le\u00e7on de cin\u00e9ma - We Love Cinema","isPartOf":{"@id":"https:\/\/welovecinema.be\/nl\/#website"},"datePublished":"2013-10-28T04:51:24+00:00","dateModified":"2013-10-28T14:47:19+00:00","breadcrumb":{"@id":"https:\/\/welovecinema.be\/fr\/marina-bouleversante-lecon-cinema\/#breadcrumb"},"inLanguage":"fr-FR","potentialAction":[{"@type":"ReadAction","target":["https:\/\/welovecinema.be\/fr\/marina-bouleversante-lecon-cinema\/"]}]},{"@type":"BreadcrumbList","@id":"https:\/\/welovecinema.be\/fr\/marina-bouleversante-lecon-cinema\/#breadcrumb","itemListElement":[{"@type":"ListItem","position":1,"name":"Accueil","item":"https:\/\/welovecinema.be\/fr\/"},{"@type":"ListItem","position":2,"name":"Marina : une bouleversante le\u00e7on de cin\u00e9ma"}]},{"@type":"WebSite","@id":"https:\/\/welovecinema.be\/nl\/#website","url":"https:\/\/welovecinema.be\/nl\/","name":"We Love Cinema","description":"Toute l\u2019information du cin\u00e9ma en Belgique","publisher":{"@id":"https:\/\/welovecinema.be\/nl\/#organization"},"potentialAction":[{"@type":"SearchAction","target":{"@type":"EntryPoint","urlTemplate":"https:\/\/welovecinema.be\/nl\/?s={search_term_string}"},"query-input":"required name=search_term_string"}],"inLanguage":"fr-FR"},{"@type":"Organization","@id":"https:\/\/welovecinema.be\/nl\/#organization","name":"We Love Cinema","url":"https:\/\/welovecinema.be\/nl\/","logo":{"@type":"ImageObject","inLanguage":"fr-FR","@id":"https:\/\/welovecinema.be\/nl\/#\/schema\/logo\/image\/","url":"https:\/\/welovecinema.be\/wp-content\/uploads\/sites\/2\/2023\/03\/Logo-We-Love-Cinema305x128.jpg","contentUrl":"https:\/\/welovecinema.be\/wp-content\/uploads\/sites\/2\/2023\/03\/Logo-We-Love-Cinema305x128.jpg","width":305,"height":128,"caption":"We Love Cinema"},"image":{"@id":"https:\/\/welovecinema.be\/nl\/#\/schema\/logo\/image\/"},"sameAs":["https:\/\/www.facebook.com\/welovecinema.be","https:\/\/www.youtube.com\/channel\/UCX5LYGVhnKvYauW4Nta4HJA","https:\/\/www.instagram.com\/welovecinema.be\/"]},{"@type":"Person","@id":"https:\/\/welovecinema.be\/nl\/#\/schema\/person\/4b9b1d857f0943453a38a7c2859ef756","name":"Philippe.Pierquin","url":"https:\/\/welovecinema.be\/fr\/author\/philippe-pierquin\/"}]}},"_links":{"self":[{"href":"https:\/\/welovecinema.be\/fr\/wp-json\/wp\/v2\/posts\/47329","targetHints":{"allow":["GET"]}}],"collection":[{"href":"https:\/\/welovecinema.be\/fr\/wp-json\/wp\/v2\/posts"}],"about":[{"href":"https:\/\/welovecinema.be\/fr\/wp-json\/wp\/v2\/types\/post"}],"author":[{"embeddable":true,"href":"https:\/\/welovecinema.be\/fr\/wp-json\/wp\/v2\/users\/7"}],"replies":[{"embeddable":true,"href":"https:\/\/welovecinema.be\/fr\/wp-json\/wp\/v2\/comments?post=47329"}],"version-history":[{"count":0,"href":"https:\/\/welovecinema.be\/fr\/wp-json\/wp\/v2\/posts\/47329\/revisions"}],"wp:featuredmedia":[{"embeddable":true,"href":"https:\/\/welovecinema.be\/fr\/wp-json\/wp\/v2\/media\/47337"}],"wp:attachment":[{"href":"https:\/\/welovecinema.be\/fr\/wp-json\/wp\/v2\/media?parent=47329"}],"wp:term":[{"taxonomy":"category","embeddable":true,"href":"https:\/\/welovecinema.be\/fr\/wp-json\/wp\/v2\/categories?post=47329"},{"taxonomy":"post_tag","embeddable":true,"href":"https:\/\/welovecinema.be\/fr\/wp-json\/wp\/v2\/tags?post=47329"}],"curies":[{"name":"wp","href":"https:\/\/api.w.org\/{rel}","templated":true}]}}