{"id":4731,"date":"2011-09-08T06:47:37","date_gmt":"2011-09-08T06:47:37","guid":{"rendered":"http:\/\/www.cinevox.be\/?p=4731"},"modified":"2011-09-22T09:49:06","modified_gmt":"2011-09-22T09:49:06","slug":"il-ne-meurt-pas-il-parle","status":"publish","type":"post","link":"https:\/\/welovecinema.be\/fr\/il-ne-meurt-pas-il-parle\/","title":{"rendered":"Dead Man Talking <br> Il ne meurt pas, il parle"},"content":{"rendered":"<p>Le tournage de <em>Dead Man Talking<\/em> en studio au Luxembourg\u00a0se termine. Bient\u00f4t l&rsquo;\u00e9quipe prendra ses quartiers en ext\u00e9rieur et quelques-uns des acteurs principaux partiront vers d&rsquo;autres aventures. All\u00e9ch\u00e9s par le projet totalement dingo, nous avons \u00e9videmment profit\u00e9 de l&rsquo;opportunit\u00e9 qui nous \u00e9tait offerte pour filer \u00e0 Bascharage, au coeur d&rsquo;un zoning\u00a0industriel, dans les locaux d&rsquo;une ancienne usine TDK, reconvertie en studios de cin\u00e9ma.<\/p>\n<p>Pour les besoins du premier long m\u00e9trage de fiction de <strong>Patrick Ridremont<\/strong> qui joue et r\u00e9alise son propre sc\u00e9nario, d&rsquo;impressionnants d\u00e9cors de prison ont \u00e9t\u00e9 am\u00e9nag\u00e9s. Une prison fantasm\u00e9e, fantomatique, inqui\u00e9tante. \u00a0\u00c0 l&rsquo;int\u00e9rieur, un seul prisonnier, condamn\u00e9 \u00e0 mort. Pour \u00e9viter l&rsquo;injection l\u00e9tale, il va se mettre \u00e0 parler, parler, parler. Car tant qu&rsquo;il a encore quelque chose \u00e0 dire, on ne peut pas l&rsquo;ex\u00e9cuter. Au fil des jours, son auditoire grandit, la t\u00e9l\u00e9 s&#8217;empare de l&rsquo;\u00e9v\u00e9nement. Fable tragicomique, <em>Dead Man Talking<\/em> \u00e9voque \u00e0 la fois les fr\u00e8res Coen et Terry Gilliam. Mais porte surtout l&#8217;empreinte profonde et reconnaissable de son cr\u00e9ateur.<!--more--><\/p>\n<p>Nous vous reviendrons bient\u00f4t en d\u00e9tails sur ce film qui promet beaucoup, r\u00e9unissant outre <strong>Patrick, Virginie Efira, Fran\u00e7ois Berl\u00e9and<\/strong>, l&rsquo;inoxydable <strong>Christian Marin<\/strong> (!), <strong>Jean-Luc Couchard, Olivier Leborgne<\/strong> et quelques autres pointures. Le tout, sous la tutelle de <strong>Sylvain Goldberg<\/strong> repr\u00e9sentant <em>Nexus<\/em> Factory qui rel\u00e8ve l\u00e0 un formidable d\u00e9fi cin\u00e9matographique.<\/p>\n<p>En attendant, voici en exclusivit\u00e9 absolue quelques photos vol\u00e9es en coulisse o\u00f9 vous d\u00e9couvrirez l&rsquo;\u00e9quipe de <em>Dead Man Talking<\/em> et apercevrez au d\u00e9tour d&rsquo;un clich\u00e9 celle de <em>Cinevox,<\/em> \u00e0 l&rsquo;\u0153uvre pour vous ramener une capsule Grand Ecran et une foule de \u00ab\u00a0Director&rsquo;s Cut\u00a0\u00bb.<\/p>\n<p>&nbsp;<\/p>\n<p>&nbsp;<\/p>\n<p><a rel=\"attachment wp-att-4732\" href=\"http:\/\/www.cinevox.be\/il-ne-meurt-pas-il-parle\/image00001-2\/\"><img loading=\"lazy\" decoding=\"async\" class=\"aligncenter size-full wp-image-4732\" title=\"Image00001\" src=\"http:\/\/www.cinevox.be\/wp-content\/uploads\/sites\/2\/2011\/07\/Image00001.jpg\" alt=\"\" width=\"1024\" height=\"768\" srcset=\"https:\/\/welovecinema.be\/wp-content\/uploads\/sites\/2\/2011\/07\/Image00001.jpg 1024w, https:\/\/welovecinema.be\/wp-content\/uploads\/sites\/2\/2011\/07\/Image00001-360x270.jpg 360w, https:\/\/welovecinema.be\/wp-content\/uploads\/sites\/2\/2011\/07\/Image00001-800x600.jpg 800w, https:\/\/welovecinema.be\/wp-content\/uploads\/sites\/2\/2011\/07\/Image00001-300x225.jpg 300w\" sizes=\"auto, (max-width: 1024px) 100vw, 1024px\" \/><\/a><\/p>\n<p>Patrick Ridremont coordonne et dirige.<\/p>\n<p><a rel=\"attachment wp-att-4733\" href=\"http:\/\/www.cinevox.be\/il-ne-meurt-pas-il-parle\/image00002-3\/\"><img loading=\"lazy\" decoding=\"async\" class=\"aligncenter size-full wp-image-4733\" title=\"Image00002\" src=\"http:\/\/www.cinevox.be\/wp-content\/uploads\/sites\/2\/2011\/07\/Image00002.jpg\" alt=\"\" width=\"1024\" height=\"768\" srcset=\"https:\/\/welovecinema.be\/wp-content\/uploads\/sites\/2\/2011\/07\/Image00002.jpg 1024w, https:\/\/welovecinema.be\/wp-content\/uploads\/sites\/2\/2011\/07\/Image00002-360x270.jpg 360w, https:\/\/welovecinema.be\/wp-content\/uploads\/sites\/2\/2011\/07\/Image00002-800x600.jpg 800w, https:\/\/welovecinema.be\/wp-content\/uploads\/sites\/2\/2011\/07\/Image00002-300x225.jpg 300w\" sizes=\"auto, (max-width: 1024px) 100vw, 1024px\" \/><\/a><\/p>\n<p>&nbsp;<\/p>\n<p><a rel=\"attachment wp-att-4735\" href=\"http:\/\/www.cinevox.be\/il-ne-meurt-pas-il-parle\/image00004-3\/\"><img loading=\"lazy\" decoding=\"async\" class=\"aligncenter size-full wp-image-4735\" title=\"Image00004\" src=\"http:\/\/www.cinevox.be\/wp-content\/uploads\/sites\/2\/2011\/07\/Image00004.jpg\" alt=\"\" width=\"1024\" height=\"768\" srcset=\"https:\/\/welovecinema.be\/wp-content\/uploads\/sites\/2\/2011\/07\/Image00004.jpg 1024w, https:\/\/welovecinema.be\/wp-content\/uploads\/sites\/2\/2011\/07\/Image00004-360x270.jpg 360w, https:\/\/welovecinema.be\/wp-content\/uploads\/sites\/2\/2011\/07\/Image00004-800x600.jpg 800w, https:\/\/welovecinema.be\/wp-content\/uploads\/sites\/2\/2011\/07\/Image00004-300x225.jpg 300w\" sizes=\"auto, (max-width: 1024px) 100vw, 1024px\" \/><\/a><\/p>\n<p><a rel=\"attachment wp-att-4737\" href=\"http:\/\/www.cinevox.be\/il-ne-meurt-pas-il-parle\/image00006-4\/\"><img loading=\"lazy\" decoding=\"async\" class=\"aligncenter size-full wp-image-4737\" title=\"Image00006\" src=\"http:\/\/www.cinevox.be\/wp-content\/uploads\/sites\/2\/2011\/07\/Image000061.jpg\" alt=\"\" width=\"1024\" height=\"768\" srcset=\"https:\/\/welovecinema.be\/wp-content\/uploads\/sites\/2\/2011\/07\/Image000061.jpg 1024w, https:\/\/welovecinema.be\/wp-content\/uploads\/sites\/2\/2011\/07\/Image000061-360x270.jpg 360w, https:\/\/welovecinema.be\/wp-content\/uploads\/sites\/2\/2011\/07\/Image000061-800x600.jpg 800w, https:\/\/welovecinema.be\/wp-content\/uploads\/sites\/2\/2011\/07\/Image000061-300x225.jpg 300w\" sizes=\"auto, (max-width: 1024px) 100vw, 1024px\" \/><\/a><\/p>\n<p>Virginie Efira et Fran\u00e7ois Berl\u00e9and au parloir. Pas du tout une sc\u00e8ne du film&#8230;<\/p>\n<p><a rel=\"attachment wp-att-4738\" href=\"http:\/\/www.cinevox.be\/il-ne-meurt-pas-il-parle\/image00007-2\/\"><img loading=\"lazy\" decoding=\"async\" class=\"aligncenter size-full wp-image-4738\" title=\"Image00007\" src=\"http:\/\/www.cinevox.be\/wp-content\/uploads\/sites\/2\/2011\/07\/Image00007.jpg\" alt=\"\" width=\"1024\" height=\"768\" srcset=\"https:\/\/welovecinema.be\/wp-content\/uploads\/sites\/2\/2011\/07\/Image00007.jpg 1024w, https:\/\/welovecinema.be\/wp-content\/uploads\/sites\/2\/2011\/07\/Image00007-360x270.jpg 360w, https:\/\/welovecinema.be\/wp-content\/uploads\/sites\/2\/2011\/07\/Image00007-800x600.jpg 800w, https:\/\/welovecinema.be\/wp-content\/uploads\/sites\/2\/2011\/07\/Image00007-300x225.jpg 300w\" sizes=\"auto, (max-width: 1024px) 100vw, 1024px\" \/><\/a><\/p>\n<p>Sylvain Goldberg (Nexus Factory), producteur attentif&#8230; et enthousiaste<\/p>\n<p><a rel=\"attachment wp-att-4739\" href=\"http:\/\/www.cinevox.be\/il-ne-meurt-pas-il-parle\/image00008-2\/\"><img loading=\"lazy\" decoding=\"async\" class=\"aligncenter size-full wp-image-4739\" title=\"Image00008\" src=\"http:\/\/www.cinevox.be\/wp-content\/uploads\/sites\/2\/2011\/07\/Image00008.jpg\" alt=\"\" width=\"1024\" height=\"768\" srcset=\"https:\/\/welovecinema.be\/wp-content\/uploads\/sites\/2\/2011\/07\/Image00008.jpg 1024w, https:\/\/welovecinema.be\/wp-content\/uploads\/sites\/2\/2011\/07\/Image00008-360x270.jpg 360w, https:\/\/welovecinema.be\/wp-content\/uploads\/sites\/2\/2011\/07\/Image00008-800x600.jpg 800w, https:\/\/welovecinema.be\/wp-content\/uploads\/sites\/2\/2011\/07\/Image00008-300x225.jpg 300w\" sizes=\"auto, (max-width: 1024px) 100vw, 1024px\" \/><\/a><\/p>\n<p>Patrick sur sa \u00ab\u00a0croix\u00a0\u00bb shoot\u00e9 \u00e0 bout portant par Philippe, notre chef op&rsquo;. Assis sur la chaise \u00e0 l&rsquo;arri\u00e8re, M.le cur\u00e9, Christian Marin !<\/p>\n<p><a rel=\"attachment wp-att-4740\" href=\"http:\/\/www.cinevox.be\/il-ne-meurt-pas-il-parle\/image00010\/\"><img loading=\"lazy\" decoding=\"async\" class=\"aligncenter size-full wp-image-4740\" title=\"Image00010\" src=\"http:\/\/www.cinevox.be\/wp-content\/uploads\/sites\/2\/2011\/07\/Image00010.jpg\" alt=\"\" width=\"1024\" height=\"768\" srcset=\"https:\/\/welovecinema.be\/wp-content\/uploads\/sites\/2\/2011\/07\/Image00010.jpg 1024w, https:\/\/welovecinema.be\/wp-content\/uploads\/sites\/2\/2011\/07\/Image00010-360x270.jpg 360w, https:\/\/welovecinema.be\/wp-content\/uploads\/sites\/2\/2011\/07\/Image00010-800x600.jpg 800w, https:\/\/welovecinema.be\/wp-content\/uploads\/sites\/2\/2011\/07\/Image00010-300x225.jpg 300w\" sizes=\"auto, (max-width: 1024px) 100vw, 1024px\" \/><\/a><\/p>\n<p><a rel=\"attachment wp-att-4741\" href=\"http:\/\/www.cinevox.be\/il-ne-meurt-pas-il-parle\/image00011\/\"><img loading=\"lazy\" decoding=\"async\" class=\"aligncenter size-full wp-image-4741\" title=\"Image00011\" src=\"http:\/\/www.cinevox.be\/wp-content\/uploads\/sites\/2\/2011\/07\/Image00011.jpg\" alt=\"\" width=\"1024\" height=\"768\" srcset=\"https:\/\/welovecinema.be\/wp-content\/uploads\/sites\/2\/2011\/07\/Image00011.jpg 1024w, https:\/\/welovecinema.be\/wp-content\/uploads\/sites\/2\/2011\/07\/Image00011-360x270.jpg 360w, https:\/\/welovecinema.be\/wp-content\/uploads\/sites\/2\/2011\/07\/Image00011-800x600.jpg 800w, https:\/\/welovecinema.be\/wp-content\/uploads\/sites\/2\/2011\/07\/Image00011-300x225.jpg 300w\" sizes=\"auto, (max-width: 1024px) 100vw, 1024px\" \/><\/a><\/p>\n<p>On pr\u00e9pare l&rsquo;interview. Virginie est en ligne, configurant son iPhone.<\/p>\n<p><a rel=\"attachment wp-att-4742\" href=\"http:\/\/www.cinevox.be\/il-ne-meurt-pas-il-parle\/image00013\/\"><img loading=\"lazy\" decoding=\"async\" class=\"aligncenter size-full wp-image-4742\" title=\"Image00013\" src=\"http:\/\/www.cinevox.be\/wp-content\/uploads\/sites\/2\/2011\/07\/Image00013.jpg\" alt=\"\" width=\"1024\" height=\"768\" srcset=\"https:\/\/welovecinema.be\/wp-content\/uploads\/sites\/2\/2011\/07\/Image00013.jpg 1024w, https:\/\/welovecinema.be\/wp-content\/uploads\/sites\/2\/2011\/07\/Image00013-360x270.jpg 360w, https:\/\/welovecinema.be\/wp-content\/uploads\/sites\/2\/2011\/07\/Image00013-800x600.jpg 800w, https:\/\/welovecinema.be\/wp-content\/uploads\/sites\/2\/2011\/07\/Image00013-300x225.jpg 300w\" sizes=\"auto, (max-width: 1024px) 100vw, 1024px\" \/><\/a><\/p>\n<p>Dave, le r\u00e9alisateur de l&rsquo;\u00e9dition n\u00e9erlandophone de Cinevox, \u00e9tait du voyage. Il explique notre boulot \u00e0 l&rsquo;immense Fran\u00e7ois Berl\u00e9and.<\/p>\n<p>&nbsp;<\/p>\n<p><em>[Photos P.P.]<\/em><\/p>\n","protected":false},"excerpt":{"rendered":"<p>Le tournage de Dead Man Talking en studio au Luxembourg\u00a0se termine. Bient\u00f4t l&rsquo;\u00e9quipe prendra ses quartiers en ext\u00e9rieur et quelques-uns des acteurs principaux partiront vers d&rsquo;autres aventures. All\u00e9ch\u00e9s par le projet totalement dingo, nous avons \u00e9videmment profit\u00e9 de l&rsquo;opportunit\u00e9 qui nous \u00e9tait offerte pour filer \u00e0 Bascharage, au coeur d&rsquo;un zoning\u00a0industriel, dans les locaux d&rsquo;une &hellip;<\/p>\n","protected":false},"author":7,"featured_media":4759,"comment_status":"closed","ping_status":"closed","sticky":false,"template":"","format":"standard","meta":{"ngg_post_thumbnail":0,"footnotes":""},"categories":[7,11],"tags":[],"class_list":["post-4731","post","type-post","status-publish","format-standard","has-post-thumbnail","","category-actualites","category-tournages"],"yoast_head":"<!-- This site is optimized with the Yoast SEO plugin v20.4 - https:\/\/yoast.com\/wordpress\/plugins\/seo\/ -->\n<title>Dead Man Talking  Il ne meurt pas, il parle - We Love Cinema<\/title>\n<meta name=\"robots\" content=\"index, follow, max-snippet:-1, max-image-preview:large, max-video-preview:-1\" \/>\n<link rel=\"canonical\" href=\"https:\/\/welovecinema.be\/fr\/il-ne-meurt-pas-il-parle\/\" \/>\n<meta property=\"og:locale\" content=\"fr_FR\" \/>\n<meta property=\"og:type\" content=\"article\" \/>\n<meta property=\"og:title\" content=\"Dead Man Talking  Il ne meurt pas, il parle - We Love Cinema\" \/>\n<meta property=\"og:description\" content=\"Le tournage de Dead Man Talking en studio au Luxembourg\u00a0se termine. Bient\u00f4t l&rsquo;\u00e9quipe prendra ses quartiers en ext\u00e9rieur et quelques-uns des acteurs principaux partiront vers d&rsquo;autres aventures. All\u00e9ch\u00e9s par le projet totalement dingo, nous avons \u00e9videmment profit\u00e9 de l&rsquo;opportunit\u00e9 qui nous \u00e9tait offerte pour filer \u00e0 Bascharage, au coeur d&rsquo;un zoning\u00a0industriel, dans les locaux d&rsquo;une &hellip;\" \/>\n<meta property=\"og:url\" content=\"https:\/\/welovecinema.be\/fr\/il-ne-meurt-pas-il-parle\/\" \/>\n<meta property=\"og:site_name\" content=\"We Love Cinema\" \/>\n<meta property=\"article:publisher\" content=\"https:\/\/www.facebook.com\/welovecinema.be\" \/>\n<meta property=\"article:published_time\" content=\"2011-09-08T06:47:37+00:00\" \/>\n<meta property=\"article:modified_time\" content=\"2011-09-22T09:49:06+00:00\" \/>\n<meta property=\"og:image\" content=\"https:\/\/welovecinema.be\/wp-content\/uploads\/sites\/2\/2011\/07\/DSC01634.jpg\" \/>\n\t<meta property=\"og:image:width\" content=\"1024\" \/>\n\t<meta property=\"og:image:height\" content=\"768\" \/>\n\t<meta property=\"og:image:type\" content=\"image\/jpeg\" \/>\n<meta name=\"author\" content=\"Philippe.Pierquin\" \/>\n<meta name=\"twitter:card\" content=\"summary_large_image\" \/>\n<meta name=\"twitter:label1\" content=\"\u00c9crit par\" \/>\n\t<meta name=\"twitter:data1\" content=\"Philippe.Pierquin\" \/>\n\t<meta name=\"twitter:label2\" content=\"Dur\u00e9e de lecture estim\u00e9e\" \/>\n\t<meta name=\"twitter:data2\" content=\"2 minutes\" \/>\n<script type=\"application\/ld+json\" class=\"yoast-schema-graph\">{\"@context\":\"https:\/\/schema.org\",\"@graph\":[{\"@type\":\"Article\",\"@id\":\"https:\/\/welovecinema.be\/fr\/il-ne-meurt-pas-il-parle\/#article\",\"isPartOf\":{\"@id\":\"https:\/\/welovecinema.be\/fr\/il-ne-meurt-pas-il-parle\/\"},\"author\":{\"name\":\"Philippe.Pierquin\",\"@id\":\"https:\/\/welovecinema.be\/nl\/#\/schema\/person\/4b9b1d857f0943453a38a7c2859ef756\"},\"headline\":\"Dead Man Talking Il ne meurt pas, il parle\",\"datePublished\":\"2011-09-08T06:47:37+00:00\",\"dateModified\":\"2011-09-22T09:49:06+00:00\",\"mainEntityOfPage\":{\"@id\":\"https:\/\/welovecinema.be\/fr\/il-ne-meurt-pas-il-parle\/\"},\"wordCount\":407,\"publisher\":{\"@id\":\"https:\/\/welovecinema.be\/nl\/#organization\"},\"articleSection\":[\"News\",\"Tournages\"],\"inLanguage\":\"fr-FR\"},{\"@type\":\"WebPage\",\"@id\":\"https:\/\/welovecinema.be\/fr\/il-ne-meurt-pas-il-parle\/\",\"url\":\"https:\/\/welovecinema.be\/fr\/il-ne-meurt-pas-il-parle\/\",\"name\":\"Dead Man Talking Il ne meurt pas, il parle - We Love Cinema\",\"isPartOf\":{\"@id\":\"https:\/\/welovecinema.be\/nl\/#website\"},\"datePublished\":\"2011-09-08T06:47:37+00:00\",\"dateModified\":\"2011-09-22T09:49:06+00:00\",\"breadcrumb\":{\"@id\":\"https:\/\/welovecinema.be\/fr\/il-ne-meurt-pas-il-parle\/#breadcrumb\"},\"inLanguage\":\"fr-FR\",\"potentialAction\":[{\"@type\":\"ReadAction\",\"target\":[\"https:\/\/welovecinema.be\/fr\/il-ne-meurt-pas-il-parle\/\"]}]},{\"@type\":\"BreadcrumbList\",\"@id\":\"https:\/\/welovecinema.be\/fr\/il-ne-meurt-pas-il-parle\/#breadcrumb\",\"itemListElement\":[{\"@type\":\"ListItem\",\"position\":1,\"name\":\"Accueil\",\"item\":\"https:\/\/welovecinema.be\/fr\/\"},{\"@type\":\"ListItem\",\"position\":2,\"name\":\"Dead Man Talking Il ne meurt pas, il parle\"}]},{\"@type\":\"WebSite\",\"@id\":\"https:\/\/welovecinema.be\/nl\/#website\",\"url\":\"https:\/\/welovecinema.be\/nl\/\",\"name\":\"We Love Cinema\",\"description\":\"Toute l\u2019information du cin\u00e9ma en Belgique\",\"publisher\":{\"@id\":\"https:\/\/welovecinema.be\/nl\/#organization\"},\"potentialAction\":[{\"@type\":\"SearchAction\",\"target\":{\"@type\":\"EntryPoint\",\"urlTemplate\":\"https:\/\/welovecinema.be\/nl\/?s={search_term_string}\"},\"query-input\":\"required name=search_term_string\"}],\"inLanguage\":\"fr-FR\"},{\"@type\":\"Organization\",\"@id\":\"https:\/\/welovecinema.be\/nl\/#organization\",\"name\":\"We Love Cinema\",\"url\":\"https:\/\/welovecinema.be\/nl\/\",\"logo\":{\"@type\":\"ImageObject\",\"inLanguage\":\"fr-FR\",\"@id\":\"https:\/\/welovecinema.be\/nl\/#\/schema\/logo\/image\/\",\"url\":\"https:\/\/welovecinema.be\/wp-content\/uploads\/sites\/2\/2023\/03\/Logo-We-Love-Cinema305x128.jpg\",\"contentUrl\":\"https:\/\/welovecinema.be\/wp-content\/uploads\/sites\/2\/2023\/03\/Logo-We-Love-Cinema305x128.jpg\",\"width\":305,\"height\":128,\"caption\":\"We Love Cinema\"},\"image\":{\"@id\":\"https:\/\/welovecinema.be\/nl\/#\/schema\/logo\/image\/\"},\"sameAs\":[\"https:\/\/www.facebook.com\/welovecinema.be\",\"https:\/\/www.youtube.com\/channel\/UCX5LYGVhnKvYauW4Nta4HJA\",\"https:\/\/www.instagram.com\/welovecinema.be\/\"]},{\"@type\":\"Person\",\"@id\":\"https:\/\/welovecinema.be\/nl\/#\/schema\/person\/4b9b1d857f0943453a38a7c2859ef756\",\"name\":\"Philippe.Pierquin\",\"url\":\"https:\/\/welovecinema.be\/fr\/author\/philippe-pierquin\/\"}]}<\/script>\n<!-- \/ Yoast SEO plugin. -->","yoast_head_json":{"title":"Dead Man Talking  Il ne meurt pas, il parle - We Love Cinema","robots":{"index":"index","follow":"follow","max-snippet":"max-snippet:-1","max-image-preview":"max-image-preview:large","max-video-preview":"max-video-preview:-1"},"canonical":"https:\/\/welovecinema.be\/fr\/il-ne-meurt-pas-il-parle\/","og_locale":"fr_FR","og_type":"article","og_title":"Dead Man Talking  Il ne meurt pas, il parle - We Love Cinema","og_description":"Le tournage de Dead Man Talking en studio au Luxembourg\u00a0se termine. Bient\u00f4t l&rsquo;\u00e9quipe prendra ses quartiers en ext\u00e9rieur et quelques-uns des acteurs principaux partiront vers d&rsquo;autres aventures. All\u00e9ch\u00e9s par le projet totalement dingo, nous avons \u00e9videmment profit\u00e9 de l&rsquo;opportunit\u00e9 qui nous \u00e9tait offerte pour filer \u00e0 Bascharage, au coeur d&rsquo;un zoning\u00a0industriel, dans les locaux d&rsquo;une &hellip;","og_url":"https:\/\/welovecinema.be\/fr\/il-ne-meurt-pas-il-parle\/","og_site_name":"We Love Cinema","article_publisher":"https:\/\/www.facebook.com\/welovecinema.be","article_published_time":"2011-09-08T06:47:37+00:00","article_modified_time":"2011-09-22T09:49:06+00:00","og_image":[{"width":"1024","height":"768","url":"https:\/\/welovecinema.be\/wp-content\/uploads\/sites\/2\/2011\/07\/DSC01634.jpg","type":"image\/jpeg"}],"author":"Philippe.Pierquin","twitter_card":"summary_large_image","twitter_misc":{"\u00c9crit par":"Philippe.Pierquin","Dur\u00e9e de lecture estim\u00e9e":"2 minutes"},"schema":{"@context":"https:\/\/schema.org","@graph":[{"@type":"Article","@id":"https:\/\/welovecinema.be\/fr\/il-ne-meurt-pas-il-parle\/#article","isPartOf":{"@id":"https:\/\/welovecinema.be\/fr\/il-ne-meurt-pas-il-parle\/"},"author":{"name":"Philippe.Pierquin","@id":"https:\/\/welovecinema.be\/nl\/#\/schema\/person\/4b9b1d857f0943453a38a7c2859ef756"},"headline":"Dead Man Talking Il ne meurt pas, il parle","datePublished":"2011-09-08T06:47:37+00:00","dateModified":"2011-09-22T09:49:06+00:00","mainEntityOfPage":{"@id":"https:\/\/welovecinema.be\/fr\/il-ne-meurt-pas-il-parle\/"},"wordCount":407,"publisher":{"@id":"https:\/\/welovecinema.be\/nl\/#organization"},"articleSection":["News","Tournages"],"inLanguage":"fr-FR"},{"@type":"WebPage","@id":"https:\/\/welovecinema.be\/fr\/il-ne-meurt-pas-il-parle\/","url":"https:\/\/welovecinema.be\/fr\/il-ne-meurt-pas-il-parle\/","name":"Dead Man Talking Il ne meurt pas, il parle - We Love Cinema","isPartOf":{"@id":"https:\/\/welovecinema.be\/nl\/#website"},"datePublished":"2011-09-08T06:47:37+00:00","dateModified":"2011-09-22T09:49:06+00:00","breadcrumb":{"@id":"https:\/\/welovecinema.be\/fr\/il-ne-meurt-pas-il-parle\/#breadcrumb"},"inLanguage":"fr-FR","potentialAction":[{"@type":"ReadAction","target":["https:\/\/welovecinema.be\/fr\/il-ne-meurt-pas-il-parle\/"]}]},{"@type":"BreadcrumbList","@id":"https:\/\/welovecinema.be\/fr\/il-ne-meurt-pas-il-parle\/#breadcrumb","itemListElement":[{"@type":"ListItem","position":1,"name":"Accueil","item":"https:\/\/welovecinema.be\/fr\/"},{"@type":"ListItem","position":2,"name":"Dead Man Talking Il ne meurt pas, il parle"}]},{"@type":"WebSite","@id":"https:\/\/welovecinema.be\/nl\/#website","url":"https:\/\/welovecinema.be\/nl\/","name":"We Love Cinema","description":"Toute l\u2019information du cin\u00e9ma en Belgique","publisher":{"@id":"https:\/\/welovecinema.be\/nl\/#organization"},"potentialAction":[{"@type":"SearchAction","target":{"@type":"EntryPoint","urlTemplate":"https:\/\/welovecinema.be\/nl\/?s={search_term_string}"},"query-input":"required name=search_term_string"}],"inLanguage":"fr-FR"},{"@type":"Organization","@id":"https:\/\/welovecinema.be\/nl\/#organization","name":"We Love Cinema","url":"https:\/\/welovecinema.be\/nl\/","logo":{"@type":"ImageObject","inLanguage":"fr-FR","@id":"https:\/\/welovecinema.be\/nl\/#\/schema\/logo\/image\/","url":"https:\/\/welovecinema.be\/wp-content\/uploads\/sites\/2\/2023\/03\/Logo-We-Love-Cinema305x128.jpg","contentUrl":"https:\/\/welovecinema.be\/wp-content\/uploads\/sites\/2\/2023\/03\/Logo-We-Love-Cinema305x128.jpg","width":305,"height":128,"caption":"We Love Cinema"},"image":{"@id":"https:\/\/welovecinema.be\/nl\/#\/schema\/logo\/image\/"},"sameAs":["https:\/\/www.facebook.com\/welovecinema.be","https:\/\/www.youtube.com\/channel\/UCX5LYGVhnKvYauW4Nta4HJA","https:\/\/www.instagram.com\/welovecinema.be\/"]},{"@type":"Person","@id":"https:\/\/welovecinema.be\/nl\/#\/schema\/person\/4b9b1d857f0943453a38a7c2859ef756","name":"Philippe.Pierquin","url":"https:\/\/welovecinema.be\/fr\/author\/philippe-pierquin\/"}]}},"_links":{"self":[{"href":"https:\/\/welovecinema.be\/fr\/wp-json\/wp\/v2\/posts\/4731","targetHints":{"allow":["GET"]}}],"collection":[{"href":"https:\/\/welovecinema.be\/fr\/wp-json\/wp\/v2\/posts"}],"about":[{"href":"https:\/\/welovecinema.be\/fr\/wp-json\/wp\/v2\/types\/post"}],"author":[{"embeddable":true,"href":"https:\/\/welovecinema.be\/fr\/wp-json\/wp\/v2\/users\/7"}],"replies":[{"embeddable":true,"href":"https:\/\/welovecinema.be\/fr\/wp-json\/wp\/v2\/comments?post=4731"}],"version-history":[{"count":0,"href":"https:\/\/welovecinema.be\/fr\/wp-json\/wp\/v2\/posts\/4731\/revisions"}],"wp:featuredmedia":[{"embeddable":true,"href":"https:\/\/welovecinema.be\/fr\/wp-json\/wp\/v2\/media\/4759"}],"wp:attachment":[{"href":"https:\/\/welovecinema.be\/fr\/wp-json\/wp\/v2\/media?parent=4731"}],"wp:term":[{"taxonomy":"category","embeddable":true,"href":"https:\/\/welovecinema.be\/fr\/wp-json\/wp\/v2\/categories?post=4731"},{"taxonomy":"post_tag","embeddable":true,"href":"https:\/\/welovecinema.be\/fr\/wp-json\/wp\/v2\/tags?post=4731"}],"curies":[{"name":"wp","href":"https:\/\/api.w.org\/{rel}","templated":true}]}}