{"id":47054,"date":"2013-10-24T07:52:57","date_gmt":"2013-10-24T05:52:57","guid":{"rendered":"http:\/\/www.cinevox.be\/?p=47054"},"modified":"2013-10-21T07:57:20","modified_gmt":"2013-10-21T05:57:20","slug":"post-partum-melanie-doutey-tournage-se-deplace","status":"publish","type":"post","link":"https:\/\/welovecinema.be\/fr\/post-partum-melanie-doutey-tournage-se-deplace\/","title":{"rendered":"Post Partum &#8211; M\u00e9lanie Doutey &#8211; Un tournage qui se d\u00e9place"},"content":{"rendered":"<p>Luce et Ulysse s&rsquo;aiment. Ils vivent une vie pleine et belle \u00e0 la t\u00eate de leur clinique v\u00e9t\u00e9rinaire le long de la c\u00f4te atlantique. Luce attend un heureux \u00e9v\u00e9nement.\u00a0 L&rsquo;avenir est radieux. A priori\u2026 Car \u00e0 la naissance de la petite Rose, rien ne se passe comme pr\u00e9vu\u2026 Luce perd pied devant les pleurs incessants de son b\u00e9b\u00e9\u2026 Pourquoi diable son enfant geint-il ainsi? Serait-ce pour l&rsquo;avertir de quelque chose? La famille est-elle en danger?\u2026<\/p>\n<p><img decoding=\"async\" title=\"More...\" alt=\"\" src=\"http:\/\/www.cinevox.be\/wp-includes\/js\/tinymce\/plugins\/wordpress\/img\/trans.gif\" \/><!--more--><\/p>\n<p><img decoding=\"async\" title=\"More...\" alt=\"\" src=\"http:\/\/www.cinevox.be\/wp-includes\/js\/tinymce\/plugins\/wordpress\/img\/trans.gif\" \/><\/p>\n<p>Un film de Delphine Noels<\/p>\n<p>Sc\u00e9nario de Delphine Noels et David Lambert<\/p>\n<p>Avec M\u00e9lanie Doutey, Jalil Lespert et Fran\u00e7oise Fabian<\/p>\n<p>Pr\u00e9sent\u00e9 en premi\u00e8re mondiale au Brussels Film festival &#8211; juin 2013<\/p>\n<p>Sortie en Belgique &#8211; janvier 2014<\/p>\n<p>&nbsp;<\/p>\n<p>Post Partum a \u00e9t\u00e9 tourn\u00e9 en Bretagne, mais aussi au Luxembourg. M\u00e9lanie Doutey nous parle de cette gymnastique qui consiste \u00e0 d\u00e9buter une sc\u00e8ne quelque part pour en terminer le tournage trois semaines plus tard ailleurs<\/p>\n","protected":false},"excerpt":{"rendered":"<p>Luce et Ulysse s&rsquo;aiment. Ils vivent une vie pleine et belle \u00e0 la t\u00eate de leur clinique v\u00e9t\u00e9rinaire le long de la c\u00f4te atlantique. Luce attend un heureux \u00e9v\u00e9nement.\u00a0 L&rsquo;avenir est radieux. A priori\u2026 Car \u00e0 la naissance de la petite Rose, rien ne se passe comme pr\u00e9vu\u2026 Luce perd pied devant les pleurs incessants &hellip;<\/p>\n","protected":false},"author":7,"featured_media":47055,"comment_status":"closed","ping_status":"closed","sticky":false,"template":"","format":"standard","meta":{"ngg_post_thumbnail":0,"footnotes":""},"categories":[1978],"tags":[],"class_list":["post-47054","post","type-post","status-publish","format-standard","has-post-thumbnail","","category-interviews"],"yoast_head":"<!-- This site is optimized with the Yoast SEO plugin v20.4 - https:\/\/yoast.com\/wordpress\/plugins\/seo\/ -->\n<title>Post Partum - M\u00e9lanie Doutey - Un tournage qui se d\u00e9place - We Love Cinema<\/title>\n<meta name=\"robots\" content=\"index, follow, max-snippet:-1, max-image-preview:large, max-video-preview:-1\" \/>\n<link rel=\"canonical\" href=\"https:\/\/welovecinema.be\/fr\/post-partum-melanie-doutey-tournage-se-deplace\/\" \/>\n<meta property=\"og:locale\" content=\"fr_FR\" \/>\n<meta property=\"og:type\" content=\"article\" \/>\n<meta property=\"og:title\" content=\"Post Partum - M\u00e9lanie Doutey - Un tournage qui se d\u00e9place - We Love Cinema\" \/>\n<meta property=\"og:description\" content=\"Luce et Ulysse s&rsquo;aiment. Ils vivent une vie pleine et belle \u00e0 la t\u00eate de leur clinique v\u00e9t\u00e9rinaire le long de la c\u00f4te atlantique. Luce attend un heureux \u00e9v\u00e9nement.\u00a0 L&rsquo;avenir est radieux. A priori\u2026 Car \u00e0 la naissance de la petite Rose, rien ne se passe comme pr\u00e9vu\u2026 Luce perd pied devant les pleurs incessants &hellip;\" \/>\n<meta property=\"og:url\" content=\"https:\/\/welovecinema.be\/fr\/post-partum-melanie-doutey-tournage-se-deplace\/\" \/>\n<meta property=\"og:site_name\" content=\"We Love Cinema\" \/>\n<meta property=\"article:publisher\" content=\"https:\/\/www.facebook.com\/welovecinema.be\" \/>\n<meta property=\"article:published_time\" content=\"2013-10-24T05:52:57+00:00\" \/>\n<meta property=\"article:modified_time\" content=\"2013-10-21T05:57:20+00:00\" \/>\n<meta property=\"og:image\" content=\"https:\/\/welovecinema.be\/wp-content\/uploads\/sites\/2\/2010\/10\/mel-05.jpg\" \/>\n\t<meta property=\"og:image:width\" content=\"1901\" \/>\n\t<meta property=\"og:image:height\" content=\"996\" \/>\n\t<meta property=\"og:image:type\" content=\"image\/jpeg\" \/>\n<meta name=\"author\" content=\"Philippe.Pierquin\" \/>\n<meta name=\"twitter:card\" content=\"summary_large_image\" \/>\n<meta name=\"twitter:label1\" content=\"\u00c9crit par\" \/>\n\t<meta name=\"twitter:data1\" content=\"Philippe.Pierquin\" \/>\n\t<meta name=\"twitter:label2\" content=\"Dur\u00e9e de lecture estim\u00e9e\" \/>\n\t<meta name=\"twitter:data2\" content=\"1 minute\" \/>\n<script type=\"application\/ld+json\" class=\"yoast-schema-graph\">{\"@context\":\"https:\/\/schema.org\",\"@graph\":[{\"@type\":\"Article\",\"@id\":\"https:\/\/welovecinema.be\/fr\/post-partum-melanie-doutey-tournage-se-deplace\/#article\",\"isPartOf\":{\"@id\":\"https:\/\/welovecinema.be\/fr\/post-partum-melanie-doutey-tournage-se-deplace\/\"},\"author\":{\"name\":\"Philippe.Pierquin\",\"@id\":\"https:\/\/welovecinema.be\/nl\/#\/schema\/person\/4b9b1d857f0943453a38a7c2859ef756\"},\"headline\":\"Post Partum &#8211; M\u00e9lanie Doutey &#8211; Un tournage qui se d\u00e9place\",\"datePublished\":\"2013-10-24T05:52:57+00:00\",\"dateModified\":\"2013-10-21T05:57:20+00:00\",\"mainEntityOfPage\":{\"@id\":\"https:\/\/welovecinema.be\/fr\/post-partum-melanie-doutey-tournage-se-deplace\/\"},\"wordCount\":175,\"publisher\":{\"@id\":\"https:\/\/welovecinema.be\/nl\/#organization\"},\"articleSection\":[\"Rencontres\"],\"inLanguage\":\"fr-FR\"},{\"@type\":\"WebPage\",\"@id\":\"https:\/\/welovecinema.be\/fr\/post-partum-melanie-doutey-tournage-se-deplace\/\",\"url\":\"https:\/\/welovecinema.be\/fr\/post-partum-melanie-doutey-tournage-se-deplace\/\",\"name\":\"Post Partum - M\u00e9lanie Doutey - Un tournage qui se d\u00e9place - We Love Cinema\",\"isPartOf\":{\"@id\":\"https:\/\/welovecinema.be\/nl\/#website\"},\"datePublished\":\"2013-10-24T05:52:57+00:00\",\"dateModified\":\"2013-10-21T05:57:20+00:00\",\"breadcrumb\":{\"@id\":\"https:\/\/welovecinema.be\/fr\/post-partum-melanie-doutey-tournage-se-deplace\/#breadcrumb\"},\"inLanguage\":\"fr-FR\",\"potentialAction\":[{\"@type\":\"ReadAction\",\"target\":[\"https:\/\/welovecinema.be\/fr\/post-partum-melanie-doutey-tournage-se-deplace\/\"]}]},{\"@type\":\"BreadcrumbList\",\"@id\":\"https:\/\/welovecinema.be\/fr\/post-partum-melanie-doutey-tournage-se-deplace\/#breadcrumb\",\"itemListElement\":[{\"@type\":\"ListItem\",\"position\":1,\"name\":\"Accueil\",\"item\":\"https:\/\/welovecinema.be\/fr\/\"},{\"@type\":\"ListItem\",\"position\":2,\"name\":\"Post Partum &#8211; M\u00e9lanie Doutey &#8211; Un tournage qui se d\u00e9place\"}]},{\"@type\":\"WebSite\",\"@id\":\"https:\/\/welovecinema.be\/nl\/#website\",\"url\":\"https:\/\/welovecinema.be\/nl\/\",\"name\":\"We Love Cinema\",\"description\":\"Toute l\u2019information du cin\u00e9ma en Belgique\",\"publisher\":{\"@id\":\"https:\/\/welovecinema.be\/nl\/#organization\"},\"potentialAction\":[{\"@type\":\"SearchAction\",\"target\":{\"@type\":\"EntryPoint\",\"urlTemplate\":\"https:\/\/welovecinema.be\/nl\/?s={search_term_string}\"},\"query-input\":\"required name=search_term_string\"}],\"inLanguage\":\"fr-FR\"},{\"@type\":\"Organization\",\"@id\":\"https:\/\/welovecinema.be\/nl\/#organization\",\"name\":\"We Love Cinema\",\"url\":\"https:\/\/welovecinema.be\/nl\/\",\"logo\":{\"@type\":\"ImageObject\",\"inLanguage\":\"fr-FR\",\"@id\":\"https:\/\/welovecinema.be\/nl\/#\/schema\/logo\/image\/\",\"url\":\"https:\/\/welovecinema.be\/wp-content\/uploads\/sites\/2\/2023\/03\/Logo-We-Love-Cinema305x128.jpg\",\"contentUrl\":\"https:\/\/welovecinema.be\/wp-content\/uploads\/sites\/2\/2023\/03\/Logo-We-Love-Cinema305x128.jpg\",\"width\":305,\"height\":128,\"caption\":\"We Love Cinema\"},\"image\":{\"@id\":\"https:\/\/welovecinema.be\/nl\/#\/schema\/logo\/image\/\"},\"sameAs\":[\"https:\/\/www.facebook.com\/welovecinema.be\",\"https:\/\/www.youtube.com\/channel\/UCX5LYGVhnKvYauW4Nta4HJA\",\"https:\/\/www.instagram.com\/welovecinema.be\/\"]},{\"@type\":\"Person\",\"@id\":\"https:\/\/welovecinema.be\/nl\/#\/schema\/person\/4b9b1d857f0943453a38a7c2859ef756\",\"name\":\"Philippe.Pierquin\",\"url\":\"https:\/\/welovecinema.be\/fr\/author\/philippe-pierquin\/\"}]}<\/script>\n<!-- \/ Yoast SEO plugin. -->","yoast_head_json":{"title":"Post Partum - M\u00e9lanie Doutey - Un tournage qui se d\u00e9place - We Love Cinema","robots":{"index":"index","follow":"follow","max-snippet":"max-snippet:-1","max-image-preview":"max-image-preview:large","max-video-preview":"max-video-preview:-1"},"canonical":"https:\/\/welovecinema.be\/fr\/post-partum-melanie-doutey-tournage-se-deplace\/","og_locale":"fr_FR","og_type":"article","og_title":"Post Partum - M\u00e9lanie Doutey - Un tournage qui se d\u00e9place - We Love Cinema","og_description":"Luce et Ulysse s&rsquo;aiment. Ils vivent une vie pleine et belle \u00e0 la t\u00eate de leur clinique v\u00e9t\u00e9rinaire le long de la c\u00f4te atlantique. Luce attend un heureux \u00e9v\u00e9nement.\u00a0 L&rsquo;avenir est radieux. A priori\u2026 Car \u00e0 la naissance de la petite Rose, rien ne se passe comme pr\u00e9vu\u2026 Luce perd pied devant les pleurs incessants &hellip;","og_url":"https:\/\/welovecinema.be\/fr\/post-partum-melanie-doutey-tournage-se-deplace\/","og_site_name":"We Love Cinema","article_publisher":"https:\/\/www.facebook.com\/welovecinema.be","article_published_time":"2013-10-24T05:52:57+00:00","article_modified_time":"2013-10-21T05:57:20+00:00","og_image":[{"width":1901,"height":996,"url":"https:\/\/welovecinema.be\/wp-content\/uploads\/sites\/2\/2010\/10\/mel-05.jpg","type":"image\/jpeg"}],"author":"Philippe.Pierquin","twitter_card":"summary_large_image","twitter_misc":{"\u00c9crit par":"Philippe.Pierquin","Dur\u00e9e de lecture estim\u00e9e":"1 minute"},"schema":{"@context":"https:\/\/schema.org","@graph":[{"@type":"Article","@id":"https:\/\/welovecinema.be\/fr\/post-partum-melanie-doutey-tournage-se-deplace\/#article","isPartOf":{"@id":"https:\/\/welovecinema.be\/fr\/post-partum-melanie-doutey-tournage-se-deplace\/"},"author":{"name":"Philippe.Pierquin","@id":"https:\/\/welovecinema.be\/nl\/#\/schema\/person\/4b9b1d857f0943453a38a7c2859ef756"},"headline":"Post Partum &#8211; M\u00e9lanie Doutey &#8211; Un tournage qui se d\u00e9place","datePublished":"2013-10-24T05:52:57+00:00","dateModified":"2013-10-21T05:57:20+00:00","mainEntityOfPage":{"@id":"https:\/\/welovecinema.be\/fr\/post-partum-melanie-doutey-tournage-se-deplace\/"},"wordCount":175,"publisher":{"@id":"https:\/\/welovecinema.be\/nl\/#organization"},"articleSection":["Rencontres"],"inLanguage":"fr-FR"},{"@type":"WebPage","@id":"https:\/\/welovecinema.be\/fr\/post-partum-melanie-doutey-tournage-se-deplace\/","url":"https:\/\/welovecinema.be\/fr\/post-partum-melanie-doutey-tournage-se-deplace\/","name":"Post Partum - M\u00e9lanie Doutey - Un tournage qui se d\u00e9place - We Love Cinema","isPartOf":{"@id":"https:\/\/welovecinema.be\/nl\/#website"},"datePublished":"2013-10-24T05:52:57+00:00","dateModified":"2013-10-21T05:57:20+00:00","breadcrumb":{"@id":"https:\/\/welovecinema.be\/fr\/post-partum-melanie-doutey-tournage-se-deplace\/#breadcrumb"},"inLanguage":"fr-FR","potentialAction":[{"@type":"ReadAction","target":["https:\/\/welovecinema.be\/fr\/post-partum-melanie-doutey-tournage-se-deplace\/"]}]},{"@type":"BreadcrumbList","@id":"https:\/\/welovecinema.be\/fr\/post-partum-melanie-doutey-tournage-se-deplace\/#breadcrumb","itemListElement":[{"@type":"ListItem","position":1,"name":"Accueil","item":"https:\/\/welovecinema.be\/fr\/"},{"@type":"ListItem","position":2,"name":"Post Partum &#8211; M\u00e9lanie Doutey &#8211; Un tournage qui se d\u00e9place"}]},{"@type":"WebSite","@id":"https:\/\/welovecinema.be\/nl\/#website","url":"https:\/\/welovecinema.be\/nl\/","name":"We Love Cinema","description":"Toute l\u2019information du cin\u00e9ma en Belgique","publisher":{"@id":"https:\/\/welovecinema.be\/nl\/#organization"},"potentialAction":[{"@type":"SearchAction","target":{"@type":"EntryPoint","urlTemplate":"https:\/\/welovecinema.be\/nl\/?s={search_term_string}"},"query-input":"required name=search_term_string"}],"inLanguage":"fr-FR"},{"@type":"Organization","@id":"https:\/\/welovecinema.be\/nl\/#organization","name":"We Love Cinema","url":"https:\/\/welovecinema.be\/nl\/","logo":{"@type":"ImageObject","inLanguage":"fr-FR","@id":"https:\/\/welovecinema.be\/nl\/#\/schema\/logo\/image\/","url":"https:\/\/welovecinema.be\/wp-content\/uploads\/sites\/2\/2023\/03\/Logo-We-Love-Cinema305x128.jpg","contentUrl":"https:\/\/welovecinema.be\/wp-content\/uploads\/sites\/2\/2023\/03\/Logo-We-Love-Cinema305x128.jpg","width":305,"height":128,"caption":"We Love Cinema"},"image":{"@id":"https:\/\/welovecinema.be\/nl\/#\/schema\/logo\/image\/"},"sameAs":["https:\/\/www.facebook.com\/welovecinema.be","https:\/\/www.youtube.com\/channel\/UCX5LYGVhnKvYauW4Nta4HJA","https:\/\/www.instagram.com\/welovecinema.be\/"]},{"@type":"Person","@id":"https:\/\/welovecinema.be\/nl\/#\/schema\/person\/4b9b1d857f0943453a38a7c2859ef756","name":"Philippe.Pierquin","url":"https:\/\/welovecinema.be\/fr\/author\/philippe-pierquin\/"}]}},"_links":{"self":[{"href":"https:\/\/welovecinema.be\/fr\/wp-json\/wp\/v2\/posts\/47054","targetHints":{"allow":["GET"]}}],"collection":[{"href":"https:\/\/welovecinema.be\/fr\/wp-json\/wp\/v2\/posts"}],"about":[{"href":"https:\/\/welovecinema.be\/fr\/wp-json\/wp\/v2\/types\/post"}],"author":[{"embeddable":true,"href":"https:\/\/welovecinema.be\/fr\/wp-json\/wp\/v2\/users\/7"}],"replies":[{"embeddable":true,"href":"https:\/\/welovecinema.be\/fr\/wp-json\/wp\/v2\/comments?post=47054"}],"version-history":[{"count":0,"href":"https:\/\/welovecinema.be\/fr\/wp-json\/wp\/v2\/posts\/47054\/revisions"}],"wp:featuredmedia":[{"embeddable":true,"href":"https:\/\/welovecinema.be\/fr\/wp-json\/wp\/v2\/media\/47055"}],"wp:attachment":[{"href":"https:\/\/welovecinema.be\/fr\/wp-json\/wp\/v2\/media?parent=47054"}],"wp:term":[{"taxonomy":"category","embeddable":true,"href":"https:\/\/welovecinema.be\/fr\/wp-json\/wp\/v2\/categories?post=47054"},{"taxonomy":"post_tag","embeddable":true,"href":"https:\/\/welovecinema.be\/fr\/wp-json\/wp\/v2\/tags?post=47054"}],"curies":[{"name":"wp","href":"https:\/\/api.w.org\/{rel}","templated":true}]}}