{"id":46570,"date":"2013-10-10T06:31:20","date_gmt":"2013-10-10T04:31:20","guid":{"rendered":"http:\/\/www.cinevox.be\/?p=46570"},"modified":"2014-05-30T10:11:35","modified_gmt":"2014-05-30T08:11:35","slug":"bouli-lanners-wim-willaert-eric-judor-rocknroll","status":"publish","type":"post","link":"https:\/\/welovecinema.be\/fr\/bouli-lanners-wim-willaert-eric-judor-rocknroll\/","title":{"rendered":"Bouli Lanners, Wim Willaert, Rock &lsquo;n&rsquo; roll !"},"content":{"rendered":"<p>D\u00e9j\u00e0 le titre : \u00ab\u00a0Je suis mort, mais j\u2019ai des amis\u00a0\u00bb. Franchement, il fallait l\u2019inventer celui-l\u00e0. \u00c9tonnant, provocateur, il est bien dans l\u2019esprit du film qu\u2019il annonce : d\u00e9cal\u00e9, dr\u00f4le et\u2026 rock\u2019n\u2019roll.<\/p>\n<p>&nbsp;<\/p>\n<p><!--more--><\/p>\n<p>Car c\u2019est justement une tranche d\u2019histoire d\u2019un groupe rock qui nous sera ici cont\u00e9e. Un groupe de joyeux riffeurs touche au Graal: on l\u2019invite \u00e0 jouer \u00e0 L.A., la Mecque du riff qui tue. Un fantasme a priori inaccessible pour de petits Belges qui ont comme principal m\u00e9rite de ne jamais avoir renonc\u00e9 \u00e0 leurs r\u00eaves. Les Black Bears existent depuis trente ans et aujourd\u2019hui, les musiciens approchent lentement mais s\u00fbrement de la cinquantaine. Ce voyage ils y tiennent comme \u00e0 la prunelle de leurs yeux. Mais naturellement, rien ne se passera comme pr\u00e9vu\u2026<\/p>\n<p>&nbsp;<\/p>\n<p>Peaufin\u00e9 pendant des ann\u00e9es, le sc\u00e9nario de\u00a0<i>Je suis mort, mais j\u2019ai des amis<\/i>\u00a0est une petite merveille d\u2019humour d\u00e9brid\u00e9 et de vraie tendresse, une histoire improbable qui va d\u00e9boucher sur un road movie \u00e9tonnant o\u00f9 il sera question d\u2019un musicien qui a rat\u00e9 le coche et d\u2019une bonne grosse cuite qui d\u00e9clenchera des cons\u00e9quences en cha\u00eene. Jubilatoire!<\/p>\n<p>&nbsp;<\/p>\n<p>Les auteurs et r\u00e9alisateurs de ce gentil d\u00e9lire sont\u00a0<b>Guillaume<\/b>\u00a0et\u00a0<b>St\u00e9phane Malandrin<\/b>. Les frangins rigolards avaient d\u00e9but\u00e9 sur grand \u00e9cran avec l\u2019\u00e9trange\u00a0<i>O\u00f9 est la main de l\u2019homme sans t\u00eate?<\/i>, un thriller aux lisi\u00e8res du fantastique avec une sc\u00e8ne qui traumatisa quelques \u00e2mes sensibles : on y voyait C\u00e9cile de France, plongeuse olympique percuter avec son cr\u00e2ne le bord du plongeoir puis couler \u00e0 pic.\u00a0 Au festival d\u2019Angoul\u00eame, Jean-Fran\u00e7ois Kahn, membre du jury, s\u2019est carr\u00e9ment \u00e9vanoui au moment de l\u2019impact. Fort r\u00e9aliste, il est vrai.<\/p>\n<p>&nbsp;<\/p>\n<p>&nbsp;<\/p>\n<p><a href=\"http:\/\/www.cinevox.be\/bouli-lanners-wim-willaert-eric-judor-rocknroll\/10035866086_1bcffdb415_o-2\/\" rel=\"attachment wp-att-46647\"><img loading=\"lazy\" decoding=\"async\" class=\"alignleft size-full wp-image-46647\" alt=\"\" src=\"http:\/\/www.cinevox.be\/wp-content\/uploads\/sites\/2\/2013\/10\/10035866086_1bcffdb415_o1.jpg\" width=\"649\" height=\"440\" srcset=\"https:\/\/welovecinema.be\/wp-content\/uploads\/sites\/2\/2013\/10\/10035866086_1bcffdb415_o1.jpg 649w, https:\/\/welovecinema.be\/wp-content\/uploads\/sites\/2\/2013\/10\/10035866086_1bcffdb415_o1-398x270.jpg 398w\" sizes=\"auto, (max-width: 649px) 100vw, 649px\" \/><\/a><\/p>\n<p>&nbsp;<\/p>\n<p>Avec le soutien de leur nouveau producteur, Versus, Guillaume et St\u00e9phane ont soign\u00e9 l\u2019\u00e9criture du sc\u00e9nario. On y sent l\u2019obsession du d\u00e9tail qui fait mouche et l\u2019amour des m\u00e9caniques bien huil\u00e9es\u2026 d\u00e9bouchant sur les situations les plus improbables : si la mise en images est \u00e0 la hauteur de ce pr\u00e9ambule, on devrait h\u00e9riter dans quelques mois d\u2019une bien jolie perle \u00e0 enfiler sur le collier d\u2019un cin\u00e9ma belge de plus en plus impr\u00e9visible. De plus en plus ouvert aussi. De plus en plus attrayant pour le grand public.<\/p>\n<p>&nbsp;<\/p>\n<p>&nbsp;<\/p>\n<p>L\u2019histoire n\u2019est pas le seul atout qui affole notre enthousiastom\u00e8tre : le casting a de quoi emballer le plus grognon des cin\u00e9phages puisqu\u2019il fait se croiser deux com\u00e9diens qu\u2019on n\u2019aurait pas forc\u00e9ment r\u00eav\u00e9 ensemble : <b>Bouli Lanners<\/b> (Magritte du meilleur r\u00e9alisateur 2012 pour les G\u00e9ants, Magritte 2013 du meilleur acteur dans un second r\u00f4le pour De Rouille et d\u2019Os) et\u00a0<b>Wim Willaert<\/b> (Ensor 2012 du meilleur acteur pour Offline).<\/p>\n<p>&nbsp;<\/p>\n<p><i>Je suis mort, mais j\u2019ai des amis<\/i> pourrait se tourner au printemps prochain, peut-\u00eatre un peu plus tard, d\u00e9but septembre par exemple. Le timing d\u00e9pendra des autres films mis en production par Versus, notamment du quatri\u00e8me long m\u00e9trage de Bouli Lanners. Le sympathique Li\u00e9geois n\u2019a h\u00e9las pas encore le don d\u2019ubiquit\u00e9, mais il s\u2019appr\u00eate \u00e0 vivre une des ann\u00e9es les plus excitantes de son existence.<br \/>\nUpdate 27 mai 2014 : le tournage a d\u00e9marr\u00e9 juste apr\u00e8s le Festival de Cannes. Des nouvelles bient\u00f4t sur Cinevox<\/p>\n","protected":false},"excerpt":{"rendered":"<p>D\u00e9j\u00e0 le titre : \u00ab\u00a0Je suis mort, mais j\u2019ai des amis\u00a0\u00bb. Franchement, il fallait l\u2019inventer celui-l\u00e0. \u00c9tonnant, provocateur, il est bien dans l\u2019esprit du film qu\u2019il annonce : d\u00e9cal\u00e9, dr\u00f4le et\u2026 rock\u2019n\u2019roll. &nbsp;<\/p>\n","protected":false},"author":7,"featured_media":46649,"comment_status":"closed","ping_status":"closed","sticky":false,"template":"","format":"standard","meta":{"ngg_post_thumbnail":0,"footnotes":""},"categories":[1923],"tags":[],"class_list":["post-46570","post","type-post","status-publish","format-standard","has-post-thumbnail","","category-en-bref"],"yoast_head":"<!-- This site is optimized with the Yoast SEO plugin v20.4 - https:\/\/yoast.com\/wordpress\/plugins\/seo\/ -->\n<title>Bouli Lanners, Wim Willaert, Rock &#039;n&#039; roll ! - We Love Cinema<\/title>\n<meta name=\"robots\" content=\"index, follow, max-snippet:-1, max-image-preview:large, max-video-preview:-1\" \/>\n<link rel=\"canonical\" href=\"https:\/\/welovecinema.be\/fr\/bouli-lanners-wim-willaert-eric-judor-rocknroll\/\" \/>\n<meta property=\"og:locale\" content=\"fr_FR\" \/>\n<meta property=\"og:type\" content=\"article\" \/>\n<meta property=\"og:title\" content=\"Bouli Lanners, Wim Willaert, Rock &#039;n&#039; roll ! - We Love Cinema\" \/>\n<meta property=\"og:description\" content=\"D\u00e9j\u00e0 le titre : \u00ab\u00a0Je suis mort, mais j\u2019ai des amis\u00a0\u00bb. Franchement, il fallait l\u2019inventer celui-l\u00e0. \u00c9tonnant, provocateur, il est bien dans l\u2019esprit du film qu\u2019il annonce : d\u00e9cal\u00e9, dr\u00f4le et\u2026 rock\u2019n\u2019roll. &nbsp;\" \/>\n<meta property=\"og:url\" content=\"https:\/\/welovecinema.be\/fr\/bouli-lanners-wim-willaert-eric-judor-rocknroll\/\" \/>\n<meta property=\"og:site_name\" content=\"We Love Cinema\" \/>\n<meta property=\"article:publisher\" content=\"https:\/\/www.facebook.com\/welovecinema.be\" \/>\n<meta property=\"article:published_time\" content=\"2013-10-10T04:31:20+00:00\" \/>\n<meta property=\"article:modified_time\" content=\"2014-05-30T08:11:35+00:00\" \/>\n<meta property=\"og:image\" content=\"https:\/\/welovecinema.be\/wp-content\/uploads\/sites\/2\/2013\/10\/IMAGELLAN_00003465-0771.jpg\" \/>\n\t<meta property=\"og:image:width\" content=\"773\" \/>\n\t<meta property=\"og:image:height\" content=\"490\" \/>\n\t<meta property=\"og:image:type\" content=\"image\/jpeg\" \/>\n<meta name=\"author\" content=\"Philippe.Pierquin\" \/>\n<meta name=\"twitter:card\" content=\"summary_large_image\" \/>\n<meta name=\"twitter:label1\" content=\"\u00c9crit par\" \/>\n\t<meta name=\"twitter:data1\" content=\"Philippe.Pierquin\" \/>\n\t<meta name=\"twitter:label2\" content=\"Dur\u00e9e de lecture estim\u00e9e\" \/>\n\t<meta name=\"twitter:data2\" content=\"3 minutes\" \/>\n<script type=\"application\/ld+json\" class=\"yoast-schema-graph\">{\"@context\":\"https:\/\/schema.org\",\"@graph\":[{\"@type\":\"Article\",\"@id\":\"https:\/\/welovecinema.be\/fr\/bouli-lanners-wim-willaert-eric-judor-rocknroll\/#article\",\"isPartOf\":{\"@id\":\"https:\/\/welovecinema.be\/fr\/bouli-lanners-wim-willaert-eric-judor-rocknroll\/\"},\"author\":{\"name\":\"Philippe.Pierquin\",\"@id\":\"https:\/\/welovecinema.be\/nl\/#\/schema\/person\/4b9b1d857f0943453a38a7c2859ef756\"},\"headline\":\"Bouli Lanners, Wim Willaert, Rock &lsquo;n&rsquo; roll !\",\"datePublished\":\"2013-10-10T04:31:20+00:00\",\"dateModified\":\"2014-05-30T08:11:35+00:00\",\"mainEntityOfPage\":{\"@id\":\"https:\/\/welovecinema.be\/fr\/bouli-lanners-wim-willaert-eric-judor-rocknroll\/\"},\"wordCount\":603,\"publisher\":{\"@id\":\"https:\/\/welovecinema.be\/nl\/#organization\"},\"articleSection\":[\"En bref\"],\"inLanguage\":\"fr-FR\"},{\"@type\":\"WebPage\",\"@id\":\"https:\/\/welovecinema.be\/fr\/bouli-lanners-wim-willaert-eric-judor-rocknroll\/\",\"url\":\"https:\/\/welovecinema.be\/fr\/bouli-lanners-wim-willaert-eric-judor-rocknroll\/\",\"name\":\"Bouli Lanners, Wim Willaert, Rock 'n' roll ! - We Love Cinema\",\"isPartOf\":{\"@id\":\"https:\/\/welovecinema.be\/nl\/#website\"},\"datePublished\":\"2013-10-10T04:31:20+00:00\",\"dateModified\":\"2014-05-30T08:11:35+00:00\",\"breadcrumb\":{\"@id\":\"https:\/\/welovecinema.be\/fr\/bouli-lanners-wim-willaert-eric-judor-rocknroll\/#breadcrumb\"},\"inLanguage\":\"fr-FR\",\"potentialAction\":[{\"@type\":\"ReadAction\",\"target\":[\"https:\/\/welovecinema.be\/fr\/bouli-lanners-wim-willaert-eric-judor-rocknroll\/\"]}]},{\"@type\":\"BreadcrumbList\",\"@id\":\"https:\/\/welovecinema.be\/fr\/bouli-lanners-wim-willaert-eric-judor-rocknroll\/#breadcrumb\",\"itemListElement\":[{\"@type\":\"ListItem\",\"position\":1,\"name\":\"Accueil\",\"item\":\"https:\/\/welovecinema.be\/fr\/\"},{\"@type\":\"ListItem\",\"position\":2,\"name\":\"Bouli Lanners, Wim Willaert, Rock &lsquo;n&rsquo; roll !\"}]},{\"@type\":\"WebSite\",\"@id\":\"https:\/\/welovecinema.be\/nl\/#website\",\"url\":\"https:\/\/welovecinema.be\/nl\/\",\"name\":\"We Love Cinema\",\"description\":\"Toute l\u2019information du cin\u00e9ma en Belgique\",\"publisher\":{\"@id\":\"https:\/\/welovecinema.be\/nl\/#organization\"},\"potentialAction\":[{\"@type\":\"SearchAction\",\"target\":{\"@type\":\"EntryPoint\",\"urlTemplate\":\"https:\/\/welovecinema.be\/nl\/?s={search_term_string}\"},\"query-input\":\"required name=search_term_string\"}],\"inLanguage\":\"fr-FR\"},{\"@type\":\"Organization\",\"@id\":\"https:\/\/welovecinema.be\/nl\/#organization\",\"name\":\"We Love Cinema\",\"url\":\"https:\/\/welovecinema.be\/nl\/\",\"logo\":{\"@type\":\"ImageObject\",\"inLanguage\":\"fr-FR\",\"@id\":\"https:\/\/welovecinema.be\/nl\/#\/schema\/logo\/image\/\",\"url\":\"https:\/\/welovecinema.be\/wp-content\/uploads\/sites\/2\/2023\/03\/Logo-We-Love-Cinema305x128.jpg\",\"contentUrl\":\"https:\/\/welovecinema.be\/wp-content\/uploads\/sites\/2\/2023\/03\/Logo-We-Love-Cinema305x128.jpg\",\"width\":305,\"height\":128,\"caption\":\"We Love Cinema\"},\"image\":{\"@id\":\"https:\/\/welovecinema.be\/nl\/#\/schema\/logo\/image\/\"},\"sameAs\":[\"https:\/\/www.facebook.com\/welovecinema.be\",\"https:\/\/www.youtube.com\/channel\/UCX5LYGVhnKvYauW4Nta4HJA\",\"https:\/\/www.instagram.com\/welovecinema.be\/\"]},{\"@type\":\"Person\",\"@id\":\"https:\/\/welovecinema.be\/nl\/#\/schema\/person\/4b9b1d857f0943453a38a7c2859ef756\",\"name\":\"Philippe.Pierquin\",\"url\":\"https:\/\/welovecinema.be\/fr\/author\/philippe-pierquin\/\"}]}<\/script>\n<!-- \/ Yoast SEO plugin. -->","yoast_head_json":{"title":"Bouli Lanners, Wim Willaert, Rock 'n' roll ! - We Love Cinema","robots":{"index":"index","follow":"follow","max-snippet":"max-snippet:-1","max-image-preview":"max-image-preview:large","max-video-preview":"max-video-preview:-1"},"canonical":"https:\/\/welovecinema.be\/fr\/bouli-lanners-wim-willaert-eric-judor-rocknroll\/","og_locale":"fr_FR","og_type":"article","og_title":"Bouli Lanners, Wim Willaert, Rock 'n' roll ! - We Love Cinema","og_description":"D\u00e9j\u00e0 le titre : \u00ab\u00a0Je suis mort, mais j\u2019ai des amis\u00a0\u00bb. Franchement, il fallait l\u2019inventer celui-l\u00e0. \u00c9tonnant, provocateur, il est bien dans l\u2019esprit du film qu\u2019il annonce : d\u00e9cal\u00e9, dr\u00f4le et\u2026 rock\u2019n\u2019roll. &nbsp;","og_url":"https:\/\/welovecinema.be\/fr\/bouli-lanners-wim-willaert-eric-judor-rocknroll\/","og_site_name":"We Love Cinema","article_publisher":"https:\/\/www.facebook.com\/welovecinema.be","article_published_time":"2013-10-10T04:31:20+00:00","article_modified_time":"2014-05-30T08:11:35+00:00","og_image":[{"width":773,"height":490,"url":"https:\/\/welovecinema.be\/wp-content\/uploads\/sites\/2\/2013\/10\/IMAGELLAN_00003465-0771.jpg","type":"image\/jpeg"}],"author":"Philippe.Pierquin","twitter_card":"summary_large_image","twitter_misc":{"\u00c9crit par":"Philippe.Pierquin","Dur\u00e9e de lecture estim\u00e9e":"3 minutes"},"schema":{"@context":"https:\/\/schema.org","@graph":[{"@type":"Article","@id":"https:\/\/welovecinema.be\/fr\/bouli-lanners-wim-willaert-eric-judor-rocknroll\/#article","isPartOf":{"@id":"https:\/\/welovecinema.be\/fr\/bouli-lanners-wim-willaert-eric-judor-rocknroll\/"},"author":{"name":"Philippe.Pierquin","@id":"https:\/\/welovecinema.be\/nl\/#\/schema\/person\/4b9b1d857f0943453a38a7c2859ef756"},"headline":"Bouli Lanners, Wim Willaert, Rock &lsquo;n&rsquo; roll !","datePublished":"2013-10-10T04:31:20+00:00","dateModified":"2014-05-30T08:11:35+00:00","mainEntityOfPage":{"@id":"https:\/\/welovecinema.be\/fr\/bouli-lanners-wim-willaert-eric-judor-rocknroll\/"},"wordCount":603,"publisher":{"@id":"https:\/\/welovecinema.be\/nl\/#organization"},"articleSection":["En bref"],"inLanguage":"fr-FR"},{"@type":"WebPage","@id":"https:\/\/welovecinema.be\/fr\/bouli-lanners-wim-willaert-eric-judor-rocknroll\/","url":"https:\/\/welovecinema.be\/fr\/bouli-lanners-wim-willaert-eric-judor-rocknroll\/","name":"Bouli Lanners, Wim Willaert, Rock 'n' roll ! - We Love Cinema","isPartOf":{"@id":"https:\/\/welovecinema.be\/nl\/#website"},"datePublished":"2013-10-10T04:31:20+00:00","dateModified":"2014-05-30T08:11:35+00:00","breadcrumb":{"@id":"https:\/\/welovecinema.be\/fr\/bouli-lanners-wim-willaert-eric-judor-rocknroll\/#breadcrumb"},"inLanguage":"fr-FR","potentialAction":[{"@type":"ReadAction","target":["https:\/\/welovecinema.be\/fr\/bouli-lanners-wim-willaert-eric-judor-rocknroll\/"]}]},{"@type":"BreadcrumbList","@id":"https:\/\/welovecinema.be\/fr\/bouli-lanners-wim-willaert-eric-judor-rocknroll\/#breadcrumb","itemListElement":[{"@type":"ListItem","position":1,"name":"Accueil","item":"https:\/\/welovecinema.be\/fr\/"},{"@type":"ListItem","position":2,"name":"Bouli Lanners, Wim Willaert, Rock &lsquo;n&rsquo; roll !"}]},{"@type":"WebSite","@id":"https:\/\/welovecinema.be\/nl\/#website","url":"https:\/\/welovecinema.be\/nl\/","name":"We Love Cinema","description":"Toute l\u2019information du cin\u00e9ma en Belgique","publisher":{"@id":"https:\/\/welovecinema.be\/nl\/#organization"},"potentialAction":[{"@type":"SearchAction","target":{"@type":"EntryPoint","urlTemplate":"https:\/\/welovecinema.be\/nl\/?s={search_term_string}"},"query-input":"required name=search_term_string"}],"inLanguage":"fr-FR"},{"@type":"Organization","@id":"https:\/\/welovecinema.be\/nl\/#organization","name":"We Love Cinema","url":"https:\/\/welovecinema.be\/nl\/","logo":{"@type":"ImageObject","inLanguage":"fr-FR","@id":"https:\/\/welovecinema.be\/nl\/#\/schema\/logo\/image\/","url":"https:\/\/welovecinema.be\/wp-content\/uploads\/sites\/2\/2023\/03\/Logo-We-Love-Cinema305x128.jpg","contentUrl":"https:\/\/welovecinema.be\/wp-content\/uploads\/sites\/2\/2023\/03\/Logo-We-Love-Cinema305x128.jpg","width":305,"height":128,"caption":"We Love Cinema"},"image":{"@id":"https:\/\/welovecinema.be\/nl\/#\/schema\/logo\/image\/"},"sameAs":["https:\/\/www.facebook.com\/welovecinema.be","https:\/\/www.youtube.com\/channel\/UCX5LYGVhnKvYauW4Nta4HJA","https:\/\/www.instagram.com\/welovecinema.be\/"]},{"@type":"Person","@id":"https:\/\/welovecinema.be\/nl\/#\/schema\/person\/4b9b1d857f0943453a38a7c2859ef756","name":"Philippe.Pierquin","url":"https:\/\/welovecinema.be\/fr\/author\/philippe-pierquin\/"}]}},"_links":{"self":[{"href":"https:\/\/welovecinema.be\/fr\/wp-json\/wp\/v2\/posts\/46570","targetHints":{"allow":["GET"]}}],"collection":[{"href":"https:\/\/welovecinema.be\/fr\/wp-json\/wp\/v2\/posts"}],"about":[{"href":"https:\/\/welovecinema.be\/fr\/wp-json\/wp\/v2\/types\/post"}],"author":[{"embeddable":true,"href":"https:\/\/welovecinema.be\/fr\/wp-json\/wp\/v2\/users\/7"}],"replies":[{"embeddable":true,"href":"https:\/\/welovecinema.be\/fr\/wp-json\/wp\/v2\/comments?post=46570"}],"version-history":[{"count":0,"href":"https:\/\/welovecinema.be\/fr\/wp-json\/wp\/v2\/posts\/46570\/revisions"}],"wp:featuredmedia":[{"embeddable":true,"href":"https:\/\/welovecinema.be\/fr\/wp-json\/wp\/v2\/media\/46649"}],"wp:attachment":[{"href":"https:\/\/welovecinema.be\/fr\/wp-json\/wp\/v2\/media?parent=46570"}],"wp:term":[{"taxonomy":"category","embeddable":true,"href":"https:\/\/welovecinema.be\/fr\/wp-json\/wp\/v2\/categories?post=46570"},{"taxonomy":"post_tag","embeddable":true,"href":"https:\/\/welovecinema.be\/fr\/wp-json\/wp\/v2\/tags?post=46570"}],"curies":[{"name":"wp","href":"https:\/\/api.w.org\/{rel}","templated":true}]}}