{"id":46490,"date":"2013-10-08T10:15:06","date_gmt":"2013-10-08T08:15:06","guid":{"rendered":"http:\/\/www.cinevox.be\/?p=46490"},"modified":"2013-10-08T10:15:06","modified_gmt":"2013-10-08T08:15:06","slug":"jeremie-renier-bouli-lanners-confrerie-larmes","status":"publish","type":"post","link":"https:\/\/welovecinema.be\/fr\/jeremie-renier-bouli-lanners-confrerie-larmes\/","title":{"rendered":"J\u00e9r\u00e9mie Renier et Bouli Lanners dans La Confr\u00e9rie des Larmes"},"content":{"rendered":"<p>\u00c0 Paris, Gabriel, la trentaine, \u00e9l\u00e8ve seul sa fille Juliette. Ancien flic retir\u00e9 des affaires suite \u00e0 un drame personnel, l\u2019homme a du mal \u00e0 joindre les deux bouts. Un jour, une ancienne connaissance lui propose un travail bien r\u00e9mun\u00e9r\u00e9. S\u2019il accepte le march\u00e9, Gabriel doit livrer des mallettes \u00e0 travers le monde pour des commanditaires anonymes.<\/p>\n<p>Les termes du contrat sont clairs : il ne doit poser aucune question sur le contenu des valises et ne jamais essayer de les ouvrir. Intrigu\u00e9 et persuad\u00e9 que ce job le fera sortir de son impasse financi\u00e8re, Gabriel se lance dans l\u2019aventure. D&rsquo;Istanbul \u00e0 Bruges en passant par la Chine, il saute d\u2019avion priv\u00e9 en avion priv\u00e9 avec sa myst\u00e9rieuse cargaison.<\/p>\n<p>L\u2019argent ne tarde pas \u00e0 affluer. Gabriel est un homme press\u00e9 certes, mais riche. Si sa fille se plaint de ce p\u00e8re d\u00e9sormais absent, il ne peut enrayer une machine qui l\u2019\u00e9touffe de plus en plus.<!--more--><\/p>\n<p>&nbsp;<\/p>\n<p>Un film de \u00a0Jean-Baptiste Andrea<\/p>\n<p>Avec : J\u00e9r\u00e9mie Renier, Audrey Fleurot, Bouli Lanenrs et M\u00e9lusine Mayance<\/p>\n","protected":false},"excerpt":{"rendered":"<p>\u00c0 Paris, Gabriel, la trentaine, \u00e9l\u00e8ve seul sa fille Juliette. Ancien flic retir\u00e9 des affaires suite \u00e0 un drame personnel, l\u2019homme a du mal \u00e0 joindre les deux bouts. Un jour, une ancienne connaissance lui propose un travail bien r\u00e9mun\u00e9r\u00e9. S\u2019il accepte le march\u00e9, Gabriel doit livrer des mallettes \u00e0 travers le monde pour des &hellip;<\/p>\n","protected":false},"author":7,"featured_media":46492,"comment_status":"closed","ping_status":"closed","sticky":false,"template":"","format":"standard","meta":{"ngg_post_thumbnail":0,"footnotes":""},"categories":[53],"tags":[],"class_list":["post-46490","post","type-post","status-publish","format-standard","has-post-thumbnail","","category-coming-soon"],"yoast_head":"<!-- This site is optimized with the Yoast SEO plugin v20.4 - https:\/\/yoast.com\/wordpress\/plugins\/seo\/ -->\n<title>J\u00e9r\u00e9mie Renier et Bouli Lanners dans La Confr\u00e9rie des Larmes - We Love Cinema<\/title>\n<meta name=\"robots\" content=\"index, follow, max-snippet:-1, max-image-preview:large, max-video-preview:-1\" \/>\n<link rel=\"canonical\" href=\"https:\/\/welovecinema.be\/fr\/jeremie-renier-bouli-lanners-confrerie-larmes\/\" \/>\n<meta property=\"og:locale\" content=\"fr_FR\" \/>\n<meta property=\"og:type\" content=\"article\" \/>\n<meta property=\"og:title\" content=\"J\u00e9r\u00e9mie Renier et Bouli Lanners dans La Confr\u00e9rie des Larmes - We Love Cinema\" \/>\n<meta property=\"og:description\" content=\"\u00c0 Paris, Gabriel, la trentaine, \u00e9l\u00e8ve seul sa fille Juliette. Ancien flic retir\u00e9 des affaires suite \u00e0 un drame personnel, l\u2019homme a du mal \u00e0 joindre les deux bouts. Un jour, une ancienne connaissance lui propose un travail bien r\u00e9mun\u00e9r\u00e9. S\u2019il accepte le march\u00e9, Gabriel doit livrer des mallettes \u00e0 travers le monde pour des &hellip;\" \/>\n<meta property=\"og:url\" content=\"https:\/\/welovecinema.be\/fr\/jeremie-renier-bouli-lanners-confrerie-larmes\/\" \/>\n<meta property=\"og:site_name\" content=\"We Love Cinema\" \/>\n<meta property=\"article:publisher\" content=\"https:\/\/www.facebook.com\/welovecinema.be\" \/>\n<meta property=\"article:published_time\" content=\"2013-10-08T08:15:06+00:00\" \/>\n<meta property=\"og:image\" content=\"https:\/\/welovecinema.be\/wp-content\/uploads\/sites\/2\/2013\/10\/la-confr\u00e9rie-des-larmes-j\u00e9r\u00e9mie-renier-teaser-bande-annonce-film-620x350.jpg\" \/>\n\t<meta property=\"og:image:width\" content=\"960\" \/>\n\t<meta property=\"og:image:height\" content=\"540\" \/>\n\t<meta property=\"og:image:type\" content=\"image\/jpeg\" \/>\n<meta name=\"author\" content=\"Philippe.Pierquin\" \/>\n<meta name=\"twitter:card\" content=\"summary_large_image\" \/>\n<meta name=\"twitter:label1\" content=\"\u00c9crit par\" \/>\n\t<meta name=\"twitter:data1\" content=\"Philippe.Pierquin\" \/>\n\t<meta name=\"twitter:label2\" content=\"Dur\u00e9e de lecture estim\u00e9e\" \/>\n\t<meta name=\"twitter:data2\" content=\"1 minute\" \/>\n<script type=\"application\/ld+json\" class=\"yoast-schema-graph\">{\"@context\":\"https:\/\/schema.org\",\"@graph\":[{\"@type\":\"Article\",\"@id\":\"https:\/\/welovecinema.be\/fr\/jeremie-renier-bouli-lanners-confrerie-larmes\/#article\",\"isPartOf\":{\"@id\":\"https:\/\/welovecinema.be\/fr\/jeremie-renier-bouli-lanners-confrerie-larmes\/\"},\"author\":{\"name\":\"Philippe.Pierquin\",\"@id\":\"https:\/\/welovecinema.be\/nl\/#\/schema\/person\/4b9b1d857f0943453a38a7c2859ef756\"},\"headline\":\"J\u00e9r\u00e9mie Renier et Bouli Lanners dans La Confr\u00e9rie des Larmes\",\"datePublished\":\"2013-10-08T08:15:06+00:00\",\"dateModified\":\"2013-10-08T08:15:06+00:00\",\"mainEntityOfPage\":{\"@id\":\"https:\/\/welovecinema.be\/fr\/jeremie-renier-bouli-lanners-confrerie-larmes\/\"},\"wordCount\":194,\"publisher\":{\"@id\":\"https:\/\/welovecinema.be\/nl\/#organization\"},\"articleSection\":[\"Coming soon\"],\"inLanguage\":\"fr-FR\"},{\"@type\":\"WebPage\",\"@id\":\"https:\/\/welovecinema.be\/fr\/jeremie-renier-bouli-lanners-confrerie-larmes\/\",\"url\":\"https:\/\/welovecinema.be\/fr\/jeremie-renier-bouli-lanners-confrerie-larmes\/\",\"name\":\"J\u00e9r\u00e9mie Renier et Bouli Lanners dans La Confr\u00e9rie des Larmes - We Love Cinema\",\"isPartOf\":{\"@id\":\"https:\/\/welovecinema.be\/nl\/#website\"},\"datePublished\":\"2013-10-08T08:15:06+00:00\",\"dateModified\":\"2013-10-08T08:15:06+00:00\",\"breadcrumb\":{\"@id\":\"https:\/\/welovecinema.be\/fr\/jeremie-renier-bouli-lanners-confrerie-larmes\/#breadcrumb\"},\"inLanguage\":\"fr-FR\",\"potentialAction\":[{\"@type\":\"ReadAction\",\"target\":[\"https:\/\/welovecinema.be\/fr\/jeremie-renier-bouli-lanners-confrerie-larmes\/\"]}]},{\"@type\":\"BreadcrumbList\",\"@id\":\"https:\/\/welovecinema.be\/fr\/jeremie-renier-bouli-lanners-confrerie-larmes\/#breadcrumb\",\"itemListElement\":[{\"@type\":\"ListItem\",\"position\":1,\"name\":\"Accueil\",\"item\":\"https:\/\/welovecinema.be\/fr\/\"},{\"@type\":\"ListItem\",\"position\":2,\"name\":\"J\u00e9r\u00e9mie Renier et Bouli Lanners dans La Confr\u00e9rie des Larmes\"}]},{\"@type\":\"WebSite\",\"@id\":\"https:\/\/welovecinema.be\/nl\/#website\",\"url\":\"https:\/\/welovecinema.be\/nl\/\",\"name\":\"We Love Cinema\",\"description\":\"Toute l\u2019information du cin\u00e9ma en Belgique\",\"publisher\":{\"@id\":\"https:\/\/welovecinema.be\/nl\/#organization\"},\"potentialAction\":[{\"@type\":\"SearchAction\",\"target\":{\"@type\":\"EntryPoint\",\"urlTemplate\":\"https:\/\/welovecinema.be\/nl\/?s={search_term_string}\"},\"query-input\":\"required name=search_term_string\"}],\"inLanguage\":\"fr-FR\"},{\"@type\":\"Organization\",\"@id\":\"https:\/\/welovecinema.be\/nl\/#organization\",\"name\":\"We Love Cinema\",\"url\":\"https:\/\/welovecinema.be\/nl\/\",\"logo\":{\"@type\":\"ImageObject\",\"inLanguage\":\"fr-FR\",\"@id\":\"https:\/\/welovecinema.be\/nl\/#\/schema\/logo\/image\/\",\"url\":\"https:\/\/welovecinema.be\/wp-content\/uploads\/sites\/2\/2023\/03\/Logo-We-Love-Cinema305x128.jpg\",\"contentUrl\":\"https:\/\/welovecinema.be\/wp-content\/uploads\/sites\/2\/2023\/03\/Logo-We-Love-Cinema305x128.jpg\",\"width\":305,\"height\":128,\"caption\":\"We Love Cinema\"},\"image\":{\"@id\":\"https:\/\/welovecinema.be\/nl\/#\/schema\/logo\/image\/\"},\"sameAs\":[\"https:\/\/www.facebook.com\/welovecinema.be\",\"https:\/\/www.youtube.com\/channel\/UCX5LYGVhnKvYauW4Nta4HJA\",\"https:\/\/www.instagram.com\/welovecinema.be\/\"]},{\"@type\":\"Person\",\"@id\":\"https:\/\/welovecinema.be\/nl\/#\/schema\/person\/4b9b1d857f0943453a38a7c2859ef756\",\"name\":\"Philippe.Pierquin\",\"url\":\"https:\/\/welovecinema.be\/fr\/author\/philippe-pierquin\/\"}]}<\/script>\n<!-- \/ Yoast SEO plugin. -->","yoast_head_json":{"title":"J\u00e9r\u00e9mie Renier et Bouli Lanners dans La Confr\u00e9rie des Larmes - We Love Cinema","robots":{"index":"index","follow":"follow","max-snippet":"max-snippet:-1","max-image-preview":"max-image-preview:large","max-video-preview":"max-video-preview:-1"},"canonical":"https:\/\/welovecinema.be\/fr\/jeremie-renier-bouli-lanners-confrerie-larmes\/","og_locale":"fr_FR","og_type":"article","og_title":"J\u00e9r\u00e9mie Renier et Bouli Lanners dans La Confr\u00e9rie des Larmes - We Love Cinema","og_description":"\u00c0 Paris, Gabriel, la trentaine, \u00e9l\u00e8ve seul sa fille Juliette. Ancien flic retir\u00e9 des affaires suite \u00e0 un drame personnel, l\u2019homme a du mal \u00e0 joindre les deux bouts. Un jour, une ancienne connaissance lui propose un travail bien r\u00e9mun\u00e9r\u00e9. S\u2019il accepte le march\u00e9, Gabriel doit livrer des mallettes \u00e0 travers le monde pour des &hellip;","og_url":"https:\/\/welovecinema.be\/fr\/jeremie-renier-bouli-lanners-confrerie-larmes\/","og_site_name":"We Love Cinema","article_publisher":"https:\/\/www.facebook.com\/welovecinema.be","article_published_time":"2013-10-08T08:15:06+00:00","og_image":[{"width":960,"height":540,"url":"https:\/\/welovecinema.be\/wp-content\/uploads\/sites\/2\/2013\/10\/la-confr\u00e9rie-des-larmes-j\u00e9r\u00e9mie-renier-teaser-bande-annonce-film-620x350.jpg","type":"image\/jpeg"}],"author":"Philippe.Pierquin","twitter_card":"summary_large_image","twitter_misc":{"\u00c9crit par":"Philippe.Pierquin","Dur\u00e9e de lecture estim\u00e9e":"1 minute"},"schema":{"@context":"https:\/\/schema.org","@graph":[{"@type":"Article","@id":"https:\/\/welovecinema.be\/fr\/jeremie-renier-bouli-lanners-confrerie-larmes\/#article","isPartOf":{"@id":"https:\/\/welovecinema.be\/fr\/jeremie-renier-bouli-lanners-confrerie-larmes\/"},"author":{"name":"Philippe.Pierquin","@id":"https:\/\/welovecinema.be\/nl\/#\/schema\/person\/4b9b1d857f0943453a38a7c2859ef756"},"headline":"J\u00e9r\u00e9mie Renier et Bouli Lanners dans La Confr\u00e9rie des Larmes","datePublished":"2013-10-08T08:15:06+00:00","dateModified":"2013-10-08T08:15:06+00:00","mainEntityOfPage":{"@id":"https:\/\/welovecinema.be\/fr\/jeremie-renier-bouli-lanners-confrerie-larmes\/"},"wordCount":194,"publisher":{"@id":"https:\/\/welovecinema.be\/nl\/#organization"},"articleSection":["Coming soon"],"inLanguage":"fr-FR"},{"@type":"WebPage","@id":"https:\/\/welovecinema.be\/fr\/jeremie-renier-bouli-lanners-confrerie-larmes\/","url":"https:\/\/welovecinema.be\/fr\/jeremie-renier-bouli-lanners-confrerie-larmes\/","name":"J\u00e9r\u00e9mie Renier et Bouli Lanners dans La Confr\u00e9rie des Larmes - We Love Cinema","isPartOf":{"@id":"https:\/\/welovecinema.be\/nl\/#website"},"datePublished":"2013-10-08T08:15:06+00:00","dateModified":"2013-10-08T08:15:06+00:00","breadcrumb":{"@id":"https:\/\/welovecinema.be\/fr\/jeremie-renier-bouli-lanners-confrerie-larmes\/#breadcrumb"},"inLanguage":"fr-FR","potentialAction":[{"@type":"ReadAction","target":["https:\/\/welovecinema.be\/fr\/jeremie-renier-bouli-lanners-confrerie-larmes\/"]}]},{"@type":"BreadcrumbList","@id":"https:\/\/welovecinema.be\/fr\/jeremie-renier-bouli-lanners-confrerie-larmes\/#breadcrumb","itemListElement":[{"@type":"ListItem","position":1,"name":"Accueil","item":"https:\/\/welovecinema.be\/fr\/"},{"@type":"ListItem","position":2,"name":"J\u00e9r\u00e9mie Renier et Bouli Lanners dans La Confr\u00e9rie des Larmes"}]},{"@type":"WebSite","@id":"https:\/\/welovecinema.be\/nl\/#website","url":"https:\/\/welovecinema.be\/nl\/","name":"We Love Cinema","description":"Toute l\u2019information du cin\u00e9ma en Belgique","publisher":{"@id":"https:\/\/welovecinema.be\/nl\/#organization"},"potentialAction":[{"@type":"SearchAction","target":{"@type":"EntryPoint","urlTemplate":"https:\/\/welovecinema.be\/nl\/?s={search_term_string}"},"query-input":"required name=search_term_string"}],"inLanguage":"fr-FR"},{"@type":"Organization","@id":"https:\/\/welovecinema.be\/nl\/#organization","name":"We Love Cinema","url":"https:\/\/welovecinema.be\/nl\/","logo":{"@type":"ImageObject","inLanguage":"fr-FR","@id":"https:\/\/welovecinema.be\/nl\/#\/schema\/logo\/image\/","url":"https:\/\/welovecinema.be\/wp-content\/uploads\/sites\/2\/2023\/03\/Logo-We-Love-Cinema305x128.jpg","contentUrl":"https:\/\/welovecinema.be\/wp-content\/uploads\/sites\/2\/2023\/03\/Logo-We-Love-Cinema305x128.jpg","width":305,"height":128,"caption":"We Love Cinema"},"image":{"@id":"https:\/\/welovecinema.be\/nl\/#\/schema\/logo\/image\/"},"sameAs":["https:\/\/www.facebook.com\/welovecinema.be","https:\/\/www.youtube.com\/channel\/UCX5LYGVhnKvYauW4Nta4HJA","https:\/\/www.instagram.com\/welovecinema.be\/"]},{"@type":"Person","@id":"https:\/\/welovecinema.be\/nl\/#\/schema\/person\/4b9b1d857f0943453a38a7c2859ef756","name":"Philippe.Pierquin","url":"https:\/\/welovecinema.be\/fr\/author\/philippe-pierquin\/"}]}},"_links":{"self":[{"href":"https:\/\/welovecinema.be\/fr\/wp-json\/wp\/v2\/posts\/46490","targetHints":{"allow":["GET"]}}],"collection":[{"href":"https:\/\/welovecinema.be\/fr\/wp-json\/wp\/v2\/posts"}],"about":[{"href":"https:\/\/welovecinema.be\/fr\/wp-json\/wp\/v2\/types\/post"}],"author":[{"embeddable":true,"href":"https:\/\/welovecinema.be\/fr\/wp-json\/wp\/v2\/users\/7"}],"replies":[{"embeddable":true,"href":"https:\/\/welovecinema.be\/fr\/wp-json\/wp\/v2\/comments?post=46490"}],"version-history":[{"count":0,"href":"https:\/\/welovecinema.be\/fr\/wp-json\/wp\/v2\/posts\/46490\/revisions"}],"wp:featuredmedia":[{"embeddable":true,"href":"https:\/\/welovecinema.be\/fr\/wp-json\/wp\/v2\/media\/46492"}],"wp:attachment":[{"href":"https:\/\/welovecinema.be\/fr\/wp-json\/wp\/v2\/media?parent=46490"}],"wp:term":[{"taxonomy":"category","embeddable":true,"href":"https:\/\/welovecinema.be\/fr\/wp-json\/wp\/v2\/categories?post=46490"},{"taxonomy":"post_tag","embeddable":true,"href":"https:\/\/welovecinema.be\/fr\/wp-json\/wp\/v2\/tags?post=46490"}],"curies":[{"name":"wp","href":"https:\/\/api.w.org\/{rel}","templated":true}]}}