{"id":4631,"date":"2011-10-07T09:38:20","date_gmt":"2011-10-07T09:38:20","guid":{"rendered":"http:\/\/www.cinevox.be\/?p=4631"},"modified":"2011-11-18T08:38:07","modified_gmt":"2011-11-18T08:38:07","slug":"marie-gillain-et-les-etoiles-entre-elles-ne-parlent-que-de-toi","status":"publish","type":"post","link":"https:\/\/welovecinema.be\/fr\/marie-gillain-et-les-etoiles-entre-elles-ne-parlent-que-de-toi\/","title":{"rendered":"Marie Gillain <br> \u00ab\u00a0Et les \u00e9toiles entre elles ne parlent que de toi\u00a0\u00bb"},"content":{"rendered":"<p>C&rsquo;est l&rsquo;une de nos actrices f\u00e9tiches. Trop rare, sans doute, mais d&rsquo;autant plus pr\u00e9cieuse.<\/p>\n<p><strong>Marie Gillain<\/strong>, n\u00e9e \u00e0 Rocourt, vient tout juste de f\u00eater son 36<sup>e<\/sup> anniversaire. Et les prochains mois seront tonitruants, n&rsquo;en doutons pas. Le 9 novembre 2011, sortira sur les \u00e9crans, <strong><em>Toutes Nos Envies<\/em><\/strong>, librement adapt\u00e9 du roman d&rsquo;Emmanuel Carr\u00e8re,\u00a0<em>D&rsquo;Autres Vies que la Mienne<\/em>. Ce sera le septi\u00e8me long-m\u00e9trage de <strong>Philippe Lioret<\/strong>, un des meilleurs r\u00e9alisateurs fran\u00e7ais de la d\u00e9cennie. Carr\u00e9ment.<\/p>\n<p>Face \u00e0 <strong>Vincent Lindon<\/strong>, qui interpr\u00e8te un juge chevronn\u00e9 et accrocheur, personnage r\u00e9el qui a inspir\u00e9 Carr\u00e8re et Lioret, Marie est Claire, une jeune magistrate; id\u00e9aliste elle aussi. Un retour en majuscule pour la jolie Li\u00e9geoise qui a altern\u00e9 tout au long de sa carri\u00e8re de grands films et des \u0153uvres moins bien re\u00e7ues par le public et la critique.<!--more--><\/p>\n<p>&nbsp;<\/p>\n<p>Fascin\u00e9e d\u00e8s son plus jeune \u00e2ge par l&rsquo;art, la petite Marie sera tour \u00e0 tour majorette, danseuse, com\u00e9dienne et funambule sur le fil qu&rsquo;elle tend sans son jardin entre deux arbres. \u00c0 14 ans, apr\u00e8s avoir particip\u00e9 au casting de <em>L&rsquo;Amant<\/em> (elle ne sera pas retenue, car <strong>Jean-Jacques Annaud<\/strong> la trouve trop jeune), elle rejoint l&rsquo;atelier d\u2019expression th\u00e9\u00e2trale pour adolescents, \u00ab\u00a0Le Vivier\u00a0\u00bb. C&rsquo;est le d\u00e9but d&rsquo;une vie professionnelle qui va s&rsquo;amorcer tr\u00e8s vite :\u00a0<strong>Fran\u00e7oise Menidrey, <\/strong>la directrice de casting qui s&rsquo;occupait de <em>L&rsquo;Amant<\/em> l&rsquo;aiguille sur ce qui sera finalement son premier long m\u00e9trage, d\u00e9j\u00e0 celui de la r\u00e9v\u00e9lation.<\/p>\n<p>&nbsp;<\/p>\n<p><a rel=\"attachment wp-att-4645\" href=\"http:\/\/www.cinevox.be\/marie-gillain-et-les-etoiles-entre-elles-ne-parlent-que-de-toi\/marie-4\/\"><img loading=\"lazy\" decoding=\"async\" class=\"alignright size-large wp-image-4645\" title=\"marie\" src=\"http:\/\/www.cinevox.be\/wp-content\/uploads\/sites\/2\/2011\/07\/marie3-419x600.jpg\" alt=\"\" width=\"419\" height=\"600\" srcset=\"https:\/\/welovecinema.be\/wp-content\/uploads\/sites\/2\/2011\/07\/marie3-419x600.jpg 419w, https:\/\/welovecinema.be\/wp-content\/uploads\/sites\/2\/2011\/07\/marie3-188x270.jpg 188w, https:\/\/welovecinema.be\/wp-content\/uploads\/sites\/2\/2011\/07\/marie3.jpg 1125w\" sizes=\"auto, (max-width: 419px) 100vw, 419px\" \/><\/a><\/p>\n<p>\u00c0 16 ans, face \u00e0 un tonitruant\u00a0<strong>Depardieu<\/strong>, elle compose une ado libre et fascinante dans <em>Mon P\u00e8re, ce h\u00e9ros <\/em>(photo d&rsquo;ouverture)<em>.<\/em> Formidable. C&rsquo;est le grand d\u00e9marrage. En 95, <strong>Bertrand Tavernier<\/strong> fait d&rsquo;elle <em>L&rsquo;App\u00e2t<\/em> qui lui permet de d\u00e9crocher le prix Romy Schneider. Une ann\u00e9e fantastique qui la verra aussi incarner sur sc\u00e8ne une bouleversante Anne Frank.<\/p>\n<p>Pendant les quinze ann\u00e9es qui suivent, Marie ne quittera jamais vraiment les \u00e9crans, mais le succ\u00e8s n&rsquo;est pas toujours au rendez-vous. La formidable actrice ne d\u00e9m\u00e9rite pourtant pas. Son meilleur film? Sans doute <em>Ni pour ni contre (bien au contraire),<\/em> sign\u00e9 par <strong>C\u00e9dric Klapisch<\/strong>. Mais d&rsquo;autres que nous citeront <em>Le D\u00eener<\/em> (<strong>Ettore Scola<\/strong>), <em>Laissez-Passer<\/em> (Tavernier encore), <em>Marie<\/em> de <strong>Marian Handwerker<\/strong>, ou <em>Les Affinit\u00e9s Electives<\/em> (les fr\u00e8res <strong>Taviani<\/strong>), voire <em>Un air si Pur <\/em>dans lequel elle rencontre <strong>Fabrice Luchini<\/strong> qu&rsquo;elle croisera \u00e0 plusieurs reprises sur les plateaux de cin\u00e9ma.<\/p>\n<p>Depuis toujours, Marie r\u00e9ussit l&rsquo;exploit de combiner \u00e0 la perfection vie priv\u00e9e et vie publique, prenant soin de ses deux enfants qu&rsquo;elle couve jalousement. Cette vie, elle la pr\u00e9serve le plus intimement possible. Au point que le jour de son 30<sup>e<\/sup> anniversaire, elle est purement et simplement cong\u00e9di\u00e9e du plateau de Thierry Ardisson, car elle refuse avec un sourire poli de se livrer. L&rsquo;anecdote, peu connue, est cont\u00e9e par Martin Rappeneau avec qui elle enregistra le single <a href=\"http:\/\/www.youtube.com\/watch?v=7SFGj7P5kDo\" target=\"_blank\">Figures impos\u00e9es<\/a>. On ne verra jamais sa prestation \u00e0 l&rsquo;antenne. N\u00e9anmoins disponible,<strong> Marie Gillain<\/strong> est aussi ambassadrice b\u00e9n\u00e9vole de\u00a0<a title=\"Plan Belgique\" href=\"http:\/\/fr.wikipedia.org\/wiki\/Plan_Belgique\" target=\"_blank\">Plan Belgique<\/a> en faveur des enfants dans les pays en d\u00e9veloppement.<\/p>\n<p>&nbsp;<\/p>\n<p>Ces derni\u00e8res ann\u00e9es, Marie est apparue dans Les Femmes de l&rsquo;Ombre (photo),\u00a0<em>Coco avant Chanel<\/em> et plus largement dans le tr\u00e8s sympathique <em>La tr\u00e8s tr\u00e8s Grande Entreprise<\/em> de <strong>Pierre Jolivet<\/strong> qui n&rsquo;est pas sans \u00e9voquer d\u00e9j\u00e0 les pr\u00e9occupations sociales qu&rsquo;elle <a rel=\"attachment wp-att-4641\" href=\"http:\/\/www.cinevox.be\/marie-gillain-et-les-etoiles-entre-elles-ne-parlent-que-de-toi\/tournage-les-femmes-de-lombre-2\/\"><img loading=\"lazy\" decoding=\"async\" class=\"alignleft size-medium wp-image-4641\" title=\"Tournage Les Femmes de l'ombre\" src=\"http:\/\/www.cinevox.be\/wp-content\/uploads\/sites\/2\/2011\/07\/femmes-de-lombre1-405x270.jpg\" alt=\"\" width=\"405\" height=\"270\" srcset=\"https:\/\/welovecinema.be\/wp-content\/uploads\/sites\/2\/2011\/07\/femmes-de-lombre1-405x270.jpg 405w, https:\/\/welovecinema.be\/wp-content\/uploads\/sites\/2\/2011\/07\/femmes-de-lombre1-800x533.jpg 800w, https:\/\/welovecinema.be\/wp-content\/uploads\/sites\/2\/2011\/07\/femmes-de-lombre1.jpg 1500w\" sizes=\"auto, (max-width: 405px) 100vw, 405px\" \/><\/a>rencontre dans le nouveau film de Philippe Lioret. Ce r\u00f4le, elle s&rsquo;est battue comme une lionne pour le d\u00e9crocher. Car quand Marie aspire \u00e0 quelque chose, elle le revendique. Apr\u00e8s les premiers essais, elle est revenue \u00e0 la charge. Elle a \u00e9crit \u00e0 la production, lui a expliqu\u00e9 en long et en large pourquoi elle savait que c&rsquo;\u00e9tait le r\u00f4le de sa vie, pourquoi elle voulait \u00eatre l\u00e0 \u00e0 tout prix. Apr\u00e8s le tournage, le moins qu&rsquo;on puisse dire est que le r\u00e9alisateur \u00a0ne le regrette pas, n&rsquo;h\u00e9sitant pas \u00e0 dresser \u00e0 Marie des \u00e9loges qui n&rsquo;ont rien de consensuel: Philippe Lioret n&rsquo;est pas du genre \u00e0 \u00eatre gentil, juste pour faire plaisir.<\/p>\n<p>&nbsp;<\/p>\n<p>En d\u00e9cembre dernier<em>, <\/em>Marie Gillain a \u00e9t\u00e9 \u00e9lue \u00ab\u00a0Actrice belge pr\u00e9f\u00e9r\u00e9e des Belges\u00a0\u00bb dans l&rsquo;\u00e9mission\u00a0<em>Les Belges font leur cin\u00e9ma <\/em>sur\u00a0 <a href=\"http:\/\/www.rtbf.be\/tv\/actualite\/detail_title?id=4668373\" target=\"_blank\"><strong>La Une<\/strong><\/a>. Bas\u00e9 sur un vote en ligne, ce classement la vit devancer C\u00e9cile de France, Yolande Moreau et Emilie Dequenne, pourtant plus expos\u00e9es m\u00e9diatiquement. Une bien jolie performance pour celle qui reste malgr\u00e9 sa discr\u00e9tion la fianc\u00e9e des spectateurs. Ce qui tend \u00e0 prouver une chose essentielle: le public (et le belge sans doute plus que les autres) n&rsquo;est pas si versatile que certains veulent nous le faire croire. Lorsqu&rsquo;il discerne le talent, mais aussi l&rsquo;authenticit\u00e9, la gentillesse et la simplicit\u00e9, il garde une place dans son c\u0153ur pour ceux qui ont crois\u00e9 sa route. Une fid\u00e9lit\u00e9 qui ne risque pas d&rsquo;\u00eatre entam\u00e9e par <em>Toutes nos envies<\/em> qui, nous le pr\u00e9disons (copiez-collez ce pronostic dans vos souvenirs) sera un des deux ou trois grands films de 2012. Pas de danger : c&rsquo;est le cas avec tous les longs m\u00e9trages de Philippe Lioret.<\/p>\n<p>Seul souci, il nous fait encore patienter plus de sept mois pour d\u00e9couvrir cette histoire forte. Et sept mois, parfois, c&rsquo;est tr\u00e8s long.<\/p>\n<p>&nbsp;<\/p>\n<p>&nbsp;<\/p>\n<p>&nbsp;<\/p>\n[Marie Gillain inspire les artistes, les photographes surtout, mais aussi les peintres. La toile qui illustre cet article a \u00e9t\u00e9 r\u00e9alis\u00e9e par <strong>Pascal Le Brun<\/strong>, figure artistique belge de premier plan, talent prot\u00e9iforme puisqu&rsquo;\u00e0 c\u00f4t\u00e9 de ses toiles, fameuses, on lui doit par exemple l&rsquo;affiche historique de <em>C&rsquo;est Arriv\u00e9 Pr\u00e8s de Chez Vous<\/em>. Il a aussi travaill\u00e9 sur les sc\u00e9narios de la s\u00e9rie <em>Monsieur Manatane<\/em> avec son copain <strong>Beno\u00eet Poelvoorde<\/strong> et sur celui des <em>Portes de la Gloire<\/em>. Artiste bien ancr\u00e9 dans son \u00e9poque, Pascal est responsable de toute la communication visuelle du fonds \u00e9conomique wallon <em>Wallimage<\/em> et des <em>Magritte du Cin\u00e9ma<\/em>]\n<p>&nbsp;<\/p>\n","protected":false},"excerpt":{"rendered":"<p>C&rsquo;est l&rsquo;une de nos actrices f\u00e9tiches. Trop rare, sans doute, mais d&rsquo;autant plus pr\u00e9cieuse. Marie Gillain, n\u00e9e \u00e0 Rocourt, vient tout juste de f\u00eater son 36e anniversaire. Et les prochains mois seront tonitruants, n&rsquo;en doutons pas. Le 9 novembre 2011, sortira sur les \u00e9crans, Toutes Nos Envies, librement adapt\u00e9 du roman d&rsquo;Emmanuel Carr\u00e8re,\u00a0D&rsquo;Autres Vies que &hellip;<\/p>\n","protected":false},"author":7,"featured_media":4643,"comment_status":"closed","ping_status":"closed","sticky":false,"template":"","format":"standard","meta":{"ngg_post_thumbnail":0,"footnotes":""},"categories":[1978],"tags":[],"class_list":["post-4631","post","type-post","status-publish","format-standard","has-post-thumbnail","","category-interviews"],"yoast_head":"<!-- This site is optimized with the Yoast SEO plugin v20.4 - https:\/\/yoast.com\/wordpress\/plugins\/seo\/ -->\n<title>Marie Gillain  &quot;Et les \u00e9toiles entre elles ne parlent que de toi&quot; - We Love Cinema<\/title>\n<meta name=\"robots\" content=\"index, follow, max-snippet:-1, max-image-preview:large, max-video-preview:-1\" \/>\n<link rel=\"canonical\" href=\"https:\/\/welovecinema.be\/fr\/marie-gillain-et-les-etoiles-entre-elles-ne-parlent-que-de-toi\/\" \/>\n<meta property=\"og:locale\" content=\"fr_FR\" \/>\n<meta property=\"og:type\" content=\"article\" \/>\n<meta property=\"og:title\" content=\"Marie Gillain  &quot;Et les \u00e9toiles entre elles ne parlent que de toi&quot; - We Love Cinema\" \/>\n<meta property=\"og:description\" content=\"C&rsquo;est l&rsquo;une de nos actrices f\u00e9tiches. Trop rare, sans doute, mais d&rsquo;autant plus pr\u00e9cieuse. Marie Gillain, n\u00e9e \u00e0 Rocourt, vient tout juste de f\u00eater son 36e anniversaire. Et les prochains mois seront tonitruants, n&rsquo;en doutons pas. Le 9 novembre 2011, sortira sur les \u00e9crans, Toutes Nos Envies, librement adapt\u00e9 du roman d&rsquo;Emmanuel Carr\u00e8re,\u00a0D&rsquo;Autres Vies que &hellip;\" \/>\n<meta property=\"og:url\" content=\"https:\/\/welovecinema.be\/fr\/marie-gillain-et-les-etoiles-entre-elles-ne-parlent-que-de-toi\/\" \/>\n<meta property=\"og:site_name\" content=\"We Love Cinema\" \/>\n<meta property=\"article:publisher\" content=\"https:\/\/www.facebook.com\/welovecinema.be\" \/>\n<meta property=\"article:published_time\" content=\"2011-10-07T09:38:20+00:00\" \/>\n<meta property=\"article:modified_time\" content=\"2011-11-18T08:38:07+00:00\" \/>\n<meta property=\"og:image\" content=\"https:\/\/welovecinema.be\/wp-content\/uploads\/sites\/2\/2011\/07\/mon-p\u00e8re.jpg\" \/>\n\t<meta property=\"og:image:width\" content=\"1200\" \/>\n\t<meta property=\"og:image:height\" content=\"800\" \/>\n\t<meta property=\"og:image:type\" content=\"image\/jpeg\" \/>\n<meta name=\"author\" content=\"Philippe.Pierquin\" \/>\n<meta name=\"twitter:card\" content=\"summary_large_image\" \/>\n<meta name=\"twitter:label1\" content=\"\u00c9crit par\" \/>\n\t<meta name=\"twitter:data1\" content=\"Philippe.Pierquin\" \/>\n\t<meta name=\"twitter:label2\" content=\"Dur\u00e9e de lecture estim\u00e9e\" \/>\n\t<meta name=\"twitter:data2\" content=\"5 minutes\" \/>\n<script type=\"application\/ld+json\" class=\"yoast-schema-graph\">{\"@context\":\"https:\/\/schema.org\",\"@graph\":[{\"@type\":\"Article\",\"@id\":\"https:\/\/welovecinema.be\/fr\/marie-gillain-et-les-etoiles-entre-elles-ne-parlent-que-de-toi\/#article\",\"isPartOf\":{\"@id\":\"https:\/\/welovecinema.be\/fr\/marie-gillain-et-les-etoiles-entre-elles-ne-parlent-que-de-toi\/\"},\"author\":{\"name\":\"Philippe.Pierquin\",\"@id\":\"https:\/\/welovecinema.be\/nl\/#\/schema\/person\/4b9b1d857f0943453a38a7c2859ef756\"},\"headline\":\"Marie Gillain \u00ab\u00a0Et les \u00e9toiles entre elles ne parlent que de toi\u00a0\u00bb\",\"datePublished\":\"2011-10-07T09:38:20+00:00\",\"dateModified\":\"2011-11-18T08:38:07+00:00\",\"mainEntityOfPage\":{\"@id\":\"https:\/\/welovecinema.be\/fr\/marie-gillain-et-les-etoiles-entre-elles-ne-parlent-que-de-toi\/\"},\"wordCount\":1066,\"publisher\":{\"@id\":\"https:\/\/welovecinema.be\/nl\/#organization\"},\"articleSection\":[\"Rencontres\"],\"inLanguage\":\"fr-FR\"},{\"@type\":\"WebPage\",\"@id\":\"https:\/\/welovecinema.be\/fr\/marie-gillain-et-les-etoiles-entre-elles-ne-parlent-que-de-toi\/\",\"url\":\"https:\/\/welovecinema.be\/fr\/marie-gillain-et-les-etoiles-entre-elles-ne-parlent-que-de-toi\/\",\"name\":\"Marie Gillain \\\"Et les \u00e9toiles entre elles ne parlent que de toi\\\" - We Love Cinema\",\"isPartOf\":{\"@id\":\"https:\/\/welovecinema.be\/nl\/#website\"},\"datePublished\":\"2011-10-07T09:38:20+00:00\",\"dateModified\":\"2011-11-18T08:38:07+00:00\",\"breadcrumb\":{\"@id\":\"https:\/\/welovecinema.be\/fr\/marie-gillain-et-les-etoiles-entre-elles-ne-parlent-que-de-toi\/#breadcrumb\"},\"inLanguage\":\"fr-FR\",\"potentialAction\":[{\"@type\":\"ReadAction\",\"target\":[\"https:\/\/welovecinema.be\/fr\/marie-gillain-et-les-etoiles-entre-elles-ne-parlent-que-de-toi\/\"]}]},{\"@type\":\"BreadcrumbList\",\"@id\":\"https:\/\/welovecinema.be\/fr\/marie-gillain-et-les-etoiles-entre-elles-ne-parlent-que-de-toi\/#breadcrumb\",\"itemListElement\":[{\"@type\":\"ListItem\",\"position\":1,\"name\":\"Accueil\",\"item\":\"https:\/\/welovecinema.be\/fr\/\"},{\"@type\":\"ListItem\",\"position\":2,\"name\":\"Marie Gillain \u00ab\u00a0Et les \u00e9toiles entre elles ne parlent que de toi\u00a0\u00bb\"}]},{\"@type\":\"WebSite\",\"@id\":\"https:\/\/welovecinema.be\/nl\/#website\",\"url\":\"https:\/\/welovecinema.be\/nl\/\",\"name\":\"We Love Cinema\",\"description\":\"Toute l\u2019information du cin\u00e9ma en Belgique\",\"publisher\":{\"@id\":\"https:\/\/welovecinema.be\/nl\/#organization\"},\"potentialAction\":[{\"@type\":\"SearchAction\",\"target\":{\"@type\":\"EntryPoint\",\"urlTemplate\":\"https:\/\/welovecinema.be\/nl\/?s={search_term_string}\"},\"query-input\":\"required name=search_term_string\"}],\"inLanguage\":\"fr-FR\"},{\"@type\":\"Organization\",\"@id\":\"https:\/\/welovecinema.be\/nl\/#organization\",\"name\":\"We Love Cinema\",\"url\":\"https:\/\/welovecinema.be\/nl\/\",\"logo\":{\"@type\":\"ImageObject\",\"inLanguage\":\"fr-FR\",\"@id\":\"https:\/\/welovecinema.be\/nl\/#\/schema\/logo\/image\/\",\"url\":\"https:\/\/welovecinema.be\/wp-content\/uploads\/sites\/2\/2023\/03\/Logo-We-Love-Cinema305x128.jpg\",\"contentUrl\":\"https:\/\/welovecinema.be\/wp-content\/uploads\/sites\/2\/2023\/03\/Logo-We-Love-Cinema305x128.jpg\",\"width\":305,\"height\":128,\"caption\":\"We Love Cinema\"},\"image\":{\"@id\":\"https:\/\/welovecinema.be\/nl\/#\/schema\/logo\/image\/\"},\"sameAs\":[\"https:\/\/www.facebook.com\/welovecinema.be\",\"https:\/\/www.youtube.com\/channel\/UCX5LYGVhnKvYauW4Nta4HJA\",\"https:\/\/www.instagram.com\/welovecinema.be\/\"]},{\"@type\":\"Person\",\"@id\":\"https:\/\/welovecinema.be\/nl\/#\/schema\/person\/4b9b1d857f0943453a38a7c2859ef756\",\"name\":\"Philippe.Pierquin\",\"url\":\"https:\/\/welovecinema.be\/fr\/author\/philippe-pierquin\/\"}]}<\/script>\n<!-- \/ Yoast SEO plugin. -->","yoast_head_json":{"title":"Marie Gillain  \"Et les \u00e9toiles entre elles ne parlent que de toi\" - We Love Cinema","robots":{"index":"index","follow":"follow","max-snippet":"max-snippet:-1","max-image-preview":"max-image-preview:large","max-video-preview":"max-video-preview:-1"},"canonical":"https:\/\/welovecinema.be\/fr\/marie-gillain-et-les-etoiles-entre-elles-ne-parlent-que-de-toi\/","og_locale":"fr_FR","og_type":"article","og_title":"Marie Gillain  \"Et les \u00e9toiles entre elles ne parlent que de toi\" - We Love Cinema","og_description":"C&rsquo;est l&rsquo;une de nos actrices f\u00e9tiches. Trop rare, sans doute, mais d&rsquo;autant plus pr\u00e9cieuse. Marie Gillain, n\u00e9e \u00e0 Rocourt, vient tout juste de f\u00eater son 36e anniversaire. Et les prochains mois seront tonitruants, n&rsquo;en doutons pas. Le 9 novembre 2011, sortira sur les \u00e9crans, Toutes Nos Envies, librement adapt\u00e9 du roman d&rsquo;Emmanuel Carr\u00e8re,\u00a0D&rsquo;Autres Vies que &hellip;","og_url":"https:\/\/welovecinema.be\/fr\/marie-gillain-et-les-etoiles-entre-elles-ne-parlent-que-de-toi\/","og_site_name":"We Love Cinema","article_publisher":"https:\/\/www.facebook.com\/welovecinema.be","article_published_time":"2011-10-07T09:38:20+00:00","article_modified_time":"2011-11-18T08:38:07+00:00","og_image":[{"width":"1200","height":"800","url":"https:\/\/welovecinema.be\/wp-content\/uploads\/sites\/2\/2011\/07\/mon-p\u00e8re.jpg","type":"image\/jpeg"}],"author":"Philippe.Pierquin","twitter_card":"summary_large_image","twitter_misc":{"\u00c9crit par":"Philippe.Pierquin","Dur\u00e9e de lecture estim\u00e9e":"5 minutes"},"schema":{"@context":"https:\/\/schema.org","@graph":[{"@type":"Article","@id":"https:\/\/welovecinema.be\/fr\/marie-gillain-et-les-etoiles-entre-elles-ne-parlent-que-de-toi\/#article","isPartOf":{"@id":"https:\/\/welovecinema.be\/fr\/marie-gillain-et-les-etoiles-entre-elles-ne-parlent-que-de-toi\/"},"author":{"name":"Philippe.Pierquin","@id":"https:\/\/welovecinema.be\/nl\/#\/schema\/person\/4b9b1d857f0943453a38a7c2859ef756"},"headline":"Marie Gillain \u00ab\u00a0Et les \u00e9toiles entre elles ne parlent que de toi\u00a0\u00bb","datePublished":"2011-10-07T09:38:20+00:00","dateModified":"2011-11-18T08:38:07+00:00","mainEntityOfPage":{"@id":"https:\/\/welovecinema.be\/fr\/marie-gillain-et-les-etoiles-entre-elles-ne-parlent-que-de-toi\/"},"wordCount":1066,"publisher":{"@id":"https:\/\/welovecinema.be\/nl\/#organization"},"articleSection":["Rencontres"],"inLanguage":"fr-FR"},{"@type":"WebPage","@id":"https:\/\/welovecinema.be\/fr\/marie-gillain-et-les-etoiles-entre-elles-ne-parlent-que-de-toi\/","url":"https:\/\/welovecinema.be\/fr\/marie-gillain-et-les-etoiles-entre-elles-ne-parlent-que-de-toi\/","name":"Marie Gillain \"Et les \u00e9toiles entre elles ne parlent que de toi\" - We Love Cinema","isPartOf":{"@id":"https:\/\/welovecinema.be\/nl\/#website"},"datePublished":"2011-10-07T09:38:20+00:00","dateModified":"2011-11-18T08:38:07+00:00","breadcrumb":{"@id":"https:\/\/welovecinema.be\/fr\/marie-gillain-et-les-etoiles-entre-elles-ne-parlent-que-de-toi\/#breadcrumb"},"inLanguage":"fr-FR","potentialAction":[{"@type":"ReadAction","target":["https:\/\/welovecinema.be\/fr\/marie-gillain-et-les-etoiles-entre-elles-ne-parlent-que-de-toi\/"]}]},{"@type":"BreadcrumbList","@id":"https:\/\/welovecinema.be\/fr\/marie-gillain-et-les-etoiles-entre-elles-ne-parlent-que-de-toi\/#breadcrumb","itemListElement":[{"@type":"ListItem","position":1,"name":"Accueil","item":"https:\/\/welovecinema.be\/fr\/"},{"@type":"ListItem","position":2,"name":"Marie Gillain \u00ab\u00a0Et les \u00e9toiles entre elles ne parlent que de toi\u00a0\u00bb"}]},{"@type":"WebSite","@id":"https:\/\/welovecinema.be\/nl\/#website","url":"https:\/\/welovecinema.be\/nl\/","name":"We Love Cinema","description":"Toute l\u2019information du cin\u00e9ma en Belgique","publisher":{"@id":"https:\/\/welovecinema.be\/nl\/#organization"},"potentialAction":[{"@type":"SearchAction","target":{"@type":"EntryPoint","urlTemplate":"https:\/\/welovecinema.be\/nl\/?s={search_term_string}"},"query-input":"required name=search_term_string"}],"inLanguage":"fr-FR"},{"@type":"Organization","@id":"https:\/\/welovecinema.be\/nl\/#organization","name":"We Love Cinema","url":"https:\/\/welovecinema.be\/nl\/","logo":{"@type":"ImageObject","inLanguage":"fr-FR","@id":"https:\/\/welovecinema.be\/nl\/#\/schema\/logo\/image\/","url":"https:\/\/welovecinema.be\/wp-content\/uploads\/sites\/2\/2023\/03\/Logo-We-Love-Cinema305x128.jpg","contentUrl":"https:\/\/welovecinema.be\/wp-content\/uploads\/sites\/2\/2023\/03\/Logo-We-Love-Cinema305x128.jpg","width":305,"height":128,"caption":"We Love Cinema"},"image":{"@id":"https:\/\/welovecinema.be\/nl\/#\/schema\/logo\/image\/"},"sameAs":["https:\/\/www.facebook.com\/welovecinema.be","https:\/\/www.youtube.com\/channel\/UCX5LYGVhnKvYauW4Nta4HJA","https:\/\/www.instagram.com\/welovecinema.be\/"]},{"@type":"Person","@id":"https:\/\/welovecinema.be\/nl\/#\/schema\/person\/4b9b1d857f0943453a38a7c2859ef756","name":"Philippe.Pierquin","url":"https:\/\/welovecinema.be\/fr\/author\/philippe-pierquin\/"}]}},"_links":{"self":[{"href":"https:\/\/welovecinema.be\/fr\/wp-json\/wp\/v2\/posts\/4631","targetHints":{"allow":["GET"]}}],"collection":[{"href":"https:\/\/welovecinema.be\/fr\/wp-json\/wp\/v2\/posts"}],"about":[{"href":"https:\/\/welovecinema.be\/fr\/wp-json\/wp\/v2\/types\/post"}],"author":[{"embeddable":true,"href":"https:\/\/welovecinema.be\/fr\/wp-json\/wp\/v2\/users\/7"}],"replies":[{"embeddable":true,"href":"https:\/\/welovecinema.be\/fr\/wp-json\/wp\/v2\/comments?post=4631"}],"version-history":[{"count":0,"href":"https:\/\/welovecinema.be\/fr\/wp-json\/wp\/v2\/posts\/4631\/revisions"}],"wp:featuredmedia":[{"embeddable":true,"href":"https:\/\/welovecinema.be\/fr\/wp-json\/wp\/v2\/media\/4643"}],"wp:attachment":[{"href":"https:\/\/welovecinema.be\/fr\/wp-json\/wp\/v2\/media?parent=4631"}],"wp:term":[{"taxonomy":"category","embeddable":true,"href":"https:\/\/welovecinema.be\/fr\/wp-json\/wp\/v2\/categories?post=4631"},{"taxonomy":"post_tag","embeddable":true,"href":"https:\/\/welovecinema.be\/fr\/wp-json\/wp\/v2\/tags?post=4631"}],"curies":[{"name":"wp","href":"https:\/\/api.w.org\/{rel}","templated":true}]}}