{"id":45777,"date":"2013-09-24T12:45:04","date_gmt":"2013-09-24T10:45:04","guid":{"rendered":"http:\/\/www.cinevox.be\/?p=45777"},"modified":"2013-09-24T12:45:04","modified_gmt":"2013-09-24T10:45:04","slug":"eyjafjallajokull-bande-annonce-hd","status":"publish","type":"post","link":"https:\/\/welovecinema.be\/fr\/eyjafjallajokull-bande-annonce-hd\/","title":{"rendered":"Eyjafjallaj\u00f6kull &#8211; Bande annonce HD"},"content":{"rendered":"<p>Pour les voyageurs du monde entier, l\u2019\u00e9ruption du volcan islandais Eyjafjallaj\u00f6kull est un coup dur. Pour Alain et Val\u00e9rie, c\u2019est une catastrophe. Car pour arriver \u00e0 temps dans le petit village de Gr\u00e8ce o\u00f9 se marie leur fille, ce couple de divorc\u00e9s, qui se voue l\u2019un l\u2019autre une d\u00e9testation sans borne, va \u00eatre amen\u00e9 par la force des choses \u00e0 prendre la route ensemble.<!--more--><\/p>\n<p>&nbsp;<\/p>\n<p>Eyjafjallaj\u00f6kull (Le Volcan) est une com\u00e9die fran\u00e7aise, coproduite en Belgique par Scope Pictures. Ce qui nous permet d&rsquo;y d\u00e9couvrir la prometteuse B\u00e9rang\u00e8re McNeese dont nous avons d\u00e9j\u00e0 publi\u00e9 la bande-d\u00e9mo <a href=\"http:\/\/www.cinevox.be\/bande-demo-berangere-mc-neese-2\">ICI<\/a><\/p>\n<p>&nbsp;<\/p>\n<p>Un film d&rsquo;Alexandre Coffre<\/p>\n<p>Avec : Dany Boon, Val\u00e9rie Bonneton, Denis M\u00e9nochet<\/p>\n","protected":false},"excerpt":{"rendered":"<p>Pour les voyageurs du monde entier, l\u2019\u00e9ruption du volcan islandais Eyjafjallaj\u00f6kull est un coup dur. Pour Alain et Val\u00e9rie, c\u2019est une catastrophe. Car pour arriver \u00e0 temps dans le petit village de Gr\u00e8ce o\u00f9 se marie leur fille, ce couple de divorc\u00e9s, qui se voue l\u2019un l\u2019autre une d\u00e9testation sans borne, va \u00eatre amen\u00e9 par &hellip;<\/p>\n","protected":false},"author":7,"featured_media":45778,"comment_status":"closed","ping_status":"closed","sticky":false,"template":"","format":"standard","meta":{"ngg_post_thumbnail":0,"footnotes":""},"categories":[53],"tags":[],"class_list":["post-45777","post","type-post","status-publish","format-standard","has-post-thumbnail","","category-coming-soon"],"yoast_head":"<!-- This site is optimized with the Yoast SEO plugin v20.4 - https:\/\/yoast.com\/wordpress\/plugins\/seo\/ -->\n<title>Eyjafjallaj\u00f6kull - Bande annonce HD - We Love Cinema<\/title>\n<meta name=\"robots\" content=\"index, follow, max-snippet:-1, max-image-preview:large, max-video-preview:-1\" \/>\n<link rel=\"canonical\" href=\"https:\/\/welovecinema.be\/fr\/eyjafjallajokull-bande-annonce-hd\/\" \/>\n<meta property=\"og:locale\" content=\"fr_FR\" \/>\n<meta property=\"og:type\" content=\"article\" \/>\n<meta property=\"og:title\" content=\"Eyjafjallaj\u00f6kull - Bande annonce HD - We Love Cinema\" \/>\n<meta property=\"og:description\" content=\"Pour les voyageurs du monde entier, l\u2019\u00e9ruption du volcan islandais Eyjafjallaj\u00f6kull est un coup dur. Pour Alain et Val\u00e9rie, c\u2019est une catastrophe. Car pour arriver \u00e0 temps dans le petit village de Gr\u00e8ce o\u00f9 se marie leur fille, ce couple de divorc\u00e9s, qui se voue l\u2019un l\u2019autre une d\u00e9testation sans borne, va \u00eatre amen\u00e9 par &hellip;\" \/>\n<meta property=\"og:url\" content=\"https:\/\/welovecinema.be\/fr\/eyjafjallajokull-bande-annonce-hd\/\" \/>\n<meta property=\"og:site_name\" content=\"We Love Cinema\" \/>\n<meta property=\"article:publisher\" content=\"https:\/\/www.facebook.com\/welovecinema.be\" \/>\n<meta property=\"article:published_time\" content=\"2013-09-24T10:45:04+00:00\" \/>\n<meta property=\"og:image\" content=\"https:\/\/welovecinema.be\/wp-content\/uploads\/sites\/2\/2013\/09\/image.jpg\" \/>\n\t<meta property=\"og:image:width\" content=\"2835\" \/>\n\t<meta property=\"og:image:height\" content=\"1415\" \/>\n\t<meta property=\"og:image:type\" content=\"image\/jpeg\" \/>\n<meta name=\"author\" content=\"Philippe.Pierquin\" \/>\n<meta name=\"twitter:card\" content=\"summary_large_image\" \/>\n<meta name=\"twitter:label1\" content=\"\u00c9crit par\" \/>\n\t<meta name=\"twitter:data1\" content=\"Philippe.Pierquin\" \/>\n\t<meta name=\"twitter:label2\" content=\"Dur\u00e9e de lecture estim\u00e9e\" \/>\n\t<meta name=\"twitter:data2\" content=\"1 minute\" \/>\n<script type=\"application\/ld+json\" class=\"yoast-schema-graph\">{\"@context\":\"https:\/\/schema.org\",\"@graph\":[{\"@type\":\"Article\",\"@id\":\"https:\/\/welovecinema.be\/fr\/eyjafjallajokull-bande-annonce-hd\/#article\",\"isPartOf\":{\"@id\":\"https:\/\/welovecinema.be\/fr\/eyjafjallajokull-bande-annonce-hd\/\"},\"author\":{\"name\":\"Philippe.Pierquin\",\"@id\":\"https:\/\/welovecinema.be\/nl\/#\/schema\/person\/4b9b1d857f0943453a38a7c2859ef756\"},\"headline\":\"Eyjafjallaj\u00f6kull &#8211; Bande annonce HD\",\"datePublished\":\"2013-09-24T10:45:04+00:00\",\"dateModified\":\"2013-09-24T10:45:04+00:00\",\"mainEntityOfPage\":{\"@id\":\"https:\/\/welovecinema.be\/fr\/eyjafjallajokull-bande-annonce-hd\/\"},\"wordCount\":133,\"publisher\":{\"@id\":\"https:\/\/welovecinema.be\/nl\/#organization\"},\"articleSection\":[\"Coming soon\"],\"inLanguage\":\"fr-FR\"},{\"@type\":\"WebPage\",\"@id\":\"https:\/\/welovecinema.be\/fr\/eyjafjallajokull-bande-annonce-hd\/\",\"url\":\"https:\/\/welovecinema.be\/fr\/eyjafjallajokull-bande-annonce-hd\/\",\"name\":\"Eyjafjallaj\u00f6kull - Bande annonce HD - We Love Cinema\",\"isPartOf\":{\"@id\":\"https:\/\/welovecinema.be\/nl\/#website\"},\"datePublished\":\"2013-09-24T10:45:04+00:00\",\"dateModified\":\"2013-09-24T10:45:04+00:00\",\"breadcrumb\":{\"@id\":\"https:\/\/welovecinema.be\/fr\/eyjafjallajokull-bande-annonce-hd\/#breadcrumb\"},\"inLanguage\":\"fr-FR\",\"potentialAction\":[{\"@type\":\"ReadAction\",\"target\":[\"https:\/\/welovecinema.be\/fr\/eyjafjallajokull-bande-annonce-hd\/\"]}]},{\"@type\":\"BreadcrumbList\",\"@id\":\"https:\/\/welovecinema.be\/fr\/eyjafjallajokull-bande-annonce-hd\/#breadcrumb\",\"itemListElement\":[{\"@type\":\"ListItem\",\"position\":1,\"name\":\"Accueil\",\"item\":\"https:\/\/welovecinema.be\/fr\/\"},{\"@type\":\"ListItem\",\"position\":2,\"name\":\"Eyjafjallaj\u00f6kull &#8211; Bande annonce HD\"}]},{\"@type\":\"WebSite\",\"@id\":\"https:\/\/welovecinema.be\/nl\/#website\",\"url\":\"https:\/\/welovecinema.be\/nl\/\",\"name\":\"We Love Cinema\",\"description\":\"Toute l\u2019information du cin\u00e9ma en Belgique\",\"publisher\":{\"@id\":\"https:\/\/welovecinema.be\/nl\/#organization\"},\"potentialAction\":[{\"@type\":\"SearchAction\",\"target\":{\"@type\":\"EntryPoint\",\"urlTemplate\":\"https:\/\/welovecinema.be\/nl\/?s={search_term_string}\"},\"query-input\":\"required name=search_term_string\"}],\"inLanguage\":\"fr-FR\"},{\"@type\":\"Organization\",\"@id\":\"https:\/\/welovecinema.be\/nl\/#organization\",\"name\":\"We Love Cinema\",\"url\":\"https:\/\/welovecinema.be\/nl\/\",\"logo\":{\"@type\":\"ImageObject\",\"inLanguage\":\"fr-FR\",\"@id\":\"https:\/\/welovecinema.be\/nl\/#\/schema\/logo\/image\/\",\"url\":\"https:\/\/welovecinema.be\/wp-content\/uploads\/sites\/2\/2023\/03\/Logo-We-Love-Cinema305x128.jpg\",\"contentUrl\":\"https:\/\/welovecinema.be\/wp-content\/uploads\/sites\/2\/2023\/03\/Logo-We-Love-Cinema305x128.jpg\",\"width\":305,\"height\":128,\"caption\":\"We Love Cinema\"},\"image\":{\"@id\":\"https:\/\/welovecinema.be\/nl\/#\/schema\/logo\/image\/\"},\"sameAs\":[\"https:\/\/www.facebook.com\/welovecinema.be\",\"https:\/\/www.youtube.com\/channel\/UCX5LYGVhnKvYauW4Nta4HJA\",\"https:\/\/www.instagram.com\/welovecinema.be\/\"]},{\"@type\":\"Person\",\"@id\":\"https:\/\/welovecinema.be\/nl\/#\/schema\/person\/4b9b1d857f0943453a38a7c2859ef756\",\"name\":\"Philippe.Pierquin\",\"url\":\"https:\/\/welovecinema.be\/fr\/author\/philippe-pierquin\/\"}]}<\/script>\n<!-- \/ Yoast SEO plugin. -->","yoast_head_json":{"title":"Eyjafjallaj\u00f6kull - Bande annonce HD - We Love Cinema","robots":{"index":"index","follow":"follow","max-snippet":"max-snippet:-1","max-image-preview":"max-image-preview:large","max-video-preview":"max-video-preview:-1"},"canonical":"https:\/\/welovecinema.be\/fr\/eyjafjallajokull-bande-annonce-hd\/","og_locale":"fr_FR","og_type":"article","og_title":"Eyjafjallaj\u00f6kull - Bande annonce HD - We Love Cinema","og_description":"Pour les voyageurs du monde entier, l\u2019\u00e9ruption du volcan islandais Eyjafjallaj\u00f6kull est un coup dur. Pour Alain et Val\u00e9rie, c\u2019est une catastrophe. Car pour arriver \u00e0 temps dans le petit village de Gr\u00e8ce o\u00f9 se marie leur fille, ce couple de divorc\u00e9s, qui se voue l\u2019un l\u2019autre une d\u00e9testation sans borne, va \u00eatre amen\u00e9 par &hellip;","og_url":"https:\/\/welovecinema.be\/fr\/eyjafjallajokull-bande-annonce-hd\/","og_site_name":"We Love Cinema","article_publisher":"https:\/\/www.facebook.com\/welovecinema.be","article_published_time":"2013-09-24T10:45:04+00:00","og_image":[{"width":2835,"height":1415,"url":"https:\/\/welovecinema.be\/wp-content\/uploads\/sites\/2\/2013\/09\/image.jpg","type":"image\/jpeg"}],"author":"Philippe.Pierquin","twitter_card":"summary_large_image","twitter_misc":{"\u00c9crit par":"Philippe.Pierquin","Dur\u00e9e de lecture estim\u00e9e":"1 minute"},"schema":{"@context":"https:\/\/schema.org","@graph":[{"@type":"Article","@id":"https:\/\/welovecinema.be\/fr\/eyjafjallajokull-bande-annonce-hd\/#article","isPartOf":{"@id":"https:\/\/welovecinema.be\/fr\/eyjafjallajokull-bande-annonce-hd\/"},"author":{"name":"Philippe.Pierquin","@id":"https:\/\/welovecinema.be\/nl\/#\/schema\/person\/4b9b1d857f0943453a38a7c2859ef756"},"headline":"Eyjafjallaj\u00f6kull &#8211; Bande annonce HD","datePublished":"2013-09-24T10:45:04+00:00","dateModified":"2013-09-24T10:45:04+00:00","mainEntityOfPage":{"@id":"https:\/\/welovecinema.be\/fr\/eyjafjallajokull-bande-annonce-hd\/"},"wordCount":133,"publisher":{"@id":"https:\/\/welovecinema.be\/nl\/#organization"},"articleSection":["Coming soon"],"inLanguage":"fr-FR"},{"@type":"WebPage","@id":"https:\/\/welovecinema.be\/fr\/eyjafjallajokull-bande-annonce-hd\/","url":"https:\/\/welovecinema.be\/fr\/eyjafjallajokull-bande-annonce-hd\/","name":"Eyjafjallaj\u00f6kull - Bande annonce HD - We Love Cinema","isPartOf":{"@id":"https:\/\/welovecinema.be\/nl\/#website"},"datePublished":"2013-09-24T10:45:04+00:00","dateModified":"2013-09-24T10:45:04+00:00","breadcrumb":{"@id":"https:\/\/welovecinema.be\/fr\/eyjafjallajokull-bande-annonce-hd\/#breadcrumb"},"inLanguage":"fr-FR","potentialAction":[{"@type":"ReadAction","target":["https:\/\/welovecinema.be\/fr\/eyjafjallajokull-bande-annonce-hd\/"]}]},{"@type":"BreadcrumbList","@id":"https:\/\/welovecinema.be\/fr\/eyjafjallajokull-bande-annonce-hd\/#breadcrumb","itemListElement":[{"@type":"ListItem","position":1,"name":"Accueil","item":"https:\/\/welovecinema.be\/fr\/"},{"@type":"ListItem","position":2,"name":"Eyjafjallaj\u00f6kull &#8211; Bande annonce HD"}]},{"@type":"WebSite","@id":"https:\/\/welovecinema.be\/nl\/#website","url":"https:\/\/welovecinema.be\/nl\/","name":"We Love Cinema","description":"Toute l\u2019information du cin\u00e9ma en Belgique","publisher":{"@id":"https:\/\/welovecinema.be\/nl\/#organization"},"potentialAction":[{"@type":"SearchAction","target":{"@type":"EntryPoint","urlTemplate":"https:\/\/welovecinema.be\/nl\/?s={search_term_string}"},"query-input":"required name=search_term_string"}],"inLanguage":"fr-FR"},{"@type":"Organization","@id":"https:\/\/welovecinema.be\/nl\/#organization","name":"We Love Cinema","url":"https:\/\/welovecinema.be\/nl\/","logo":{"@type":"ImageObject","inLanguage":"fr-FR","@id":"https:\/\/welovecinema.be\/nl\/#\/schema\/logo\/image\/","url":"https:\/\/welovecinema.be\/wp-content\/uploads\/sites\/2\/2023\/03\/Logo-We-Love-Cinema305x128.jpg","contentUrl":"https:\/\/welovecinema.be\/wp-content\/uploads\/sites\/2\/2023\/03\/Logo-We-Love-Cinema305x128.jpg","width":305,"height":128,"caption":"We Love Cinema"},"image":{"@id":"https:\/\/welovecinema.be\/nl\/#\/schema\/logo\/image\/"},"sameAs":["https:\/\/www.facebook.com\/welovecinema.be","https:\/\/www.youtube.com\/channel\/UCX5LYGVhnKvYauW4Nta4HJA","https:\/\/www.instagram.com\/welovecinema.be\/"]},{"@type":"Person","@id":"https:\/\/welovecinema.be\/nl\/#\/schema\/person\/4b9b1d857f0943453a38a7c2859ef756","name":"Philippe.Pierquin","url":"https:\/\/welovecinema.be\/fr\/author\/philippe-pierquin\/"}]}},"_links":{"self":[{"href":"https:\/\/welovecinema.be\/fr\/wp-json\/wp\/v2\/posts\/45777","targetHints":{"allow":["GET"]}}],"collection":[{"href":"https:\/\/welovecinema.be\/fr\/wp-json\/wp\/v2\/posts"}],"about":[{"href":"https:\/\/welovecinema.be\/fr\/wp-json\/wp\/v2\/types\/post"}],"author":[{"embeddable":true,"href":"https:\/\/welovecinema.be\/fr\/wp-json\/wp\/v2\/users\/7"}],"replies":[{"embeddable":true,"href":"https:\/\/welovecinema.be\/fr\/wp-json\/wp\/v2\/comments?post=45777"}],"version-history":[{"count":0,"href":"https:\/\/welovecinema.be\/fr\/wp-json\/wp\/v2\/posts\/45777\/revisions"}],"wp:featuredmedia":[{"embeddable":true,"href":"https:\/\/welovecinema.be\/fr\/wp-json\/wp\/v2\/media\/45778"}],"wp:attachment":[{"href":"https:\/\/welovecinema.be\/fr\/wp-json\/wp\/v2\/media?parent=45777"}],"wp:term":[{"taxonomy":"category","embeddable":true,"href":"https:\/\/welovecinema.be\/fr\/wp-json\/wp\/v2\/categories?post=45777"},{"taxonomy":"post_tag","embeddable":true,"href":"https:\/\/welovecinema.be\/fr\/wp-json\/wp\/v2\/tags?post=45777"}],"curies":[{"name":"wp","href":"https:\/\/api.w.org\/{rel}","templated":true}]}}