{"id":45676,"date":"2013-09-24T09:22:03","date_gmt":"2013-09-24T07:22:03","guid":{"rendered":"http:\/\/www.cinevox.be\/?p=45676"},"modified":"2013-09-24T15:12:04","modified_gmt":"2013-09-24T13:12:04","slug":"marina-classique-instantane","status":"publish","type":"post","link":"https:\/\/welovecinema.be\/fr\/marina-classique-instantane\/","title":{"rendered":"Marina ? Un classique instantan\u00e9 !"},"content":{"rendered":"<p><span style=\"font-size: 16px;\">Vous le savez \u00e0 pr\u00e9sent, le long m\u00e9trage secret pr\u00e9sent\u00e9 en Sneak Preview pendant les Cinevox Happenings de rentr\u00e9e \u00e9tait donc <\/span><i style=\"font-size: 16px;\">Marina <\/i><span style=\"font-size: 16px;\">de <\/span><b style=\"font-size: 16px;\">Stijn Coninx<\/b><span style=\"font-size: 16px;\">. Une premi\u00e8re europ\u00e9enne pour les spectateurs de l\u2019UGC de Brouck\u00e8re mercredi qui ont ponctu\u00e9 la s\u00e9ance d\u2019une interminable nu\u00e9e d\u2019applaudissements.<\/span><\/p>\n<p>&nbsp;<\/p>\n<p><span style=\"font-size: 16px;\"><!--more--><\/span><\/p>\n<p>&nbsp;<\/p>\n<p>&nbsp;<\/p>\n<p><b>Stijn <\/b>\u00e9tait profond\u00e9ment \u00e9mu. Ses com\u00e9diens planaient \u00e0 dix centim\u00e8tres au-dessus du sol: <b>Evelien Bosmans<\/b> et <b>Matteo Simoni<\/b> avaient suivi le film dans la salle, totalement incognito, et ont compris tr\u00e8s vite que le public r\u00e9agissait \u00e0 la moindre nuance du film.<\/p>\n<p>Et des nuances il y en a beaucoup dans ce classique instantan\u00e9 qu\u2019on reverra dans 20 ans \u00e0 la t\u00e9l\u00e9 avec la m\u00eame \u00e9motion. S\u2019il y a une seule personne dans l\u2019audience qui en doute, on prend les paris, vous n\u2019avez aucune chance de nous d\u00e9mentir sur ce coup-l\u00e0.<\/p>\n<p>&nbsp;<\/p>\n<p><a href=\"http:\/\/www.cinevox.be\/marina-classique-instantane\/p1030822\/\" rel=\"attachment wp-att-45750\"><img loading=\"lazy\" decoding=\"async\" class=\"aligncenter size-large wp-image-45750\" alt=\"\" src=\"http:\/\/www.cinevox.be\/wp-content\/uploads\/sites\/2\/2013\/09\/P1030822-800x600.jpg\" width=\"640\" height=\"480\" srcset=\"https:\/\/welovecinema.be\/wp-content\/uploads\/sites\/2\/2013\/09\/P1030822-800x600.jpg 800w, https:\/\/welovecinema.be\/wp-content\/uploads\/sites\/2\/2013\/09\/P1030822-360x270.jpg 360w, https:\/\/welovecinema.be\/wp-content\/uploads\/sites\/2\/2013\/09\/P1030822-300x225.jpg 300w\" sizes=\"auto, (max-width: 640px) 100vw, 640px\" \/><\/a><\/p>\n<p>&nbsp;<\/p>\n<p>Autre homme concern\u00e9e de pr\u00e8s par le film, totalement ravi par la tournure de la soir\u00e9e, <b>Peter Bouckaert<\/b>, le magicien producteur (<em>Tot Altijd, Marina, Het Vonnis, de Behandeling<\/em> pour ne citer que les chocs r\u00e9cents et \u00e0 venir) d\u2019autant plus boulevers\u00e9 qu\u2019il nous raconta ce soir-l\u00e0 que c\u2019est Stijn Coninx venu pr\u00e9senter<i> Daens<\/i> au Festival de Gent en 1994 qui lui donna envie de travailler dans le cin\u00e9ma. Un vrai moment d\u2019\u00e9motion pure que le public a go\u00fbt\u00e9 avant de discuter avec l\u2019\u00e9quipe tr\u00e8s accessible pendant un cocktail \u00e9pique qui dura plus de deux heures (Peter est en gris sur la photo ci-dessus).<\/p>\n<p>&nbsp;<\/p>\n<p><a href=\"http:\/\/www.cinevox.be\/marina-classique-instantane\/marina_charleroi\/\" rel=\"attachment wp-att-45756\"><img loading=\"lazy\" decoding=\"async\" class=\"aligncenter size-large wp-image-45756\" alt=\"\" src=\"http:\/\/www.cinevox.be\/wp-content\/uploads\/sites\/2\/2013\/09\/Marina_Charleroi-800x450.jpg\" width=\"640\" height=\"360\" srcset=\"https:\/\/welovecinema.be\/wp-content\/uploads\/sites\/2\/2013\/09\/Marina_Charleroi-800x450.jpg 800w, https:\/\/welovecinema.be\/wp-content\/uploads\/sites\/2\/2013\/09\/Marina_Charleroi-200x113.jpg 200w, https:\/\/welovecinema.be\/wp-content\/uploads\/sites\/2\/2013\/09\/Marina_Charleroi-480x270.jpg 480w, https:\/\/welovecinema.be\/wp-content\/uploads\/sites\/2\/2013\/09\/Marina_Charleroi-300x169.jpg 300w, https:\/\/welovecinema.be\/wp-content\/uploads\/sites\/2\/2013\/09\/Marina_Charleroi-620x350.jpg 620w, https:\/\/welovecinema.be\/wp-content\/uploads\/sites\/2\/2013\/09\/Marina_Charleroi.jpg 1920w\" sizes=\"auto, (max-width: 640px) 100vw, 640px\" \/><\/a><\/p>\n<p>&nbsp;<\/p>\n<p>Deux jours plus tard \u00e0 Charleroi, Stijn Coninx eut l\u2019immense satisfaction de constater que son film (sous-titr\u00e9, mais il ne pourrait en \u00eatre autrement) fonctionnait aussi aupr\u00e8s des habitu\u00e9s du cinepointcom \u00e0 Charleroi, plus familiers aux blockbusters commerciaux.<\/p>\n<p>&nbsp;<\/p>\n<p><a href=\"http:\/\/www.cinevox.be\/marina-classique-instantane\/p1030816-2\/\" rel=\"attachment wp-att-45742\"><img loading=\"lazy\" decoding=\"async\" class=\"aligncenter size-large wp-image-45742\" alt=\"\" src=\"http:\/\/www.cinevox.be\/wp-content\/uploads\/sites\/2\/2013\/09\/P10308161-800x600.jpg\" width=\"640\" height=\"480\" srcset=\"https:\/\/welovecinema.be\/wp-content\/uploads\/sites\/2\/2013\/09\/P10308161-800x600.jpg 800w, https:\/\/welovecinema.be\/wp-content\/uploads\/sites\/2\/2013\/09\/P10308161-360x270.jpg 360w, https:\/\/welovecinema.be\/wp-content\/uploads\/sites\/2\/2013\/09\/P10308161-300x225.jpg 300w\" sizes=\"auto, (max-width: 640px) 100vw, 640px\" \/><\/a><\/p>\n<p>&nbsp;<\/p>\n<p>\u00c0 l\u2019issue des projections, le public a patiemment r\u00e9pondu \u00e0 un questionnaire circonstanci\u00e9. Il \u00e9tait destin\u00e9 \u00e0 la production et au distributeur pour les aider \u00e0 mieux cerner ce qui a le plus touch\u00e9 les spectateurs et param\u00e9trer la promotion. Car <em>Marina,<\/em> film merveilleux et puissant, n\u2019est pas un succ\u00e8s commercial assur\u00e9. Les \u00e9cueils possibles sur la route qui devrait le mener au triomphe sont nombreux : il ne faut pas que le public se m\u00e9prenne sur son ton, ses intentions, sa qualit\u00e9 et sa port\u00e9e universelle.<\/p>\n<p>&nbsp;<\/p>\n<p><a href=\"http:\/\/www.cinevox.be\/marina-classique-instantane\/bxl_7\/\" rel=\"attachment wp-att-45743\"><img loading=\"lazy\" decoding=\"async\" class=\"aligncenter size-large wp-image-45743\" alt=\"\" src=\"http:\/\/www.cinevox.be\/wp-content\/uploads\/sites\/2\/2013\/09\/BXL_7-800x450.jpg\" width=\"640\" height=\"360\" srcset=\"https:\/\/welovecinema.be\/wp-content\/uploads\/sites\/2\/2013\/09\/BXL_7-800x450.jpg 800w, https:\/\/welovecinema.be\/wp-content\/uploads\/sites\/2\/2013\/09\/BXL_7-200x113.jpg 200w, https:\/\/welovecinema.be\/wp-content\/uploads\/sites\/2\/2013\/09\/BXL_7-480x270.jpg 480w, https:\/\/welovecinema.be\/wp-content\/uploads\/sites\/2\/2013\/09\/BXL_7-300x169.jpg 300w, https:\/\/welovecinema.be\/wp-content\/uploads\/sites\/2\/2013\/09\/BXL_7-620x350.jpg 620w, https:\/\/welovecinema.be\/wp-content\/uploads\/sites\/2\/2013\/09\/BXL_7.jpg 1920w\" sizes=\"auto, (max-width: 640px) 100vw, 640px\" \/><\/a><\/p>\n<p>&nbsp;<\/p>\n<p>Parmi les t\u00e9moignages publi\u00e9s ci-dessous, une spectatrice explique qu\u2019elle a d\u00e9couvert un chef d\u2019\u0153uvre&#8230; qu\u2019elle ne serait pas all\u00e9e voir si nous ne l\u2019avions propos\u00e9 \u00e0 l\u2019aveugle.<\/p>\n<p>Voil\u00e0 bien le d\u00e9fi qu\u2019Eyeworks et KFD devront relever, car le film coproduit par les fr\u00e8res Dardenne, doit \u00e9galement \u00eatre distribu\u00e9 dans la partie francophone du pays o\u00f9 il pourrait devenir un \u00e9norme succ\u00e8s.<br \/>\nPour cela il faudrait que le public potentiel le plus concern\u00e9, les immigr\u00e9s italiens de premi\u00e8re et deuxi\u00e8me g\u00e9n\u00e9ration, soit inform\u00e9 de sa sortie.<\/p>\n<p>&nbsp;<\/p>\n<p>Inutile de dire que nous comptons sur vous aussi pour porter la bonne parole. Faites passer le mot, vos amis vous remercieront en vous embrassant les pieds. Promis !<\/p>\n<p>&nbsp;<\/p>\n<p><a href=\"http:\/\/www.cinevox.be\/marina-classique-instantane\/marina_charleroi_3\/\" rel=\"attachment wp-att-45744\"><img loading=\"lazy\" decoding=\"async\" class=\"aligncenter size-large wp-image-45744\" alt=\"\" src=\"http:\/\/www.cinevox.be\/wp-content\/uploads\/sites\/2\/2013\/09\/Marina_Charleroi_3-800x450.jpg\" width=\"640\" height=\"360\" srcset=\"https:\/\/welovecinema.be\/wp-content\/uploads\/sites\/2\/2013\/09\/Marina_Charleroi_3-800x450.jpg 800w, https:\/\/welovecinema.be\/wp-content\/uploads\/sites\/2\/2013\/09\/Marina_Charleroi_3-200x113.jpg 200w, https:\/\/welovecinema.be\/wp-content\/uploads\/sites\/2\/2013\/09\/Marina_Charleroi_3-480x270.jpg 480w, https:\/\/welovecinema.be\/wp-content\/uploads\/sites\/2\/2013\/09\/Marina_Charleroi_3-300x169.jpg 300w, https:\/\/welovecinema.be\/wp-content\/uploads\/sites\/2\/2013\/09\/Marina_Charleroi_3-620x350.jpg 620w, https:\/\/welovecinema.be\/wp-content\/uploads\/sites\/2\/2013\/09\/Marina_Charleroi_3.jpg 1920w\" sizes=\"auto, (max-width: 640px) 100vw, 640px\" \/><\/a><\/p>\n<p>&nbsp;<\/p>\n<p>Mais plut\u00f4t que de monopoliser la communication, nous vous proposons de lire les r\u00e9actions laiss\u00e9es sur notre page Facebook par les spectateurs qui ont voulu s\u2019y manifester. Nous n\u2019avons pas chang\u00e9 un mot. Nous avons m\u00eame laiss\u00e9 les majuscules ici et l\u00e0, car elles t\u00e9moignent de l\u2019enthousiasme de celles qui les ont utilis\u00e9es.<br \/>\nEt non, nous n\u2019avons pas censur\u00e9 le moindre message. L\u2019accueil est 100\u00a0% extatique.<\/p>\n<p>&nbsp;<\/p>\n<p>&nbsp;<\/p>\n<p><b>C\u00e9line Lansman <\/b><\/p>\n<p>Venant de la r\u00e9gion du centre, j\u2019ai \u00e9t\u00e9 tr\u00e8s touch\u00e9e de d\u00e9couvrir qu\u2019il s\u2019est pass\u00e9 la m\u00eame chose pour les Italiens arriv\u00e9s de l\u2019autre c\u00f4t\u00e9 de la fronti\u00e8re linguistique que chez nous. Je voyage beaucoup et c\u2019est toujours dans le quartier italien des grandes villes \u00e9trang\u00e8res que je me sens chez moi. C\u2019est int\u00e9gr\u00e9 dans mon histoire.<\/p>\n<p>Et avoir l\u2019occasion de discuter avec l\u2019\u00e9quipe du film (j\u2019ai parl\u00e9 du tournage des sc\u00e8nes dans la mine et les vestiaires avec le sympathique et int\u00e9ressant r\u00e9alisateur), c\u2019est un beau privil\u00e8ge. Merci Cinevox !<\/p>\n<p>&nbsp;<\/p>\n<p><b>Laurence Bastin <\/b><\/p>\n<p>MAGNIFIQUE<\/p>\n<p>&nbsp;<\/p>\n<p><b>Catherine Aure P <\/b><\/p>\n<p>Une interpr\u00e9tation hors pair et une superbe r\u00e9alisation, un film \u00e0 soutenir afin qu\u2019il passe TOUTES les fronti\u00e8res !<\/p>\n<p>&nbsp;<\/p>\n<p><b>Fran\u00e7ois Lucas<\/b><\/p>\n<p>\u00c0 voir absolument !!<\/p>\n<p>&nbsp;<\/p>\n<p><b>Patrizia Murena <\/b><\/p>\n<p>Formidable &lt;3<\/p>\n<p>&nbsp;<\/p>\n<p><a href=\"http:\/\/www.cinevox.be\/marina-classique-instantane\/bxl_5\/\" rel=\"attachment wp-att-45745\"><img loading=\"lazy\" decoding=\"async\" class=\"aligncenter size-large wp-image-45745\" alt=\"\" src=\"http:\/\/www.cinevox.be\/wp-content\/uploads\/sites\/2\/2013\/09\/BXL_5-800x450.jpg\" width=\"640\" height=\"360\" srcset=\"https:\/\/welovecinema.be\/wp-content\/uploads\/sites\/2\/2013\/09\/BXL_5-800x450.jpg 800w, https:\/\/welovecinema.be\/wp-content\/uploads\/sites\/2\/2013\/09\/BXL_5-200x113.jpg 200w, https:\/\/welovecinema.be\/wp-content\/uploads\/sites\/2\/2013\/09\/BXL_5-480x270.jpg 480w, https:\/\/welovecinema.be\/wp-content\/uploads\/sites\/2\/2013\/09\/BXL_5-300x169.jpg 300w, https:\/\/welovecinema.be\/wp-content\/uploads\/sites\/2\/2013\/09\/BXL_5-620x350.jpg 620w, https:\/\/welovecinema.be\/wp-content\/uploads\/sites\/2\/2013\/09\/BXL_5.jpg 1920w\" sizes=\"auto, (max-width: 640px) 100vw, 640px\" \/><\/a><\/p>\n<p>&nbsp;<\/p>\n<p>&nbsp;<\/p>\n<p><b>Lucia Salvatore <\/b><\/p>\n<p>\u00c0 recommander, les acteurs g\u00e9niaux, la musique sublime, l\u2019ensemble, une belle r\u00e9ussite&#8230;. bravo \u00e0 toute l\u2019\u00e9quipe<\/p>\n<p>&nbsp;<\/p>\n<p><b>Ida Graziano <\/b><\/p>\n<p>Merci \u00e0 Cinevox de nous avoir permis d\u2019assister hier soir \u00e0 Charleroi \u00e0 la projection de Marina, un film formidable. Tout est r\u00e9ussi: la mise en sc\u00e8ne, les acteurs, l\u2019histoire (&#8230;). Ce fut un moment de r\u00e9el plaisir cin\u00e9matographique d\u2019autant plus remarquable que c\u2019est un film belge. Plus d\u2019une heure trente d\u2019\u00e9motion empreinte, en ce qui me concerne, de quelques souvenirs. Je souhaite \u00e0 ce film tout le succ\u00e8s qu\u2019il m\u00e9rite et j\u2019irai \u00e0 nouveau le voir en salle \u00e0 sa sortie.<\/p>\n<p>&nbsp;<\/p>\n<p><b>Christine Tournay<\/b><\/p>\n<p>Un merveilleux film que j\u2019ai eu la chance de voir hier soir au cin\u00e9pointcom de Charleroi. Un jeune acteur \u00e9poustouflant! Un n\u00e9erlandophone qui parle italien comme s\u2019il l\u2019avait toujours fait et qui plus est, un musicien et chanteur \u00e0 vous couper le souffle! Tr\u00e8s beau film sur l\u2019immigration italienne et le travail dans les mines. Je le recommande \u00e0 tous m\u00eame s\u2019il est sous-titr\u00e9 il vaut vraiment le d\u00e9placement en famille, merci de nous avoir fait d\u00e9couvrir ce film<\/p>\n<p>&nbsp;<\/p>\n<p><b>Ariane Flamme <\/b><\/p>\n<p>Un bijou ce film !!! J\u2019esp\u00e8re qu\u2019il aura le succ\u00e8s qu\u2019il m\u00e9rite &#8230;<\/p>\n<p>&nbsp;<\/p>\n<p><b>Renee Hirsoux <\/b><\/p>\n<p>J\u2019ai ador\u00e9 et vous allez l\u2019adorer vous aussi<\/p>\n<p>&nbsp;<\/p>\n<p><a href=\"http:\/\/www.cinevox.be\/marina-classique-instantane\/marina_charleroi_4\/\" rel=\"attachment wp-att-45746\"><img loading=\"lazy\" decoding=\"async\" class=\"aligncenter size-large wp-image-45746\" alt=\"\" src=\"http:\/\/www.cinevox.be\/wp-content\/uploads\/sites\/2\/2013\/09\/Marina_Charleroi_4-800x461.jpg\" width=\"640\" height=\"368\" srcset=\"https:\/\/welovecinema.be\/wp-content\/uploads\/sites\/2\/2013\/09\/Marina_Charleroi_4-800x461.jpg 800w, https:\/\/welovecinema.be\/wp-content\/uploads\/sites\/2\/2013\/09\/Marina_Charleroi_4-468x270.jpg 468w, https:\/\/welovecinema.be\/wp-content\/uploads\/sites\/2\/2013\/09\/Marina_Charleroi_4.jpg 1603w\" sizes=\"auto, (max-width: 640px) 100vw, 640px\" \/><\/a><\/p>\n<p>&nbsp;<\/p>\n<p><b>St\u00e9phanie Gowenko <\/b><\/p>\n<p>J\u2019ai ador\u00e9 ! Un v\u00e9ritable petit bijou!<\/p>\n<p>&nbsp;<\/p>\n<p><b>Catherine Huens <\/b><\/p>\n<p>Que Stijn Coninx continue \u00e0 nous faire plaisir, un vrai cocktail d\u2019\u00e9motions!<\/p>\n<p>&nbsp;<\/p>\n<p><b>Marcos Adamantiadis <\/b><\/p>\n<p>Un film qui vous fait passer par toutes les \u00e9motions, sans vous y pousser. \u00c0 ne vraiment pas rater, qu\u2019on soit d\u2019origine italienne ou pas. Un mot pour le d\u00e9finir: Beau !<\/p>\n<p>&nbsp;<\/p>\n<p><a href=\"http:\/\/www.cinevox.be\/marina-classique-instantane\/marina_charleroi_6\/\" rel=\"attachment wp-att-45747\"><img loading=\"lazy\" decoding=\"async\" class=\"aligncenter size-large wp-image-45747\" alt=\"\" src=\"http:\/\/www.cinevox.be\/wp-content\/uploads\/sites\/2\/2013\/09\/Marina_Charleroi_6-800x450.jpg\" width=\"640\" height=\"360\" srcset=\"https:\/\/welovecinema.be\/wp-content\/uploads\/sites\/2\/2013\/09\/Marina_Charleroi_6-800x450.jpg 800w, https:\/\/welovecinema.be\/wp-content\/uploads\/sites\/2\/2013\/09\/Marina_Charleroi_6-200x113.jpg 200w, https:\/\/welovecinema.be\/wp-content\/uploads\/sites\/2\/2013\/09\/Marina_Charleroi_6-480x270.jpg 480w, https:\/\/welovecinema.be\/wp-content\/uploads\/sites\/2\/2013\/09\/Marina_Charleroi_6-300x169.jpg 300w, https:\/\/welovecinema.be\/wp-content\/uploads\/sites\/2\/2013\/09\/Marina_Charleroi_6-620x350.jpg 620w, https:\/\/welovecinema.be\/wp-content\/uploads\/sites\/2\/2013\/09\/Marina_Charleroi_6.jpg 1920w\" sizes=\"auto, (max-width: 640px) 100vw, 640px\" \/><\/a><\/p>\n<p>&nbsp;<\/p>\n<p><b>Vincent Degeye <\/b><\/p>\n<p>La sneak preview n\u2019est pas \u00e0 rater, le film est fabuleux (dans mon top). Je pense que le cin\u00e9ma belge se porte de mieux en mieux ! C\u2019est une petite perle \u00e0 aller voir sans h\u00e9siter<\/p>\n<p>&nbsp;<\/p>\n<p><b>Gr\u00e9goire Wastelain <\/b><\/p>\n<p>Une petite perle du cin\u00e9ma belge !<\/p>\n<p>&nbsp;<\/p>\n<p><b>Isabelle Pierre <\/b><\/p>\n<p>MAGISTRAL<\/p>\n<p>&nbsp;<\/p>\n<p><a href=\"http:\/\/www.cinevox.be\/marina-classique-instantane\/p1030805-2\/\" rel=\"attachment wp-att-45748\"><img loading=\"lazy\" decoding=\"async\" class=\"aligncenter size-large wp-image-45748\" alt=\"\" src=\"http:\/\/www.cinevox.be\/wp-content\/uploads\/sites\/2\/2013\/09\/P10308051-800x600.jpg\" width=\"640\" height=\"480\" srcset=\"https:\/\/welovecinema.be\/wp-content\/uploads\/sites\/2\/2013\/09\/P10308051-800x600.jpg 800w, https:\/\/welovecinema.be\/wp-content\/uploads\/sites\/2\/2013\/09\/P10308051-360x270.jpg 360w, https:\/\/welovecinema.be\/wp-content\/uploads\/sites\/2\/2013\/09\/P10308051-300x225.jpg 300w\" sizes=\"auto, (max-width: 640px) 100vw, 640px\" \/><\/a><\/p>\n<p>&nbsp;<\/p>\n<p><b>David Hainaut<\/b><\/p>\n<p>\u00ab\u00a0Marina\u00a0\u00bb, c\u2019est beaucoup plus que LE film attendu par toute une communaut\u00e9. Et un nouveau triomphe en vue pour Stijn Coninx. Sortie en novembre.<\/p>\n<p>&nbsp;<\/p>\n<p><b>Pascale Fontaine <\/b><\/p>\n<p>On a ador\u00e9 courez le voir !<\/p>\n<p>&nbsp;<\/p>\n<p><b>Gersende Piette <\/b><\/p>\n<p>Bravo j\u2019ai adore<\/p>\n<p>&nbsp;<\/p>\n<p><a href=\"http:\/\/www.cinevox.be\/marina-classique-instantane\/p1030820\/\" rel=\"attachment wp-att-45749\"><img loading=\"lazy\" decoding=\"async\" class=\"aligncenter size-large wp-image-45749\" alt=\"\" src=\"http:\/\/www.cinevox.be\/wp-content\/uploads\/sites\/2\/2013\/09\/P1030820-800x600.jpg\" width=\"640\" height=\"480\" srcset=\"https:\/\/welovecinema.be\/wp-content\/uploads\/sites\/2\/2013\/09\/P1030820-800x600.jpg 800w, https:\/\/welovecinema.be\/wp-content\/uploads\/sites\/2\/2013\/09\/P1030820-360x270.jpg 360w, https:\/\/welovecinema.be\/wp-content\/uploads\/sites\/2\/2013\/09\/P1030820-300x225.jpg 300w\" sizes=\"auto, (max-width: 640px) 100vw, 640px\" \/><\/a><\/p>\n<p>&nbsp;<\/p>\n<p><b>Christine Tournay <\/b><\/p>\n<p>Une merveilleuse soir\u00e9e pass\u00e9e hier \u00e0 Charleroi! Merci de nous avoir fait d\u00e9couvrir ce film que jamais je ne serais all\u00e9e voir au cin\u00e9ma en temps \u00ab\u00a0normal\u00a0\u00bb. J\u2019ai d\u00e9couvert un acteur rempli de talent, jamais je n\u2019aurais pens\u00e9 qu\u2019il \u00e9tait n\u00e9erlandophone et pas Italien et encore moins imagin\u00e9 qu\u2019il jouait lui-m\u00eame de l\u2019accord\u00e9on! Un film qui nous a pris aux tripes, mon mari et moi. Des images de notre enfance sont revenues au premier plan. Une belle mani\u00e8re de nous faire comprendre l\u2019immigration, ce que vivent ces gens. C\u2019est quand vous voulez pour une nouvelle exp\u00e9rience! J\u2019esp\u00e8re que ce film aura tout le succ\u00e8s qu\u2019on lui souhaite!<\/p>\n<p>&nbsp;<\/p>\n<p><b>\u00a0<\/b><\/p>\n","protected":false},"excerpt":{"rendered":"<p>Vous le savez \u00e0 pr\u00e9sent, le long m\u00e9trage secret pr\u00e9sent\u00e9 en Sneak Preview pendant les Cinevox Happenings de rentr\u00e9e \u00e9tait donc Marina de Stijn Coninx. Une premi\u00e8re europ\u00e9enne pour les spectateurs de l\u2019UGC de Brouck\u00e8re mercredi qui ont ponctu\u00e9 la s\u00e9ance d\u2019une interminable nu\u00e9e d\u2019applaudissements. &nbsp;<\/p>\n","protected":false},"author":7,"featured_media":45752,"comment_status":"closed","ping_status":"closed","sticky":false,"template":"","format":"standard","meta":{"ngg_post_thumbnail":0,"footnotes":""},"categories":[1923],"tags":[],"class_list":["post-45676","post","type-post","status-publish","format-standard","has-post-thumbnail","","category-en-bref"],"yoast_head":"<!-- This site is optimized with the Yoast SEO plugin v20.4 - https:\/\/yoast.com\/wordpress\/plugins\/seo\/ -->\n<title>Marina ? Un classique instantan\u00e9 ! - We Love Cinema<\/title>\n<meta name=\"robots\" content=\"index, follow, max-snippet:-1, max-image-preview:large, max-video-preview:-1\" \/>\n<link rel=\"canonical\" href=\"https:\/\/welovecinema.be\/fr\/marina-classique-instantane\/\" \/>\n<meta property=\"og:locale\" content=\"fr_FR\" \/>\n<meta property=\"og:type\" content=\"article\" \/>\n<meta property=\"og:title\" content=\"Marina ? Un classique instantan\u00e9 ! - We Love Cinema\" \/>\n<meta property=\"og:description\" content=\"Vous le savez \u00e0 pr\u00e9sent, le long m\u00e9trage secret pr\u00e9sent\u00e9 en Sneak Preview pendant les Cinevox Happenings de rentr\u00e9e \u00e9tait donc Marina de Stijn Coninx. Une premi\u00e8re europ\u00e9enne pour les spectateurs de l\u2019UGC de Brouck\u00e8re mercredi qui ont ponctu\u00e9 la s\u00e9ance d\u2019une interminable nu\u00e9e d\u2019applaudissements. &nbsp;\" \/>\n<meta property=\"og:url\" content=\"https:\/\/welovecinema.be\/fr\/marina-classique-instantane\/\" \/>\n<meta property=\"og:site_name\" content=\"We Love Cinema\" \/>\n<meta property=\"article:publisher\" content=\"https:\/\/www.facebook.com\/welovecinema.be\" \/>\n<meta property=\"article:published_time\" content=\"2013-09-24T07:22:03+00:00\" \/>\n<meta property=\"article:modified_time\" content=\"2013-09-24T13:12:04+00:00\" \/>\n<meta property=\"og:image\" content=\"https:\/\/welovecinema.be\/wp-content\/uploads\/sites\/2\/2013\/09\/BXL_81.jpg\" \/>\n\t<meta property=\"og:image:width\" content=\"1920\" \/>\n\t<meta property=\"og:image:height\" content=\"1080\" \/>\n\t<meta property=\"og:image:type\" content=\"image\/jpeg\" \/>\n<meta name=\"author\" content=\"Philippe.Pierquin\" \/>\n<meta name=\"twitter:card\" content=\"summary_large_image\" \/>\n<meta name=\"twitter:label1\" content=\"\u00c9crit par\" \/>\n\t<meta name=\"twitter:data1\" content=\"Philippe.Pierquin\" \/>\n\t<meta name=\"twitter:label2\" content=\"Dur\u00e9e de lecture estim\u00e9e\" \/>\n\t<meta name=\"twitter:data2\" content=\"7 minutes\" \/>\n<script type=\"application\/ld+json\" class=\"yoast-schema-graph\">{\"@context\":\"https:\/\/schema.org\",\"@graph\":[{\"@type\":\"Article\",\"@id\":\"https:\/\/welovecinema.be\/fr\/marina-classique-instantane\/#article\",\"isPartOf\":{\"@id\":\"https:\/\/welovecinema.be\/fr\/marina-classique-instantane\/\"},\"author\":{\"name\":\"Philippe.Pierquin\",\"@id\":\"https:\/\/welovecinema.be\/nl\/#\/schema\/person\/4b9b1d857f0943453a38a7c2859ef756\"},\"headline\":\"Marina ? Un classique instantan\u00e9 !\",\"datePublished\":\"2013-09-24T07:22:03+00:00\",\"dateModified\":\"2013-09-24T13:12:04+00:00\",\"mainEntityOfPage\":{\"@id\":\"https:\/\/welovecinema.be\/fr\/marina-classique-instantane\/\"},\"wordCount\":1317,\"publisher\":{\"@id\":\"https:\/\/welovecinema.be\/nl\/#organization\"},\"articleSection\":[\"En bref\"],\"inLanguage\":\"fr-FR\"},{\"@type\":\"WebPage\",\"@id\":\"https:\/\/welovecinema.be\/fr\/marina-classique-instantane\/\",\"url\":\"https:\/\/welovecinema.be\/fr\/marina-classique-instantane\/\",\"name\":\"Marina ? Un classique instantan\u00e9 ! - We Love Cinema\",\"isPartOf\":{\"@id\":\"https:\/\/welovecinema.be\/nl\/#website\"},\"datePublished\":\"2013-09-24T07:22:03+00:00\",\"dateModified\":\"2013-09-24T13:12:04+00:00\",\"breadcrumb\":{\"@id\":\"https:\/\/welovecinema.be\/fr\/marina-classique-instantane\/#breadcrumb\"},\"inLanguage\":\"fr-FR\",\"potentialAction\":[{\"@type\":\"ReadAction\",\"target\":[\"https:\/\/welovecinema.be\/fr\/marina-classique-instantane\/\"]}]},{\"@type\":\"BreadcrumbList\",\"@id\":\"https:\/\/welovecinema.be\/fr\/marina-classique-instantane\/#breadcrumb\",\"itemListElement\":[{\"@type\":\"ListItem\",\"position\":1,\"name\":\"Accueil\",\"item\":\"https:\/\/welovecinema.be\/fr\/\"},{\"@type\":\"ListItem\",\"position\":2,\"name\":\"Marina ? Un classique instantan\u00e9 !\"}]},{\"@type\":\"WebSite\",\"@id\":\"https:\/\/welovecinema.be\/nl\/#website\",\"url\":\"https:\/\/welovecinema.be\/nl\/\",\"name\":\"We Love Cinema\",\"description\":\"Toute l\u2019information du cin\u00e9ma en Belgique\",\"publisher\":{\"@id\":\"https:\/\/welovecinema.be\/nl\/#organization\"},\"potentialAction\":[{\"@type\":\"SearchAction\",\"target\":{\"@type\":\"EntryPoint\",\"urlTemplate\":\"https:\/\/welovecinema.be\/nl\/?s={search_term_string}\"},\"query-input\":\"required name=search_term_string\"}],\"inLanguage\":\"fr-FR\"},{\"@type\":\"Organization\",\"@id\":\"https:\/\/welovecinema.be\/nl\/#organization\",\"name\":\"We Love Cinema\",\"url\":\"https:\/\/welovecinema.be\/nl\/\",\"logo\":{\"@type\":\"ImageObject\",\"inLanguage\":\"fr-FR\",\"@id\":\"https:\/\/welovecinema.be\/nl\/#\/schema\/logo\/image\/\",\"url\":\"https:\/\/welovecinema.be\/wp-content\/uploads\/sites\/2\/2023\/03\/Logo-We-Love-Cinema305x128.jpg\",\"contentUrl\":\"https:\/\/welovecinema.be\/wp-content\/uploads\/sites\/2\/2023\/03\/Logo-We-Love-Cinema305x128.jpg\",\"width\":305,\"height\":128,\"caption\":\"We Love Cinema\"},\"image\":{\"@id\":\"https:\/\/welovecinema.be\/nl\/#\/schema\/logo\/image\/\"},\"sameAs\":[\"https:\/\/www.facebook.com\/welovecinema.be\",\"https:\/\/www.youtube.com\/channel\/UCX5LYGVhnKvYauW4Nta4HJA\",\"https:\/\/www.instagram.com\/welovecinema.be\/\"]},{\"@type\":\"Person\",\"@id\":\"https:\/\/welovecinema.be\/nl\/#\/schema\/person\/4b9b1d857f0943453a38a7c2859ef756\",\"name\":\"Philippe.Pierquin\",\"url\":\"https:\/\/welovecinema.be\/fr\/author\/philippe-pierquin\/\"}]}<\/script>\n<!-- \/ Yoast SEO plugin. -->","yoast_head_json":{"title":"Marina ? Un classique instantan\u00e9 ! - We Love Cinema","robots":{"index":"index","follow":"follow","max-snippet":"max-snippet:-1","max-image-preview":"max-image-preview:large","max-video-preview":"max-video-preview:-1"},"canonical":"https:\/\/welovecinema.be\/fr\/marina-classique-instantane\/","og_locale":"fr_FR","og_type":"article","og_title":"Marina ? Un classique instantan\u00e9 ! - We Love Cinema","og_description":"Vous le savez \u00e0 pr\u00e9sent, le long m\u00e9trage secret pr\u00e9sent\u00e9 en Sneak Preview pendant les Cinevox Happenings de rentr\u00e9e \u00e9tait donc Marina de Stijn Coninx. Une premi\u00e8re europ\u00e9enne pour les spectateurs de l\u2019UGC de Brouck\u00e8re mercredi qui ont ponctu\u00e9 la s\u00e9ance d\u2019une interminable nu\u00e9e d\u2019applaudissements. &nbsp;","og_url":"https:\/\/welovecinema.be\/fr\/marina-classique-instantane\/","og_site_name":"We Love Cinema","article_publisher":"https:\/\/www.facebook.com\/welovecinema.be","article_published_time":"2013-09-24T07:22:03+00:00","article_modified_time":"2013-09-24T13:12:04+00:00","og_image":[{"width":1920,"height":1080,"url":"https:\/\/welovecinema.be\/wp-content\/uploads\/sites\/2\/2013\/09\/BXL_81.jpg","type":"image\/jpeg"}],"author":"Philippe.Pierquin","twitter_card":"summary_large_image","twitter_misc":{"\u00c9crit par":"Philippe.Pierquin","Dur\u00e9e de lecture estim\u00e9e":"7 minutes"},"schema":{"@context":"https:\/\/schema.org","@graph":[{"@type":"Article","@id":"https:\/\/welovecinema.be\/fr\/marina-classique-instantane\/#article","isPartOf":{"@id":"https:\/\/welovecinema.be\/fr\/marina-classique-instantane\/"},"author":{"name":"Philippe.Pierquin","@id":"https:\/\/welovecinema.be\/nl\/#\/schema\/person\/4b9b1d857f0943453a38a7c2859ef756"},"headline":"Marina ? Un classique instantan\u00e9 !","datePublished":"2013-09-24T07:22:03+00:00","dateModified":"2013-09-24T13:12:04+00:00","mainEntityOfPage":{"@id":"https:\/\/welovecinema.be\/fr\/marina-classique-instantane\/"},"wordCount":1317,"publisher":{"@id":"https:\/\/welovecinema.be\/nl\/#organization"},"articleSection":["En bref"],"inLanguage":"fr-FR"},{"@type":"WebPage","@id":"https:\/\/welovecinema.be\/fr\/marina-classique-instantane\/","url":"https:\/\/welovecinema.be\/fr\/marina-classique-instantane\/","name":"Marina ? Un classique instantan\u00e9 ! - We Love Cinema","isPartOf":{"@id":"https:\/\/welovecinema.be\/nl\/#website"},"datePublished":"2013-09-24T07:22:03+00:00","dateModified":"2013-09-24T13:12:04+00:00","breadcrumb":{"@id":"https:\/\/welovecinema.be\/fr\/marina-classique-instantane\/#breadcrumb"},"inLanguage":"fr-FR","potentialAction":[{"@type":"ReadAction","target":["https:\/\/welovecinema.be\/fr\/marina-classique-instantane\/"]}]},{"@type":"BreadcrumbList","@id":"https:\/\/welovecinema.be\/fr\/marina-classique-instantane\/#breadcrumb","itemListElement":[{"@type":"ListItem","position":1,"name":"Accueil","item":"https:\/\/welovecinema.be\/fr\/"},{"@type":"ListItem","position":2,"name":"Marina ? Un classique instantan\u00e9 !"}]},{"@type":"WebSite","@id":"https:\/\/welovecinema.be\/nl\/#website","url":"https:\/\/welovecinema.be\/nl\/","name":"We Love Cinema","description":"Toute l\u2019information du cin\u00e9ma en Belgique","publisher":{"@id":"https:\/\/welovecinema.be\/nl\/#organization"},"potentialAction":[{"@type":"SearchAction","target":{"@type":"EntryPoint","urlTemplate":"https:\/\/welovecinema.be\/nl\/?s={search_term_string}"},"query-input":"required name=search_term_string"}],"inLanguage":"fr-FR"},{"@type":"Organization","@id":"https:\/\/welovecinema.be\/nl\/#organization","name":"We Love Cinema","url":"https:\/\/welovecinema.be\/nl\/","logo":{"@type":"ImageObject","inLanguage":"fr-FR","@id":"https:\/\/welovecinema.be\/nl\/#\/schema\/logo\/image\/","url":"https:\/\/welovecinema.be\/wp-content\/uploads\/sites\/2\/2023\/03\/Logo-We-Love-Cinema305x128.jpg","contentUrl":"https:\/\/welovecinema.be\/wp-content\/uploads\/sites\/2\/2023\/03\/Logo-We-Love-Cinema305x128.jpg","width":305,"height":128,"caption":"We Love Cinema"},"image":{"@id":"https:\/\/welovecinema.be\/nl\/#\/schema\/logo\/image\/"},"sameAs":["https:\/\/www.facebook.com\/welovecinema.be","https:\/\/www.youtube.com\/channel\/UCX5LYGVhnKvYauW4Nta4HJA","https:\/\/www.instagram.com\/welovecinema.be\/"]},{"@type":"Person","@id":"https:\/\/welovecinema.be\/nl\/#\/schema\/person\/4b9b1d857f0943453a38a7c2859ef756","name":"Philippe.Pierquin","url":"https:\/\/welovecinema.be\/fr\/author\/philippe-pierquin\/"}]}},"_links":{"self":[{"href":"https:\/\/welovecinema.be\/fr\/wp-json\/wp\/v2\/posts\/45676","targetHints":{"allow":["GET"]}}],"collection":[{"href":"https:\/\/welovecinema.be\/fr\/wp-json\/wp\/v2\/posts"}],"about":[{"href":"https:\/\/welovecinema.be\/fr\/wp-json\/wp\/v2\/types\/post"}],"author":[{"embeddable":true,"href":"https:\/\/welovecinema.be\/fr\/wp-json\/wp\/v2\/users\/7"}],"replies":[{"embeddable":true,"href":"https:\/\/welovecinema.be\/fr\/wp-json\/wp\/v2\/comments?post=45676"}],"version-history":[{"count":0,"href":"https:\/\/welovecinema.be\/fr\/wp-json\/wp\/v2\/posts\/45676\/revisions"}],"wp:featuredmedia":[{"embeddable":true,"href":"https:\/\/welovecinema.be\/fr\/wp-json\/wp\/v2\/media\/45752"}],"wp:attachment":[{"href":"https:\/\/welovecinema.be\/fr\/wp-json\/wp\/v2\/media?parent=45676"}],"wp:term":[{"taxonomy":"category","embeddable":true,"href":"https:\/\/welovecinema.be\/fr\/wp-json\/wp\/v2\/categories?post=45676"},{"taxonomy":"post_tag","embeddable":true,"href":"https:\/\/welovecinema.be\/fr\/wp-json\/wp\/v2\/tags?post=45676"}],"curies":[{"name":"wp","href":"https:\/\/api.w.org\/{rel}","templated":true}]}}