{"id":4532,"date":"2011-08-11T21:49:12","date_gmt":"2011-08-11T21:49:12","guid":{"rendered":"http:\/\/www.cinevox.be\/?p=4532"},"modified":"2011-08-12T11:41:16","modified_gmt":"2011-08-12T11:41:16","slug":"mobil-home-angoisses-et-reves-dune-generation","status":"publish","type":"post","link":"https:\/\/welovecinema.be\/fr\/mobil-home-angoisses-et-reves-dune-generation\/","title":{"rendered":"Mobil Home <br>Angoisses et R\u00eaves d&rsquo;une g\u00e9n\u00e9ration."},"content":{"rendered":"<p>Simon et Julien ont tous les deux une trentaine d&rsquo;ann\u00e9es. Ils se connaissent depuis l&rsquo;\u00e9cole, ont v\u00e9cu ensemble la naissance de leurs r\u00eaves\u2026 et leur dissolution progressive dans le grand bain de la \u00ab\u00a0vraie vie\u00a0\u00bb. Julien s&rsquo;occupe de son p\u00e8re Luc qui sort \u00e0 peine d&rsquo;une grave maladie. Simon v\u00e9g\u00e8te avec des parents qui ne le comprennent pas. Et inversement. Ils sont tous deux \u00e0 la crois\u00e9e des chemins: Simon vient de se s\u00e9parer de Sylvie avec qui il habitait, il n&rsquo;a pas de boulot et pas le c\u0153ur \u00e0 s&rsquo;y mettre. Julien, lui, a entrepris de r\u00e9nover une grange pour en faire une salle de banquets. Leurs amis sont mari\u00e9s, tentent avec plus ou moins de bonheur et de plaisir de s&rsquo;incruster dans les sch\u00e9mas d&rsquo;existence qui ont \u00e9t\u00e9 format\u00e9s pour eux. Simon qui a re\u00e7u de ses parents une petite somme d&rsquo;argent pour s&rsquo;installer d\u00e9cide, en effet, de la consacrer \u00e0 l&rsquo;achat d&rsquo;un Mobil home.<\/p>\n<p>Voil\u00e0 le point de d\u00e9part du bien nomm\u00e9 Mobil Home, le premier long m\u00e9trage de <strong>Fran\u00e7ois Pirot<\/strong>, un tout jeune r\u00e9alisateur belge que la profession tient \u00e0 l&rsquo;\u0153il depuis des ann\u00e9es. Nous n&rsquo;avons pas rencontr\u00e9 un seul producteur qui n&rsquo;ait un mot gentil pour lui. \u00ab\u00a0Ca c&rsquo;est un bon\u00a0\u00bb, nous a-t-on r\u00e9p\u00e9t\u00e9 \u00e0 l&rsquo;envi. Ou encore \u00ab\u00a0Fran\u00e7ois c&rsquo;est un vrai talent. Un futur grand\u00a0\u00bb. Et on ne vous parle m\u00eame pas des producteurs qui ont lanc\u00e9 son film (<em>Tarantula).<\/em> C&rsquo;est assez dire le cr\u00e9dit du jeune homme. L&rsquo;histoire qu&rsquo;il a \u00e9crite et qu&rsquo;il va mettre en sc\u00e8ne est celle d&rsquo;une g\u00e9n\u00e9ration. Une g\u00e9n\u00e9ration qui se cherche ou qui suit les traces des a\u00een\u00e9s. Par habitude, par facilit\u00e9\u2026<\/p>\n<p>&nbsp;<\/p>\n<p><!--more--><\/p>\n<p><a rel=\"attachment wp-att-4789\" href=\"http:\/\/www.cinevox.be\/mobil-home-angoisses-et-reves-dune-generation\/photook\/\"><img loading=\"lazy\" decoding=\"async\" class=\"aligncenter size-full wp-image-4789\" title=\"Photook\" src=\"http:\/\/www.cinevox.be\/wp-content\/uploads\/sites\/2\/2011\/07\/Photook.jpg\" alt=\"\" width=\"1187\" height=\"657\" srcset=\"https:\/\/welovecinema.be\/wp-content\/uploads\/sites\/2\/2011\/07\/Photook.jpg 1187w, https:\/\/welovecinema.be\/wp-content\/uploads\/sites\/2\/2011\/07\/Photook-480x265.jpg 480w, https:\/\/welovecinema.be\/wp-content\/uploads\/sites\/2\/2011\/07\/Photook-800x442.jpg 800w\" sizes=\"auto, (max-width: 1187px) 100vw, 1187px\" \/><\/a><\/p>\n<p>L&rsquo;objectif de son \u00ab\u00a0h\u00e9ros\u00a0\u00bb est de partir sur les routes, \u00e0 l&rsquo;aventure, de sortir des sentiers battus, de gagner sa vie au jour le jour, selon ses besoins. Il convainc Julien de l&rsquo;accompagner. Le Mobil home cristallise alors l&rsquo;attention de tous. Les envies et les r\u00eaves refoul\u00e9s refont surface. \u00c0 cause de (ou gr\u00e2ce \u00e0) lui, chacun se trouvera oblig\u00e9 de j(a)uger ses options. D&rsquo;autant plus longtemps que suite \u00e0 un accident, le v\u00e9hicule reste immobilis\u00e9 quelques jours suppl\u00e9mentaires dans le village des deux amis qui auront, eux aussi, le temps de remettre en question leur vision de l&rsquo;avenir et leurs convictions.<\/p>\n<p>&nbsp;<\/p>\n<p>Pour interpr\u00e9ter les deux potes, r\u00e9alisateurs et producteurs ont tabl\u00e9 sur le talent et l&rsquo;alchimie.\u00a0 Leur choix s&rsquo;est finalement port\u00e9 sur deux jeunes com\u00e9diens fran\u00e7ais qui montent \u00e0 la vitesse de la lumi\u00e8re : <strong>Arthur Dupont,<\/strong> nomm\u00e9 aux C\u00e9sar 2010 en tant que meilleur espoir masculin pour <em>Bus Palladium<\/em> et <strong>Guillaume Gouix<\/strong> qui a frapp\u00e9 les esprits dans le <em>Bel \u00c2ge, Belle \u00e9pine, Copacabana, Poupoupidou<\/em> et qui \u00e9tait formidable dans un second r\u00f4le de la s\u00e9rie <em>Les Beaux Mecs<\/em>, diffus\u00e9e r\u00e9cemment sur France 2.<\/p>\n<p>&nbsp;<\/p>\n<p><a rel=\"attachment wp-att-4790\" href=\"http:\/\/www.cinevox.be\/mobil-home-angoisses-et-reves-dune-generation\/photook2\/\"><img loading=\"lazy\" decoding=\"async\" class=\"aligncenter size-full wp-image-4790\" title=\"Photook2\" src=\"http:\/\/www.cinevox.be\/wp-content\/uploads\/sites\/2\/2011\/07\/Photook2.jpg\" alt=\"\" width=\"1163\" height=\"654\" srcset=\"https:\/\/welovecinema.be\/wp-content\/uploads\/sites\/2\/2011\/07\/Photook2.jpg 1163w, https:\/\/welovecinema.be\/wp-content\/uploads\/sites\/2\/2011\/07\/Photook2-200x113.jpg 200w, https:\/\/welovecinema.be\/wp-content\/uploads\/sites\/2\/2011\/07\/Photook2-480x270.jpg 480w, https:\/\/welovecinema.be\/wp-content\/uploads\/sites\/2\/2011\/07\/Photook2-800x449.jpg 800w, https:\/\/welovecinema.be\/wp-content\/uploads\/sites\/2\/2011\/07\/Photook2-300x169.jpg 300w, https:\/\/welovecinema.be\/wp-content\/uploads\/sites\/2\/2011\/07\/Photook2-620x350.jpg 620w\" sizes=\"auto, (max-width: 1163px) 100vw, 1163px\" \/><\/a><\/p>\n<p>&nbsp;<\/p>\n<p>Comme les deux acteurs principaux que Nic Balthazar a embarqu\u00e9s sur son film <em>Tot Altijd,<\/em> ce sont des copains au quotidien. Ca se remarque tr\u00e8s fort sur les premi\u00e8res images que nous avons d\u00e9couvertes en hyper exclusivit\u00e9. Des images de pr\u00e9paration en \u00ab\u00a0situation r\u00e9elle\u00a0\u00bb, car le r\u00e9alisateur a d\u00e9cid\u00e9 de r\u00e9unir les deux h\u00e9ros dans un Mobil home et de faire l&rsquo;exp\u00e9rience de la vie ensemble dans les conditions r\u00e9elles. Les photos qui illustrent cet article sont d&rsquo;ailleurs tir\u00e9es de cette rando entre potes. Le moins qu&rsquo;on puisse dire \u00e0 ce stade est qu&rsquo;on est impatient de voir tout \u00e7a retranscrit dans une fiction.<\/p>\n<p>L&rsquo;\u00e9quipe de Cinevox \u00a0a rendu visite \u00e0 l&rsquo;\u00e9quipe du film en plein travail, ce jeudi 11 ao\u00fbt \u00e0 Ferri\u00e8res. Du coup, on vous pr\u00e9sentera bient\u00f4t articles, photos, vid\u00e9os et interviews in\u00e9dits. Patience, donc\u2026<\/p>\n<p>&nbsp;<\/p>\n","protected":false},"excerpt":{"rendered":"<p>Simon et Julien ont tous les deux une trentaine d&rsquo;ann\u00e9es. Ils se connaissent depuis l&rsquo;\u00e9cole, ont v\u00e9cu ensemble la naissance de leurs r\u00eaves\u2026 et leur dissolution progressive dans le grand bain de la \u00ab\u00a0vraie vie\u00a0\u00bb. Julien s&rsquo;occupe de son p\u00e8re Luc qui sort \u00e0 peine d&rsquo;une grave maladie. Simon v\u00e9g\u00e8te avec des parents qui ne &hellip;<\/p>\n","protected":false},"author":7,"featured_media":4792,"comment_status":"closed","ping_status":"closed","sticky":false,"template":"","format":"standard","meta":{"ngg_post_thumbnail":0,"footnotes":""},"categories":[1923,7],"tags":[],"class_list":["post-4532","post","type-post","status-publish","format-standard","has-post-thumbnail","","category-en-bref","category-actualites"],"yoast_head":"<!-- This site is optimized with the Yoast SEO plugin v20.4 - https:\/\/yoast.com\/wordpress\/plugins\/seo\/ -->\n<title>Mobil Home Angoisses et R\u00eaves d&#039;une g\u00e9n\u00e9ration. - We Love Cinema<\/title>\n<meta name=\"robots\" content=\"index, follow, max-snippet:-1, max-image-preview:large, max-video-preview:-1\" \/>\n<link rel=\"canonical\" href=\"https:\/\/welovecinema.be\/fr\/mobil-home-angoisses-et-reves-dune-generation\/\" \/>\n<meta property=\"og:locale\" content=\"fr_FR\" \/>\n<meta property=\"og:type\" content=\"article\" \/>\n<meta property=\"og:title\" content=\"Mobil Home Angoisses et R\u00eaves d&#039;une g\u00e9n\u00e9ration. - We Love Cinema\" \/>\n<meta property=\"og:description\" content=\"Simon et Julien ont tous les deux une trentaine d&rsquo;ann\u00e9es. Ils se connaissent depuis l&rsquo;\u00e9cole, ont v\u00e9cu ensemble la naissance de leurs r\u00eaves\u2026 et leur dissolution progressive dans le grand bain de la \u00ab\u00a0vraie vie\u00a0\u00bb. Julien s&rsquo;occupe de son p\u00e8re Luc qui sort \u00e0 peine d&rsquo;une grave maladie. Simon v\u00e9g\u00e8te avec des parents qui ne &hellip;\" \/>\n<meta property=\"og:url\" content=\"https:\/\/welovecinema.be\/fr\/mobil-home-angoisses-et-reves-dune-generation\/\" \/>\n<meta property=\"og:site_name\" content=\"We Love Cinema\" \/>\n<meta property=\"article:publisher\" content=\"https:\/\/www.facebook.com\/welovecinema.be\" \/>\n<meta property=\"article:published_time\" content=\"2011-08-11T21:49:12+00:00\" \/>\n<meta property=\"article:modified_time\" content=\"2011-08-12T11:41:16+00:00\" \/>\n<meta property=\"og:image\" content=\"https:\/\/welovecinema.be\/wp-content\/uploads\/sites\/2\/2011\/07\/Photook3.jpg\" \/>\n\t<meta property=\"og:image:width\" content=\"1178\" \/>\n\t<meta property=\"og:image:height\" content=\"652\" \/>\n\t<meta property=\"og:image:type\" content=\"image\/jpeg\" \/>\n<meta name=\"author\" content=\"Philippe.Pierquin\" \/>\n<meta name=\"twitter:card\" content=\"summary_large_image\" \/>\n<meta name=\"twitter:label1\" content=\"\u00c9crit par\" \/>\n\t<meta name=\"twitter:data1\" content=\"Philippe.Pierquin\" \/>\n\t<meta name=\"twitter:label2\" content=\"Dur\u00e9e de lecture estim\u00e9e\" \/>\n\t<meta name=\"twitter:data2\" content=\"3 minutes\" \/>\n<script type=\"application\/ld+json\" class=\"yoast-schema-graph\">{\"@context\":\"https:\/\/schema.org\",\"@graph\":[{\"@type\":\"Article\",\"@id\":\"https:\/\/welovecinema.be\/fr\/mobil-home-angoisses-et-reves-dune-generation\/#article\",\"isPartOf\":{\"@id\":\"https:\/\/welovecinema.be\/fr\/mobil-home-angoisses-et-reves-dune-generation\/\"},\"author\":{\"name\":\"Philippe.Pierquin\",\"@id\":\"https:\/\/welovecinema.be\/nl\/#\/schema\/person\/4b9b1d857f0943453a38a7c2859ef756\"},\"headline\":\"Mobil Home Angoisses et R\u00eaves d&rsquo;une g\u00e9n\u00e9ration.\",\"datePublished\":\"2011-08-11T21:49:12+00:00\",\"dateModified\":\"2011-08-12T11:41:16+00:00\",\"mainEntityOfPage\":{\"@id\":\"https:\/\/welovecinema.be\/fr\/mobil-home-angoisses-et-reves-dune-generation\/\"},\"wordCount\":701,\"publisher\":{\"@id\":\"https:\/\/welovecinema.be\/nl\/#organization\"},\"articleSection\":[\"En bref\",\"News\"],\"inLanguage\":\"fr-FR\"},{\"@type\":\"WebPage\",\"@id\":\"https:\/\/welovecinema.be\/fr\/mobil-home-angoisses-et-reves-dune-generation\/\",\"url\":\"https:\/\/welovecinema.be\/fr\/mobil-home-angoisses-et-reves-dune-generation\/\",\"name\":\"Mobil Home Angoisses et R\u00eaves d'une g\u00e9n\u00e9ration. - We Love Cinema\",\"isPartOf\":{\"@id\":\"https:\/\/welovecinema.be\/nl\/#website\"},\"datePublished\":\"2011-08-11T21:49:12+00:00\",\"dateModified\":\"2011-08-12T11:41:16+00:00\",\"breadcrumb\":{\"@id\":\"https:\/\/welovecinema.be\/fr\/mobil-home-angoisses-et-reves-dune-generation\/#breadcrumb\"},\"inLanguage\":\"fr-FR\",\"potentialAction\":[{\"@type\":\"ReadAction\",\"target\":[\"https:\/\/welovecinema.be\/fr\/mobil-home-angoisses-et-reves-dune-generation\/\"]}]},{\"@type\":\"BreadcrumbList\",\"@id\":\"https:\/\/welovecinema.be\/fr\/mobil-home-angoisses-et-reves-dune-generation\/#breadcrumb\",\"itemListElement\":[{\"@type\":\"ListItem\",\"position\":1,\"name\":\"Accueil\",\"item\":\"https:\/\/welovecinema.be\/fr\/\"},{\"@type\":\"ListItem\",\"position\":2,\"name\":\"Mobil Home Angoisses et R\u00eaves d&rsquo;une g\u00e9n\u00e9ration.\"}]},{\"@type\":\"WebSite\",\"@id\":\"https:\/\/welovecinema.be\/nl\/#website\",\"url\":\"https:\/\/welovecinema.be\/nl\/\",\"name\":\"We Love Cinema\",\"description\":\"Toute l\u2019information du cin\u00e9ma en Belgique\",\"publisher\":{\"@id\":\"https:\/\/welovecinema.be\/nl\/#organization\"},\"potentialAction\":[{\"@type\":\"SearchAction\",\"target\":{\"@type\":\"EntryPoint\",\"urlTemplate\":\"https:\/\/welovecinema.be\/nl\/?s={search_term_string}\"},\"query-input\":\"required name=search_term_string\"}],\"inLanguage\":\"fr-FR\"},{\"@type\":\"Organization\",\"@id\":\"https:\/\/welovecinema.be\/nl\/#organization\",\"name\":\"We Love Cinema\",\"url\":\"https:\/\/welovecinema.be\/nl\/\",\"logo\":{\"@type\":\"ImageObject\",\"inLanguage\":\"fr-FR\",\"@id\":\"https:\/\/welovecinema.be\/nl\/#\/schema\/logo\/image\/\",\"url\":\"https:\/\/welovecinema.be\/wp-content\/uploads\/sites\/2\/2023\/03\/Logo-We-Love-Cinema305x128.jpg\",\"contentUrl\":\"https:\/\/welovecinema.be\/wp-content\/uploads\/sites\/2\/2023\/03\/Logo-We-Love-Cinema305x128.jpg\",\"width\":305,\"height\":128,\"caption\":\"We Love Cinema\"},\"image\":{\"@id\":\"https:\/\/welovecinema.be\/nl\/#\/schema\/logo\/image\/\"},\"sameAs\":[\"https:\/\/www.facebook.com\/welovecinema.be\",\"https:\/\/www.youtube.com\/channel\/UCX5LYGVhnKvYauW4Nta4HJA\",\"https:\/\/www.instagram.com\/welovecinema.be\/\"]},{\"@type\":\"Person\",\"@id\":\"https:\/\/welovecinema.be\/nl\/#\/schema\/person\/4b9b1d857f0943453a38a7c2859ef756\",\"name\":\"Philippe.Pierquin\",\"url\":\"https:\/\/welovecinema.be\/fr\/author\/philippe-pierquin\/\"}]}<\/script>\n<!-- \/ Yoast SEO plugin. -->","yoast_head_json":{"title":"Mobil Home Angoisses et R\u00eaves d'une g\u00e9n\u00e9ration. - We Love Cinema","robots":{"index":"index","follow":"follow","max-snippet":"max-snippet:-1","max-image-preview":"max-image-preview:large","max-video-preview":"max-video-preview:-1"},"canonical":"https:\/\/welovecinema.be\/fr\/mobil-home-angoisses-et-reves-dune-generation\/","og_locale":"fr_FR","og_type":"article","og_title":"Mobil Home Angoisses et R\u00eaves d'une g\u00e9n\u00e9ration. - We Love Cinema","og_description":"Simon et Julien ont tous les deux une trentaine d&rsquo;ann\u00e9es. Ils se connaissent depuis l&rsquo;\u00e9cole, ont v\u00e9cu ensemble la naissance de leurs r\u00eaves\u2026 et leur dissolution progressive dans le grand bain de la \u00ab\u00a0vraie vie\u00a0\u00bb. Julien s&rsquo;occupe de son p\u00e8re Luc qui sort \u00e0 peine d&rsquo;une grave maladie. Simon v\u00e9g\u00e8te avec des parents qui ne &hellip;","og_url":"https:\/\/welovecinema.be\/fr\/mobil-home-angoisses-et-reves-dune-generation\/","og_site_name":"We Love Cinema","article_publisher":"https:\/\/www.facebook.com\/welovecinema.be","article_published_time":"2011-08-11T21:49:12+00:00","article_modified_time":"2011-08-12T11:41:16+00:00","og_image":[{"width":"1178","height":"652","url":"https:\/\/welovecinema.be\/wp-content\/uploads\/sites\/2\/2011\/07\/Photook3.jpg","type":"image\/jpeg"}],"author":"Philippe.Pierquin","twitter_card":"summary_large_image","twitter_misc":{"\u00c9crit par":"Philippe.Pierquin","Dur\u00e9e de lecture estim\u00e9e":"3 minutes"},"schema":{"@context":"https:\/\/schema.org","@graph":[{"@type":"Article","@id":"https:\/\/welovecinema.be\/fr\/mobil-home-angoisses-et-reves-dune-generation\/#article","isPartOf":{"@id":"https:\/\/welovecinema.be\/fr\/mobil-home-angoisses-et-reves-dune-generation\/"},"author":{"name":"Philippe.Pierquin","@id":"https:\/\/welovecinema.be\/nl\/#\/schema\/person\/4b9b1d857f0943453a38a7c2859ef756"},"headline":"Mobil Home Angoisses et R\u00eaves d&rsquo;une g\u00e9n\u00e9ration.","datePublished":"2011-08-11T21:49:12+00:00","dateModified":"2011-08-12T11:41:16+00:00","mainEntityOfPage":{"@id":"https:\/\/welovecinema.be\/fr\/mobil-home-angoisses-et-reves-dune-generation\/"},"wordCount":701,"publisher":{"@id":"https:\/\/welovecinema.be\/nl\/#organization"},"articleSection":["En bref","News"],"inLanguage":"fr-FR"},{"@type":"WebPage","@id":"https:\/\/welovecinema.be\/fr\/mobil-home-angoisses-et-reves-dune-generation\/","url":"https:\/\/welovecinema.be\/fr\/mobil-home-angoisses-et-reves-dune-generation\/","name":"Mobil Home Angoisses et R\u00eaves d'une g\u00e9n\u00e9ration. - We Love Cinema","isPartOf":{"@id":"https:\/\/welovecinema.be\/nl\/#website"},"datePublished":"2011-08-11T21:49:12+00:00","dateModified":"2011-08-12T11:41:16+00:00","breadcrumb":{"@id":"https:\/\/welovecinema.be\/fr\/mobil-home-angoisses-et-reves-dune-generation\/#breadcrumb"},"inLanguage":"fr-FR","potentialAction":[{"@type":"ReadAction","target":["https:\/\/welovecinema.be\/fr\/mobil-home-angoisses-et-reves-dune-generation\/"]}]},{"@type":"BreadcrumbList","@id":"https:\/\/welovecinema.be\/fr\/mobil-home-angoisses-et-reves-dune-generation\/#breadcrumb","itemListElement":[{"@type":"ListItem","position":1,"name":"Accueil","item":"https:\/\/welovecinema.be\/fr\/"},{"@type":"ListItem","position":2,"name":"Mobil Home Angoisses et R\u00eaves d&rsquo;une g\u00e9n\u00e9ration."}]},{"@type":"WebSite","@id":"https:\/\/welovecinema.be\/nl\/#website","url":"https:\/\/welovecinema.be\/nl\/","name":"We Love Cinema","description":"Toute l\u2019information du cin\u00e9ma en Belgique","publisher":{"@id":"https:\/\/welovecinema.be\/nl\/#organization"},"potentialAction":[{"@type":"SearchAction","target":{"@type":"EntryPoint","urlTemplate":"https:\/\/welovecinema.be\/nl\/?s={search_term_string}"},"query-input":"required name=search_term_string"}],"inLanguage":"fr-FR"},{"@type":"Organization","@id":"https:\/\/welovecinema.be\/nl\/#organization","name":"We Love Cinema","url":"https:\/\/welovecinema.be\/nl\/","logo":{"@type":"ImageObject","inLanguage":"fr-FR","@id":"https:\/\/welovecinema.be\/nl\/#\/schema\/logo\/image\/","url":"https:\/\/welovecinema.be\/wp-content\/uploads\/sites\/2\/2023\/03\/Logo-We-Love-Cinema305x128.jpg","contentUrl":"https:\/\/welovecinema.be\/wp-content\/uploads\/sites\/2\/2023\/03\/Logo-We-Love-Cinema305x128.jpg","width":305,"height":128,"caption":"We Love Cinema"},"image":{"@id":"https:\/\/welovecinema.be\/nl\/#\/schema\/logo\/image\/"},"sameAs":["https:\/\/www.facebook.com\/welovecinema.be","https:\/\/www.youtube.com\/channel\/UCX5LYGVhnKvYauW4Nta4HJA","https:\/\/www.instagram.com\/welovecinema.be\/"]},{"@type":"Person","@id":"https:\/\/welovecinema.be\/nl\/#\/schema\/person\/4b9b1d857f0943453a38a7c2859ef756","name":"Philippe.Pierquin","url":"https:\/\/welovecinema.be\/fr\/author\/philippe-pierquin\/"}]}},"_links":{"self":[{"href":"https:\/\/welovecinema.be\/fr\/wp-json\/wp\/v2\/posts\/4532","targetHints":{"allow":["GET"]}}],"collection":[{"href":"https:\/\/welovecinema.be\/fr\/wp-json\/wp\/v2\/posts"}],"about":[{"href":"https:\/\/welovecinema.be\/fr\/wp-json\/wp\/v2\/types\/post"}],"author":[{"embeddable":true,"href":"https:\/\/welovecinema.be\/fr\/wp-json\/wp\/v2\/users\/7"}],"replies":[{"embeddable":true,"href":"https:\/\/welovecinema.be\/fr\/wp-json\/wp\/v2\/comments?post=4532"}],"version-history":[{"count":0,"href":"https:\/\/welovecinema.be\/fr\/wp-json\/wp\/v2\/posts\/4532\/revisions"}],"wp:featuredmedia":[{"embeddable":true,"href":"https:\/\/welovecinema.be\/fr\/wp-json\/wp\/v2\/media\/4792"}],"wp:attachment":[{"href":"https:\/\/welovecinema.be\/fr\/wp-json\/wp\/v2\/media?parent=4532"}],"wp:term":[{"taxonomy":"category","embeddable":true,"href":"https:\/\/welovecinema.be\/fr\/wp-json\/wp\/v2\/categories?post=4532"},{"taxonomy":"post_tag","embeddable":true,"href":"https:\/\/welovecinema.be\/fr\/wp-json\/wp\/v2\/tags?post=4532"}],"curies":[{"name":"wp","href":"https:\/\/api.w.org\/{rel}","templated":true}]}}