{"id":45203,"date":"2013-09-16T05:14:49","date_gmt":"2013-09-16T03:14:49","guid":{"rendered":"http:\/\/www.cinevox.be\/?p=45203"},"modified":"2013-09-15T12:35:46","modified_gmt":"2013-09-15T10:35:46","slug":"francois-damiens-ce-belier","status":"publish","type":"post","link":"https:\/\/welovecinema.be\/fr\/francois-damiens-ce-belier\/","title":{"rendered":"Fran\u00e7ois Damiens, ce b\u00e9lier"},"content":{"rendered":"<p><span style=\"font-size: 16px;\">Avant de partir s\u2019\u00e9clater sur les flots avec Tanguy de Lamotte qu\u2019il accompagnera d\u00e8s le 3 novembre pour la Transat Jacques Vabre, l\u2019insatiable <\/span><b style=\"font-size: 16px;\">Fran\u00e7ois Damiens<\/b><span style=\"font-size: 16px;\"> s\u2019offre un dernier film. Cette semaine, il a commenc\u00e9 le tournage de <\/span><i style=\"font-size: 16px;\">La Famille B\u00e9lier<\/i><span style=\"font-size: 16px;\"> o\u00f9 il retrouve Karin Viard qui jouait son \u00e9pouse dans <\/span><i style=\"font-size: 16px;\">Rien \u00e0 D\u00e9clarer.<\/i><span style=\"font-size: 16px;\">\u00a0<!--more--><\/span><\/p>\n<p>&nbsp;<\/p>\n<p>&nbsp;<\/p>\n<p><i>La Famille B\u00e9lier<\/i> est le nouveau long-m\u00e9trage d\u2019<b>Eric Lartigau<\/b> r\u00e9v\u00e9l\u00e9 au grand public avec <i>Qui a tu\u00e9 Pamela Rose<\/i> et tr\u00e8s pris\u00e9 des cin\u00e9philes depuis <i>Pr\u00eate-moi ta main.<\/i> La derni\u00e8re fois qu\u2019on l\u2019a vu au cin\u00e9ma, c\u2019\u00e9tait en 2010 avec une intelligente adaptation de l\u2019\u2019excellent roman de Douglas Kennedy, <i>l\u2019Homme qui voulait vivre sa vie (The Great Picture)<\/i>. Une transposition europ\u00e9enne n\u00e9anmoins assez fid\u00e8le au mat\u00e9riau original.<\/p>\n<p>&nbsp;<\/p>\n<p><a href=\"http:\/\/www.cinevox.be\/francois-damiens-ce-belier\/lhomme-qui-voulait-vivre-sa-vie-1\/\" rel=\"attachment wp-att-45206\"><img loading=\"lazy\" decoding=\"async\" class=\"aligncenter size-full wp-image-45206\" alt=\"\" src=\"http:\/\/www.cinevox.be\/wp-content\/uploads\/sites\/2\/2013\/09\/Lhomme-qui-voulait-vivre-sa-vie-1.jpg\" width=\"628\" height=\"262\" srcset=\"https:\/\/welovecinema.be\/wp-content\/uploads\/sites\/2\/2013\/09\/Lhomme-qui-voulait-vivre-sa-vie-1.jpg 628w, https:\/\/welovecinema.be\/wp-content\/uploads\/sites\/2\/2013\/09\/Lhomme-qui-voulait-vivre-sa-vie-1-480x200.jpg 480w\" sizes=\"auto, (max-width: 628px) 100vw, 628px\" \/><\/a><\/p>\n<p>&nbsp;<\/p>\n<p>Avant cela Lartigau avait \u00e9t\u00e9 assistant pour des pointures comme Edouard Molinaro, Diane Kurys ou Emir Kusturica, r\u00e9alisateur de publicit\u00e9s, acteur (<i>Les Maris, Les Femmes, Les Amants<\/i> de Pascal Thomas) et actif \u00e0 la t\u00e9l\u00e9 (<i>Guignols de l\u2019Info<\/i>, la s\u00e9rie <i>H<\/i>). Ces deux derni\u00e8res ann\u00e9es, il a tourn\u00e9 un des sketches des <i>Infid\u00e8les<\/i> et pr\u00e9par\u00e9 ce nouveau long m\u00e9trage \u00e9crit par Victoria Bedos et Stanislas Carr\u00e9 de Malberg.<\/p>\n<p>&nbsp;<\/p>\n<p>Outre <b>Karin Viard<\/b> et <b>Fran\u00e7ois Damiens<\/b>, La famille B\u00e9lier nous permettra de revoir <b>Eric Elmosnino<\/b> (<i>Gainsbourg, vie h\u00e9ro\u00efque<\/i>) et de rencontrer au cin\u00e9ma la jeune <b>Louane Emera<\/b>, r\u00e9v\u00e9l\u00e9e par The Voice France o\u00f9 elle faisait partie de l\u2019\u00e9quipe de Louis Bertignac.<\/p>\n<p>&nbsp;<\/p>\n<p><a href=\"http:\/\/www.cinevox.be\/francois-damiens-ce-belier\/louane-the-voice-2-10862620cjzdw\/\" rel=\"attachment wp-att-45207\"><img loading=\"lazy\" decoding=\"async\" class=\"aligncenter size-large wp-image-45207\" alt=\"\" src=\"http:\/\/www.cinevox.be\/wp-content\/uploads\/sites\/2\/2013\/09\/louane-the-voice-2-10862620cjzdw-800x450.png\" width=\"640\" height=\"360\" srcset=\"https:\/\/welovecinema.be\/wp-content\/uploads\/sites\/2\/2013\/09\/louane-the-voice-2-10862620cjzdw-800x450.png 800w, https:\/\/welovecinema.be\/wp-content\/uploads\/sites\/2\/2013\/09\/louane-the-voice-2-10862620cjzdw-200x113.png 200w, https:\/\/welovecinema.be\/wp-content\/uploads\/sites\/2\/2013\/09\/louane-the-voice-2-10862620cjzdw-480x270.png 480w, https:\/\/welovecinema.be\/wp-content\/uploads\/sites\/2\/2013\/09\/louane-the-voice-2-10862620cjzdw-300x169.png 300w, https:\/\/welovecinema.be\/wp-content\/uploads\/sites\/2\/2013\/09\/louane-the-voice-2-10862620cjzdw-620x350.png 620w, https:\/\/welovecinema.be\/wp-content\/uploads\/sites\/2\/2013\/09\/louane-the-voice-2-10862620cjzdw.png 1024w\" sizes=\"auto, (max-width: 640px) 100vw, 640px\" \/><\/a><\/p>\n<p>&nbsp;<\/p>\n<p>Pivot du sc\u00e9nario, Louane va pouvoir jongler avec ses talents de com\u00e9dienne et de chanteuse puisqu\u2019elle incarne Paula, 16 ans, qui, pouss\u00e9e par son professeur de musique qui lui a d\u00e9couvert un don pour le chant, accepte de se lancer dans le concours de Radio France. Une aubaine? Pas s\u00fbr. Ce choix de vie signifierait pour elle l\u2019\u00e9loignement de sa famille et un passage in\u00e9vitable \u00e0 l\u2019\u00e2ge adulte. Or, dans la famille B\u00e9lier, tout le monde est sourd sauf Paula qui est une interpr\u00e8te indispensable \u00e0 ses parents au quotidien, surtout pour l\u2019exploitation de la ferme familiale.<\/p>\n<p>&nbsp;<\/p>\n<p>Le tournage durera neuf semaines en r\u00e9gion parisienne et dans la Mayenne. Fran\u00e7ois Damiens sera donc lib\u00e9r\u00e9 juste \u00e0 temps pour partir voguer sur les flots.<\/p>\n<p>&nbsp;<\/p>\n<p><a href=\"http:\/\/www.cinevox.be\/francois-damiens-ce-belier\/photo-6\/\" rel=\"attachment wp-att-45208\"><img loading=\"lazy\" decoding=\"async\" class=\"aligncenter size-large wp-image-45208\" alt=\"\" src=\"http:\/\/www.cinevox.be\/wp-content\/uploads\/sites\/2\/2013\/09\/photo-6-800x533.jpg\" width=\"640\" height=\"426\" srcset=\"https:\/\/welovecinema.be\/wp-content\/uploads\/sites\/2\/2013\/09\/photo-6-800x533.jpg 800w, https:\/\/welovecinema.be\/wp-content\/uploads\/sites\/2\/2013\/09\/photo-6-404x270.jpg 404w\" sizes=\"auto, (max-width: 640px) 100vw, 640px\" \/><\/a><br \/>\nLa sortie de La famille B\u00e9lier au cin\u00e9ma est programm\u00e9e au deuxi\u00e8me semestre\u00a02014. D\u2019ici l\u00e0, pas de panique : les aficionados auront encore l\u2019occasion de voir leur pi\u00e9geur pr\u00e9f\u00e9r\u00e9 notamment dans <i>Gare du Nord (<\/i>sorti en France cette semaine<i>), Tip Top<\/i> (sortie en France le 11 septembre) et <i>Je Fais le Mort.<\/i><\/p>\n","protected":false},"excerpt":{"rendered":"<p>Avant de partir s\u2019\u00e9clater sur les flots avec Tanguy de Lamotte qu\u2019il accompagnera d\u00e8s le 3 novembre pour la Transat Jacques Vabre, l\u2019insatiable Fran\u00e7ois Damiens s\u2019offre un dernier film. Cette semaine, il a commenc\u00e9 le tournage de La Famille B\u00e9lier o\u00f9 il retrouve Karin Viard qui jouait son \u00e9pouse dans Rien \u00e0 D\u00e9clarer.\u00a0<\/p>\n","protected":false},"author":7,"featured_media":45210,"comment_status":"closed","ping_status":"closed","sticky":false,"template":"","format":"standard","meta":{"ngg_post_thumbnail":0,"footnotes":""},"categories":[7,11],"tags":[],"class_list":["post-45203","post","type-post","status-publish","format-standard","has-post-thumbnail","","category-actualites","category-tournages"],"yoast_head":"<!-- This site is optimized with the Yoast SEO plugin v20.4 - https:\/\/yoast.com\/wordpress\/plugins\/seo\/ -->\n<title>Fran\u00e7ois Damiens, ce b\u00e9lier - We Love Cinema<\/title>\n<meta name=\"robots\" content=\"index, follow, max-snippet:-1, max-image-preview:large, max-video-preview:-1\" \/>\n<link rel=\"canonical\" href=\"https:\/\/welovecinema.be\/fr\/francois-damiens-ce-belier\/\" \/>\n<meta property=\"og:locale\" content=\"fr_FR\" \/>\n<meta property=\"og:type\" content=\"article\" \/>\n<meta property=\"og:title\" content=\"Fran\u00e7ois Damiens, ce b\u00e9lier - We Love Cinema\" \/>\n<meta property=\"og:description\" content=\"Avant de partir s\u2019\u00e9clater sur les flots avec Tanguy de Lamotte qu\u2019il accompagnera d\u00e8s le 3 novembre pour la Transat Jacques Vabre, l\u2019insatiable Fran\u00e7ois Damiens s\u2019offre un dernier film. Cette semaine, il a commenc\u00e9 le tournage de La Famille B\u00e9lier o\u00f9 il retrouve Karin Viard qui jouait son \u00e9pouse dans Rien \u00e0 D\u00e9clarer.\u00a0\" \/>\n<meta property=\"og:url\" content=\"https:\/\/welovecinema.be\/fr\/francois-damiens-ce-belier\/\" \/>\n<meta property=\"og:site_name\" content=\"We Love Cinema\" \/>\n<meta property=\"article:publisher\" content=\"https:\/\/www.facebook.com\/welovecinema.be\" \/>\n<meta property=\"article:published_time\" content=\"2013-09-16T03:14:49+00:00\" \/>\n<meta property=\"article:modified_time\" content=\"2013-09-15T10:35:46+00:00\" \/>\n<meta property=\"og:image\" content=\"https:\/\/welovecinema.be\/wp-content\/uploads\/sites\/2\/2010\/09\/francois-damiens-et-karin-viard.jpg\" \/>\n\t<meta property=\"og:image:width\" content=\"650\" \/>\n\t<meta property=\"og:image:height\" content=\"433\" \/>\n\t<meta property=\"og:image:type\" content=\"image\/jpeg\" \/>\n<meta name=\"author\" content=\"Philippe.Pierquin\" \/>\n<meta name=\"twitter:card\" content=\"summary_large_image\" \/>\n<meta name=\"twitter:label1\" content=\"\u00c9crit par\" \/>\n\t<meta name=\"twitter:data1\" content=\"Philippe.Pierquin\" \/>\n\t<meta name=\"twitter:label2\" content=\"Dur\u00e9e de lecture estim\u00e9e\" \/>\n\t<meta name=\"twitter:data2\" content=\"2 minutes\" \/>\n<script type=\"application\/ld+json\" class=\"yoast-schema-graph\">{\"@context\":\"https:\/\/schema.org\",\"@graph\":[{\"@type\":\"Article\",\"@id\":\"https:\/\/welovecinema.be\/fr\/francois-damiens-ce-belier\/#article\",\"isPartOf\":{\"@id\":\"https:\/\/welovecinema.be\/fr\/francois-damiens-ce-belier\/\"},\"author\":{\"name\":\"Philippe.Pierquin\",\"@id\":\"https:\/\/welovecinema.be\/nl\/#\/schema\/person\/4b9b1d857f0943453a38a7c2859ef756\"},\"headline\":\"Fran\u00e7ois Damiens, ce b\u00e9lier\",\"datePublished\":\"2013-09-16T03:14:49+00:00\",\"dateModified\":\"2013-09-15T10:35:46+00:00\",\"mainEntityOfPage\":{\"@id\":\"https:\/\/welovecinema.be\/fr\/francois-damiens-ce-belier\/\"},\"wordCount\":479,\"publisher\":{\"@id\":\"https:\/\/welovecinema.be\/nl\/#organization\"},\"articleSection\":[\"News\",\"Tournages\"],\"inLanguage\":\"fr-FR\"},{\"@type\":\"WebPage\",\"@id\":\"https:\/\/welovecinema.be\/fr\/francois-damiens-ce-belier\/\",\"url\":\"https:\/\/welovecinema.be\/fr\/francois-damiens-ce-belier\/\",\"name\":\"Fran\u00e7ois Damiens, ce b\u00e9lier - We Love Cinema\",\"isPartOf\":{\"@id\":\"https:\/\/welovecinema.be\/nl\/#website\"},\"datePublished\":\"2013-09-16T03:14:49+00:00\",\"dateModified\":\"2013-09-15T10:35:46+00:00\",\"breadcrumb\":{\"@id\":\"https:\/\/welovecinema.be\/fr\/francois-damiens-ce-belier\/#breadcrumb\"},\"inLanguage\":\"fr-FR\",\"potentialAction\":[{\"@type\":\"ReadAction\",\"target\":[\"https:\/\/welovecinema.be\/fr\/francois-damiens-ce-belier\/\"]}]},{\"@type\":\"BreadcrumbList\",\"@id\":\"https:\/\/welovecinema.be\/fr\/francois-damiens-ce-belier\/#breadcrumb\",\"itemListElement\":[{\"@type\":\"ListItem\",\"position\":1,\"name\":\"Accueil\",\"item\":\"https:\/\/welovecinema.be\/fr\/\"},{\"@type\":\"ListItem\",\"position\":2,\"name\":\"Fran\u00e7ois Damiens, ce b\u00e9lier\"}]},{\"@type\":\"WebSite\",\"@id\":\"https:\/\/welovecinema.be\/nl\/#website\",\"url\":\"https:\/\/welovecinema.be\/nl\/\",\"name\":\"We Love Cinema\",\"description\":\"Toute l\u2019information du cin\u00e9ma en Belgique\",\"publisher\":{\"@id\":\"https:\/\/welovecinema.be\/nl\/#organization\"},\"potentialAction\":[{\"@type\":\"SearchAction\",\"target\":{\"@type\":\"EntryPoint\",\"urlTemplate\":\"https:\/\/welovecinema.be\/nl\/?s={search_term_string}\"},\"query-input\":\"required name=search_term_string\"}],\"inLanguage\":\"fr-FR\"},{\"@type\":\"Organization\",\"@id\":\"https:\/\/welovecinema.be\/nl\/#organization\",\"name\":\"We Love Cinema\",\"url\":\"https:\/\/welovecinema.be\/nl\/\",\"logo\":{\"@type\":\"ImageObject\",\"inLanguage\":\"fr-FR\",\"@id\":\"https:\/\/welovecinema.be\/nl\/#\/schema\/logo\/image\/\",\"url\":\"https:\/\/welovecinema.be\/wp-content\/uploads\/sites\/2\/2023\/03\/Logo-We-Love-Cinema305x128.jpg\",\"contentUrl\":\"https:\/\/welovecinema.be\/wp-content\/uploads\/sites\/2\/2023\/03\/Logo-We-Love-Cinema305x128.jpg\",\"width\":305,\"height\":128,\"caption\":\"We Love Cinema\"},\"image\":{\"@id\":\"https:\/\/welovecinema.be\/nl\/#\/schema\/logo\/image\/\"},\"sameAs\":[\"https:\/\/www.facebook.com\/welovecinema.be\",\"https:\/\/www.youtube.com\/channel\/UCX5LYGVhnKvYauW4Nta4HJA\",\"https:\/\/www.instagram.com\/welovecinema.be\/\"]},{\"@type\":\"Person\",\"@id\":\"https:\/\/welovecinema.be\/nl\/#\/schema\/person\/4b9b1d857f0943453a38a7c2859ef756\",\"name\":\"Philippe.Pierquin\",\"url\":\"https:\/\/welovecinema.be\/fr\/author\/philippe-pierquin\/\"}]}<\/script>\n<!-- \/ Yoast SEO plugin. -->","yoast_head_json":{"title":"Fran\u00e7ois Damiens, ce b\u00e9lier - We Love Cinema","robots":{"index":"index","follow":"follow","max-snippet":"max-snippet:-1","max-image-preview":"max-image-preview:large","max-video-preview":"max-video-preview:-1"},"canonical":"https:\/\/welovecinema.be\/fr\/francois-damiens-ce-belier\/","og_locale":"fr_FR","og_type":"article","og_title":"Fran\u00e7ois Damiens, ce b\u00e9lier - We Love Cinema","og_description":"Avant de partir s\u2019\u00e9clater sur les flots avec Tanguy de Lamotte qu\u2019il accompagnera d\u00e8s le 3 novembre pour la Transat Jacques Vabre, l\u2019insatiable Fran\u00e7ois Damiens s\u2019offre un dernier film. Cette semaine, il a commenc\u00e9 le tournage de La Famille B\u00e9lier o\u00f9 il retrouve Karin Viard qui jouait son \u00e9pouse dans Rien \u00e0 D\u00e9clarer.\u00a0","og_url":"https:\/\/welovecinema.be\/fr\/francois-damiens-ce-belier\/","og_site_name":"We Love Cinema","article_publisher":"https:\/\/www.facebook.com\/welovecinema.be","article_published_time":"2013-09-16T03:14:49+00:00","article_modified_time":"2013-09-15T10:35:46+00:00","og_image":[{"width":650,"height":433,"url":"https:\/\/welovecinema.be\/wp-content\/uploads\/sites\/2\/2010\/09\/francois-damiens-et-karin-viard.jpg","type":"image\/jpeg"}],"author":"Philippe.Pierquin","twitter_card":"summary_large_image","twitter_misc":{"\u00c9crit par":"Philippe.Pierquin","Dur\u00e9e de lecture estim\u00e9e":"2 minutes"},"schema":{"@context":"https:\/\/schema.org","@graph":[{"@type":"Article","@id":"https:\/\/welovecinema.be\/fr\/francois-damiens-ce-belier\/#article","isPartOf":{"@id":"https:\/\/welovecinema.be\/fr\/francois-damiens-ce-belier\/"},"author":{"name":"Philippe.Pierquin","@id":"https:\/\/welovecinema.be\/nl\/#\/schema\/person\/4b9b1d857f0943453a38a7c2859ef756"},"headline":"Fran\u00e7ois Damiens, ce b\u00e9lier","datePublished":"2013-09-16T03:14:49+00:00","dateModified":"2013-09-15T10:35:46+00:00","mainEntityOfPage":{"@id":"https:\/\/welovecinema.be\/fr\/francois-damiens-ce-belier\/"},"wordCount":479,"publisher":{"@id":"https:\/\/welovecinema.be\/nl\/#organization"},"articleSection":["News","Tournages"],"inLanguage":"fr-FR"},{"@type":"WebPage","@id":"https:\/\/welovecinema.be\/fr\/francois-damiens-ce-belier\/","url":"https:\/\/welovecinema.be\/fr\/francois-damiens-ce-belier\/","name":"Fran\u00e7ois Damiens, ce b\u00e9lier - We Love Cinema","isPartOf":{"@id":"https:\/\/welovecinema.be\/nl\/#website"},"datePublished":"2013-09-16T03:14:49+00:00","dateModified":"2013-09-15T10:35:46+00:00","breadcrumb":{"@id":"https:\/\/welovecinema.be\/fr\/francois-damiens-ce-belier\/#breadcrumb"},"inLanguage":"fr-FR","potentialAction":[{"@type":"ReadAction","target":["https:\/\/welovecinema.be\/fr\/francois-damiens-ce-belier\/"]}]},{"@type":"BreadcrumbList","@id":"https:\/\/welovecinema.be\/fr\/francois-damiens-ce-belier\/#breadcrumb","itemListElement":[{"@type":"ListItem","position":1,"name":"Accueil","item":"https:\/\/welovecinema.be\/fr\/"},{"@type":"ListItem","position":2,"name":"Fran\u00e7ois Damiens, ce b\u00e9lier"}]},{"@type":"WebSite","@id":"https:\/\/welovecinema.be\/nl\/#website","url":"https:\/\/welovecinema.be\/nl\/","name":"We Love Cinema","description":"Toute l\u2019information du cin\u00e9ma en Belgique","publisher":{"@id":"https:\/\/welovecinema.be\/nl\/#organization"},"potentialAction":[{"@type":"SearchAction","target":{"@type":"EntryPoint","urlTemplate":"https:\/\/welovecinema.be\/nl\/?s={search_term_string}"},"query-input":"required name=search_term_string"}],"inLanguage":"fr-FR"},{"@type":"Organization","@id":"https:\/\/welovecinema.be\/nl\/#organization","name":"We Love Cinema","url":"https:\/\/welovecinema.be\/nl\/","logo":{"@type":"ImageObject","inLanguage":"fr-FR","@id":"https:\/\/welovecinema.be\/nl\/#\/schema\/logo\/image\/","url":"https:\/\/welovecinema.be\/wp-content\/uploads\/sites\/2\/2023\/03\/Logo-We-Love-Cinema305x128.jpg","contentUrl":"https:\/\/welovecinema.be\/wp-content\/uploads\/sites\/2\/2023\/03\/Logo-We-Love-Cinema305x128.jpg","width":305,"height":128,"caption":"We Love Cinema"},"image":{"@id":"https:\/\/welovecinema.be\/nl\/#\/schema\/logo\/image\/"},"sameAs":["https:\/\/www.facebook.com\/welovecinema.be","https:\/\/www.youtube.com\/channel\/UCX5LYGVhnKvYauW4Nta4HJA","https:\/\/www.instagram.com\/welovecinema.be\/"]},{"@type":"Person","@id":"https:\/\/welovecinema.be\/nl\/#\/schema\/person\/4b9b1d857f0943453a38a7c2859ef756","name":"Philippe.Pierquin","url":"https:\/\/welovecinema.be\/fr\/author\/philippe-pierquin\/"}]}},"_links":{"self":[{"href":"https:\/\/welovecinema.be\/fr\/wp-json\/wp\/v2\/posts\/45203","targetHints":{"allow":["GET"]}}],"collection":[{"href":"https:\/\/welovecinema.be\/fr\/wp-json\/wp\/v2\/posts"}],"about":[{"href":"https:\/\/welovecinema.be\/fr\/wp-json\/wp\/v2\/types\/post"}],"author":[{"embeddable":true,"href":"https:\/\/welovecinema.be\/fr\/wp-json\/wp\/v2\/users\/7"}],"replies":[{"embeddable":true,"href":"https:\/\/welovecinema.be\/fr\/wp-json\/wp\/v2\/comments?post=45203"}],"version-history":[{"count":0,"href":"https:\/\/welovecinema.be\/fr\/wp-json\/wp\/v2\/posts\/45203\/revisions"}],"wp:featuredmedia":[{"embeddable":true,"href":"https:\/\/welovecinema.be\/fr\/wp-json\/wp\/v2\/media\/45210"}],"wp:attachment":[{"href":"https:\/\/welovecinema.be\/fr\/wp-json\/wp\/v2\/media?parent=45203"}],"wp:term":[{"taxonomy":"category","embeddable":true,"href":"https:\/\/welovecinema.be\/fr\/wp-json\/wp\/v2\/categories?post=45203"},{"taxonomy":"post_tag","embeddable":true,"href":"https:\/\/welovecinema.be\/fr\/wp-json\/wp\/v2\/tags?post=45203"}],"curies":[{"name":"wp","href":"https:\/\/api.w.org\/{rel}","templated":true}]}}