{"id":44868,"date":"2013-09-06T11:00:29","date_gmt":"2013-09-06T09:00:29","guid":{"rendered":"http:\/\/www.cinevox.be\/?p=44868"},"modified":"2013-09-06T11:00:29","modified_gmt":"2013-09-06T09:00:29","slug":"les-courts-metrages-belges-en-force-a-loff-courts","status":"publish","type":"post","link":"https:\/\/welovecinema.be\/fr\/les-courts-metrages-belges-en-force-a-loff-courts\/","title":{"rendered":"Les courts-m\u00e9trages belges en force \u00e0 l\u2019OFF-Courts"},"content":{"rendered":"<p><span style=\"font-size: 16px;\">Bienvenue \u00e0 Trouville, nich\u00e9e dans le d\u00e9partement du Calvados, \u00e0 l\u2019embouchure de la Touques, en face de Deauville (merci Wikipedia).<\/span><\/p>\n<p>Trouville, sa plage et son festival de cin\u00e9ma qui se d\u00e9roule presque en m\u00eame temps que celui de son voisin d\u00e9di\u00e9 au cin\u00e9ma am\u00e9ricain (m\u00eame pas peur), et se concentre, durant neuf jours, sur les courts m\u00e9trages.<\/p>\n<p>Pont de cr\u00e9ation entre deux continents avec une programmation articul\u00e9e autour de la rel\u00e8ve en cin\u00e9ma, en musique, en arts visuels et en nouveaux m\u00e9dias de France et du Qu\u00e9bec, le Festival Off-courts est une manifestation pris\u00e9e dans le r\u00e9seau des festivals de courts-m\u00e9trages.<!--more--><\/p>\n<p>&nbsp;<\/p>\n<p>&nbsp;<\/p>\n<p>Depuis sa fondation en 2000, l\u2019\u00e9v\u00e9nement accueille une d\u00e9l\u00e9gation toujours croissante de professionnels de l\u2019audiovisuel. Ax\u00e9 sur une relation forte entre France et Qu\u00e9bec, il est devenu une plate-forme internationale tourn\u00e9e vers les jeunes cr\u00e9ateurs \u00e9mergents de toutes disciplines artistiques.<\/p>\n<p>Il r\u00e9unit chaque ann\u00e9e des artistes de nombreux pays pour des Laboratoires de cr\u00e9ation num\u00e9rique. C\u2019est aussi un March\u00e9 international du film court parmi les plus importants.<\/p>\n<p>&nbsp;<\/p>\n<p>Pour cette 14e \u00e9dition qui d\u00e9bute aujourd\u2019hui et se terminera le 14 septembre prochain, la programmation, essentiellement franco-qu\u00e9b\u00e9coise, fera n\u00e9anmoins la \u00ab\u00a0part belge\u00a0\u00bb \u00e0 notre cin\u00e9ma : une joie brochette de courts-m\u00e9trages bien de chez nous ont \u00e9t\u00e9 s\u00e9lectionn\u00e9s.<\/p>\n<p>&nbsp;<\/p>\n<p><a href=\"http:\/\/www.cinevox.be\/les-courts-metrages-belges-en-force-a-loff-courts\/electric-indigo-4\/\" rel=\"attachment wp-att-44869\"><img loading=\"lazy\" decoding=\"async\" class=\"aligncenter size-full wp-image-44869\" alt=\"\" src=\"http:\/\/www.cinevox.be\/wp-content\/uploads\/sites\/2\/2013\/09\/electric-indigo.jpg\" width=\"714\" height=\"282\" srcset=\"https:\/\/welovecinema.be\/wp-content\/uploads\/sites\/2\/2013\/09\/electric-indigo.jpg 714w, https:\/\/welovecinema.be\/wp-content\/uploads\/sites\/2\/2013\/09\/electric-indigo-480x189.jpg 480w\" sizes=\"auto, (max-width: 714px) 100vw, 714px\" \/><\/a><\/p>\n<p>&nbsp;<\/p>\n<p>En comp\u00e9tition officielle Europe et francophonie, on retrouvera <i>Electric Indigo<\/i> de <b>Jean-Julien Collette<\/b>. Indigo est une jeune fille au parcours peu banal : elle grandit au sein d\u2019une famille compos\u00e9e de deux p\u00e8res h\u00e9t\u00e9rosexuels, Ruben, l\u2019Espagnol et Tony, l\u2019Am\u00e9ricain, unis par les liens du mariage non charnel, qui ont choisi d\u2019\u00e9lever ensemble leur fille, fruit d\u2019une m\u00e8re porteuse. Mais lorsque celle-ci d\u00e9cide de r\u00e9cup\u00e9rer de plein droit Indigo, les choses se compliquent\u2026 Le film, produit par Cookies Films, est port\u00e9 par Christelle Cornil, Tony Denman, Ruben Tomas, Jean Collette et Margot. Jusqu\u2019ici, il a d\u00e9j\u00e0 particip\u00e9 \u00e0 douze festivals et remport\u00e9 trois prix. Pas mal.<\/p>\n<p>&nbsp;<\/p>\n<p><a href=\"http:\/\/www.cinevox.be\/les-courts-metrages-belges-en-force-a-loff-courts\/ingrid\/\" rel=\"attachment wp-att-44870\"><img loading=\"lazy\" decoding=\"async\" class=\"aligncenter size-large wp-image-44870\" alt=\"\" src=\"http:\/\/www.cinevox.be\/wp-content\/uploads\/sites\/2\/2013\/09\/ingrid-800x533.jpg\" width=\"640\" height=\"426\" srcset=\"https:\/\/welovecinema.be\/wp-content\/uploads\/sites\/2\/2013\/09\/ingrid-800x533.jpg 800w, https:\/\/welovecinema.be\/wp-content\/uploads\/sites\/2\/2013\/09\/ingrid-404x270.jpg 404w\" sizes=\"auto, (max-width: 640px) 100vw, 640px\" \/><\/a><\/p>\n<p>&nbsp;<\/p>\n<p><i>Ingrid fait son cin\u00e9ma<\/i> donne pour sa part dans l\u2019humour d\u00e9cal\u00e9\u2026 mais r\u00e9aliste. Produit par Films Films Productions, il nous plonge dans le quotidien d\u2019Ingrid, r\u00e9alisatrice, qui\u2026 attend la r\u00e9ponse de la commission de s\u00e9lection pour le financement de son prochain film ! \u00a0Haha. Beaucoup de cin\u00e9astes belges risquent de s&rsquo;y reconna\u00eetre.<br \/>\n<b>Ingrid Heiderscheidt<\/b> \u00a0y appara\u00eet aux c\u00f4t\u00e9s de <b>Laurent Capelluto<\/b> et <b>Nicole Colchat.<\/b> Sa r\u00e9alisatrice la Bruxelloise <b>V\u00e9ronique Jadin <\/b>a d\u00e9j\u00e0 deux courts \u00e0 son palmar\u00e8s: <i>En fanfare<\/i> en 2009 et <i>Comme des H\u00e9ros <\/i>en 2011. Elle travaille actuellement sur son premier long.<\/p>\n<p>&nbsp;<\/p>\n<p>A Trouville, on d\u00e9couvrira aussi <b>Beno\u00eet Van Dorslaer<\/b> et Serge Swysen dans <i>War Room<\/i>, premier court m\u00e9trage r\u00e9alis\u00e9 par le com\u00e9dien <b>Thomas Stuyck<\/b> (<i>Supercondriaque, The Zig Zag Kid, La Chance de ma vie<\/i>) et <b>Adrian Petrache.<\/b><\/p>\n<p>&nbsp;<\/p>\n<p><a href=\"http:\/\/www.cinevox.be\/les-courts-metrages-belges-en-force-a-loff-courts\/bowling-2\/\" rel=\"attachment wp-att-44871\"><img loading=\"lazy\" decoding=\"async\" class=\"aligncenter size-full wp-image-44871\" alt=\"\" src=\"http:\/\/www.cinevox.be\/wp-content\/uploads\/sites\/2\/2013\/09\/bowling.jpg\" width=\"639\" height=\"277\" srcset=\"https:\/\/welovecinema.be\/wp-content\/uploads\/sites\/2\/2013\/09\/bowling.jpg 639w, https:\/\/welovecinema.be\/wp-content\/uploads\/sites\/2\/2013\/09\/bowling-480x208.jpg 480w\" sizes=\"auto, (max-width: 639px) 100vw, 639px\" \/><\/a><\/p>\n<p>&nbsp;<\/p>\n<p>Les deux derniers courts seront projet\u00e9s hors comp\u00e9tition.<\/p>\n<p>Il s\u2019agit d&rsquo;abord de <i>Bowling Killers<\/i> de <b>S\u00e9bastien Petit<\/b> produit par La bo\u00eete noire Productions, un film qu\u2019entre le BIFFF, Cannes et Trouville on croise assez souvent cette ann\u00e9e. \u00a0L\u2019histoire de Tony et Simon, champions de bowling par passion et tueurs \u00e0 gage par n\u00e9cessit\u00e9. Il faut bien vivre, madame. Un soir avant de disputer un match tr\u00e8s important, ils doivent honorer un contrat. Ce qui devrait \u00eatre une simple ex\u00e9cution sommaire se transforme rapidement en r\u00e8glement de compte surr\u00e9aliste sur fond de crispations communautaires. Tourn\u00e9 en cam\u00e9ra subjective, ce court-m\u00e9trage de 9 plans-s\u00e9quences nous plonge dans les yeux de la victime mise face \u00e0 ses deux bourreaux interpr\u00e9t\u00e9s par <b>Steve Driesen<\/b> et <b>Gerald Wauthia.<\/b> Un d\u00e9lire conseill\u00e9 \u00e0 tous ceux qui aiment <i>Pulp Fiction, Fargo<\/i> ou <i>The Big Lebowski.<\/i> Servi avec une dose de surr\u00e9alisme belge en plus.<\/p>\n<p>&nbsp;<\/p>\n<p><a href=\"http:\/\/www.cinevox.be\/les-courts-metrages-belges-en-force-a-loff-courts\/ma-foret-2\/\" rel=\"attachment wp-att-44872\"><img loading=\"lazy\" decoding=\"async\" class=\"aligncenter size-large wp-image-44872\" alt=\"\" src=\"http:\/\/www.cinevox.be\/wp-content\/uploads\/sites\/2\/2013\/09\/ma-for\u00eat1-800x434.jpg\" width=\"640\" height=\"347\" srcset=\"https:\/\/welovecinema.be\/wp-content\/uploads\/sites\/2\/2013\/09\/ma-for\u00eat1-800x434.jpg 800w, https:\/\/welovecinema.be\/wp-content\/uploads\/sites\/2\/2013\/09\/ma-for\u00eat1-480x260.jpg 480w, https:\/\/welovecinema.be\/wp-content\/uploads\/sites\/2\/2013\/09\/ma-for\u00eat1.jpg 838w\" sizes=\"auto, (max-width: 640px) 100vw, 640px\" \/><\/a><\/p>\n<p>&nbsp;<\/p>\n<p><i>Ma for\u00eat<\/i>, enfin, est r\u00e9alis\u00e9 et produit par S\u00e9bastien Pins, toujours \u00e9tudiant \u00e0 l\u2019IAD au moment des faits. Il nous plonge dans le bois d\u2019Ereffe du c\u00f4t\u00e9 de Marchin sur les traces du jeune Benjamin Gruslin (3 ans). Ce docu-fiction rythm\u00e9 par la voix-off d\u2019Alexandre Von Sivers et une bande originale tr\u00e8s soign\u00e9e de Quentin Dujardin a d\u00e9j\u00e0 remport\u00e9 quelques prix en festival : un United Nations Award aux \u00c9tats-Unis, au festival international du film de for\u00eats, le prix du public au Festival du Film Environnemental 2013 de Poitiers (FR), le prix du Jeune Public au festival \u00ab Rencontres Cin\u00e9ma Nature \u00bb (FR) et une mention honorable au Film Festival for Peace, Inspiration and Equality (ID). Il a \u00e9galement \u00e9t\u00e9 s\u00e9lectionn\u00e9 au prestigieux Festival Reel Earth en Nouvelle-Z\u00e9lande.<\/p>\n<p>Et si vous n\u2019\u00eates pas \u00e0 Trouville ou dans les environs, pas grave, il est visible <a href=\"http:\/\/www.cinevox.be\/ma-foret-un-court-metrage-de-sebastien-pins\">ICI<\/a>. C\u2019est cadeau<\/p>\n<p>&nbsp;<\/p>\n<p>&nbsp;<\/p>\n<p>&nbsp;<\/p>\n","protected":false},"excerpt":{"rendered":"<p>Bienvenue \u00e0 Trouville, nich\u00e9e dans le d\u00e9partement du Calvados, \u00e0 l\u2019embouchure de la Touques, en face de Deauville (merci Wikipedia). Trouville, sa plage et son festival de cin\u00e9ma qui se d\u00e9roule presque en m\u00eame temps que celui de son voisin d\u00e9di\u00e9 au cin\u00e9ma am\u00e9ricain (m\u00eame pas peur), et se concentre, durant neuf jours, sur les &hellip;<\/p>\n","protected":false},"author":7,"featured_media":44874,"comment_status":"closed","ping_status":"closed","sticky":false,"template":"","format":"standard","meta":{"ngg_post_thumbnail":0,"footnotes":""},"categories":[12,7],"tags":[],"class_list":["post-44868","post","type-post","status-publish","format-standard","has-post-thumbnail","","category-awards","category-actualites"],"yoast_head":"<!-- This site is optimized with the Yoast SEO plugin v20.4 - https:\/\/yoast.com\/wordpress\/plugins\/seo\/ -->\n<title>Les courts-m\u00e9trages belges en force \u00e0 l\u2019OFF-Courts - We Love Cinema<\/title>\n<meta name=\"robots\" content=\"index, follow, max-snippet:-1, max-image-preview:large, max-video-preview:-1\" \/>\n<link rel=\"canonical\" href=\"https:\/\/welovecinema.be\/fr\/les-courts-metrages-belges-en-force-a-loff-courts\/\" \/>\n<meta property=\"og:locale\" content=\"fr_FR\" \/>\n<meta property=\"og:type\" content=\"article\" \/>\n<meta property=\"og:title\" content=\"Les courts-m\u00e9trages belges en force \u00e0 l\u2019OFF-Courts - We Love Cinema\" \/>\n<meta property=\"og:description\" content=\"Bienvenue \u00e0 Trouville, nich\u00e9e dans le d\u00e9partement du Calvados, \u00e0 l\u2019embouchure de la Touques, en face de Deauville (merci Wikipedia). Trouville, sa plage et son festival de cin\u00e9ma qui se d\u00e9roule presque en m\u00eame temps que celui de son voisin d\u00e9di\u00e9 au cin\u00e9ma am\u00e9ricain (m\u00eame pas peur), et se concentre, durant neuf jours, sur les &hellip;\" \/>\n<meta property=\"og:url\" content=\"https:\/\/welovecinema.be\/fr\/les-courts-metrages-belges-en-force-a-loff-courts\/\" \/>\n<meta property=\"og:site_name\" content=\"We Love Cinema\" \/>\n<meta property=\"article:publisher\" content=\"https:\/\/www.facebook.com\/welovecinema.be\" \/>\n<meta property=\"article:published_time\" content=\"2013-09-06T09:00:29+00:00\" \/>\n<meta property=\"og:image\" content=\"https:\/\/welovecinema.be\/wp-content\/uploads\/sites\/2\/2013\/09\/offcourts.jpg\" \/>\n\t<meta property=\"og:image:width\" content=\"500\" \/>\n\t<meta property=\"og:image:height\" content=\"226\" \/>\n\t<meta property=\"og:image:type\" content=\"image\/jpeg\" \/>\n<meta name=\"author\" content=\"Philippe.Pierquin\" \/>\n<meta name=\"twitter:card\" content=\"summary_large_image\" \/>\n<meta name=\"twitter:label1\" content=\"\u00c9crit par\" \/>\n\t<meta name=\"twitter:data1\" content=\"Philippe.Pierquin\" \/>\n\t<meta name=\"twitter:label2\" content=\"Dur\u00e9e de lecture estim\u00e9e\" \/>\n\t<meta name=\"twitter:data2\" content=\"4 minutes\" \/>\n<script type=\"application\/ld+json\" class=\"yoast-schema-graph\">{\"@context\":\"https:\/\/schema.org\",\"@graph\":[{\"@type\":\"Article\",\"@id\":\"https:\/\/welovecinema.be\/fr\/les-courts-metrages-belges-en-force-a-loff-courts\/#article\",\"isPartOf\":{\"@id\":\"https:\/\/welovecinema.be\/fr\/les-courts-metrages-belges-en-force-a-loff-courts\/\"},\"author\":{\"name\":\"Philippe.Pierquin\",\"@id\":\"https:\/\/welovecinema.be\/nl\/#\/schema\/person\/4b9b1d857f0943453a38a7c2859ef756\"},\"headline\":\"Les courts-m\u00e9trages belges en force \u00e0 l\u2019OFF-Courts\",\"datePublished\":\"2013-09-06T09:00:29+00:00\",\"dateModified\":\"2013-09-06T09:00:29+00:00\",\"mainEntityOfPage\":{\"@id\":\"https:\/\/welovecinema.be\/fr\/les-courts-metrages-belges-en-force-a-loff-courts\/\"},\"wordCount\":856,\"publisher\":{\"@id\":\"https:\/\/welovecinema.be\/nl\/#organization\"},\"articleSection\":[\"Evenements\",\"News\"],\"inLanguage\":\"fr-FR\"},{\"@type\":\"WebPage\",\"@id\":\"https:\/\/welovecinema.be\/fr\/les-courts-metrages-belges-en-force-a-loff-courts\/\",\"url\":\"https:\/\/welovecinema.be\/fr\/les-courts-metrages-belges-en-force-a-loff-courts\/\",\"name\":\"Les courts-m\u00e9trages belges en force \u00e0 l\u2019OFF-Courts - We Love Cinema\",\"isPartOf\":{\"@id\":\"https:\/\/welovecinema.be\/nl\/#website\"},\"datePublished\":\"2013-09-06T09:00:29+00:00\",\"dateModified\":\"2013-09-06T09:00:29+00:00\",\"breadcrumb\":{\"@id\":\"https:\/\/welovecinema.be\/fr\/les-courts-metrages-belges-en-force-a-loff-courts\/#breadcrumb\"},\"inLanguage\":\"fr-FR\",\"potentialAction\":[{\"@type\":\"ReadAction\",\"target\":[\"https:\/\/welovecinema.be\/fr\/les-courts-metrages-belges-en-force-a-loff-courts\/\"]}]},{\"@type\":\"BreadcrumbList\",\"@id\":\"https:\/\/welovecinema.be\/fr\/les-courts-metrages-belges-en-force-a-loff-courts\/#breadcrumb\",\"itemListElement\":[{\"@type\":\"ListItem\",\"position\":1,\"name\":\"Accueil\",\"item\":\"https:\/\/welovecinema.be\/fr\/\"},{\"@type\":\"ListItem\",\"position\":2,\"name\":\"Les courts-m\u00e9trages belges en force \u00e0 l\u2019OFF-Courts\"}]},{\"@type\":\"WebSite\",\"@id\":\"https:\/\/welovecinema.be\/nl\/#website\",\"url\":\"https:\/\/welovecinema.be\/nl\/\",\"name\":\"We Love Cinema\",\"description\":\"Toute l\u2019information du cin\u00e9ma en Belgique\",\"publisher\":{\"@id\":\"https:\/\/welovecinema.be\/nl\/#organization\"},\"potentialAction\":[{\"@type\":\"SearchAction\",\"target\":{\"@type\":\"EntryPoint\",\"urlTemplate\":\"https:\/\/welovecinema.be\/nl\/?s={search_term_string}\"},\"query-input\":\"required name=search_term_string\"}],\"inLanguage\":\"fr-FR\"},{\"@type\":\"Organization\",\"@id\":\"https:\/\/welovecinema.be\/nl\/#organization\",\"name\":\"We Love Cinema\",\"url\":\"https:\/\/welovecinema.be\/nl\/\",\"logo\":{\"@type\":\"ImageObject\",\"inLanguage\":\"fr-FR\",\"@id\":\"https:\/\/welovecinema.be\/nl\/#\/schema\/logo\/image\/\",\"url\":\"https:\/\/welovecinema.be\/wp-content\/uploads\/sites\/2\/2023\/03\/Logo-We-Love-Cinema305x128.jpg\",\"contentUrl\":\"https:\/\/welovecinema.be\/wp-content\/uploads\/sites\/2\/2023\/03\/Logo-We-Love-Cinema305x128.jpg\",\"width\":305,\"height\":128,\"caption\":\"We Love Cinema\"},\"image\":{\"@id\":\"https:\/\/welovecinema.be\/nl\/#\/schema\/logo\/image\/\"},\"sameAs\":[\"https:\/\/www.facebook.com\/welovecinema.be\",\"https:\/\/www.youtube.com\/channel\/UCX5LYGVhnKvYauW4Nta4HJA\",\"https:\/\/www.instagram.com\/welovecinema.be\/\"]},{\"@type\":\"Person\",\"@id\":\"https:\/\/welovecinema.be\/nl\/#\/schema\/person\/4b9b1d857f0943453a38a7c2859ef756\",\"name\":\"Philippe.Pierquin\",\"url\":\"https:\/\/welovecinema.be\/fr\/author\/philippe-pierquin\/\"}]}<\/script>\n<!-- \/ Yoast SEO plugin. -->","yoast_head_json":{"title":"Les courts-m\u00e9trages belges en force \u00e0 l\u2019OFF-Courts - We Love Cinema","robots":{"index":"index","follow":"follow","max-snippet":"max-snippet:-1","max-image-preview":"max-image-preview:large","max-video-preview":"max-video-preview:-1"},"canonical":"https:\/\/welovecinema.be\/fr\/les-courts-metrages-belges-en-force-a-loff-courts\/","og_locale":"fr_FR","og_type":"article","og_title":"Les courts-m\u00e9trages belges en force \u00e0 l\u2019OFF-Courts - We Love Cinema","og_description":"Bienvenue \u00e0 Trouville, nich\u00e9e dans le d\u00e9partement du Calvados, \u00e0 l\u2019embouchure de la Touques, en face de Deauville (merci Wikipedia). Trouville, sa plage et son festival de cin\u00e9ma qui se d\u00e9roule presque en m\u00eame temps que celui de son voisin d\u00e9di\u00e9 au cin\u00e9ma am\u00e9ricain (m\u00eame pas peur), et se concentre, durant neuf jours, sur les &hellip;","og_url":"https:\/\/welovecinema.be\/fr\/les-courts-metrages-belges-en-force-a-loff-courts\/","og_site_name":"We Love Cinema","article_publisher":"https:\/\/www.facebook.com\/welovecinema.be","article_published_time":"2013-09-06T09:00:29+00:00","og_image":[{"width":500,"height":226,"url":"https:\/\/welovecinema.be\/wp-content\/uploads\/sites\/2\/2013\/09\/offcourts.jpg","type":"image\/jpeg"}],"author":"Philippe.Pierquin","twitter_card":"summary_large_image","twitter_misc":{"\u00c9crit par":"Philippe.Pierquin","Dur\u00e9e de lecture estim\u00e9e":"4 minutes"},"schema":{"@context":"https:\/\/schema.org","@graph":[{"@type":"Article","@id":"https:\/\/welovecinema.be\/fr\/les-courts-metrages-belges-en-force-a-loff-courts\/#article","isPartOf":{"@id":"https:\/\/welovecinema.be\/fr\/les-courts-metrages-belges-en-force-a-loff-courts\/"},"author":{"name":"Philippe.Pierquin","@id":"https:\/\/welovecinema.be\/nl\/#\/schema\/person\/4b9b1d857f0943453a38a7c2859ef756"},"headline":"Les courts-m\u00e9trages belges en force \u00e0 l\u2019OFF-Courts","datePublished":"2013-09-06T09:00:29+00:00","dateModified":"2013-09-06T09:00:29+00:00","mainEntityOfPage":{"@id":"https:\/\/welovecinema.be\/fr\/les-courts-metrages-belges-en-force-a-loff-courts\/"},"wordCount":856,"publisher":{"@id":"https:\/\/welovecinema.be\/nl\/#organization"},"articleSection":["Evenements","News"],"inLanguage":"fr-FR"},{"@type":"WebPage","@id":"https:\/\/welovecinema.be\/fr\/les-courts-metrages-belges-en-force-a-loff-courts\/","url":"https:\/\/welovecinema.be\/fr\/les-courts-metrages-belges-en-force-a-loff-courts\/","name":"Les courts-m\u00e9trages belges en force \u00e0 l\u2019OFF-Courts - We Love Cinema","isPartOf":{"@id":"https:\/\/welovecinema.be\/nl\/#website"},"datePublished":"2013-09-06T09:00:29+00:00","dateModified":"2013-09-06T09:00:29+00:00","breadcrumb":{"@id":"https:\/\/welovecinema.be\/fr\/les-courts-metrages-belges-en-force-a-loff-courts\/#breadcrumb"},"inLanguage":"fr-FR","potentialAction":[{"@type":"ReadAction","target":["https:\/\/welovecinema.be\/fr\/les-courts-metrages-belges-en-force-a-loff-courts\/"]}]},{"@type":"BreadcrumbList","@id":"https:\/\/welovecinema.be\/fr\/les-courts-metrages-belges-en-force-a-loff-courts\/#breadcrumb","itemListElement":[{"@type":"ListItem","position":1,"name":"Accueil","item":"https:\/\/welovecinema.be\/fr\/"},{"@type":"ListItem","position":2,"name":"Les courts-m\u00e9trages belges en force \u00e0 l\u2019OFF-Courts"}]},{"@type":"WebSite","@id":"https:\/\/welovecinema.be\/nl\/#website","url":"https:\/\/welovecinema.be\/nl\/","name":"We Love Cinema","description":"Toute l\u2019information du cin\u00e9ma en Belgique","publisher":{"@id":"https:\/\/welovecinema.be\/nl\/#organization"},"potentialAction":[{"@type":"SearchAction","target":{"@type":"EntryPoint","urlTemplate":"https:\/\/welovecinema.be\/nl\/?s={search_term_string}"},"query-input":"required name=search_term_string"}],"inLanguage":"fr-FR"},{"@type":"Organization","@id":"https:\/\/welovecinema.be\/nl\/#organization","name":"We Love Cinema","url":"https:\/\/welovecinema.be\/nl\/","logo":{"@type":"ImageObject","inLanguage":"fr-FR","@id":"https:\/\/welovecinema.be\/nl\/#\/schema\/logo\/image\/","url":"https:\/\/welovecinema.be\/wp-content\/uploads\/sites\/2\/2023\/03\/Logo-We-Love-Cinema305x128.jpg","contentUrl":"https:\/\/welovecinema.be\/wp-content\/uploads\/sites\/2\/2023\/03\/Logo-We-Love-Cinema305x128.jpg","width":305,"height":128,"caption":"We Love Cinema"},"image":{"@id":"https:\/\/welovecinema.be\/nl\/#\/schema\/logo\/image\/"},"sameAs":["https:\/\/www.facebook.com\/welovecinema.be","https:\/\/www.youtube.com\/channel\/UCX5LYGVhnKvYauW4Nta4HJA","https:\/\/www.instagram.com\/welovecinema.be\/"]},{"@type":"Person","@id":"https:\/\/welovecinema.be\/nl\/#\/schema\/person\/4b9b1d857f0943453a38a7c2859ef756","name":"Philippe.Pierquin","url":"https:\/\/welovecinema.be\/fr\/author\/philippe-pierquin\/"}]}},"_links":{"self":[{"href":"https:\/\/welovecinema.be\/fr\/wp-json\/wp\/v2\/posts\/44868","targetHints":{"allow":["GET"]}}],"collection":[{"href":"https:\/\/welovecinema.be\/fr\/wp-json\/wp\/v2\/posts"}],"about":[{"href":"https:\/\/welovecinema.be\/fr\/wp-json\/wp\/v2\/types\/post"}],"author":[{"embeddable":true,"href":"https:\/\/welovecinema.be\/fr\/wp-json\/wp\/v2\/users\/7"}],"replies":[{"embeddable":true,"href":"https:\/\/welovecinema.be\/fr\/wp-json\/wp\/v2\/comments?post=44868"}],"version-history":[{"count":0,"href":"https:\/\/welovecinema.be\/fr\/wp-json\/wp\/v2\/posts\/44868\/revisions"}],"wp:featuredmedia":[{"embeddable":true,"href":"https:\/\/welovecinema.be\/fr\/wp-json\/wp\/v2\/media\/44874"}],"wp:attachment":[{"href":"https:\/\/welovecinema.be\/fr\/wp-json\/wp\/v2\/media?parent=44868"}],"wp:term":[{"taxonomy":"category","embeddable":true,"href":"https:\/\/welovecinema.be\/fr\/wp-json\/wp\/v2\/categories?post=44868"},{"taxonomy":"post_tag","embeddable":true,"href":"https:\/\/welovecinema.be\/fr\/wp-json\/wp\/v2\/tags?post=44868"}],"curies":[{"name":"wp","href":"https:\/\/api.w.org\/{rel}","templated":true}]}}