{"id":44805,"date":"2013-09-09T10:50:42","date_gmt":"2013-09-09T08:50:42","guid":{"rendered":"http:\/\/www.cinevox.be\/?p=44805"},"modified":"2013-09-13T11:09:57","modified_gmt":"2013-09-13T09:09:57","slug":"deux-sneak-previews","status":"publish","type":"post","link":"https:\/\/welovecinema.be\/fr\/deux-sneak-previews\/","title":{"rendered":"Deux \u00ab\u00a0sneak-previews\u00a0\u00bb rien que pour vous"},"content":{"rendered":"<p>Une sneak-preview permet \u00e0 un public tri\u00e9 sur le volet d&rsquo;avoir acc\u00e8s \u00e0 un \u00e9v\u00e9nement avant tout le monde. Dans le domaine qui nous int\u00e9resse, il s&rsquo;agit souvent d&rsquo;un film in\u00e9dit. Ce sera le cas pendant les BNP Paribas Fortis Film Days. Cinevox vous invite \u00e0 l&rsquo;avant-premi\u00e8re exceptionnelle et tr\u00e8s intime d&rsquo;un long-m\u00e9trage dont le titre est soigneusement gard\u00e9 secret. Deux fois !<!--more--><\/p>\n<p>&nbsp;<\/p>\n<p>&nbsp;<\/p>\n<p>&nbsp;<\/p>\n<p>&nbsp;<\/p>\n<p>Cette discr\u00e9tion n&rsquo;est pas un caprice : le film est tr\u00e8s attendu et nous voulons r\u00e9server sa vision \u00e0 nos plus fid\u00e8les lecteurs. Plut\u00f4t que de proposer un concours longue distance auquel tout le monde aurait acc\u00e8s, nous avons donc d\u00e9cid\u00e9 de lancer de temps en temps des invitations sur notre page Facebook ou sur le site. Du coup, elles sont r\u00e9serv\u00e9es \u00e0 ceux qui nous sont tr\u00e8s fid\u00e8les et non au premier internaute qui passe. C&rsquo;est \u00e9videmment une fa\u00e7on de vous remercier pour votre soutien qui nous est si pr\u00e9cieux. Indispensable. Ce n&rsquo;est pas un vain mot : nous sommes l\u00e0 pour tenter d&rsquo;assurer le lien entre le cin\u00e9ma belge et un public avide d&rsquo;images. Et ce public c&rsquo;est VOUS.<\/p>\n<p>&nbsp;<\/p>\n<p>Aux \u00c9tats-Unis, le principe de la sneak-preview est tr\u00e8s courant. Les producteurs l&rsquo;utilisent pour proposer des films non encore achev\u00e9s et jauger leur impact sur un public cibl\u00e9. Cette m\u00e9thode est parfois pratiqu\u00e9e en Belgique aupr\u00e8s de professionnels ou (plus rarement) de spectateurs lambda.<\/p>\n<p>&nbsp;<\/p>\n<p>Dans le cas qui nous occupe, le film que nous allons vous projeter est termin\u00e9. Mais cela ne veut pas dire que nous n&rsquo;allons pas vous demander une vraie participation. \u00c0 l&rsquo;issue de la projection qui sera pr\u00e9sent\u00e9e par St\u00e9phanie Coerten (\u00e0 Charleroi) et Philippe Pierquin (Bruxelles), vous devrez remplir un court questionnaire. Vos r\u00e9ponses permettront au distributeur de comprendre ce qui vous a plus particuli\u00e8rement accroch\u00e9. Il pourra ainsi ajuster sa campagne de promotion.<br \/>\nEn partant vierges de tous pr\u00e9jug\u00e9s, vous pourrez \u00e9mettre un jugement particuli\u00e8rement utile.<\/p>\n<p>&nbsp;<\/p>\n<p>Cinevox sera aussi pr\u00e9sent avec une \u00e9quipe vid\u00e9o. Pendant le drink que nous vous offrirons \u00e0 l&rsquo;issue de la projection, nous vous poserons quelques questions. Vos r\u00e9ponses seront compil\u00e9es et pr\u00e9sent\u00e9es dans de petits sujets diffus\u00e9s sur notre site au moment de la sortie du film.<\/p>\n<p>&nbsp;<\/p>\n<p><a href=\"http:\/\/www.cinevox.be\/deux-sneak-previews-rien-que-pour-vous-et-on-vous-offre-des-places\/_vis6207-2\/\" rel=\"attachment wp-att-44810\"><img loading=\"lazy\" decoding=\"async\" class=\"aligncenter size-large wp-image-44810\" alt=\"\" src=\"http:\/\/www.cinevox.be\/wp-content\/uploads\/sites\/2\/2010\/09\/VIS6207-800x577.jpg\" width=\"640\" height=\"461\" srcset=\"https:\/\/welovecinema.be\/wp-content\/uploads\/sites\/2\/2010\/09\/VIS6207-800x577.jpg 800w, https:\/\/welovecinema.be\/wp-content\/uploads\/sites\/2\/2010\/09\/VIS6207-373x270.jpg 373w, https:\/\/welovecinema.be\/wp-content\/uploads\/sites\/2\/2010\/09\/VIS6207.jpg 900w\" sizes=\"auto, (max-width: 640px) 100vw, 640px\" \/><\/a><\/p>\n<p>&nbsp;<\/p>\n<p>&nbsp;<\/p>\n<p>Depuis le d\u00e9but, Cinevox a pris l&rsquo;option de vous donner un maximum d&rsquo;informations sur les films et de vous laisser d\u00e9cider en votre \u00e2me et conscience si vous avez envie de les voir. Ou pas. Ici, nous allons un cran plus loin en vous invitant \u00e0 devenir vous-m\u00eames les prescripteurs qui inciteront les autres spectateurs \u00e0 aller au cin\u00e9ma.<\/p>\n<p>&nbsp;<\/p>\n<p>Car oui, nous parions sur le fait que cette soir\u00e9e vous ravira. Le film que nous vous proposons a d\u00e9j\u00e0 connu une premi\u00e8re mondiale \u00e0 l&rsquo;\u00e9tranger et a multipli\u00e9 salles combles et standing ovations. Nous l&rsquo;avons vu : nous avons souri, ri et pleur\u00e9 (si,si).<\/p>\n<p>\u00c0 notre avis, c&rsquo;est un des grands longs m\u00e9trages belges de ces derni\u00e8res ann\u00e9es. \u00c0 la fois par son th\u00e8me et sa mise en sc\u00e8ne, son interpr\u00e9tation et sa port\u00e9e. Universelle.<\/p>\n<p>Alors? Vous avez envie de nous rejoindre? Soyez donc attentifs \u00e0 ce qui se passe sur le site et la page Facebook de Cinevox.<\/p>\n<p>La premi\u00e8re s\u00e9ance est programm\u00e9e le 18 septembre \u00e0 l&rsquo;UGC De Brouck\u00e8re de Bruxelles et la deuxi\u00e8me le 20 septembre au Cinepointcom &#8211; Charleroi<\/p>\n<p>&nbsp;<\/p>\n<p>&nbsp;<\/p>\n<p>&nbsp;<\/p>\n","protected":false},"excerpt":{"rendered":"<p>Une sneak-preview permet \u00e0 un public tri\u00e9 sur le volet d&rsquo;avoir acc\u00e8s \u00e0 un \u00e9v\u00e9nement avant tout le monde. Dans le domaine qui nous int\u00e9resse, il s&rsquo;agit souvent d&rsquo;un film in\u00e9dit. Ce sera le cas pendant les BNP Paribas Fortis Film Days. Cinevox vous invite \u00e0 l&rsquo;avant-premi\u00e8re exceptionnelle et tr\u00e8s intime d&rsquo;un long-m\u00e9trage dont le &hellip;<\/p>\n","protected":false},"author":7,"featured_media":44807,"comment_status":"closed","ping_status":"closed","sticky":false,"template":"","format":"standard","meta":{"ngg_post_thumbnail":0,"footnotes":""},"categories":[1923,7],"tags":[],"class_list":["post-44805","post","type-post","status-publish","format-standard","has-post-thumbnail","","category-en-bref","category-actualites"],"yoast_head":"<!-- This site is optimized with the Yoast SEO plugin v20.4 - https:\/\/yoast.com\/wordpress\/plugins\/seo\/ -->\n<title>Deux &quot;sneak-previews&quot; rien que pour vous - We Love Cinema<\/title>\n<meta name=\"robots\" content=\"index, follow, max-snippet:-1, max-image-preview:large, max-video-preview:-1\" \/>\n<link rel=\"canonical\" href=\"https:\/\/welovecinema.be\/fr\/deux-sneak-previews\/\" \/>\n<meta property=\"og:locale\" content=\"fr_FR\" \/>\n<meta property=\"og:type\" content=\"article\" \/>\n<meta property=\"og:title\" content=\"Deux &quot;sneak-previews&quot; rien que pour vous - We Love Cinema\" \/>\n<meta property=\"og:description\" content=\"Une sneak-preview permet \u00e0 un public tri\u00e9 sur le volet d&rsquo;avoir acc\u00e8s \u00e0 un \u00e9v\u00e9nement avant tout le monde. Dans le domaine qui nous int\u00e9resse, il s&rsquo;agit souvent d&rsquo;un film in\u00e9dit. Ce sera le cas pendant les BNP Paribas Fortis Film Days. Cinevox vous invite \u00e0 l&rsquo;avant-premi\u00e8re exceptionnelle et tr\u00e8s intime d&rsquo;un long-m\u00e9trage dont le &hellip;\" \/>\n<meta property=\"og:url\" content=\"https:\/\/welovecinema.be\/fr\/deux-sneak-previews\/\" \/>\n<meta property=\"og:site_name\" content=\"We Love Cinema\" \/>\n<meta property=\"article:publisher\" content=\"https:\/\/www.facebook.com\/welovecinema.be\" \/>\n<meta property=\"article:published_time\" content=\"2013-09-09T08:50:42+00:00\" \/>\n<meta property=\"article:modified_time\" content=\"2013-09-13T09:09:57+00:00\" \/>\n<meta property=\"og:image\" content=\"https:\/\/welovecinema.be\/wp-content\/uploads\/sites\/2\/2010\/09\/SP.jpg\" \/>\n\t<meta property=\"og:image:width\" content=\"452\" \/>\n\t<meta property=\"og:image:height\" content=\"302\" \/>\n\t<meta property=\"og:image:type\" content=\"image\/jpeg\" \/>\n<meta name=\"author\" content=\"Philippe.Pierquin\" \/>\n<meta name=\"twitter:card\" content=\"summary_large_image\" \/>\n<meta name=\"twitter:label1\" content=\"\u00c9crit par\" \/>\n\t<meta name=\"twitter:data1\" content=\"Philippe.Pierquin\" \/>\n\t<meta name=\"twitter:label2\" content=\"Dur\u00e9e de lecture estim\u00e9e\" \/>\n\t<meta name=\"twitter:data2\" content=\"3 minutes\" \/>\n<script type=\"application\/ld+json\" class=\"yoast-schema-graph\">{\"@context\":\"https:\/\/schema.org\",\"@graph\":[{\"@type\":\"Article\",\"@id\":\"https:\/\/welovecinema.be\/fr\/deux-sneak-previews\/#article\",\"isPartOf\":{\"@id\":\"https:\/\/welovecinema.be\/fr\/deux-sneak-previews\/\"},\"author\":{\"name\":\"Philippe.Pierquin\",\"@id\":\"https:\/\/welovecinema.be\/nl\/#\/schema\/person\/4b9b1d857f0943453a38a7c2859ef756\"},\"headline\":\"Deux \u00ab\u00a0sneak-previews\u00a0\u00bb rien que pour vous\",\"datePublished\":\"2013-09-09T08:50:42+00:00\",\"dateModified\":\"2013-09-13T09:09:57+00:00\",\"mainEntityOfPage\":{\"@id\":\"https:\/\/welovecinema.be\/fr\/deux-sneak-previews\/\"},\"wordCount\":626,\"publisher\":{\"@id\":\"https:\/\/welovecinema.be\/nl\/#organization\"},\"articleSection\":[\"En bref\",\"News\"],\"inLanguage\":\"fr-FR\"},{\"@type\":\"WebPage\",\"@id\":\"https:\/\/welovecinema.be\/fr\/deux-sneak-previews\/\",\"url\":\"https:\/\/welovecinema.be\/fr\/deux-sneak-previews\/\",\"name\":\"Deux \\\"sneak-previews\\\" rien que pour vous - We Love Cinema\",\"isPartOf\":{\"@id\":\"https:\/\/welovecinema.be\/nl\/#website\"},\"datePublished\":\"2013-09-09T08:50:42+00:00\",\"dateModified\":\"2013-09-13T09:09:57+00:00\",\"breadcrumb\":{\"@id\":\"https:\/\/welovecinema.be\/fr\/deux-sneak-previews\/#breadcrumb\"},\"inLanguage\":\"fr-FR\",\"potentialAction\":[{\"@type\":\"ReadAction\",\"target\":[\"https:\/\/welovecinema.be\/fr\/deux-sneak-previews\/\"]}]},{\"@type\":\"BreadcrumbList\",\"@id\":\"https:\/\/welovecinema.be\/fr\/deux-sneak-previews\/#breadcrumb\",\"itemListElement\":[{\"@type\":\"ListItem\",\"position\":1,\"name\":\"Accueil\",\"item\":\"https:\/\/welovecinema.be\/fr\/\"},{\"@type\":\"ListItem\",\"position\":2,\"name\":\"Deux \u00ab\u00a0sneak-previews\u00a0\u00bb rien que pour vous\"}]},{\"@type\":\"WebSite\",\"@id\":\"https:\/\/welovecinema.be\/nl\/#website\",\"url\":\"https:\/\/welovecinema.be\/nl\/\",\"name\":\"We Love Cinema\",\"description\":\"Toute l\u2019information du cin\u00e9ma en Belgique\",\"publisher\":{\"@id\":\"https:\/\/welovecinema.be\/nl\/#organization\"},\"potentialAction\":[{\"@type\":\"SearchAction\",\"target\":{\"@type\":\"EntryPoint\",\"urlTemplate\":\"https:\/\/welovecinema.be\/nl\/?s={search_term_string}\"},\"query-input\":\"required name=search_term_string\"}],\"inLanguage\":\"fr-FR\"},{\"@type\":\"Organization\",\"@id\":\"https:\/\/welovecinema.be\/nl\/#organization\",\"name\":\"We Love Cinema\",\"url\":\"https:\/\/welovecinema.be\/nl\/\",\"logo\":{\"@type\":\"ImageObject\",\"inLanguage\":\"fr-FR\",\"@id\":\"https:\/\/welovecinema.be\/nl\/#\/schema\/logo\/image\/\",\"url\":\"https:\/\/welovecinema.be\/wp-content\/uploads\/sites\/2\/2023\/03\/Logo-We-Love-Cinema305x128.jpg\",\"contentUrl\":\"https:\/\/welovecinema.be\/wp-content\/uploads\/sites\/2\/2023\/03\/Logo-We-Love-Cinema305x128.jpg\",\"width\":305,\"height\":128,\"caption\":\"We Love Cinema\"},\"image\":{\"@id\":\"https:\/\/welovecinema.be\/nl\/#\/schema\/logo\/image\/\"},\"sameAs\":[\"https:\/\/www.facebook.com\/welovecinema.be\",\"https:\/\/www.youtube.com\/channel\/UCX5LYGVhnKvYauW4Nta4HJA\",\"https:\/\/www.instagram.com\/welovecinema.be\/\"]},{\"@type\":\"Person\",\"@id\":\"https:\/\/welovecinema.be\/nl\/#\/schema\/person\/4b9b1d857f0943453a38a7c2859ef756\",\"name\":\"Philippe.Pierquin\",\"url\":\"https:\/\/welovecinema.be\/fr\/author\/philippe-pierquin\/\"}]}<\/script>\n<!-- \/ Yoast SEO plugin. -->","yoast_head_json":{"title":"Deux \"sneak-previews\" rien que pour vous - We Love Cinema","robots":{"index":"index","follow":"follow","max-snippet":"max-snippet:-1","max-image-preview":"max-image-preview:large","max-video-preview":"max-video-preview:-1"},"canonical":"https:\/\/welovecinema.be\/fr\/deux-sneak-previews\/","og_locale":"fr_FR","og_type":"article","og_title":"Deux \"sneak-previews\" rien que pour vous - We Love Cinema","og_description":"Une sneak-preview permet \u00e0 un public tri\u00e9 sur le volet d&rsquo;avoir acc\u00e8s \u00e0 un \u00e9v\u00e9nement avant tout le monde. Dans le domaine qui nous int\u00e9resse, il s&rsquo;agit souvent d&rsquo;un film in\u00e9dit. Ce sera le cas pendant les BNP Paribas Fortis Film Days. Cinevox vous invite \u00e0 l&rsquo;avant-premi\u00e8re exceptionnelle et tr\u00e8s intime d&rsquo;un long-m\u00e9trage dont le &hellip;","og_url":"https:\/\/welovecinema.be\/fr\/deux-sneak-previews\/","og_site_name":"We Love Cinema","article_publisher":"https:\/\/www.facebook.com\/welovecinema.be","article_published_time":"2013-09-09T08:50:42+00:00","article_modified_time":"2013-09-13T09:09:57+00:00","og_image":[{"width":452,"height":302,"url":"https:\/\/welovecinema.be\/wp-content\/uploads\/sites\/2\/2010\/09\/SP.jpg","type":"image\/jpeg"}],"author":"Philippe.Pierquin","twitter_card":"summary_large_image","twitter_misc":{"\u00c9crit par":"Philippe.Pierquin","Dur\u00e9e de lecture estim\u00e9e":"3 minutes"},"schema":{"@context":"https:\/\/schema.org","@graph":[{"@type":"Article","@id":"https:\/\/welovecinema.be\/fr\/deux-sneak-previews\/#article","isPartOf":{"@id":"https:\/\/welovecinema.be\/fr\/deux-sneak-previews\/"},"author":{"name":"Philippe.Pierquin","@id":"https:\/\/welovecinema.be\/nl\/#\/schema\/person\/4b9b1d857f0943453a38a7c2859ef756"},"headline":"Deux \u00ab\u00a0sneak-previews\u00a0\u00bb rien que pour vous","datePublished":"2013-09-09T08:50:42+00:00","dateModified":"2013-09-13T09:09:57+00:00","mainEntityOfPage":{"@id":"https:\/\/welovecinema.be\/fr\/deux-sneak-previews\/"},"wordCount":626,"publisher":{"@id":"https:\/\/welovecinema.be\/nl\/#organization"},"articleSection":["En bref","News"],"inLanguage":"fr-FR"},{"@type":"WebPage","@id":"https:\/\/welovecinema.be\/fr\/deux-sneak-previews\/","url":"https:\/\/welovecinema.be\/fr\/deux-sneak-previews\/","name":"Deux \"sneak-previews\" rien que pour vous - We Love Cinema","isPartOf":{"@id":"https:\/\/welovecinema.be\/nl\/#website"},"datePublished":"2013-09-09T08:50:42+00:00","dateModified":"2013-09-13T09:09:57+00:00","breadcrumb":{"@id":"https:\/\/welovecinema.be\/fr\/deux-sneak-previews\/#breadcrumb"},"inLanguage":"fr-FR","potentialAction":[{"@type":"ReadAction","target":["https:\/\/welovecinema.be\/fr\/deux-sneak-previews\/"]}]},{"@type":"BreadcrumbList","@id":"https:\/\/welovecinema.be\/fr\/deux-sneak-previews\/#breadcrumb","itemListElement":[{"@type":"ListItem","position":1,"name":"Accueil","item":"https:\/\/welovecinema.be\/fr\/"},{"@type":"ListItem","position":2,"name":"Deux \u00ab\u00a0sneak-previews\u00a0\u00bb rien que pour vous"}]},{"@type":"WebSite","@id":"https:\/\/welovecinema.be\/nl\/#website","url":"https:\/\/welovecinema.be\/nl\/","name":"We Love Cinema","description":"Toute l\u2019information du cin\u00e9ma en Belgique","publisher":{"@id":"https:\/\/welovecinema.be\/nl\/#organization"},"potentialAction":[{"@type":"SearchAction","target":{"@type":"EntryPoint","urlTemplate":"https:\/\/welovecinema.be\/nl\/?s={search_term_string}"},"query-input":"required name=search_term_string"}],"inLanguage":"fr-FR"},{"@type":"Organization","@id":"https:\/\/welovecinema.be\/nl\/#organization","name":"We Love Cinema","url":"https:\/\/welovecinema.be\/nl\/","logo":{"@type":"ImageObject","inLanguage":"fr-FR","@id":"https:\/\/welovecinema.be\/nl\/#\/schema\/logo\/image\/","url":"https:\/\/welovecinema.be\/wp-content\/uploads\/sites\/2\/2023\/03\/Logo-We-Love-Cinema305x128.jpg","contentUrl":"https:\/\/welovecinema.be\/wp-content\/uploads\/sites\/2\/2023\/03\/Logo-We-Love-Cinema305x128.jpg","width":305,"height":128,"caption":"We Love Cinema"},"image":{"@id":"https:\/\/welovecinema.be\/nl\/#\/schema\/logo\/image\/"},"sameAs":["https:\/\/www.facebook.com\/welovecinema.be","https:\/\/www.youtube.com\/channel\/UCX5LYGVhnKvYauW4Nta4HJA","https:\/\/www.instagram.com\/welovecinema.be\/"]},{"@type":"Person","@id":"https:\/\/welovecinema.be\/nl\/#\/schema\/person\/4b9b1d857f0943453a38a7c2859ef756","name":"Philippe.Pierquin","url":"https:\/\/welovecinema.be\/fr\/author\/philippe-pierquin\/"}]}},"_links":{"self":[{"href":"https:\/\/welovecinema.be\/fr\/wp-json\/wp\/v2\/posts\/44805","targetHints":{"allow":["GET"]}}],"collection":[{"href":"https:\/\/welovecinema.be\/fr\/wp-json\/wp\/v2\/posts"}],"about":[{"href":"https:\/\/welovecinema.be\/fr\/wp-json\/wp\/v2\/types\/post"}],"author":[{"embeddable":true,"href":"https:\/\/welovecinema.be\/fr\/wp-json\/wp\/v2\/users\/7"}],"replies":[{"embeddable":true,"href":"https:\/\/welovecinema.be\/fr\/wp-json\/wp\/v2\/comments?post=44805"}],"version-history":[{"count":0,"href":"https:\/\/welovecinema.be\/fr\/wp-json\/wp\/v2\/posts\/44805\/revisions"}],"wp:featuredmedia":[{"embeddable":true,"href":"https:\/\/welovecinema.be\/fr\/wp-json\/wp\/v2\/media\/44807"}],"wp:attachment":[{"href":"https:\/\/welovecinema.be\/fr\/wp-json\/wp\/v2\/media?parent=44805"}],"wp:term":[{"taxonomy":"category","embeddable":true,"href":"https:\/\/welovecinema.be\/fr\/wp-json\/wp\/v2\/categories?post=44805"},{"taxonomy":"post_tag","embeddable":true,"href":"https:\/\/welovecinema.be\/fr\/wp-json\/wp\/v2\/tags?post=44805"}],"curies":[{"name":"wp","href":"https:\/\/api.w.org\/{rel}","templated":true}]}}