{"id":44699,"date":"2013-09-03T11:27:33","date_gmt":"2013-09-03T09:27:33","guid":{"rendered":"http:\/\/www.cinevox.be\/?p=44699"},"modified":"2013-09-03T11:47:47","modified_gmt":"2013-09-03T09:47:47","slug":"verdict-positif-a-montreal-pour-le-cinema-belge","status":"publish","type":"post","link":"https:\/\/welovecinema.be\/fr\/verdict-positif-a-montreal-pour-le-cinema-belge\/","title":{"rendered":"Verdict positif \u00e0 Montr\u00e9al pour le cin\u00e9ma belge"},"content":{"rendered":"<p>Nous avons eu le nez fin hier soir en laissant entendre sur notre page Facebook que <i>Het Vonnis<\/i> pourrait bien se distinguer au Festival des Films du Monde Montr\u00e9al. La vid\u00e9o que nous avons publi\u00e9e (voir <a href=\"http:\/\/www.youtube.com\/watch?v=NhTG_-QqMcA&amp;feature=youtu.be\" target=\"_blank\">ICI<\/a>) \u00e9tait, il est vrai, assez \u00e9loquente.<br \/>\nQuelques heures plus tard (d\u00e9calage horaire oblige), lors de la c\u00e9r\u00e9monie de cl\u00f4ture, 37e du nom, le Jury International a remis le Prix de la meilleure r\u00e9alisation \u00e0\u00a0<b>Jan Verheyen<\/b> pour son nouveau long m\u00e9trage Le Verdict qui y \u00e9tait pr\u00e9sent\u00e9 en premi\u00e8re mondiale.<br \/>\nEncore mieux : dans la Comp\u00e9tition Officielle des Courts M\u00e9trages, le Prix sp\u00e9cial du Jury a \u00e9t\u00e9 attribu\u00e9 \u00e0 <b>Hans Vercauter<\/b> pour son court m\u00e9trage Lait de loup (<i>Wolfsmelk<\/i>).<\/p>\n<p>Apr\u00e8s les triomphes de <i>Ben X, Adem et Hasta La Vista,<\/i> les Belges restent indiscutablement les ma\u00eetres de Montr\u00e9al.<!--more--><\/p>\n<p>&nbsp;<\/p>\n<p>Le Verdict, dont le sc\u00e9nario a \u00e9galement \u00e9t\u00e9 \u00e9crit par Jan Verheyen, traite de justice, de morale et d\u2019\u00e9thique. C\u2019est l\u2019histoire de Luc Segers (Koen De Bouw), un homme qui perd les p\u00e9dales lorsque l\u2019assassin de sa femme est lib\u00e9r\u00e9 suite \u00e0 un vice de proc\u00e9dure. Il veut faire sa propre justice et s\u2019en prend \u00e0 l\u2019\u00e9tat de droit qui l\u2019a abandonn\u00e9. Nous lui avons d\u00e9j\u00e0 consacr\u00e9 un article <a href=\"http:\/\/www.cinevox.be\/het-vonnis-que-justice-soit-faite\/\" target=\"_blank\">ICI.<\/a><\/p>\n<p>&nbsp;<\/p>\n<p><b>Koen De Bouw (<\/b><i>Loft, La M\u00e9moire du tueur<\/i>), <b>Veerle Baetens<\/b> (<i>The Broken Circle Breakdown<\/i>), <b>Johan Leysen<\/b> (<i>The American, Jeune et jolie<\/i>) et <b>Jappe Claes<\/b> (<em>L&rsquo;affaire Alzheimer, Dossier K.<\/em>) y tiennent les r\u00f4les principaux. <i>Le verdict <\/i>est une production de Peter Bouckaert pour Eyeworks. Peter a soutenu le projet de bout en bout, persuad\u00e9 depuis ses pr\u00e9mices de tenir un film qui serait \u00e0 la fois une \u0153uvre forte, intelligente ET populaire. Mission accomplie.<br \/>\nLa direction photographique est sign\u00e9e Frank Van den Eeden et la musique originale est de Steve Willaert. Philip Ravoet a fait le montage. Kinepolis Film Distribution (KFD) sortira le film le 9 octobre dans les salles belges.<\/p>\n<p>&nbsp;<\/p>\n<p><a href=\"http:\/\/www.cinevox.be\/verdict-positif-a-montreal-pour-le-cinema-belge\/1186186_10202018478204243_612278975_n-2\/\" rel=\"attachment wp-att-44700\"><img loading=\"lazy\" decoding=\"async\" class=\"aligncenter size-full wp-image-44700\" alt=\"\" src=\"http:\/\/www.cinevox.be\/wp-content\/uploads\/sites\/2\/2013\/09\/1186186_10202018478204243_612278975_n1.jpg\" width=\"640\" height=\"515\" srcset=\"https:\/\/welovecinema.be\/wp-content\/uploads\/sites\/2\/2013\/09\/1186186_10202018478204243_612278975_n1.jpg 640w, https:\/\/welovecinema.be\/wp-content\/uploads\/sites\/2\/2013\/09\/1186186_10202018478204243_612278975_n1-335x270.jpg 335w\" sizes=\"auto, (max-width: 640px) 100vw, 640px\" \/><\/a><\/p>\n<p>&nbsp;<\/p>\n<p>&nbsp;<\/p>\n<p>&lsquo;C\u2019\u00e9tait une prise de risque que de pr\u00e9senter Le Verdict dans un festival international et en comp\u00e9tition qui plus est,\u2019 commente Jan Verheyen dans une premi\u00e8re r\u00e9action de Montr\u00e9al. \u2018C\u2019est un film pour le public et pas n\u00e9cessairement le genre qui pla\u00eet \u00e0 un jury de festival. Mais ce jury a su regarder le film sans pr\u00e9jug\u00e9s, et s\u2019est laiss\u00e9 emporter, tout comme le public canadien, par l\u2019histoire et le dilemme moral qui est au c\u0153ur du r\u00e9cit. Les critiques dans la presse sp\u00e9cialis\u00e9e sont aussi une belle surprise. Je n\u2019aurais pas pu imaginer un plus beau lancement pour Le Verdict en Belgique.&rsquo;<\/p>\n<p>&nbsp;<\/p>\n<p><a href=\"http:\/\/www.cinevox.be\/verdict-positif-a-montreal-pour-le-cinema-belge\/1742vkoen-de-bouw-acteur-jan-verheyen-realisateur-jappe-claes-acteur-het-vonnis-le-verdict-belgique-sylvainlegare-ffm\/\" rel=\"attachment wp-att-44701\"><img loading=\"lazy\" decoding=\"async\" class=\"aligncenter size-full wp-image-44701\" alt=\"\" src=\"http:\/\/www.cinevox.be\/wp-content\/uploads\/sites\/2\/2013\/09\/1742vkoen-de-bouw-acteur-jan-verheyen-realisateur-jappe-claes-acteur-het-vonnis-le-verdict-belgique-sylvainlegare-ffm.jpg\" width=\"800\" height=\"533\" srcset=\"https:\/\/welovecinema.be\/wp-content\/uploads\/sites\/2\/2013\/09\/1742vkoen-de-bouw-acteur-jan-verheyen-realisateur-jappe-claes-acteur-het-vonnis-le-verdict-belgique-sylvainlegare-ffm.jpg 800w, https:\/\/welovecinema.be\/wp-content\/uploads\/sites\/2\/2013\/09\/1742vkoen-de-bouw-acteur-jan-verheyen-realisateur-jappe-claes-acteur-het-vonnis-le-verdict-belgique-sylvainlegare-ffm-405x270.jpg 405w\" sizes=\"auto, (max-width: 800px) 100vw, 800px\" \/><\/a><\/p>\n<p>&nbsp;<\/p>\n<p>Pour l&rsquo;avoir vu, on peut m\u00eame dire que c&rsquo;\u00e9tait un double risque. Car Le Verdict, film assez bavard qui refuse le sensationnalisme, \u00e9pouse les m\u00e9andres d&rsquo;une proc\u00e9dure et d&rsquo;un proc\u00e8s typiquement belges, loin des rebondissements dont les Am\u00e9ricains sont coutumiers et friands. Le voir triompher \u00e0 Montr\u00e9al prouve son caract\u00e8re universel. Il faut dire que la r\u00e9alisation de Jan Verheyen est somptueuse. Pas \u00e9tonnant que ce soit elle qui ait \u00e9t\u00e9 ici r\u00e9compens\u00e9e.<\/p>\n<p>&nbsp;<\/p>\n<p>L&rsquo;autre prix est donc revenu au court m\u00e9trage <i>Lait de loup (Wolfsmelk),<\/i> \u00e9crit et r\u00e9alis\u00e9 par <b>Hans Vercauter<\/b>, est l&rsquo;histoire d&rsquo;une famille qui se d\u00e9sint\u00e8gre apr\u00e8s un terrible mensonge. <b>Wouter Hendrickx<\/b> (<i>Brasserie Romantique, Oxyg\u00e8ne<\/i>) joue le r\u00f4le de Marcus qui sort de prison et est bien r\u00e9solu \u00e0 se venger de son fr\u00e8re Simon interpr\u00e9t\u00e9 <b>Ben Segers<\/b> (<i>Wat Als?, Code 37<\/i>).<\/p>\n<p>&nbsp;<\/p>\n<p><a href=\"http:\/\/www.cinevox.be\/verdict-positif-a-montreal-pour-le-cinema-belge\/wolfsmelk\/\" rel=\"attachment wp-att-44705\"><img loading=\"lazy\" decoding=\"async\" class=\"aligncenter size-full wp-image-44705\" alt=\"\" src=\"http:\/\/www.cinevox.be\/wp-content\/uploads\/sites\/2\/2013\/09\/wolfsmelk.jpg\" width=\"720\" height=\"280\" srcset=\"https:\/\/welovecinema.be\/wp-content\/uploads\/sites\/2\/2013\/09\/wolfsmelk.jpg 720w, https:\/\/welovecinema.be\/wp-content\/uploads\/sites\/2\/2013\/09\/wolfsmelk-480x186.jpg 480w\" sizes=\"auto, (max-width: 720px) 100vw, 720px\" \/><\/a><\/p>\n<p>&nbsp;<\/p>\n<p>Le Jury International de cette 37e \u00e9dition du Festival des Films du Monde de Montr\u00e9al \u00e9tait compos\u00e9 du r\u00e9alisateur tch\u00e8que Jiri Menzel, de Michael Kutza, le fondateur et directeur artistique du Festival International du Film de Chicago, du r\u00e9alisateur-sc\u00e9nariste-producteur espagnol Pedro Olea, de l\u2019auteur et r\u00e9alisateur chinois Dai Sijie et de l\u2019actrice canadienne Caroline Dhavermas.<\/p>\n<p>&nbsp;<\/p>\n<p>Le Festival des Films du Monde de Montr\u00e9al est l\u2019unique festival d\u2019Am\u00e9rique du Nord pr\u00e9sentant une comp\u00e9tition qui est reconnu par la F\u00e9d\u00e9ration Internationale des Associations de Producteurs de Films (FIAPF). Avec Berlin, Cannes et Venise, Montr\u00e9al fait \u00e9galement partie des 14 festivals de cat\u00e9gorie \u00ab A \u00bb pour les longs m\u00e9trages. Au niveau international, Montr\u00e9al est consid\u00e9r\u00e9 comme une importante plateforme de lancement au croisement des cultures europ\u00e9enne et am\u00e9ricaine.<\/p>\n<p>&nbsp;<\/p>\n<p>Au cours des 10 derni\u00e8res ann\u00e9es, les films belges flamands y ont d\u00e9croch\u00e9 de nombreux prix : <i>Ben X, Oxyg\u00e8ne (Adem) <\/i>et <i>Hasta la Vista<\/i> ont tous gagn\u00e9 le Grand Prix des Am\u00e9riques, <i>Sur le chemin des dunes (Noordzee, Texas)<\/i> de <b>Bavo Defurne<\/b> a remport\u00e9 le Zenith d&rsquo;Argent, Jan Decleir, Filip Peeters et <b>Johan Leysen<\/b> ont re\u00e7u des prix d\u2019interpr\u00e9tation, et le court m\u00e9trage<i> FAL<\/i> <b>de Hans Van Nuffel<\/b> a remport\u00e9 le grand prix. Pour ces films, les projections au festival de Montr\u00e9al ont eu un r\u00e9el impact sur les ventes internationales. Par exemple, <i>Ben X<\/i> s\u2019est vendu dans plus de 45 pays, <i>Hasta la vista<\/i> dans plus de 30 et Sur le chemin des dunes dans une quinzaine de territoires.<\/p>\n","protected":false},"excerpt":{"rendered":"<p>Nous avons eu le nez fin hier soir en laissant entendre sur notre page Facebook que Het Vonnis pourrait bien se distinguer au Festival des Films du Monde Montr\u00e9al. La vid\u00e9o que nous avons publi\u00e9e (voir ICI) \u00e9tait, il est vrai, assez \u00e9loquente. Quelques heures plus tard (d\u00e9calage horaire oblige), lors de la c\u00e9r\u00e9monie de &hellip;<\/p>\n","protected":false},"author":7,"featured_media":44703,"comment_status":"closed","ping_status":"closed","sticky":false,"template":"","format":"standard","meta":{"ngg_post_thumbnail":0,"footnotes":""},"categories":[12,7],"tags":[],"class_list":["post-44699","post","type-post","status-publish","format-standard","has-post-thumbnail","","category-awards","category-actualites"],"yoast_head":"<!-- This site is optimized with the Yoast SEO plugin v20.4 - https:\/\/yoast.com\/wordpress\/plugins\/seo\/ -->\n<title>Verdict positif \u00e0 Montr\u00e9al pour le cin\u00e9ma belge - We Love Cinema<\/title>\n<meta name=\"robots\" content=\"index, follow, max-snippet:-1, max-image-preview:large, max-video-preview:-1\" \/>\n<link rel=\"canonical\" href=\"https:\/\/welovecinema.be\/fr\/verdict-positif-a-montreal-pour-le-cinema-belge\/\" \/>\n<meta property=\"og:locale\" content=\"fr_FR\" \/>\n<meta property=\"og:type\" content=\"article\" \/>\n<meta property=\"og:title\" content=\"Verdict positif \u00e0 Montr\u00e9al pour le cin\u00e9ma belge - We Love Cinema\" \/>\n<meta property=\"og:description\" content=\"Nous avons eu le nez fin hier soir en laissant entendre sur notre page Facebook que Het Vonnis pourrait bien se distinguer au Festival des Films du Monde Montr\u00e9al. La vid\u00e9o que nous avons publi\u00e9e (voir ICI) \u00e9tait, il est vrai, assez \u00e9loquente. Quelques heures plus tard (d\u00e9calage horaire oblige), lors de la c\u00e9r\u00e9monie de &hellip;\" \/>\n<meta property=\"og:url\" content=\"https:\/\/welovecinema.be\/fr\/verdict-positif-a-montreal-pour-le-cinema-belge\/\" \/>\n<meta property=\"og:site_name\" content=\"We Love Cinema\" \/>\n<meta property=\"article:publisher\" content=\"https:\/\/www.facebook.com\/welovecinema.be\" \/>\n<meta property=\"article:published_time\" content=\"2013-09-03T09:27:33+00:00\" \/>\n<meta property=\"article:modified_time\" content=\"2013-09-03T09:47:47+00:00\" \/>\n<meta property=\"og:image\" content=\"https:\/\/welovecinema.be\/wp-content\/uploads\/sites\/2\/2013\/09\/1737vkoen-de-bouw-acteur-jan-verheyen-realisateur-jappe-claes-acteur-het-vonnis-le-verdict-belgique-sylvainlegare-ffm.jpg\" \/>\n\t<meta property=\"og:image:width\" content=\"800\" \/>\n\t<meta property=\"og:image:height\" content=\"533\" \/>\n\t<meta property=\"og:image:type\" content=\"image\/jpeg\" \/>\n<meta name=\"author\" content=\"Philippe.Pierquin\" \/>\n<meta name=\"twitter:card\" content=\"summary_large_image\" \/>\n<meta name=\"twitter:label1\" content=\"\u00c9crit par\" \/>\n\t<meta name=\"twitter:data1\" content=\"Philippe.Pierquin\" \/>\n\t<meta name=\"twitter:label2\" content=\"Dur\u00e9e de lecture estim\u00e9e\" \/>\n\t<meta name=\"twitter:data2\" content=\"5 minutes\" \/>\n<script type=\"application\/ld+json\" class=\"yoast-schema-graph\">{\"@context\":\"https:\/\/schema.org\",\"@graph\":[{\"@type\":\"Article\",\"@id\":\"https:\/\/welovecinema.be\/fr\/verdict-positif-a-montreal-pour-le-cinema-belge\/#article\",\"isPartOf\":{\"@id\":\"https:\/\/welovecinema.be\/fr\/verdict-positif-a-montreal-pour-le-cinema-belge\/\"},\"author\":{\"name\":\"Philippe.Pierquin\",\"@id\":\"https:\/\/welovecinema.be\/nl\/#\/schema\/person\/4b9b1d857f0943453a38a7c2859ef756\"},\"headline\":\"Verdict positif \u00e0 Montr\u00e9al pour le cin\u00e9ma belge\",\"datePublished\":\"2013-09-03T09:27:33+00:00\",\"dateModified\":\"2013-09-03T09:47:47+00:00\",\"mainEntityOfPage\":{\"@id\":\"https:\/\/welovecinema.be\/fr\/verdict-positif-a-montreal-pour-le-cinema-belge\/\"},\"wordCount\":918,\"publisher\":{\"@id\":\"https:\/\/welovecinema.be\/nl\/#organization\"},\"articleSection\":[\"Evenements\",\"News\"],\"inLanguage\":\"fr-FR\"},{\"@type\":\"WebPage\",\"@id\":\"https:\/\/welovecinema.be\/fr\/verdict-positif-a-montreal-pour-le-cinema-belge\/\",\"url\":\"https:\/\/welovecinema.be\/fr\/verdict-positif-a-montreal-pour-le-cinema-belge\/\",\"name\":\"Verdict positif \u00e0 Montr\u00e9al pour le cin\u00e9ma belge - We Love Cinema\",\"isPartOf\":{\"@id\":\"https:\/\/welovecinema.be\/nl\/#website\"},\"datePublished\":\"2013-09-03T09:27:33+00:00\",\"dateModified\":\"2013-09-03T09:47:47+00:00\",\"breadcrumb\":{\"@id\":\"https:\/\/welovecinema.be\/fr\/verdict-positif-a-montreal-pour-le-cinema-belge\/#breadcrumb\"},\"inLanguage\":\"fr-FR\",\"potentialAction\":[{\"@type\":\"ReadAction\",\"target\":[\"https:\/\/welovecinema.be\/fr\/verdict-positif-a-montreal-pour-le-cinema-belge\/\"]}]},{\"@type\":\"BreadcrumbList\",\"@id\":\"https:\/\/welovecinema.be\/fr\/verdict-positif-a-montreal-pour-le-cinema-belge\/#breadcrumb\",\"itemListElement\":[{\"@type\":\"ListItem\",\"position\":1,\"name\":\"Accueil\",\"item\":\"https:\/\/welovecinema.be\/fr\/\"},{\"@type\":\"ListItem\",\"position\":2,\"name\":\"Verdict positif \u00e0 Montr\u00e9al pour le cin\u00e9ma belge\"}]},{\"@type\":\"WebSite\",\"@id\":\"https:\/\/welovecinema.be\/nl\/#website\",\"url\":\"https:\/\/welovecinema.be\/nl\/\",\"name\":\"We Love Cinema\",\"description\":\"Toute l\u2019information du cin\u00e9ma en Belgique\",\"publisher\":{\"@id\":\"https:\/\/welovecinema.be\/nl\/#organization\"},\"potentialAction\":[{\"@type\":\"SearchAction\",\"target\":{\"@type\":\"EntryPoint\",\"urlTemplate\":\"https:\/\/welovecinema.be\/nl\/?s={search_term_string}\"},\"query-input\":\"required name=search_term_string\"}],\"inLanguage\":\"fr-FR\"},{\"@type\":\"Organization\",\"@id\":\"https:\/\/welovecinema.be\/nl\/#organization\",\"name\":\"We Love Cinema\",\"url\":\"https:\/\/welovecinema.be\/nl\/\",\"logo\":{\"@type\":\"ImageObject\",\"inLanguage\":\"fr-FR\",\"@id\":\"https:\/\/welovecinema.be\/nl\/#\/schema\/logo\/image\/\",\"url\":\"https:\/\/welovecinema.be\/wp-content\/uploads\/sites\/2\/2023\/03\/Logo-We-Love-Cinema305x128.jpg\",\"contentUrl\":\"https:\/\/welovecinema.be\/wp-content\/uploads\/sites\/2\/2023\/03\/Logo-We-Love-Cinema305x128.jpg\",\"width\":305,\"height\":128,\"caption\":\"We Love Cinema\"},\"image\":{\"@id\":\"https:\/\/welovecinema.be\/nl\/#\/schema\/logo\/image\/\"},\"sameAs\":[\"https:\/\/www.facebook.com\/welovecinema.be\",\"https:\/\/www.youtube.com\/channel\/UCX5LYGVhnKvYauW4Nta4HJA\",\"https:\/\/www.instagram.com\/welovecinema.be\/\"]},{\"@type\":\"Person\",\"@id\":\"https:\/\/welovecinema.be\/nl\/#\/schema\/person\/4b9b1d857f0943453a38a7c2859ef756\",\"name\":\"Philippe.Pierquin\",\"url\":\"https:\/\/welovecinema.be\/fr\/author\/philippe-pierquin\/\"}]}<\/script>\n<!-- \/ Yoast SEO plugin. -->","yoast_head_json":{"title":"Verdict positif \u00e0 Montr\u00e9al pour le cin\u00e9ma belge - We Love Cinema","robots":{"index":"index","follow":"follow","max-snippet":"max-snippet:-1","max-image-preview":"max-image-preview:large","max-video-preview":"max-video-preview:-1"},"canonical":"https:\/\/welovecinema.be\/fr\/verdict-positif-a-montreal-pour-le-cinema-belge\/","og_locale":"fr_FR","og_type":"article","og_title":"Verdict positif \u00e0 Montr\u00e9al pour le cin\u00e9ma belge - We Love Cinema","og_description":"Nous avons eu le nez fin hier soir en laissant entendre sur notre page Facebook que Het Vonnis pourrait bien se distinguer au Festival des Films du Monde Montr\u00e9al. La vid\u00e9o que nous avons publi\u00e9e (voir ICI) \u00e9tait, il est vrai, assez \u00e9loquente. Quelques heures plus tard (d\u00e9calage horaire oblige), lors de la c\u00e9r\u00e9monie de &hellip;","og_url":"https:\/\/welovecinema.be\/fr\/verdict-positif-a-montreal-pour-le-cinema-belge\/","og_site_name":"We Love Cinema","article_publisher":"https:\/\/www.facebook.com\/welovecinema.be","article_published_time":"2013-09-03T09:27:33+00:00","article_modified_time":"2013-09-03T09:47:47+00:00","og_image":[{"width":800,"height":533,"url":"https:\/\/welovecinema.be\/wp-content\/uploads\/sites\/2\/2013\/09\/1737vkoen-de-bouw-acteur-jan-verheyen-realisateur-jappe-claes-acteur-het-vonnis-le-verdict-belgique-sylvainlegare-ffm.jpg","type":"image\/jpeg"}],"author":"Philippe.Pierquin","twitter_card":"summary_large_image","twitter_misc":{"\u00c9crit par":"Philippe.Pierquin","Dur\u00e9e de lecture estim\u00e9e":"5 minutes"},"schema":{"@context":"https:\/\/schema.org","@graph":[{"@type":"Article","@id":"https:\/\/welovecinema.be\/fr\/verdict-positif-a-montreal-pour-le-cinema-belge\/#article","isPartOf":{"@id":"https:\/\/welovecinema.be\/fr\/verdict-positif-a-montreal-pour-le-cinema-belge\/"},"author":{"name":"Philippe.Pierquin","@id":"https:\/\/welovecinema.be\/nl\/#\/schema\/person\/4b9b1d857f0943453a38a7c2859ef756"},"headline":"Verdict positif \u00e0 Montr\u00e9al pour le cin\u00e9ma belge","datePublished":"2013-09-03T09:27:33+00:00","dateModified":"2013-09-03T09:47:47+00:00","mainEntityOfPage":{"@id":"https:\/\/welovecinema.be\/fr\/verdict-positif-a-montreal-pour-le-cinema-belge\/"},"wordCount":918,"publisher":{"@id":"https:\/\/welovecinema.be\/nl\/#organization"},"articleSection":["Evenements","News"],"inLanguage":"fr-FR"},{"@type":"WebPage","@id":"https:\/\/welovecinema.be\/fr\/verdict-positif-a-montreal-pour-le-cinema-belge\/","url":"https:\/\/welovecinema.be\/fr\/verdict-positif-a-montreal-pour-le-cinema-belge\/","name":"Verdict positif \u00e0 Montr\u00e9al pour le cin\u00e9ma belge - We Love Cinema","isPartOf":{"@id":"https:\/\/welovecinema.be\/nl\/#website"},"datePublished":"2013-09-03T09:27:33+00:00","dateModified":"2013-09-03T09:47:47+00:00","breadcrumb":{"@id":"https:\/\/welovecinema.be\/fr\/verdict-positif-a-montreal-pour-le-cinema-belge\/#breadcrumb"},"inLanguage":"fr-FR","potentialAction":[{"@type":"ReadAction","target":["https:\/\/welovecinema.be\/fr\/verdict-positif-a-montreal-pour-le-cinema-belge\/"]}]},{"@type":"BreadcrumbList","@id":"https:\/\/welovecinema.be\/fr\/verdict-positif-a-montreal-pour-le-cinema-belge\/#breadcrumb","itemListElement":[{"@type":"ListItem","position":1,"name":"Accueil","item":"https:\/\/welovecinema.be\/fr\/"},{"@type":"ListItem","position":2,"name":"Verdict positif \u00e0 Montr\u00e9al pour le cin\u00e9ma belge"}]},{"@type":"WebSite","@id":"https:\/\/welovecinema.be\/nl\/#website","url":"https:\/\/welovecinema.be\/nl\/","name":"We Love Cinema","description":"Toute l\u2019information du cin\u00e9ma en Belgique","publisher":{"@id":"https:\/\/welovecinema.be\/nl\/#organization"},"potentialAction":[{"@type":"SearchAction","target":{"@type":"EntryPoint","urlTemplate":"https:\/\/welovecinema.be\/nl\/?s={search_term_string}"},"query-input":"required name=search_term_string"}],"inLanguage":"fr-FR"},{"@type":"Organization","@id":"https:\/\/welovecinema.be\/nl\/#organization","name":"We Love Cinema","url":"https:\/\/welovecinema.be\/nl\/","logo":{"@type":"ImageObject","inLanguage":"fr-FR","@id":"https:\/\/welovecinema.be\/nl\/#\/schema\/logo\/image\/","url":"https:\/\/welovecinema.be\/wp-content\/uploads\/sites\/2\/2023\/03\/Logo-We-Love-Cinema305x128.jpg","contentUrl":"https:\/\/welovecinema.be\/wp-content\/uploads\/sites\/2\/2023\/03\/Logo-We-Love-Cinema305x128.jpg","width":305,"height":128,"caption":"We Love Cinema"},"image":{"@id":"https:\/\/welovecinema.be\/nl\/#\/schema\/logo\/image\/"},"sameAs":["https:\/\/www.facebook.com\/welovecinema.be","https:\/\/www.youtube.com\/channel\/UCX5LYGVhnKvYauW4Nta4HJA","https:\/\/www.instagram.com\/welovecinema.be\/"]},{"@type":"Person","@id":"https:\/\/welovecinema.be\/nl\/#\/schema\/person\/4b9b1d857f0943453a38a7c2859ef756","name":"Philippe.Pierquin","url":"https:\/\/welovecinema.be\/fr\/author\/philippe-pierquin\/"}]}},"_links":{"self":[{"href":"https:\/\/welovecinema.be\/fr\/wp-json\/wp\/v2\/posts\/44699","targetHints":{"allow":["GET"]}}],"collection":[{"href":"https:\/\/welovecinema.be\/fr\/wp-json\/wp\/v2\/posts"}],"about":[{"href":"https:\/\/welovecinema.be\/fr\/wp-json\/wp\/v2\/types\/post"}],"author":[{"embeddable":true,"href":"https:\/\/welovecinema.be\/fr\/wp-json\/wp\/v2\/users\/7"}],"replies":[{"embeddable":true,"href":"https:\/\/welovecinema.be\/fr\/wp-json\/wp\/v2\/comments?post=44699"}],"version-history":[{"count":0,"href":"https:\/\/welovecinema.be\/fr\/wp-json\/wp\/v2\/posts\/44699\/revisions"}],"wp:featuredmedia":[{"embeddable":true,"href":"https:\/\/welovecinema.be\/fr\/wp-json\/wp\/v2\/media\/44703"}],"wp:attachment":[{"href":"https:\/\/welovecinema.be\/fr\/wp-json\/wp\/v2\/media?parent=44699"}],"wp:term":[{"taxonomy":"category","embeddable":true,"href":"https:\/\/welovecinema.be\/fr\/wp-json\/wp\/v2\/categories?post=44699"},{"taxonomy":"post_tag","embeddable":true,"href":"https:\/\/welovecinema.be\/fr\/wp-json\/wp\/v2\/tags?post=44699"}],"curies":[{"name":"wp","href":"https:\/\/api.w.org\/{rel}","templated":true}]}}