{"id":43732,"date":"2013-07-26T17:31:31","date_gmt":"2013-07-26T15:31:31","guid":{"rendered":"http:\/\/www.cinevox.be\/?p=43732"},"modified":"2013-07-26T17:31:31","modified_gmt":"2013-07-26T15:31:31","slug":"mehdi-dehbi-dans-une-serie-americaine","status":"publish","type":"post","link":"https:\/\/welovecinema.be\/fr\/mehdi-dehbi-dans-une-serie-americaine\/","title":{"rendered":"Mehdi Dehbi dans une s\u00e9rie am\u00e9ricaine"},"content":{"rendered":"<p>Selon Deadline, le producteur Howard Gordon a recrut\u00e9 l&rsquo;acteur li\u00e9geois Mehdi Dehbi pour tourner le pilote de Tyrant qui sera diffus\u00e9 sur la cha\u00eene am\u00e9ricaine FX.<br \/>\nPour m\u00e9moire Howard Gordon a boss\u00e9 sur des s\u00e9ries comme 24h Chrono et Homeland<\/p>\n<p>Tyrant suivra les d\u00e9boires d&rsquo;une famille am\u00e9ricaine modeste, Barry, Molly et leurs enfants, qui tentent de vivre une existence d\u00e9cente dans le d\u00e9sordre d&rsquo;un pays du Moyen Orient.<\/p>\n<p>Mehdi Dehbi jouera Abdul, un jeune homme engag\u00e9 par Barry pour sortir Sammy, son fils, du p\u00e9trin dans lequel il s&rsquo;est fourr\u00e9. <\/p>\n<p>Nous avons d\u00e9j\u00e0 consacr\u00e9 un portrait \u00e0 Mehdi lors de la sortie du Sac de Farine. Du flair? Pas vraiment. Il suffit de croiser la route de ce jeune com\u00e9dien pour se rendre compte qu&rsquo;il deviendra in\u00e9luctablement une star. Prestance, charisme, intelligence, d\u00e9termination: ce jeune acteur li\u00e9geois polyglotte ne manque de rien,<\/p>\n<p>Framboise sur le g\u00e2teau, c&rsquo;est le r\u00e9alisateur David Yates (Harry Potter) qui r\u00e9alisera ce pilote ce pilote au Maroc.<\/p>\n","protected":false},"excerpt":{"rendered":"<p>Selon Deadline, le producteur Howard Gordon a recrut\u00e9 l&rsquo;acteur li\u00e9geois Mehdi Dehbi pour tourner le pilote de Tyrant qui sera diffus\u00e9 sur la cha\u00eene am\u00e9ricaine FX. Pour m\u00e9moire Howard Gordon a boss\u00e9 sur des s\u00e9ries comme 24h Chrono et Homeland Tyrant suivra les d\u00e9boires d&rsquo;une famille am\u00e9ricaine modeste, Barry, Molly et leurs enfants, qui tentent &hellip;<\/p>\n","protected":false},"author":7,"featured_media":43734,"comment_status":"closed","ping_status":"closed","sticky":false,"template":"","format":"standard","meta":{"ngg_post_thumbnail":0,"footnotes":""},"categories":[1923],"tags":[],"class_list":["post-43732","post","type-post","status-publish","format-standard","has-post-thumbnail","","category-en-bref"],"yoast_head":"<!-- This site is optimized with the Yoast SEO plugin v20.4 - https:\/\/yoast.com\/wordpress\/plugins\/seo\/ -->\n<title>Mehdi Dehbi dans une s\u00e9rie am\u00e9ricaine - We Love Cinema<\/title>\n<meta name=\"robots\" content=\"index, follow, max-snippet:-1, max-image-preview:large, max-video-preview:-1\" \/>\n<link rel=\"canonical\" href=\"https:\/\/welovecinema.be\/fr\/mehdi-dehbi-dans-une-serie-americaine\/\" \/>\n<meta property=\"og:locale\" content=\"fr_FR\" \/>\n<meta property=\"og:type\" content=\"article\" \/>\n<meta property=\"og:title\" content=\"Mehdi Dehbi dans une s\u00e9rie am\u00e9ricaine - We Love Cinema\" \/>\n<meta property=\"og:description\" content=\"Selon Deadline, le producteur Howard Gordon a recrut\u00e9 l&rsquo;acteur li\u00e9geois Mehdi Dehbi pour tourner le pilote de Tyrant qui sera diffus\u00e9 sur la cha\u00eene am\u00e9ricaine FX. Pour m\u00e9moire Howard Gordon a boss\u00e9 sur des s\u00e9ries comme 24h Chrono et Homeland Tyrant suivra les d\u00e9boires d&rsquo;une famille am\u00e9ricaine modeste, Barry, Molly et leurs enfants, qui tentent &hellip;\" \/>\n<meta property=\"og:url\" content=\"https:\/\/welovecinema.be\/fr\/mehdi-dehbi-dans-une-serie-americaine\/\" \/>\n<meta property=\"og:site_name\" content=\"We Love Cinema\" \/>\n<meta property=\"article:publisher\" content=\"https:\/\/www.facebook.com\/welovecinema.be\" \/>\n<meta property=\"article:published_time\" content=\"2013-07-26T15:31:31+00:00\" \/>\n<meta property=\"og:image\" content=\"https:\/\/welovecinema.be\/wp-content\/uploads\/sites\/2\/2013\/07\/image16.jpg\" \/>\n\t<meta property=\"og:image:width\" content=\"300\" \/>\n\t<meta property=\"og:image:height\" content=\"169\" \/>\n\t<meta property=\"og:image:type\" content=\"image\/jpeg\" \/>\n<meta name=\"author\" content=\"Philippe.Pierquin\" \/>\n<meta name=\"twitter:card\" content=\"summary_large_image\" \/>\n<meta name=\"twitter:label1\" content=\"\u00c9crit par\" \/>\n\t<meta name=\"twitter:data1\" content=\"Philippe.Pierquin\" \/>\n\t<meta name=\"twitter:label2\" content=\"Dur\u00e9e de lecture estim\u00e9e\" \/>\n\t<meta name=\"twitter:data2\" content=\"1 minute\" \/>\n<script type=\"application\/ld+json\" class=\"yoast-schema-graph\">{\"@context\":\"https:\/\/schema.org\",\"@graph\":[{\"@type\":\"Article\",\"@id\":\"https:\/\/welovecinema.be\/fr\/mehdi-dehbi-dans-une-serie-americaine\/#article\",\"isPartOf\":{\"@id\":\"https:\/\/welovecinema.be\/fr\/mehdi-dehbi-dans-une-serie-americaine\/\"},\"author\":{\"name\":\"Philippe.Pierquin\",\"@id\":\"https:\/\/welovecinema.be\/nl\/#\/schema\/person\/4b9b1d857f0943453a38a7c2859ef756\"},\"headline\":\"Mehdi Dehbi dans une s\u00e9rie am\u00e9ricaine\",\"datePublished\":\"2013-07-26T15:31:31+00:00\",\"dateModified\":\"2013-07-26T15:31:31+00:00\",\"mainEntityOfPage\":{\"@id\":\"https:\/\/welovecinema.be\/fr\/mehdi-dehbi-dans-une-serie-americaine\/\"},\"wordCount\":192,\"publisher\":{\"@id\":\"https:\/\/welovecinema.be\/nl\/#organization\"},\"articleSection\":[\"En bref\"],\"inLanguage\":\"fr-FR\"},{\"@type\":\"WebPage\",\"@id\":\"https:\/\/welovecinema.be\/fr\/mehdi-dehbi-dans-une-serie-americaine\/\",\"url\":\"https:\/\/welovecinema.be\/fr\/mehdi-dehbi-dans-une-serie-americaine\/\",\"name\":\"Mehdi Dehbi dans une s\u00e9rie am\u00e9ricaine - We Love Cinema\",\"isPartOf\":{\"@id\":\"https:\/\/welovecinema.be\/nl\/#website\"},\"datePublished\":\"2013-07-26T15:31:31+00:00\",\"dateModified\":\"2013-07-26T15:31:31+00:00\",\"breadcrumb\":{\"@id\":\"https:\/\/welovecinema.be\/fr\/mehdi-dehbi-dans-une-serie-americaine\/#breadcrumb\"},\"inLanguage\":\"fr-FR\",\"potentialAction\":[{\"@type\":\"ReadAction\",\"target\":[\"https:\/\/welovecinema.be\/fr\/mehdi-dehbi-dans-une-serie-americaine\/\"]}]},{\"@type\":\"BreadcrumbList\",\"@id\":\"https:\/\/welovecinema.be\/fr\/mehdi-dehbi-dans-une-serie-americaine\/#breadcrumb\",\"itemListElement\":[{\"@type\":\"ListItem\",\"position\":1,\"name\":\"Accueil\",\"item\":\"https:\/\/welovecinema.be\/fr\/\"},{\"@type\":\"ListItem\",\"position\":2,\"name\":\"Mehdi Dehbi dans une s\u00e9rie am\u00e9ricaine\"}]},{\"@type\":\"WebSite\",\"@id\":\"https:\/\/welovecinema.be\/nl\/#website\",\"url\":\"https:\/\/welovecinema.be\/nl\/\",\"name\":\"We Love Cinema\",\"description\":\"Toute l\u2019information du cin\u00e9ma en Belgique\",\"publisher\":{\"@id\":\"https:\/\/welovecinema.be\/nl\/#organization\"},\"potentialAction\":[{\"@type\":\"SearchAction\",\"target\":{\"@type\":\"EntryPoint\",\"urlTemplate\":\"https:\/\/welovecinema.be\/nl\/?s={search_term_string}\"},\"query-input\":\"required name=search_term_string\"}],\"inLanguage\":\"fr-FR\"},{\"@type\":\"Organization\",\"@id\":\"https:\/\/welovecinema.be\/nl\/#organization\",\"name\":\"We Love Cinema\",\"url\":\"https:\/\/welovecinema.be\/nl\/\",\"logo\":{\"@type\":\"ImageObject\",\"inLanguage\":\"fr-FR\",\"@id\":\"https:\/\/welovecinema.be\/nl\/#\/schema\/logo\/image\/\",\"url\":\"https:\/\/welovecinema.be\/wp-content\/uploads\/sites\/2\/2023\/03\/Logo-We-Love-Cinema305x128.jpg\",\"contentUrl\":\"https:\/\/welovecinema.be\/wp-content\/uploads\/sites\/2\/2023\/03\/Logo-We-Love-Cinema305x128.jpg\",\"width\":305,\"height\":128,\"caption\":\"We Love Cinema\"},\"image\":{\"@id\":\"https:\/\/welovecinema.be\/nl\/#\/schema\/logo\/image\/\"},\"sameAs\":[\"https:\/\/www.facebook.com\/welovecinema.be\",\"https:\/\/www.youtube.com\/channel\/UCX5LYGVhnKvYauW4Nta4HJA\",\"https:\/\/www.instagram.com\/welovecinema.be\/\"]},{\"@type\":\"Person\",\"@id\":\"https:\/\/welovecinema.be\/nl\/#\/schema\/person\/4b9b1d857f0943453a38a7c2859ef756\",\"name\":\"Philippe.Pierquin\",\"url\":\"https:\/\/welovecinema.be\/fr\/author\/philippe-pierquin\/\"}]}<\/script>\n<!-- \/ Yoast SEO plugin. -->","yoast_head_json":{"title":"Mehdi Dehbi dans une s\u00e9rie am\u00e9ricaine - We Love Cinema","robots":{"index":"index","follow":"follow","max-snippet":"max-snippet:-1","max-image-preview":"max-image-preview:large","max-video-preview":"max-video-preview:-1"},"canonical":"https:\/\/welovecinema.be\/fr\/mehdi-dehbi-dans-une-serie-americaine\/","og_locale":"fr_FR","og_type":"article","og_title":"Mehdi Dehbi dans une s\u00e9rie am\u00e9ricaine - We Love Cinema","og_description":"Selon Deadline, le producteur Howard Gordon a recrut\u00e9 l&rsquo;acteur li\u00e9geois Mehdi Dehbi pour tourner le pilote de Tyrant qui sera diffus\u00e9 sur la cha\u00eene am\u00e9ricaine FX. Pour m\u00e9moire Howard Gordon a boss\u00e9 sur des s\u00e9ries comme 24h Chrono et Homeland Tyrant suivra les d\u00e9boires d&rsquo;une famille am\u00e9ricaine modeste, Barry, Molly et leurs enfants, qui tentent &hellip;","og_url":"https:\/\/welovecinema.be\/fr\/mehdi-dehbi-dans-une-serie-americaine\/","og_site_name":"We Love Cinema","article_publisher":"https:\/\/www.facebook.com\/welovecinema.be","article_published_time":"2013-07-26T15:31:31+00:00","og_image":[{"width":300,"height":169,"url":"https:\/\/welovecinema.be\/wp-content\/uploads\/sites\/2\/2013\/07\/image16.jpg","type":"image\/jpeg"}],"author":"Philippe.Pierquin","twitter_card":"summary_large_image","twitter_misc":{"\u00c9crit par":"Philippe.Pierquin","Dur\u00e9e de lecture estim\u00e9e":"1 minute"},"schema":{"@context":"https:\/\/schema.org","@graph":[{"@type":"Article","@id":"https:\/\/welovecinema.be\/fr\/mehdi-dehbi-dans-une-serie-americaine\/#article","isPartOf":{"@id":"https:\/\/welovecinema.be\/fr\/mehdi-dehbi-dans-une-serie-americaine\/"},"author":{"name":"Philippe.Pierquin","@id":"https:\/\/welovecinema.be\/nl\/#\/schema\/person\/4b9b1d857f0943453a38a7c2859ef756"},"headline":"Mehdi Dehbi dans une s\u00e9rie am\u00e9ricaine","datePublished":"2013-07-26T15:31:31+00:00","dateModified":"2013-07-26T15:31:31+00:00","mainEntityOfPage":{"@id":"https:\/\/welovecinema.be\/fr\/mehdi-dehbi-dans-une-serie-americaine\/"},"wordCount":192,"publisher":{"@id":"https:\/\/welovecinema.be\/nl\/#organization"},"articleSection":["En bref"],"inLanguage":"fr-FR"},{"@type":"WebPage","@id":"https:\/\/welovecinema.be\/fr\/mehdi-dehbi-dans-une-serie-americaine\/","url":"https:\/\/welovecinema.be\/fr\/mehdi-dehbi-dans-une-serie-americaine\/","name":"Mehdi Dehbi dans une s\u00e9rie am\u00e9ricaine - We Love Cinema","isPartOf":{"@id":"https:\/\/welovecinema.be\/nl\/#website"},"datePublished":"2013-07-26T15:31:31+00:00","dateModified":"2013-07-26T15:31:31+00:00","breadcrumb":{"@id":"https:\/\/welovecinema.be\/fr\/mehdi-dehbi-dans-une-serie-americaine\/#breadcrumb"},"inLanguage":"fr-FR","potentialAction":[{"@type":"ReadAction","target":["https:\/\/welovecinema.be\/fr\/mehdi-dehbi-dans-une-serie-americaine\/"]}]},{"@type":"BreadcrumbList","@id":"https:\/\/welovecinema.be\/fr\/mehdi-dehbi-dans-une-serie-americaine\/#breadcrumb","itemListElement":[{"@type":"ListItem","position":1,"name":"Accueil","item":"https:\/\/welovecinema.be\/fr\/"},{"@type":"ListItem","position":2,"name":"Mehdi Dehbi dans une s\u00e9rie am\u00e9ricaine"}]},{"@type":"WebSite","@id":"https:\/\/welovecinema.be\/nl\/#website","url":"https:\/\/welovecinema.be\/nl\/","name":"We Love Cinema","description":"Toute l\u2019information du cin\u00e9ma en Belgique","publisher":{"@id":"https:\/\/welovecinema.be\/nl\/#organization"},"potentialAction":[{"@type":"SearchAction","target":{"@type":"EntryPoint","urlTemplate":"https:\/\/welovecinema.be\/nl\/?s={search_term_string}"},"query-input":"required name=search_term_string"}],"inLanguage":"fr-FR"},{"@type":"Organization","@id":"https:\/\/welovecinema.be\/nl\/#organization","name":"We Love Cinema","url":"https:\/\/welovecinema.be\/nl\/","logo":{"@type":"ImageObject","inLanguage":"fr-FR","@id":"https:\/\/welovecinema.be\/nl\/#\/schema\/logo\/image\/","url":"https:\/\/welovecinema.be\/wp-content\/uploads\/sites\/2\/2023\/03\/Logo-We-Love-Cinema305x128.jpg","contentUrl":"https:\/\/welovecinema.be\/wp-content\/uploads\/sites\/2\/2023\/03\/Logo-We-Love-Cinema305x128.jpg","width":305,"height":128,"caption":"We Love Cinema"},"image":{"@id":"https:\/\/welovecinema.be\/nl\/#\/schema\/logo\/image\/"},"sameAs":["https:\/\/www.facebook.com\/welovecinema.be","https:\/\/www.youtube.com\/channel\/UCX5LYGVhnKvYauW4Nta4HJA","https:\/\/www.instagram.com\/welovecinema.be\/"]},{"@type":"Person","@id":"https:\/\/welovecinema.be\/nl\/#\/schema\/person\/4b9b1d857f0943453a38a7c2859ef756","name":"Philippe.Pierquin","url":"https:\/\/welovecinema.be\/fr\/author\/philippe-pierquin\/"}]}},"_links":{"self":[{"href":"https:\/\/welovecinema.be\/fr\/wp-json\/wp\/v2\/posts\/43732","targetHints":{"allow":["GET"]}}],"collection":[{"href":"https:\/\/welovecinema.be\/fr\/wp-json\/wp\/v2\/posts"}],"about":[{"href":"https:\/\/welovecinema.be\/fr\/wp-json\/wp\/v2\/types\/post"}],"author":[{"embeddable":true,"href":"https:\/\/welovecinema.be\/fr\/wp-json\/wp\/v2\/users\/7"}],"replies":[{"embeddable":true,"href":"https:\/\/welovecinema.be\/fr\/wp-json\/wp\/v2\/comments?post=43732"}],"version-history":[{"count":0,"href":"https:\/\/welovecinema.be\/fr\/wp-json\/wp\/v2\/posts\/43732\/revisions"}],"wp:featuredmedia":[{"embeddable":true,"href":"https:\/\/welovecinema.be\/fr\/wp-json\/wp\/v2\/media\/43734"}],"wp:attachment":[{"href":"https:\/\/welovecinema.be\/fr\/wp-json\/wp\/v2\/media?parent=43732"}],"wp:term":[{"taxonomy":"category","embeddable":true,"href":"https:\/\/welovecinema.be\/fr\/wp-json\/wp\/v2\/categories?post=43732"},{"taxonomy":"post_tag","embeddable":true,"href":"https:\/\/welovecinema.be\/fr\/wp-json\/wp\/v2\/tags?post=43732"}],"curies":[{"name":"wp","href":"https:\/\/api.w.org\/{rel}","templated":true}]}}