{"id":43226,"date":"2013-07-27T08:27:34","date_gmt":"2013-07-27T06:27:34","guid":{"rendered":"http:\/\/www.cinevox.be\/?p=43226"},"modified":"2013-07-27T14:28:21","modified_gmt":"2013-07-27T12:28:21","slug":"het-vonnis-bande-annonce-en-v-o","status":"publish","type":"post","link":"https:\/\/welovecinema.be\/fr\/het-vonnis-bande-annonce-en-v-o\/","title":{"rendered":"Het Vonnis &#8211; Bande annonce avec sous-titres fr"},"content":{"rendered":"<p>Luc Segers voit sa vie s\u2019\u00e9crouler lorsqu&rsquo;Ella, son \u00e9pouse, est assassin\u00e9e sous ses yeux par un petit voleur \u00e0 la tire, Kenny De Groodt, rapidement identifi\u00e9. \u00a0Une (maigre) consolation : l&rsquo;assassin va \u00eatre lourdement condamn\u00e9.<\/p>\n<p>Ou pas&#8230;<\/p>\n<p>Quelques semaines plus tard, l\u2019avocat de Luc lui annonce de mauvaises nouvelles : la Chambre des mises en accusation a ordonn\u00e9 la lib\u00e9ration de Kenny De Groot pour vice de proc\u00e9dure.<\/p>\n<p><!--more--><\/p>\n<p>&nbsp;<\/p>\n<p><!--more--><\/p>\n<p>&nbsp;<\/p>\n<p>Produit par Eyeworks, <em>Het Vonnis<\/em> est un film \u00e9crit et r\u00e9alis\u00e9 par\u00a0\u00a0Jan Verheyen (Los, Dossier K, Zot van A)<\/p>\n<p>Avec\u00a0Koen De Bouw,\u00a0Johan Leysen et\u00a0Veerle Baetens<\/p>\n<p>Sortie \u00a0automne 2013<\/p>\n","protected":false},"excerpt":{"rendered":"<p>Luc Segers voit sa vie s\u2019\u00e9crouler lorsqu&rsquo;Ella, son \u00e9pouse, est assassin\u00e9e sous ses yeux par un petit voleur \u00e0 la tire, Kenny De Groodt, rapidement identifi\u00e9. \u00a0Une (maigre) consolation : l&rsquo;assassin va \u00eatre lourdement condamn\u00e9. Ou pas&#8230; Quelques semaines plus tard, l\u2019avocat de Luc lui annonce de mauvaises nouvelles : la Chambre des mises en &hellip;<\/p>\n","protected":false},"author":7,"featured_media":43227,"comment_status":"closed","ping_status":"closed","sticky":false,"template":"","format":"standard","meta":{"ngg_post_thumbnail":0,"footnotes":""},"categories":[53],"tags":[],"class_list":["post-43226","post","type-post","status-publish","format-standard","has-post-thumbnail","","category-coming-soon"],"yoast_head":"<!-- This site is optimized with the Yoast SEO plugin v20.4 - https:\/\/yoast.com\/wordpress\/plugins\/seo\/ -->\n<title>Het Vonnis - Bande annonce avec sous-titres fr - We Love Cinema<\/title>\n<meta name=\"robots\" content=\"index, follow, max-snippet:-1, max-image-preview:large, max-video-preview:-1\" \/>\n<link rel=\"canonical\" href=\"https:\/\/welovecinema.be\/fr\/het-vonnis-bande-annonce-en-v-o\/\" \/>\n<meta property=\"og:locale\" content=\"fr_FR\" \/>\n<meta property=\"og:type\" content=\"article\" \/>\n<meta property=\"og:title\" content=\"Het Vonnis - Bande annonce avec sous-titres fr - We Love Cinema\" \/>\n<meta property=\"og:description\" content=\"Luc Segers voit sa vie s\u2019\u00e9crouler lorsqu&rsquo;Ella, son \u00e9pouse, est assassin\u00e9e sous ses yeux par un petit voleur \u00e0 la tire, Kenny De Groodt, rapidement identifi\u00e9. \u00a0Une (maigre) consolation : l&rsquo;assassin va \u00eatre lourdement condamn\u00e9. Ou pas&#8230; Quelques semaines plus tard, l\u2019avocat de Luc lui annonce de mauvaises nouvelles : la Chambre des mises en &hellip;\" \/>\n<meta property=\"og:url\" content=\"https:\/\/welovecinema.be\/fr\/het-vonnis-bande-annonce-en-v-o\/\" \/>\n<meta property=\"og:site_name\" content=\"We Love Cinema\" \/>\n<meta property=\"article:publisher\" content=\"https:\/\/www.facebook.com\/welovecinema.be\" \/>\n<meta property=\"article:published_time\" content=\"2013-07-27T06:27:34+00:00\" \/>\n<meta property=\"article:modified_time\" content=\"2013-07-27T12:28:21+00:00\" \/>\n<meta property=\"og:image\" content=\"https:\/\/welovecinema.be\/wp-content\/uploads\/sites\/2\/2013\/07\/Het-vonnis.jpg\" \/>\n\t<meta property=\"og:image:width\" content=\"670\" \/>\n\t<meta property=\"og:image:height\" content=\"376\" \/>\n\t<meta property=\"og:image:type\" content=\"image\/jpeg\" \/>\n<meta name=\"author\" content=\"Philippe.Pierquin\" \/>\n<meta name=\"twitter:card\" content=\"summary_large_image\" \/>\n<meta name=\"twitter:label1\" content=\"\u00c9crit par\" \/>\n\t<meta name=\"twitter:data1\" content=\"Philippe.Pierquin\" \/>\n\t<meta name=\"twitter:label2\" content=\"Dur\u00e9e de lecture estim\u00e9e\" \/>\n\t<meta name=\"twitter:data2\" content=\"1 minute\" \/>\n<script type=\"application\/ld+json\" class=\"yoast-schema-graph\">{\"@context\":\"https:\/\/schema.org\",\"@graph\":[{\"@type\":\"Article\",\"@id\":\"https:\/\/welovecinema.be\/fr\/het-vonnis-bande-annonce-en-v-o\/#article\",\"isPartOf\":{\"@id\":\"https:\/\/welovecinema.be\/fr\/het-vonnis-bande-annonce-en-v-o\/\"},\"author\":{\"name\":\"Philippe.Pierquin\",\"@id\":\"https:\/\/welovecinema.be\/nl\/#\/schema\/person\/4b9b1d857f0943453a38a7c2859ef756\"},\"headline\":\"Het Vonnis &#8211; Bande annonce avec sous-titres fr\",\"datePublished\":\"2013-07-27T06:27:34+00:00\",\"dateModified\":\"2013-07-27T12:28:21+00:00\",\"mainEntityOfPage\":{\"@id\":\"https:\/\/welovecinema.be\/fr\/het-vonnis-bande-annonce-en-v-o\/\"},\"wordCount\":114,\"publisher\":{\"@id\":\"https:\/\/welovecinema.be\/nl\/#organization\"},\"articleSection\":[\"Coming soon\"],\"inLanguage\":\"fr-FR\"},{\"@type\":\"WebPage\",\"@id\":\"https:\/\/welovecinema.be\/fr\/het-vonnis-bande-annonce-en-v-o\/\",\"url\":\"https:\/\/welovecinema.be\/fr\/het-vonnis-bande-annonce-en-v-o\/\",\"name\":\"Het Vonnis - Bande annonce avec sous-titres fr - We Love Cinema\",\"isPartOf\":{\"@id\":\"https:\/\/welovecinema.be\/nl\/#website\"},\"datePublished\":\"2013-07-27T06:27:34+00:00\",\"dateModified\":\"2013-07-27T12:28:21+00:00\",\"breadcrumb\":{\"@id\":\"https:\/\/welovecinema.be\/fr\/het-vonnis-bande-annonce-en-v-o\/#breadcrumb\"},\"inLanguage\":\"fr-FR\",\"potentialAction\":[{\"@type\":\"ReadAction\",\"target\":[\"https:\/\/welovecinema.be\/fr\/het-vonnis-bande-annonce-en-v-o\/\"]}]},{\"@type\":\"BreadcrumbList\",\"@id\":\"https:\/\/welovecinema.be\/fr\/het-vonnis-bande-annonce-en-v-o\/#breadcrumb\",\"itemListElement\":[{\"@type\":\"ListItem\",\"position\":1,\"name\":\"Accueil\",\"item\":\"https:\/\/welovecinema.be\/fr\/\"},{\"@type\":\"ListItem\",\"position\":2,\"name\":\"Het Vonnis &#8211; Bande annonce avec sous-titres fr\"}]},{\"@type\":\"WebSite\",\"@id\":\"https:\/\/welovecinema.be\/nl\/#website\",\"url\":\"https:\/\/welovecinema.be\/nl\/\",\"name\":\"We Love Cinema\",\"description\":\"Toute l\u2019information du cin\u00e9ma en Belgique\",\"publisher\":{\"@id\":\"https:\/\/welovecinema.be\/nl\/#organization\"},\"potentialAction\":[{\"@type\":\"SearchAction\",\"target\":{\"@type\":\"EntryPoint\",\"urlTemplate\":\"https:\/\/welovecinema.be\/nl\/?s={search_term_string}\"},\"query-input\":\"required name=search_term_string\"}],\"inLanguage\":\"fr-FR\"},{\"@type\":\"Organization\",\"@id\":\"https:\/\/welovecinema.be\/nl\/#organization\",\"name\":\"We Love Cinema\",\"url\":\"https:\/\/welovecinema.be\/nl\/\",\"logo\":{\"@type\":\"ImageObject\",\"inLanguage\":\"fr-FR\",\"@id\":\"https:\/\/welovecinema.be\/nl\/#\/schema\/logo\/image\/\",\"url\":\"https:\/\/welovecinema.be\/wp-content\/uploads\/sites\/2\/2023\/03\/Logo-We-Love-Cinema305x128.jpg\",\"contentUrl\":\"https:\/\/welovecinema.be\/wp-content\/uploads\/sites\/2\/2023\/03\/Logo-We-Love-Cinema305x128.jpg\",\"width\":305,\"height\":128,\"caption\":\"We Love Cinema\"},\"image\":{\"@id\":\"https:\/\/welovecinema.be\/nl\/#\/schema\/logo\/image\/\"},\"sameAs\":[\"https:\/\/www.facebook.com\/welovecinema.be\",\"https:\/\/www.youtube.com\/channel\/UCX5LYGVhnKvYauW4Nta4HJA\",\"https:\/\/www.instagram.com\/welovecinema.be\/\"]},{\"@type\":\"Person\",\"@id\":\"https:\/\/welovecinema.be\/nl\/#\/schema\/person\/4b9b1d857f0943453a38a7c2859ef756\",\"name\":\"Philippe.Pierquin\",\"url\":\"https:\/\/welovecinema.be\/fr\/author\/philippe-pierquin\/\"}]}<\/script>\n<!-- \/ Yoast SEO plugin. -->","yoast_head_json":{"title":"Het Vonnis - Bande annonce avec sous-titres fr - We Love Cinema","robots":{"index":"index","follow":"follow","max-snippet":"max-snippet:-1","max-image-preview":"max-image-preview:large","max-video-preview":"max-video-preview:-1"},"canonical":"https:\/\/welovecinema.be\/fr\/het-vonnis-bande-annonce-en-v-o\/","og_locale":"fr_FR","og_type":"article","og_title":"Het Vonnis - Bande annonce avec sous-titres fr - We Love Cinema","og_description":"Luc Segers voit sa vie s\u2019\u00e9crouler lorsqu&rsquo;Ella, son \u00e9pouse, est assassin\u00e9e sous ses yeux par un petit voleur \u00e0 la tire, Kenny De Groodt, rapidement identifi\u00e9. \u00a0Une (maigre) consolation : l&rsquo;assassin va \u00eatre lourdement condamn\u00e9. Ou pas&#8230; Quelques semaines plus tard, l\u2019avocat de Luc lui annonce de mauvaises nouvelles : la Chambre des mises en &hellip;","og_url":"https:\/\/welovecinema.be\/fr\/het-vonnis-bande-annonce-en-v-o\/","og_site_name":"We Love Cinema","article_publisher":"https:\/\/www.facebook.com\/welovecinema.be","article_published_time":"2013-07-27T06:27:34+00:00","article_modified_time":"2013-07-27T12:28:21+00:00","og_image":[{"width":670,"height":376,"url":"https:\/\/welovecinema.be\/wp-content\/uploads\/sites\/2\/2013\/07\/Het-vonnis.jpg","type":"image\/jpeg"}],"author":"Philippe.Pierquin","twitter_card":"summary_large_image","twitter_misc":{"\u00c9crit par":"Philippe.Pierquin","Dur\u00e9e de lecture estim\u00e9e":"1 minute"},"schema":{"@context":"https:\/\/schema.org","@graph":[{"@type":"Article","@id":"https:\/\/welovecinema.be\/fr\/het-vonnis-bande-annonce-en-v-o\/#article","isPartOf":{"@id":"https:\/\/welovecinema.be\/fr\/het-vonnis-bande-annonce-en-v-o\/"},"author":{"name":"Philippe.Pierquin","@id":"https:\/\/welovecinema.be\/nl\/#\/schema\/person\/4b9b1d857f0943453a38a7c2859ef756"},"headline":"Het Vonnis &#8211; Bande annonce avec sous-titres fr","datePublished":"2013-07-27T06:27:34+00:00","dateModified":"2013-07-27T12:28:21+00:00","mainEntityOfPage":{"@id":"https:\/\/welovecinema.be\/fr\/het-vonnis-bande-annonce-en-v-o\/"},"wordCount":114,"publisher":{"@id":"https:\/\/welovecinema.be\/nl\/#organization"},"articleSection":["Coming soon"],"inLanguage":"fr-FR"},{"@type":"WebPage","@id":"https:\/\/welovecinema.be\/fr\/het-vonnis-bande-annonce-en-v-o\/","url":"https:\/\/welovecinema.be\/fr\/het-vonnis-bande-annonce-en-v-o\/","name":"Het Vonnis - Bande annonce avec sous-titres fr - We Love Cinema","isPartOf":{"@id":"https:\/\/welovecinema.be\/nl\/#website"},"datePublished":"2013-07-27T06:27:34+00:00","dateModified":"2013-07-27T12:28:21+00:00","breadcrumb":{"@id":"https:\/\/welovecinema.be\/fr\/het-vonnis-bande-annonce-en-v-o\/#breadcrumb"},"inLanguage":"fr-FR","potentialAction":[{"@type":"ReadAction","target":["https:\/\/welovecinema.be\/fr\/het-vonnis-bande-annonce-en-v-o\/"]}]},{"@type":"BreadcrumbList","@id":"https:\/\/welovecinema.be\/fr\/het-vonnis-bande-annonce-en-v-o\/#breadcrumb","itemListElement":[{"@type":"ListItem","position":1,"name":"Accueil","item":"https:\/\/welovecinema.be\/fr\/"},{"@type":"ListItem","position":2,"name":"Het Vonnis &#8211; Bande annonce avec sous-titres fr"}]},{"@type":"WebSite","@id":"https:\/\/welovecinema.be\/nl\/#website","url":"https:\/\/welovecinema.be\/nl\/","name":"We Love Cinema","description":"Toute l\u2019information du cin\u00e9ma en Belgique","publisher":{"@id":"https:\/\/welovecinema.be\/nl\/#organization"},"potentialAction":[{"@type":"SearchAction","target":{"@type":"EntryPoint","urlTemplate":"https:\/\/welovecinema.be\/nl\/?s={search_term_string}"},"query-input":"required name=search_term_string"}],"inLanguage":"fr-FR"},{"@type":"Organization","@id":"https:\/\/welovecinema.be\/nl\/#organization","name":"We Love Cinema","url":"https:\/\/welovecinema.be\/nl\/","logo":{"@type":"ImageObject","inLanguage":"fr-FR","@id":"https:\/\/welovecinema.be\/nl\/#\/schema\/logo\/image\/","url":"https:\/\/welovecinema.be\/wp-content\/uploads\/sites\/2\/2023\/03\/Logo-We-Love-Cinema305x128.jpg","contentUrl":"https:\/\/welovecinema.be\/wp-content\/uploads\/sites\/2\/2023\/03\/Logo-We-Love-Cinema305x128.jpg","width":305,"height":128,"caption":"We Love Cinema"},"image":{"@id":"https:\/\/welovecinema.be\/nl\/#\/schema\/logo\/image\/"},"sameAs":["https:\/\/www.facebook.com\/welovecinema.be","https:\/\/www.youtube.com\/channel\/UCX5LYGVhnKvYauW4Nta4HJA","https:\/\/www.instagram.com\/welovecinema.be\/"]},{"@type":"Person","@id":"https:\/\/welovecinema.be\/nl\/#\/schema\/person\/4b9b1d857f0943453a38a7c2859ef756","name":"Philippe.Pierquin","url":"https:\/\/welovecinema.be\/fr\/author\/philippe-pierquin\/"}]}},"_links":{"self":[{"href":"https:\/\/welovecinema.be\/fr\/wp-json\/wp\/v2\/posts\/43226","targetHints":{"allow":["GET"]}}],"collection":[{"href":"https:\/\/welovecinema.be\/fr\/wp-json\/wp\/v2\/posts"}],"about":[{"href":"https:\/\/welovecinema.be\/fr\/wp-json\/wp\/v2\/types\/post"}],"author":[{"embeddable":true,"href":"https:\/\/welovecinema.be\/fr\/wp-json\/wp\/v2\/users\/7"}],"replies":[{"embeddable":true,"href":"https:\/\/welovecinema.be\/fr\/wp-json\/wp\/v2\/comments?post=43226"}],"version-history":[{"count":0,"href":"https:\/\/welovecinema.be\/fr\/wp-json\/wp\/v2\/posts\/43226\/revisions"}],"wp:featuredmedia":[{"embeddable":true,"href":"https:\/\/welovecinema.be\/fr\/wp-json\/wp\/v2\/media\/43227"}],"wp:attachment":[{"href":"https:\/\/welovecinema.be\/fr\/wp-json\/wp\/v2\/media?parent=43226"}],"wp:term":[{"taxonomy":"category","embeddable":true,"href":"https:\/\/welovecinema.be\/fr\/wp-json\/wp\/v2\/categories?post=43226"},{"taxonomy":"post_tag","embeddable":true,"href":"https:\/\/welovecinema.be\/fr\/wp-json\/wp\/v2\/tags?post=43226"}],"curies":[{"name":"wp","href":"https:\/\/api.w.org\/{rel}","templated":true}]}}