{"id":42957,"date":"2013-08-02T10:00:39","date_gmt":"2013-08-02T10:00:39","guid":{"rendered":"http:\/\/www.cinevox.be\/?p=42957"},"modified":"2013-07-06T14:46:21","modified_gmt":"2013-07-06T14:46:21","slug":"la-marche-danny-elsen-sa-rencontre-avec-nabil-ben-yadir","status":"publish","type":"post","link":"https:\/\/welovecinema.be\/fr\/la-marche-danny-elsen-sa-rencontre-avec-nabil-ben-yadir\/","title":{"rendered":"La Marche &#8211; Danny Elsen &#8211; Sa rencontre avec Nabil Ben Yadir"},"content":{"rendered":"<p>Un jour de 1983, apr\u00e8s une nouvelle bavure polici\u00e8re des jeunes r\u00e9sidents du quartier des Minguettes, une cit\u00e9 lyonnaise d\u00e9favoris\u00e9e, d\u00e9cident de partir sillonner la France. Pacifiquement; unis. Leur id\u00e9e est de relier Marseille \u00e0 Paris pour alerter l\u2019opinion publique sur la situation souvent intenable des Fran\u00e7ais issus de l\u2019immigration.<\/p>\n<p>&nbsp;<\/p>\n<p>Cette marche s\u2019ach\u00e8vera le 3 d\u00e9cembre 1983 \u00e0 Paris. Et alors que les marcheurs r\u00eavent d&rsquo;\u00eatre soutenus par quelques centaines de personnes \u00e0 leur arriv\u00e9e, des amis, la famille, qui auraient ralli\u00e9 la capitale en train ou en car, c\u2019est une mar\u00e9e humaine qui les accueille.<\/p>\n<p>L\u2019espoir d\u2019une nouvelle soci\u00e9t\u00e9 \u00e9galitaire, unie est n\u00e9. L\u2019espoir d\u2019une France meilleure qui donnerait l\u2019exemple aux autres pays.<!--more--><!--more--><\/p>\n<p><img decoding=\"async\" title=\"More...\" alt=\"\" src=\"http:\/\/www.cinevox.be\/wp-includes\/js\/tinymce\/plugins\/wordpress\/img\/trans.gif\" \/><\/p>\n<p>De\u00a0<strong>Nabil Ben Yadir<\/strong><\/p>\n<p><b>Avec : Lubna Azabal,\u00a0<b>Olivier Gourmet,\u00a0<b>Jamel Debbouze,\u00a0<\/b><\/b>Charlotte Le Bon, Tewfik Jal<b><b>Hafsia Herzi,<\/b><\/b>ncent Rottiers, M\u2019Barek Belkouk, Nader Boussandel\u00a0<\/b>et<b>\u00a0Philippe Nahon.<\/b><\/p>\n<p>Sortie fin 2013<\/p>\n","protected":false},"excerpt":{"rendered":"<p>Un jour de 1983, apr\u00e8s une nouvelle bavure polici\u00e8re des jeunes r\u00e9sidents du quartier des Minguettes, une cit\u00e9 lyonnaise d\u00e9favoris\u00e9e, d\u00e9cident de partir sillonner la France. Pacifiquement; unis. Leur id\u00e9e est de relier Marseille \u00e0 Paris pour alerter l\u2019opinion publique sur la situation souvent intenable des Fran\u00e7ais issus de l\u2019immigration. &nbsp; Cette marche s\u2019ach\u00e8vera le &hellip;<\/p>\n","protected":false},"author":7,"featured_media":42958,"comment_status":"closed","ping_status":"closed","sticky":false,"template":"","format":"standard","meta":{"ngg_post_thumbnail":0,"footnotes":""},"categories":[1978],"tags":[],"class_list":["post-42957","post","type-post","status-publish","format-standard","has-post-thumbnail","","category-interviews"],"yoast_head":"<!-- This site is optimized with the Yoast SEO plugin v20.4 - https:\/\/yoast.com\/wordpress\/plugins\/seo\/ -->\n<title>La Marche - Danny Elsen - Sa rencontre avec Nabil Ben Yadir - We Love Cinema<\/title>\n<meta name=\"robots\" content=\"index, follow, max-snippet:-1, max-image-preview:large, max-video-preview:-1\" \/>\n<link rel=\"canonical\" href=\"https:\/\/welovecinema.be\/fr\/la-marche-danny-elsen-sa-rencontre-avec-nabil-ben-yadir\/\" \/>\n<meta property=\"og:locale\" content=\"fr_FR\" \/>\n<meta property=\"og:type\" content=\"article\" \/>\n<meta property=\"og:title\" content=\"La Marche - Danny Elsen - Sa rencontre avec Nabil Ben Yadir - We Love Cinema\" \/>\n<meta property=\"og:description\" content=\"Un jour de 1983, apr\u00e8s une nouvelle bavure polici\u00e8re des jeunes r\u00e9sidents du quartier des Minguettes, une cit\u00e9 lyonnaise d\u00e9favoris\u00e9e, d\u00e9cident de partir sillonner la France. Pacifiquement; unis. Leur id\u00e9e est de relier Marseille \u00e0 Paris pour alerter l\u2019opinion publique sur la situation souvent intenable des Fran\u00e7ais issus de l\u2019immigration. &nbsp; Cette marche s\u2019ach\u00e8vera le &hellip;\" \/>\n<meta property=\"og:url\" content=\"https:\/\/welovecinema.be\/fr\/la-marche-danny-elsen-sa-rencontre-avec-nabil-ben-yadir\/\" \/>\n<meta property=\"og:site_name\" content=\"We Love Cinema\" \/>\n<meta property=\"article:publisher\" content=\"https:\/\/www.facebook.com\/welovecinema.be\" \/>\n<meta property=\"article:published_time\" content=\"2013-08-02T10:00:39+00:00\" \/>\n<meta property=\"article:modified_time\" content=\"2013-07-06T14:46:21+00:00\" \/>\n<meta property=\"og:image\" content=\"https:\/\/welovecinema.be\/wp-content\/uploads\/sites\/2\/2010\/08\/dan-01.jpg\" \/>\n\t<meta property=\"og:image:width\" content=\"776\" \/>\n\t<meta property=\"og:image:height\" content=\"423\" \/>\n\t<meta property=\"og:image:type\" content=\"image\/jpeg\" \/>\n<meta name=\"author\" content=\"Philippe.Pierquin\" \/>\n<meta name=\"twitter:card\" content=\"summary_large_image\" \/>\n<meta name=\"twitter:label1\" content=\"\u00c9crit par\" \/>\n\t<meta name=\"twitter:data1\" content=\"Philippe.Pierquin\" \/>\n\t<meta name=\"twitter:label2\" content=\"Dur\u00e9e de lecture estim\u00e9e\" \/>\n\t<meta name=\"twitter:data2\" content=\"1 minute\" \/>\n<script type=\"application\/ld+json\" class=\"yoast-schema-graph\">{\"@context\":\"https:\/\/schema.org\",\"@graph\":[{\"@type\":\"Article\",\"@id\":\"https:\/\/welovecinema.be\/fr\/la-marche-danny-elsen-sa-rencontre-avec-nabil-ben-yadir\/#article\",\"isPartOf\":{\"@id\":\"https:\/\/welovecinema.be\/fr\/la-marche-danny-elsen-sa-rencontre-avec-nabil-ben-yadir\/\"},\"author\":{\"name\":\"Philippe.Pierquin\",\"@id\":\"https:\/\/welovecinema.be\/nl\/#\/schema\/person\/4b9b1d857f0943453a38a7c2859ef756\"},\"headline\":\"La Marche &#8211; Danny Elsen &#8211; Sa rencontre avec Nabil Ben Yadir\",\"datePublished\":\"2013-08-02T10:00:39+00:00\",\"dateModified\":\"2013-07-06T14:46:21+00:00\",\"mainEntityOfPage\":{\"@id\":\"https:\/\/welovecinema.be\/fr\/la-marche-danny-elsen-sa-rencontre-avec-nabil-ben-yadir\/\"},\"wordCount\":175,\"publisher\":{\"@id\":\"https:\/\/welovecinema.be\/nl\/#organization\"},\"articleSection\":[\"Rencontres\"],\"inLanguage\":\"fr-FR\"},{\"@type\":\"WebPage\",\"@id\":\"https:\/\/welovecinema.be\/fr\/la-marche-danny-elsen-sa-rencontre-avec-nabil-ben-yadir\/\",\"url\":\"https:\/\/welovecinema.be\/fr\/la-marche-danny-elsen-sa-rencontre-avec-nabil-ben-yadir\/\",\"name\":\"La Marche - Danny Elsen - Sa rencontre avec Nabil Ben Yadir - We Love Cinema\",\"isPartOf\":{\"@id\":\"https:\/\/welovecinema.be\/nl\/#website\"},\"datePublished\":\"2013-08-02T10:00:39+00:00\",\"dateModified\":\"2013-07-06T14:46:21+00:00\",\"breadcrumb\":{\"@id\":\"https:\/\/welovecinema.be\/fr\/la-marche-danny-elsen-sa-rencontre-avec-nabil-ben-yadir\/#breadcrumb\"},\"inLanguage\":\"fr-FR\",\"potentialAction\":[{\"@type\":\"ReadAction\",\"target\":[\"https:\/\/welovecinema.be\/fr\/la-marche-danny-elsen-sa-rencontre-avec-nabil-ben-yadir\/\"]}]},{\"@type\":\"BreadcrumbList\",\"@id\":\"https:\/\/welovecinema.be\/fr\/la-marche-danny-elsen-sa-rencontre-avec-nabil-ben-yadir\/#breadcrumb\",\"itemListElement\":[{\"@type\":\"ListItem\",\"position\":1,\"name\":\"Accueil\",\"item\":\"https:\/\/welovecinema.be\/fr\/\"},{\"@type\":\"ListItem\",\"position\":2,\"name\":\"La Marche &#8211; Danny Elsen &#8211; Sa rencontre avec Nabil Ben Yadir\"}]},{\"@type\":\"WebSite\",\"@id\":\"https:\/\/welovecinema.be\/nl\/#website\",\"url\":\"https:\/\/welovecinema.be\/nl\/\",\"name\":\"We Love Cinema\",\"description\":\"Toute l\u2019information du cin\u00e9ma en Belgique\",\"publisher\":{\"@id\":\"https:\/\/welovecinema.be\/nl\/#organization\"},\"potentialAction\":[{\"@type\":\"SearchAction\",\"target\":{\"@type\":\"EntryPoint\",\"urlTemplate\":\"https:\/\/welovecinema.be\/nl\/?s={search_term_string}\"},\"query-input\":\"required name=search_term_string\"}],\"inLanguage\":\"fr-FR\"},{\"@type\":\"Organization\",\"@id\":\"https:\/\/welovecinema.be\/nl\/#organization\",\"name\":\"We Love Cinema\",\"url\":\"https:\/\/welovecinema.be\/nl\/\",\"logo\":{\"@type\":\"ImageObject\",\"inLanguage\":\"fr-FR\",\"@id\":\"https:\/\/welovecinema.be\/nl\/#\/schema\/logo\/image\/\",\"url\":\"https:\/\/welovecinema.be\/wp-content\/uploads\/sites\/2\/2023\/03\/Logo-We-Love-Cinema305x128.jpg\",\"contentUrl\":\"https:\/\/welovecinema.be\/wp-content\/uploads\/sites\/2\/2023\/03\/Logo-We-Love-Cinema305x128.jpg\",\"width\":305,\"height\":128,\"caption\":\"We Love Cinema\"},\"image\":{\"@id\":\"https:\/\/welovecinema.be\/nl\/#\/schema\/logo\/image\/\"},\"sameAs\":[\"https:\/\/www.facebook.com\/welovecinema.be\",\"https:\/\/www.youtube.com\/channel\/UCX5LYGVhnKvYauW4Nta4HJA\",\"https:\/\/www.instagram.com\/welovecinema.be\/\"]},{\"@type\":\"Person\",\"@id\":\"https:\/\/welovecinema.be\/nl\/#\/schema\/person\/4b9b1d857f0943453a38a7c2859ef756\",\"name\":\"Philippe.Pierquin\",\"url\":\"https:\/\/welovecinema.be\/fr\/author\/philippe-pierquin\/\"}]}<\/script>\n<!-- \/ Yoast SEO plugin. -->","yoast_head_json":{"title":"La Marche - Danny Elsen - Sa rencontre avec Nabil Ben Yadir - We Love Cinema","robots":{"index":"index","follow":"follow","max-snippet":"max-snippet:-1","max-image-preview":"max-image-preview:large","max-video-preview":"max-video-preview:-1"},"canonical":"https:\/\/welovecinema.be\/fr\/la-marche-danny-elsen-sa-rencontre-avec-nabil-ben-yadir\/","og_locale":"fr_FR","og_type":"article","og_title":"La Marche - Danny Elsen - Sa rencontre avec Nabil Ben Yadir - We Love Cinema","og_description":"Un jour de 1983, apr\u00e8s une nouvelle bavure polici\u00e8re des jeunes r\u00e9sidents du quartier des Minguettes, une cit\u00e9 lyonnaise d\u00e9favoris\u00e9e, d\u00e9cident de partir sillonner la France. Pacifiquement; unis. Leur id\u00e9e est de relier Marseille \u00e0 Paris pour alerter l\u2019opinion publique sur la situation souvent intenable des Fran\u00e7ais issus de l\u2019immigration. &nbsp; Cette marche s\u2019ach\u00e8vera le &hellip;","og_url":"https:\/\/welovecinema.be\/fr\/la-marche-danny-elsen-sa-rencontre-avec-nabil-ben-yadir\/","og_site_name":"We Love Cinema","article_publisher":"https:\/\/www.facebook.com\/welovecinema.be","article_published_time":"2013-08-02T10:00:39+00:00","article_modified_time":"2013-07-06T14:46:21+00:00","og_image":[{"width":776,"height":423,"url":"https:\/\/welovecinema.be\/wp-content\/uploads\/sites\/2\/2010\/08\/dan-01.jpg","type":"image\/jpeg"}],"author":"Philippe.Pierquin","twitter_card":"summary_large_image","twitter_misc":{"\u00c9crit par":"Philippe.Pierquin","Dur\u00e9e de lecture estim\u00e9e":"1 minute"},"schema":{"@context":"https:\/\/schema.org","@graph":[{"@type":"Article","@id":"https:\/\/welovecinema.be\/fr\/la-marche-danny-elsen-sa-rencontre-avec-nabil-ben-yadir\/#article","isPartOf":{"@id":"https:\/\/welovecinema.be\/fr\/la-marche-danny-elsen-sa-rencontre-avec-nabil-ben-yadir\/"},"author":{"name":"Philippe.Pierquin","@id":"https:\/\/welovecinema.be\/nl\/#\/schema\/person\/4b9b1d857f0943453a38a7c2859ef756"},"headline":"La Marche &#8211; Danny Elsen &#8211; Sa rencontre avec Nabil Ben Yadir","datePublished":"2013-08-02T10:00:39+00:00","dateModified":"2013-07-06T14:46:21+00:00","mainEntityOfPage":{"@id":"https:\/\/welovecinema.be\/fr\/la-marche-danny-elsen-sa-rencontre-avec-nabil-ben-yadir\/"},"wordCount":175,"publisher":{"@id":"https:\/\/welovecinema.be\/nl\/#organization"},"articleSection":["Rencontres"],"inLanguage":"fr-FR"},{"@type":"WebPage","@id":"https:\/\/welovecinema.be\/fr\/la-marche-danny-elsen-sa-rencontre-avec-nabil-ben-yadir\/","url":"https:\/\/welovecinema.be\/fr\/la-marche-danny-elsen-sa-rencontre-avec-nabil-ben-yadir\/","name":"La Marche - Danny Elsen - Sa rencontre avec Nabil Ben Yadir - We Love Cinema","isPartOf":{"@id":"https:\/\/welovecinema.be\/nl\/#website"},"datePublished":"2013-08-02T10:00:39+00:00","dateModified":"2013-07-06T14:46:21+00:00","breadcrumb":{"@id":"https:\/\/welovecinema.be\/fr\/la-marche-danny-elsen-sa-rencontre-avec-nabil-ben-yadir\/#breadcrumb"},"inLanguage":"fr-FR","potentialAction":[{"@type":"ReadAction","target":["https:\/\/welovecinema.be\/fr\/la-marche-danny-elsen-sa-rencontre-avec-nabil-ben-yadir\/"]}]},{"@type":"BreadcrumbList","@id":"https:\/\/welovecinema.be\/fr\/la-marche-danny-elsen-sa-rencontre-avec-nabil-ben-yadir\/#breadcrumb","itemListElement":[{"@type":"ListItem","position":1,"name":"Accueil","item":"https:\/\/welovecinema.be\/fr\/"},{"@type":"ListItem","position":2,"name":"La Marche &#8211; Danny Elsen &#8211; Sa rencontre avec Nabil Ben Yadir"}]},{"@type":"WebSite","@id":"https:\/\/welovecinema.be\/nl\/#website","url":"https:\/\/welovecinema.be\/nl\/","name":"We Love Cinema","description":"Toute l\u2019information du cin\u00e9ma en Belgique","publisher":{"@id":"https:\/\/welovecinema.be\/nl\/#organization"},"potentialAction":[{"@type":"SearchAction","target":{"@type":"EntryPoint","urlTemplate":"https:\/\/welovecinema.be\/nl\/?s={search_term_string}"},"query-input":"required name=search_term_string"}],"inLanguage":"fr-FR"},{"@type":"Organization","@id":"https:\/\/welovecinema.be\/nl\/#organization","name":"We Love Cinema","url":"https:\/\/welovecinema.be\/nl\/","logo":{"@type":"ImageObject","inLanguage":"fr-FR","@id":"https:\/\/welovecinema.be\/nl\/#\/schema\/logo\/image\/","url":"https:\/\/welovecinema.be\/wp-content\/uploads\/sites\/2\/2023\/03\/Logo-We-Love-Cinema305x128.jpg","contentUrl":"https:\/\/welovecinema.be\/wp-content\/uploads\/sites\/2\/2023\/03\/Logo-We-Love-Cinema305x128.jpg","width":305,"height":128,"caption":"We Love Cinema"},"image":{"@id":"https:\/\/welovecinema.be\/nl\/#\/schema\/logo\/image\/"},"sameAs":["https:\/\/www.facebook.com\/welovecinema.be","https:\/\/www.youtube.com\/channel\/UCX5LYGVhnKvYauW4Nta4HJA","https:\/\/www.instagram.com\/welovecinema.be\/"]},{"@type":"Person","@id":"https:\/\/welovecinema.be\/nl\/#\/schema\/person\/4b9b1d857f0943453a38a7c2859ef756","name":"Philippe.Pierquin","url":"https:\/\/welovecinema.be\/fr\/author\/philippe-pierquin\/"}]}},"_links":{"self":[{"href":"https:\/\/welovecinema.be\/fr\/wp-json\/wp\/v2\/posts\/42957","targetHints":{"allow":["GET"]}}],"collection":[{"href":"https:\/\/welovecinema.be\/fr\/wp-json\/wp\/v2\/posts"}],"about":[{"href":"https:\/\/welovecinema.be\/fr\/wp-json\/wp\/v2\/types\/post"}],"author":[{"embeddable":true,"href":"https:\/\/welovecinema.be\/fr\/wp-json\/wp\/v2\/users\/7"}],"replies":[{"embeddable":true,"href":"https:\/\/welovecinema.be\/fr\/wp-json\/wp\/v2\/comments?post=42957"}],"version-history":[{"count":0,"href":"https:\/\/welovecinema.be\/fr\/wp-json\/wp\/v2\/posts\/42957\/revisions"}],"wp:featuredmedia":[{"embeddable":true,"href":"https:\/\/welovecinema.be\/fr\/wp-json\/wp\/v2\/media\/42958"}],"wp:attachment":[{"href":"https:\/\/welovecinema.be\/fr\/wp-json\/wp\/v2\/media?parent=42957"}],"wp:term":[{"taxonomy":"category","embeddable":true,"href":"https:\/\/welovecinema.be\/fr\/wp-json\/wp\/v2\/categories?post=42957"},{"taxonomy":"post_tag","embeddable":true,"href":"https:\/\/welovecinema.be\/fr\/wp-json\/wp\/v2\/tags?post=42957"}],"curies":[{"name":"wp","href":"https:\/\/api.w.org\/{rel}","templated":true}]}}