{"id":42949,"date":"2013-07-10T05:52:48","date_gmt":"2013-07-10T05:52:48","guid":{"rendered":"http:\/\/www.cinevox.be\/?p=42949"},"modified":"2013-07-09T06:38:23","modified_gmt":"2013-07-09T06:38:23","slug":"marie-kremer-et-stephane-de-groodt-dans-chez-nous-cest-trois","status":"publish","type":"post","link":"https:\/\/welovecinema.be\/fr\/marie-kremer-et-stephane-de-groodt-dans-chez-nous-cest-trois\/","title":{"rendered":"Marie Kremer et St\u00e9phane De Groodt dans \u00ab\u00a0Chez Nous C&rsquo;est Trois\u00a0\u00bb"},"content":{"rendered":"<p>Jeanne Millet, r\u00e9alisatrice dans une mauvaise passe, part en province pour y pr\u00e9senter l\u2019un de ses premiers films. son itin\u00e9raire va lui faire franchir plusieurs fronti\u00e8res entre amour et amiti\u00e9, espoir et d\u00e9ception, cin\u00e9ma et quotidien routinier. autant de territoires o\u00f9 seuls bises et baisers servent de passeport.<br \/>\nSortie en France le 17 juillet<\/p>\n","protected":false},"excerpt":{"rendered":"<p>Jeanne Millet, r\u00e9alisatrice dans une mauvaise passe, part en province pour y pr\u00e9senter l\u2019un de ses premiers films. son itin\u00e9raire va lui faire franchir plusieurs fronti\u00e8res entre amour et amiti\u00e9, espoir et d\u00e9ception, cin\u00e9ma et quotidien routinier. autant de territoires o\u00f9 seuls bises et baisers servent de passeport. Sortie en France le 17 juillet<\/p>\n","protected":false},"author":7,"featured_media":42950,"comment_status":"closed","ping_status":"closed","sticky":false,"template":"","format":"standard","meta":{"ngg_post_thumbnail":0,"footnotes":""},"categories":[],"tags":[],"class_list":["post-42949","post","type-post","status-publish","format-standard","has-post-thumbnail",""],"yoast_head":"<!-- This site is optimized with the Yoast SEO plugin v20.4 - https:\/\/yoast.com\/wordpress\/plugins\/seo\/ -->\n<title>Marie Kremer et St\u00e9phane De Groodt dans &quot;Chez Nous C&#039;est Trois&quot; - We Love Cinema<\/title>\n<meta name=\"robots\" content=\"index, follow, max-snippet:-1, max-image-preview:large, max-video-preview:-1\" \/>\n<link rel=\"canonical\" href=\"https:\/\/welovecinema.be\/fr\/marie-kremer-et-stephane-de-groodt-dans-chez-nous-cest-trois\/\" \/>\n<meta property=\"og:locale\" content=\"fr_FR\" \/>\n<meta property=\"og:type\" content=\"article\" \/>\n<meta property=\"og:title\" content=\"Marie Kremer et St\u00e9phane De Groodt dans &quot;Chez Nous C&#039;est Trois&quot; - We Love Cinema\" \/>\n<meta property=\"og:description\" content=\"Jeanne Millet, r\u00e9alisatrice dans une mauvaise passe, part en province pour y pr\u00e9senter l\u2019un de ses premiers films. son itin\u00e9raire va lui faire franchir plusieurs fronti\u00e8res entre amour et amiti\u00e9, espoir et d\u00e9ception, cin\u00e9ma et quotidien routinier. autant de territoires o\u00f9 seuls bises et baisers servent de passeport. Sortie en France le 17 juillet\" \/>\n<meta property=\"og:url\" content=\"https:\/\/welovecinema.be\/fr\/marie-kremer-et-stephane-de-groodt-dans-chez-nous-cest-trois\/\" \/>\n<meta property=\"og:site_name\" content=\"We Love Cinema\" \/>\n<meta property=\"article:publisher\" content=\"https:\/\/www.facebook.com\/welovecinema.be\" \/>\n<meta property=\"article:published_time\" content=\"2013-07-10T05:52:48+00:00\" \/>\n<meta property=\"article:modified_time\" content=\"2013-07-09T06:38:23+00:00\" \/>\n<meta property=\"og:image\" content=\"https:\/\/welovecinema.be\/wp-content\/uploads\/sites\/2\/2010\/07\/21012329_20130613144122555.jpg\" \/>\n\t<meta property=\"og:image:width\" content=\"1529\" \/>\n\t<meta property=\"og:image:height\" content=\"1024\" \/>\n\t<meta property=\"og:image:type\" content=\"image\/jpeg\" \/>\n<meta name=\"author\" content=\"Philippe.Pierquin\" \/>\n<meta name=\"twitter:card\" content=\"summary_large_image\" \/>\n<meta name=\"twitter:label1\" content=\"\u00c9crit par\" \/>\n\t<meta name=\"twitter:data1\" content=\"Philippe.Pierquin\" \/>\n<script type=\"application\/ld+json\" class=\"yoast-schema-graph\">{\"@context\":\"https:\/\/schema.org\",\"@graph\":[{\"@type\":\"Article\",\"@id\":\"https:\/\/welovecinema.be\/fr\/marie-kremer-et-stephane-de-groodt-dans-chez-nous-cest-trois\/#article\",\"isPartOf\":{\"@id\":\"https:\/\/welovecinema.be\/fr\/marie-kremer-et-stephane-de-groodt-dans-chez-nous-cest-trois\/\"},\"author\":{\"name\":\"Philippe.Pierquin\",\"@id\":\"https:\/\/welovecinema.be\/nl\/#\/schema\/person\/4b9b1d857f0943453a38a7c2859ef756\"},\"headline\":\"Marie Kremer et St\u00e9phane De Groodt dans \u00ab\u00a0Chez Nous C&rsquo;est Trois\u00a0\u00bb\",\"datePublished\":\"2013-07-10T05:52:48+00:00\",\"dateModified\":\"2013-07-09T06:38:23+00:00\",\"mainEntityOfPage\":{\"@id\":\"https:\/\/welovecinema.be\/fr\/marie-kremer-et-stephane-de-groodt-dans-chez-nous-cest-trois\/\"},\"wordCount\":73,\"publisher\":{\"@id\":\"https:\/\/welovecinema.be\/nl\/#organization\"},\"inLanguage\":\"fr-FR\"},{\"@type\":\"WebPage\",\"@id\":\"https:\/\/welovecinema.be\/fr\/marie-kremer-et-stephane-de-groodt-dans-chez-nous-cest-trois\/\",\"url\":\"https:\/\/welovecinema.be\/fr\/marie-kremer-et-stephane-de-groodt-dans-chez-nous-cest-trois\/\",\"name\":\"Marie Kremer et St\u00e9phane De Groodt dans \\\"Chez Nous C'est Trois\\\" - We Love Cinema\",\"isPartOf\":{\"@id\":\"https:\/\/welovecinema.be\/nl\/#website\"},\"datePublished\":\"2013-07-10T05:52:48+00:00\",\"dateModified\":\"2013-07-09T06:38:23+00:00\",\"breadcrumb\":{\"@id\":\"https:\/\/welovecinema.be\/fr\/marie-kremer-et-stephane-de-groodt-dans-chez-nous-cest-trois\/#breadcrumb\"},\"inLanguage\":\"fr-FR\",\"potentialAction\":[{\"@type\":\"ReadAction\",\"target\":[\"https:\/\/welovecinema.be\/fr\/marie-kremer-et-stephane-de-groodt-dans-chez-nous-cest-trois\/\"]}]},{\"@type\":\"BreadcrumbList\",\"@id\":\"https:\/\/welovecinema.be\/fr\/marie-kremer-et-stephane-de-groodt-dans-chez-nous-cest-trois\/#breadcrumb\",\"itemListElement\":[{\"@type\":\"ListItem\",\"position\":1,\"name\":\"Accueil\",\"item\":\"https:\/\/welovecinema.be\/fr\/\"},{\"@type\":\"ListItem\",\"position\":2,\"name\":\"Marie Kremer et St\u00e9phane De Groodt dans \u00ab\u00a0Chez Nous C&rsquo;est Trois\u00a0\u00bb\"}]},{\"@type\":\"WebSite\",\"@id\":\"https:\/\/welovecinema.be\/nl\/#website\",\"url\":\"https:\/\/welovecinema.be\/nl\/\",\"name\":\"We Love Cinema\",\"description\":\"Toute l\u2019information du cin\u00e9ma en Belgique\",\"publisher\":{\"@id\":\"https:\/\/welovecinema.be\/nl\/#organization\"},\"potentialAction\":[{\"@type\":\"SearchAction\",\"target\":{\"@type\":\"EntryPoint\",\"urlTemplate\":\"https:\/\/welovecinema.be\/nl\/?s={search_term_string}\"},\"query-input\":\"required name=search_term_string\"}],\"inLanguage\":\"fr-FR\"},{\"@type\":\"Organization\",\"@id\":\"https:\/\/welovecinema.be\/nl\/#organization\",\"name\":\"We Love Cinema\",\"url\":\"https:\/\/welovecinema.be\/nl\/\",\"logo\":{\"@type\":\"ImageObject\",\"inLanguage\":\"fr-FR\",\"@id\":\"https:\/\/welovecinema.be\/nl\/#\/schema\/logo\/image\/\",\"url\":\"https:\/\/welovecinema.be\/wp-content\/uploads\/sites\/2\/2023\/03\/Logo-We-Love-Cinema305x128.jpg\",\"contentUrl\":\"https:\/\/welovecinema.be\/wp-content\/uploads\/sites\/2\/2023\/03\/Logo-We-Love-Cinema305x128.jpg\",\"width\":305,\"height\":128,\"caption\":\"We Love Cinema\"},\"image\":{\"@id\":\"https:\/\/welovecinema.be\/nl\/#\/schema\/logo\/image\/\"},\"sameAs\":[\"https:\/\/www.facebook.com\/welovecinema.be\",\"https:\/\/www.youtube.com\/channel\/UCX5LYGVhnKvYauW4Nta4HJA\",\"https:\/\/www.instagram.com\/welovecinema.be\/\"]},{\"@type\":\"Person\",\"@id\":\"https:\/\/welovecinema.be\/nl\/#\/schema\/person\/4b9b1d857f0943453a38a7c2859ef756\",\"name\":\"Philippe.Pierquin\",\"url\":\"https:\/\/welovecinema.be\/fr\/author\/philippe-pierquin\/\"}]}<\/script>\n<!-- \/ Yoast SEO plugin. -->","yoast_head_json":{"title":"Marie Kremer et St\u00e9phane De Groodt dans \"Chez Nous C'est Trois\" - We Love Cinema","robots":{"index":"index","follow":"follow","max-snippet":"max-snippet:-1","max-image-preview":"max-image-preview:large","max-video-preview":"max-video-preview:-1"},"canonical":"https:\/\/welovecinema.be\/fr\/marie-kremer-et-stephane-de-groodt-dans-chez-nous-cest-trois\/","og_locale":"fr_FR","og_type":"article","og_title":"Marie Kremer et St\u00e9phane De Groodt dans \"Chez Nous C'est Trois\" - We Love Cinema","og_description":"Jeanne Millet, r\u00e9alisatrice dans une mauvaise passe, part en province pour y pr\u00e9senter l\u2019un de ses premiers films. son itin\u00e9raire va lui faire franchir plusieurs fronti\u00e8res entre amour et amiti\u00e9, espoir et d\u00e9ception, cin\u00e9ma et quotidien routinier. autant de territoires o\u00f9 seuls bises et baisers servent de passeport. Sortie en France le 17 juillet","og_url":"https:\/\/welovecinema.be\/fr\/marie-kremer-et-stephane-de-groodt-dans-chez-nous-cest-trois\/","og_site_name":"We Love Cinema","article_publisher":"https:\/\/www.facebook.com\/welovecinema.be","article_published_time":"2013-07-10T05:52:48+00:00","article_modified_time":"2013-07-09T06:38:23+00:00","og_image":[{"width":1529,"height":1024,"url":"https:\/\/welovecinema.be\/wp-content\/uploads\/sites\/2\/2010\/07\/21012329_20130613144122555.jpg","type":"image\/jpeg"}],"author":"Philippe.Pierquin","twitter_card":"summary_large_image","twitter_misc":{"\u00c9crit par":"Philippe.Pierquin"},"schema":{"@context":"https:\/\/schema.org","@graph":[{"@type":"Article","@id":"https:\/\/welovecinema.be\/fr\/marie-kremer-et-stephane-de-groodt-dans-chez-nous-cest-trois\/#article","isPartOf":{"@id":"https:\/\/welovecinema.be\/fr\/marie-kremer-et-stephane-de-groodt-dans-chez-nous-cest-trois\/"},"author":{"name":"Philippe.Pierquin","@id":"https:\/\/welovecinema.be\/nl\/#\/schema\/person\/4b9b1d857f0943453a38a7c2859ef756"},"headline":"Marie Kremer et St\u00e9phane De Groodt dans \u00ab\u00a0Chez Nous C&rsquo;est Trois\u00a0\u00bb","datePublished":"2013-07-10T05:52:48+00:00","dateModified":"2013-07-09T06:38:23+00:00","mainEntityOfPage":{"@id":"https:\/\/welovecinema.be\/fr\/marie-kremer-et-stephane-de-groodt-dans-chez-nous-cest-trois\/"},"wordCount":73,"publisher":{"@id":"https:\/\/welovecinema.be\/nl\/#organization"},"inLanguage":"fr-FR"},{"@type":"WebPage","@id":"https:\/\/welovecinema.be\/fr\/marie-kremer-et-stephane-de-groodt-dans-chez-nous-cest-trois\/","url":"https:\/\/welovecinema.be\/fr\/marie-kremer-et-stephane-de-groodt-dans-chez-nous-cest-trois\/","name":"Marie Kremer et St\u00e9phane De Groodt dans \"Chez Nous C'est Trois\" - We Love Cinema","isPartOf":{"@id":"https:\/\/welovecinema.be\/nl\/#website"},"datePublished":"2013-07-10T05:52:48+00:00","dateModified":"2013-07-09T06:38:23+00:00","breadcrumb":{"@id":"https:\/\/welovecinema.be\/fr\/marie-kremer-et-stephane-de-groodt-dans-chez-nous-cest-trois\/#breadcrumb"},"inLanguage":"fr-FR","potentialAction":[{"@type":"ReadAction","target":["https:\/\/welovecinema.be\/fr\/marie-kremer-et-stephane-de-groodt-dans-chez-nous-cest-trois\/"]}]},{"@type":"BreadcrumbList","@id":"https:\/\/welovecinema.be\/fr\/marie-kremer-et-stephane-de-groodt-dans-chez-nous-cest-trois\/#breadcrumb","itemListElement":[{"@type":"ListItem","position":1,"name":"Accueil","item":"https:\/\/welovecinema.be\/fr\/"},{"@type":"ListItem","position":2,"name":"Marie Kremer et St\u00e9phane De Groodt dans \u00ab\u00a0Chez Nous C&rsquo;est Trois\u00a0\u00bb"}]},{"@type":"WebSite","@id":"https:\/\/welovecinema.be\/nl\/#website","url":"https:\/\/welovecinema.be\/nl\/","name":"We Love Cinema","description":"Toute l\u2019information du cin\u00e9ma en Belgique","publisher":{"@id":"https:\/\/welovecinema.be\/nl\/#organization"},"potentialAction":[{"@type":"SearchAction","target":{"@type":"EntryPoint","urlTemplate":"https:\/\/welovecinema.be\/nl\/?s={search_term_string}"},"query-input":"required name=search_term_string"}],"inLanguage":"fr-FR"},{"@type":"Organization","@id":"https:\/\/welovecinema.be\/nl\/#organization","name":"We Love Cinema","url":"https:\/\/welovecinema.be\/nl\/","logo":{"@type":"ImageObject","inLanguage":"fr-FR","@id":"https:\/\/welovecinema.be\/nl\/#\/schema\/logo\/image\/","url":"https:\/\/welovecinema.be\/wp-content\/uploads\/sites\/2\/2023\/03\/Logo-We-Love-Cinema305x128.jpg","contentUrl":"https:\/\/welovecinema.be\/wp-content\/uploads\/sites\/2\/2023\/03\/Logo-We-Love-Cinema305x128.jpg","width":305,"height":128,"caption":"We Love Cinema"},"image":{"@id":"https:\/\/welovecinema.be\/nl\/#\/schema\/logo\/image\/"},"sameAs":["https:\/\/www.facebook.com\/welovecinema.be","https:\/\/www.youtube.com\/channel\/UCX5LYGVhnKvYauW4Nta4HJA","https:\/\/www.instagram.com\/welovecinema.be\/"]},{"@type":"Person","@id":"https:\/\/welovecinema.be\/nl\/#\/schema\/person\/4b9b1d857f0943453a38a7c2859ef756","name":"Philippe.Pierquin","url":"https:\/\/welovecinema.be\/fr\/author\/philippe-pierquin\/"}]}},"_links":{"self":[{"href":"https:\/\/welovecinema.be\/fr\/wp-json\/wp\/v2\/posts\/42949","targetHints":{"allow":["GET"]}}],"collection":[{"href":"https:\/\/welovecinema.be\/fr\/wp-json\/wp\/v2\/posts"}],"about":[{"href":"https:\/\/welovecinema.be\/fr\/wp-json\/wp\/v2\/types\/post"}],"author":[{"embeddable":true,"href":"https:\/\/welovecinema.be\/fr\/wp-json\/wp\/v2\/users\/7"}],"replies":[{"embeddable":true,"href":"https:\/\/welovecinema.be\/fr\/wp-json\/wp\/v2\/comments?post=42949"}],"version-history":[{"count":0,"href":"https:\/\/welovecinema.be\/fr\/wp-json\/wp\/v2\/posts\/42949\/revisions"}],"wp:featuredmedia":[{"embeddable":true,"href":"https:\/\/welovecinema.be\/fr\/wp-json\/wp\/v2\/media\/42950"}],"wp:attachment":[{"href":"https:\/\/welovecinema.be\/fr\/wp-json\/wp\/v2\/media?parent=42949"}],"wp:term":[{"taxonomy":"category","embeddable":true,"href":"https:\/\/welovecinema.be\/fr\/wp-json\/wp\/v2\/categories?post=42949"},{"taxonomy":"post_tag","embeddable":true,"href":"https:\/\/welovecinema.be\/fr\/wp-json\/wp\/v2\/tags?post=42949"}],"curies":[{"name":"wp","href":"https:\/\/api.w.org\/{rel}","templated":true}]}}