{"id":42812,"date":"2013-07-10T05:33:53","date_gmt":"2013-07-10T05:33:53","guid":{"rendered":"http:\/\/www.cinevox.be\/?p=42812"},"modified":"2013-07-04T08:02:09","modified_gmt":"2013-07-04T08:02:09","slug":"ion-la-bande-annonce","status":"publish","type":"post","link":"https:\/\/welovecinema.be\/fr\/ion-la-bande-annonce\/","title":{"rendered":"Ion, la bande-annonce"},"content":{"rendered":"<p>En f\u00e9vrier 2007, la police f\u00e9d\u00e9rale belge a lanc\u00e9 une campagne de recrutement in\u00e9dite \u00e0 l\u2019attention des malvoyants. Objectif : mettre \u00e0 profit les qualit\u00e9s auditives qu\u2019on leur attribue pour renforcer ses services d\u2019\u00e9coute t\u00e9l\u00e9phonique en mati\u00e8re de grand banditisme et de criminalit\u00e9 organis\u00e9e. Quelques mois plus tard, six laur\u00e9ats pr\u00eatent serment et entrent dans la police. Parmi eux : Ion Belianu, immigr\u00e9 roumain aveugle depuis son plus jeune \u00e2ge. Il retranscrit et d\u00e9code les conversations t\u00e9l\u00e9phoniques de gens souvent pr\u00eats \u00e0 tout, y compris la violence la plus crue, pour changer de vie. Durant sa jeunesse, il n\u2019aurait jamais imagin\u00e9 travailler un jour dans la police. Mais il a voulu \u00e9voluer, lui aussi. Kin\u00e9 dans un institut pour handicap\u00e9s en Roumanie, il a fui la dictature de Ceaucescu, avec sa femme aveugle \u00e9galement, et leur fils \u00e2g\u00e9 de 7 ans.\u00a0 Pass\u00e9 par l&rsquo;Allemagne o\u00f9 ils d\u00e9couvrent avec \u00e9merveillement, mais aussi d\u00e9senchantement, la soci\u00e9t\u00e9 occidentale, ils sont arriv\u00e9s en Belgique, o\u00f9 ils ont obtenu le statut de r\u00e9fugi\u00e9s politiques<\/p>\n<p>&nbsp;<\/p>\n<p>Ion, programm\u00e9 au Millenium Film festival est programm\u00e9 sur la Trois jeudi 11 juillet \u00e0 21h05<\/p>\n","protected":false},"excerpt":{"rendered":"<p>En f\u00e9vrier 2007, la police f\u00e9d\u00e9rale belge a lanc\u00e9 une campagne de recrutement in\u00e9dite \u00e0 l\u2019attention des malvoyants. Objectif : mettre \u00e0 profit les qualit\u00e9s auditives qu\u2019on leur attribue pour renforcer ses services d\u2019\u00e9coute t\u00e9l\u00e9phonique en mati\u00e8re de grand banditisme et de criminalit\u00e9 organis\u00e9e. Quelques mois plus tard, six laur\u00e9ats pr\u00eatent serment et entrent dans &hellip;<\/p>\n","protected":false},"author":7,"featured_media":42828,"comment_status":"closed","ping_status":"closed","sticky":false,"template":"","format":"standard","meta":{"ngg_post_thumbnail":0,"footnotes":""},"categories":[],"tags":[],"class_list":["post-42812","post","type-post","status-publish","format-standard","has-post-thumbnail",""],"yoast_head":"<!-- This site is optimized with the Yoast SEO plugin v20.4 - https:\/\/yoast.com\/wordpress\/plugins\/seo\/ -->\n<title>Ion, la bande-annonce - We Love Cinema<\/title>\n<meta name=\"robots\" content=\"index, follow, max-snippet:-1, max-image-preview:large, max-video-preview:-1\" \/>\n<link rel=\"canonical\" href=\"https:\/\/welovecinema.be\/fr\/ion-la-bande-annonce\/\" \/>\n<meta property=\"og:locale\" content=\"fr_FR\" \/>\n<meta property=\"og:type\" content=\"article\" \/>\n<meta property=\"og:title\" content=\"Ion, la bande-annonce - We Love Cinema\" \/>\n<meta property=\"og:description\" content=\"En f\u00e9vrier 2007, la police f\u00e9d\u00e9rale belge a lanc\u00e9 une campagne de recrutement in\u00e9dite \u00e0 l\u2019attention des malvoyants. Objectif : mettre \u00e0 profit les qualit\u00e9s auditives qu\u2019on leur attribue pour renforcer ses services d\u2019\u00e9coute t\u00e9l\u00e9phonique en mati\u00e8re de grand banditisme et de criminalit\u00e9 organis\u00e9e. Quelques mois plus tard, six laur\u00e9ats pr\u00eatent serment et entrent dans &hellip;\" \/>\n<meta property=\"og:url\" content=\"https:\/\/welovecinema.be\/fr\/ion-la-bande-annonce\/\" \/>\n<meta property=\"og:site_name\" content=\"We Love Cinema\" \/>\n<meta property=\"article:publisher\" content=\"https:\/\/www.facebook.com\/welovecinema.be\" \/>\n<meta property=\"article:published_time\" content=\"2013-07-10T05:33:53+00:00\" \/>\n<meta property=\"article:modified_time\" content=\"2013-07-04T08:02:09+00:00\" \/>\n<meta property=\"og:image\" content=\"https:\/\/welovecinema.be\/wp-content\/uploads\/sites\/2\/2013\/07\/ion-3.jpg\" \/>\n\t<meta property=\"og:image:width\" content=\"958\" \/>\n\t<meta property=\"og:image:height\" content=\"600\" \/>\n\t<meta property=\"og:image:type\" content=\"image\/jpeg\" \/>\n<meta name=\"author\" content=\"Philippe.Pierquin\" \/>\n<meta name=\"twitter:card\" content=\"summary_large_image\" \/>\n<meta name=\"twitter:label1\" content=\"\u00c9crit par\" \/>\n\t<meta name=\"twitter:data1\" content=\"Philippe.Pierquin\" \/>\n\t<meta name=\"twitter:label2\" content=\"Dur\u00e9e de lecture estim\u00e9e\" \/>\n\t<meta name=\"twitter:data2\" content=\"1 minute\" \/>\n<script type=\"application\/ld+json\" class=\"yoast-schema-graph\">{\"@context\":\"https:\/\/schema.org\",\"@graph\":[{\"@type\":\"Article\",\"@id\":\"https:\/\/welovecinema.be\/fr\/ion-la-bande-annonce\/#article\",\"isPartOf\":{\"@id\":\"https:\/\/welovecinema.be\/fr\/ion-la-bande-annonce\/\"},\"author\":{\"name\":\"Philippe.Pierquin\",\"@id\":\"https:\/\/welovecinema.be\/nl\/#\/schema\/person\/4b9b1d857f0943453a38a7c2859ef756\"},\"headline\":\"Ion, la bande-annonce\",\"datePublished\":\"2013-07-10T05:33:53+00:00\",\"dateModified\":\"2013-07-04T08:02:09+00:00\",\"mainEntityOfPage\":{\"@id\":\"https:\/\/welovecinema.be\/fr\/ion-la-bande-annonce\/\"},\"wordCount\":207,\"publisher\":{\"@id\":\"https:\/\/welovecinema.be\/nl\/#organization\"},\"inLanguage\":\"fr-FR\"},{\"@type\":\"WebPage\",\"@id\":\"https:\/\/welovecinema.be\/fr\/ion-la-bande-annonce\/\",\"url\":\"https:\/\/welovecinema.be\/fr\/ion-la-bande-annonce\/\",\"name\":\"Ion, la bande-annonce - We Love Cinema\",\"isPartOf\":{\"@id\":\"https:\/\/welovecinema.be\/nl\/#website\"},\"datePublished\":\"2013-07-10T05:33:53+00:00\",\"dateModified\":\"2013-07-04T08:02:09+00:00\",\"breadcrumb\":{\"@id\":\"https:\/\/welovecinema.be\/fr\/ion-la-bande-annonce\/#breadcrumb\"},\"inLanguage\":\"fr-FR\",\"potentialAction\":[{\"@type\":\"ReadAction\",\"target\":[\"https:\/\/welovecinema.be\/fr\/ion-la-bande-annonce\/\"]}]},{\"@type\":\"BreadcrumbList\",\"@id\":\"https:\/\/welovecinema.be\/fr\/ion-la-bande-annonce\/#breadcrumb\",\"itemListElement\":[{\"@type\":\"ListItem\",\"position\":1,\"name\":\"Accueil\",\"item\":\"https:\/\/welovecinema.be\/fr\/\"},{\"@type\":\"ListItem\",\"position\":2,\"name\":\"Ion, la bande-annonce\"}]},{\"@type\":\"WebSite\",\"@id\":\"https:\/\/welovecinema.be\/nl\/#website\",\"url\":\"https:\/\/welovecinema.be\/nl\/\",\"name\":\"We Love Cinema\",\"description\":\"Toute l\u2019information du cin\u00e9ma en Belgique\",\"publisher\":{\"@id\":\"https:\/\/welovecinema.be\/nl\/#organization\"},\"potentialAction\":[{\"@type\":\"SearchAction\",\"target\":{\"@type\":\"EntryPoint\",\"urlTemplate\":\"https:\/\/welovecinema.be\/nl\/?s={search_term_string}\"},\"query-input\":\"required name=search_term_string\"}],\"inLanguage\":\"fr-FR\"},{\"@type\":\"Organization\",\"@id\":\"https:\/\/welovecinema.be\/nl\/#organization\",\"name\":\"We Love Cinema\",\"url\":\"https:\/\/welovecinema.be\/nl\/\",\"logo\":{\"@type\":\"ImageObject\",\"inLanguage\":\"fr-FR\",\"@id\":\"https:\/\/welovecinema.be\/nl\/#\/schema\/logo\/image\/\",\"url\":\"https:\/\/welovecinema.be\/wp-content\/uploads\/sites\/2\/2023\/03\/Logo-We-Love-Cinema305x128.jpg\",\"contentUrl\":\"https:\/\/welovecinema.be\/wp-content\/uploads\/sites\/2\/2023\/03\/Logo-We-Love-Cinema305x128.jpg\",\"width\":305,\"height\":128,\"caption\":\"We Love Cinema\"},\"image\":{\"@id\":\"https:\/\/welovecinema.be\/nl\/#\/schema\/logo\/image\/\"},\"sameAs\":[\"https:\/\/www.facebook.com\/welovecinema.be\",\"https:\/\/www.youtube.com\/channel\/UCX5LYGVhnKvYauW4Nta4HJA\",\"https:\/\/www.instagram.com\/welovecinema.be\/\"]},{\"@type\":\"Person\",\"@id\":\"https:\/\/welovecinema.be\/nl\/#\/schema\/person\/4b9b1d857f0943453a38a7c2859ef756\",\"name\":\"Philippe.Pierquin\",\"url\":\"https:\/\/welovecinema.be\/fr\/author\/philippe-pierquin\/\"}]}<\/script>\n<!-- \/ Yoast SEO plugin. -->","yoast_head_json":{"title":"Ion, la bande-annonce - We Love Cinema","robots":{"index":"index","follow":"follow","max-snippet":"max-snippet:-1","max-image-preview":"max-image-preview:large","max-video-preview":"max-video-preview:-1"},"canonical":"https:\/\/welovecinema.be\/fr\/ion-la-bande-annonce\/","og_locale":"fr_FR","og_type":"article","og_title":"Ion, la bande-annonce - We Love Cinema","og_description":"En f\u00e9vrier 2007, la police f\u00e9d\u00e9rale belge a lanc\u00e9 une campagne de recrutement in\u00e9dite \u00e0 l\u2019attention des malvoyants. Objectif : mettre \u00e0 profit les qualit\u00e9s auditives qu\u2019on leur attribue pour renforcer ses services d\u2019\u00e9coute t\u00e9l\u00e9phonique en mati\u00e8re de grand banditisme et de criminalit\u00e9 organis\u00e9e. Quelques mois plus tard, six laur\u00e9ats pr\u00eatent serment et entrent dans &hellip;","og_url":"https:\/\/welovecinema.be\/fr\/ion-la-bande-annonce\/","og_site_name":"We Love Cinema","article_publisher":"https:\/\/www.facebook.com\/welovecinema.be","article_published_time":"2013-07-10T05:33:53+00:00","article_modified_time":"2013-07-04T08:02:09+00:00","og_image":[{"width":958,"height":600,"url":"https:\/\/welovecinema.be\/wp-content\/uploads\/sites\/2\/2013\/07\/ion-3.jpg","type":"image\/jpeg"}],"author":"Philippe.Pierquin","twitter_card":"summary_large_image","twitter_misc":{"\u00c9crit par":"Philippe.Pierquin","Dur\u00e9e de lecture estim\u00e9e":"1 minute"},"schema":{"@context":"https:\/\/schema.org","@graph":[{"@type":"Article","@id":"https:\/\/welovecinema.be\/fr\/ion-la-bande-annonce\/#article","isPartOf":{"@id":"https:\/\/welovecinema.be\/fr\/ion-la-bande-annonce\/"},"author":{"name":"Philippe.Pierquin","@id":"https:\/\/welovecinema.be\/nl\/#\/schema\/person\/4b9b1d857f0943453a38a7c2859ef756"},"headline":"Ion, la bande-annonce","datePublished":"2013-07-10T05:33:53+00:00","dateModified":"2013-07-04T08:02:09+00:00","mainEntityOfPage":{"@id":"https:\/\/welovecinema.be\/fr\/ion-la-bande-annonce\/"},"wordCount":207,"publisher":{"@id":"https:\/\/welovecinema.be\/nl\/#organization"},"inLanguage":"fr-FR"},{"@type":"WebPage","@id":"https:\/\/welovecinema.be\/fr\/ion-la-bande-annonce\/","url":"https:\/\/welovecinema.be\/fr\/ion-la-bande-annonce\/","name":"Ion, la bande-annonce - We Love Cinema","isPartOf":{"@id":"https:\/\/welovecinema.be\/nl\/#website"},"datePublished":"2013-07-10T05:33:53+00:00","dateModified":"2013-07-04T08:02:09+00:00","breadcrumb":{"@id":"https:\/\/welovecinema.be\/fr\/ion-la-bande-annonce\/#breadcrumb"},"inLanguage":"fr-FR","potentialAction":[{"@type":"ReadAction","target":["https:\/\/welovecinema.be\/fr\/ion-la-bande-annonce\/"]}]},{"@type":"BreadcrumbList","@id":"https:\/\/welovecinema.be\/fr\/ion-la-bande-annonce\/#breadcrumb","itemListElement":[{"@type":"ListItem","position":1,"name":"Accueil","item":"https:\/\/welovecinema.be\/fr\/"},{"@type":"ListItem","position":2,"name":"Ion, la bande-annonce"}]},{"@type":"WebSite","@id":"https:\/\/welovecinema.be\/nl\/#website","url":"https:\/\/welovecinema.be\/nl\/","name":"We Love Cinema","description":"Toute l\u2019information du cin\u00e9ma en Belgique","publisher":{"@id":"https:\/\/welovecinema.be\/nl\/#organization"},"potentialAction":[{"@type":"SearchAction","target":{"@type":"EntryPoint","urlTemplate":"https:\/\/welovecinema.be\/nl\/?s={search_term_string}"},"query-input":"required name=search_term_string"}],"inLanguage":"fr-FR"},{"@type":"Organization","@id":"https:\/\/welovecinema.be\/nl\/#organization","name":"We Love Cinema","url":"https:\/\/welovecinema.be\/nl\/","logo":{"@type":"ImageObject","inLanguage":"fr-FR","@id":"https:\/\/welovecinema.be\/nl\/#\/schema\/logo\/image\/","url":"https:\/\/welovecinema.be\/wp-content\/uploads\/sites\/2\/2023\/03\/Logo-We-Love-Cinema305x128.jpg","contentUrl":"https:\/\/welovecinema.be\/wp-content\/uploads\/sites\/2\/2023\/03\/Logo-We-Love-Cinema305x128.jpg","width":305,"height":128,"caption":"We Love Cinema"},"image":{"@id":"https:\/\/welovecinema.be\/nl\/#\/schema\/logo\/image\/"},"sameAs":["https:\/\/www.facebook.com\/welovecinema.be","https:\/\/www.youtube.com\/channel\/UCX5LYGVhnKvYauW4Nta4HJA","https:\/\/www.instagram.com\/welovecinema.be\/"]},{"@type":"Person","@id":"https:\/\/welovecinema.be\/nl\/#\/schema\/person\/4b9b1d857f0943453a38a7c2859ef756","name":"Philippe.Pierquin","url":"https:\/\/welovecinema.be\/fr\/author\/philippe-pierquin\/"}]}},"_links":{"self":[{"href":"https:\/\/welovecinema.be\/fr\/wp-json\/wp\/v2\/posts\/42812","targetHints":{"allow":["GET"]}}],"collection":[{"href":"https:\/\/welovecinema.be\/fr\/wp-json\/wp\/v2\/posts"}],"about":[{"href":"https:\/\/welovecinema.be\/fr\/wp-json\/wp\/v2\/types\/post"}],"author":[{"embeddable":true,"href":"https:\/\/welovecinema.be\/fr\/wp-json\/wp\/v2\/users\/7"}],"replies":[{"embeddable":true,"href":"https:\/\/welovecinema.be\/fr\/wp-json\/wp\/v2\/comments?post=42812"}],"version-history":[{"count":0,"href":"https:\/\/welovecinema.be\/fr\/wp-json\/wp\/v2\/posts\/42812\/revisions"}],"wp:featuredmedia":[{"embeddable":true,"href":"https:\/\/welovecinema.be\/fr\/wp-json\/wp\/v2\/media\/42828"}],"wp:attachment":[{"href":"https:\/\/welovecinema.be\/fr\/wp-json\/wp\/v2\/media?parent=42812"}],"wp:term":[{"taxonomy":"category","embeddable":true,"href":"https:\/\/welovecinema.be\/fr\/wp-json\/wp\/v2\/categories?post=42812"},{"taxonomy":"post_tag","embeddable":true,"href":"https:\/\/welovecinema.be\/fr\/wp-json\/wp\/v2\/tags?post=42812"}],"curies":[{"name":"wp","href":"https:\/\/api.w.org\/{rel}","templated":true}]}}