{"id":4211,"date":"2011-06-29T12:00:38","date_gmt":"2011-06-29T12:00:38","guid":{"rendered":"http:\/\/www.cinevox.be\/?p=4211"},"modified":"2011-06-29T12:00:50","modified_gmt":"2011-06-29T12:00:50","slug":"fin-de-la-quinzaine-des-realisateurs-avec-bouli-lanners-et-ses-geants","status":"publish","type":"post","link":"https:\/\/welovecinema.be\/fr\/fin-de-la-quinzaine-des-realisateurs-avec-bouli-lanners-et-ses-geants\/","title":{"rendered":"Fin de la Quinzaine des R\u00e9alisateurs <br>Avec Bouli Lanners et ses G\u00e9ants"},"content":{"rendered":"<p>La Quinzaine des R\u00e9alisateurs version bruxelloise \u00e0 l&rsquo;Arenberg, c&rsquo;est termin\u00e9. Pour la s\u00e9ance de cl\u00f4ture, les organisateurs avaient r\u00e9ussi un gros coup: programmer <em>Les G\u00e9ants <\/em>de <strong>Bouli Lanners<\/strong> en avant-premi\u00e8re belge, trois mois avant le Fiff namurois, presque quatre avant la sortie du film dans les salles belges.<\/p>\n<p>Pour ponctuer une journ\u00e9e bruxelloise excessivement charg\u00e9e (il \u00e9tait aussi au BFF \u00e0 Flagey), le r\u00e9alisateur li\u00e9geois est venu faire un petit coucou rapide au public. <strong>Marianne Grimont<\/strong>, qui avait brav\u00e9 les orages et les inondations, nous rapporte quelques souvenirs de cette ultime soir\u00e9e.\u00a0<!--more--><\/p>\n<p>&nbsp;<\/p>\n<p><a rel=\"attachment wp-att-4215\" href=\"http:\/\/www.cinevox.be\/fin-de-la-quinzaine-des-realisateurs-avec-bouli-lanners-et-ses-geants\/_mg04832\/\"><img loading=\"lazy\" decoding=\"async\" class=\"aligncenter size-full wp-image-4215\" title=\"_MG04832\" src=\"http:\/\/www.cinevox.be\/wp-content\/uploads\/sites\/2\/2011\/06\/MG04832.jpg\" alt=\"\" width=\"1000\" height=\"665\" srcset=\"https:\/\/welovecinema.be\/wp-content\/uploads\/sites\/2\/2011\/06\/MG04832.jpg 1000w, https:\/\/welovecinema.be\/wp-content\/uploads\/sites\/2\/2011\/06\/MG04832-406x270.jpg 406w, https:\/\/welovecinema.be\/wp-content\/uploads\/sites\/2\/2011\/06\/MG04832-800x532.jpg 800w\" sizes=\"auto, (max-width: 1000px) 100vw, 1000px\" \/><\/a><\/p>\n<p>&nbsp;<\/p>\n<p><a rel=\"attachment wp-att-4216\" href=\"http:\/\/www.cinevox.be\/fin-de-la-quinzaine-des-realisateurs-avec-bouli-lanners-et-ses-geants\/_mg04839\/\"><img loading=\"lazy\" decoding=\"async\" class=\"aligncenter size-full wp-image-4216\" title=\"_MG04839\" src=\"http:\/\/www.cinevox.be\/wp-content\/uploads\/sites\/2\/2011\/06\/MG04839.jpg\" alt=\"\" width=\"1000\" height=\"665\" srcset=\"https:\/\/welovecinema.be\/wp-content\/uploads\/sites\/2\/2011\/06\/MG04839.jpg 1000w, https:\/\/welovecinema.be\/wp-content\/uploads\/sites\/2\/2011\/06\/MG04839-406x270.jpg 406w, https:\/\/welovecinema.be\/wp-content\/uploads\/sites\/2\/2011\/06\/MG04839-800x532.jpg 800w\" sizes=\"auto, (max-width: 1000px) 100vw, 1000px\" \/><\/a><\/p>\n<p>&nbsp;<\/p>\n<p><a rel=\"attachment wp-att-4217\" href=\"http:\/\/www.cinevox.be\/fin-de-la-quinzaine-des-realisateurs-avec-bouli-lanners-et-ses-geants\/_mg04849\/\"><img loading=\"lazy\" decoding=\"async\" class=\"aligncenter size-full wp-image-4217\" title=\"_MG04849\" src=\"http:\/\/www.cinevox.be\/wp-content\/uploads\/sites\/2\/2011\/06\/MG04849.jpg\" alt=\"\" width=\"1000\" height=\"665\" srcset=\"https:\/\/welovecinema.be\/wp-content\/uploads\/sites\/2\/2011\/06\/MG04849.jpg 1000w, https:\/\/welovecinema.be\/wp-content\/uploads\/sites\/2\/2011\/06\/MG04849-406x270.jpg 406w, https:\/\/welovecinema.be\/wp-content\/uploads\/sites\/2\/2011\/06\/MG04849-800x532.jpg 800w\" sizes=\"auto, (max-width: 1000px) 100vw, 1000px\" \/><\/a><\/p>\n<p>&nbsp;<\/p>\n<p><a rel=\"attachment wp-att-4218\" href=\"http:\/\/www.cinevox.be\/fin-de-la-quinzaine-des-realisateurs-avec-bouli-lanners-et-ses-geants\/_mg04854\/\"><img loading=\"lazy\" decoding=\"async\" class=\"aligncenter size-full wp-image-4218\" title=\"_MG04854\" src=\"http:\/\/www.cinevox.be\/wp-content\/uploads\/sites\/2\/2011\/06\/MG04854.jpg\" alt=\"\" width=\"1000\" height=\"665\" srcset=\"https:\/\/welovecinema.be\/wp-content\/uploads\/sites\/2\/2011\/06\/MG04854.jpg 1000w, https:\/\/welovecinema.be\/wp-content\/uploads\/sites\/2\/2011\/06\/MG04854-406x270.jpg 406w, https:\/\/welovecinema.be\/wp-content\/uploads\/sites\/2\/2011\/06\/MG04854-800x532.jpg 800w\" sizes=\"auto, (max-width: 1000px) 100vw, 1000px\" \/><\/a><\/p>\n<p>&nbsp;<\/p>\n<p><a rel=\"attachment wp-att-4223\" href=\"http:\/\/www.cinevox.be\/fin-de-la-quinzaine-des-realisateurs-avec-bouli-lanners-et-ses-geants\/_mg04857\/\"><img loading=\"lazy\" decoding=\"async\" class=\"alignleft size-large wp-image-4223\" title=\"_MG04857\" src=\"http:\/\/www.cinevox.be\/wp-content\/uploads\/sites\/2\/2011\/06\/MG04857-399x600.jpg\" alt=\"\" width=\"399\" height=\"600\" srcset=\"https:\/\/welovecinema.be\/wp-content\/uploads\/sites\/2\/2011\/06\/MG04857-399x600.jpg 399w, https:\/\/welovecinema.be\/wp-content\/uploads\/sites\/2\/2011\/06\/MG04857-179x270.jpg 179w, https:\/\/welovecinema.be\/wp-content\/uploads\/sites\/2\/2011\/06\/MG04857.jpg 665w\" sizes=\"auto, (max-width: 399px) 100vw, 399px\" \/><\/a><\/p>\n","protected":false},"excerpt":{"rendered":"<p>La Quinzaine des R\u00e9alisateurs version bruxelloise \u00e0 l&rsquo;Arenberg, c&rsquo;est termin\u00e9. Pour la s\u00e9ance de cl\u00f4ture, les organisateurs avaient r\u00e9ussi un gros coup: programmer Les G\u00e9ants de Bouli Lanners en avant-premi\u00e8re belge, trois mois avant le Fiff namurois, presque quatre avant la sortie du film dans les salles belges. Pour ponctuer une journ\u00e9e bruxelloise excessivement charg\u00e9e &hellip;<\/p>\n","protected":false},"author":7,"featured_media":4225,"comment_status":"closed","ping_status":"closed","sticky":false,"template":"","format":"standard","meta":{"ngg_post_thumbnail":0,"footnotes":""},"categories":[1923,7],"tags":[],"class_list":["post-4211","post","type-post","status-publish","format-standard","has-post-thumbnail","","category-en-bref","category-actualites"],"yoast_head":"<!-- This site is optimized with the Yoast SEO plugin v20.4 - https:\/\/yoast.com\/wordpress\/plugins\/seo\/ -->\n<title>Fin de la Quinzaine des R\u00e9alisateurs Avec Bouli Lanners et ses G\u00e9ants - We Love Cinema<\/title>\n<meta name=\"robots\" content=\"index, follow, max-snippet:-1, max-image-preview:large, max-video-preview:-1\" \/>\n<link rel=\"canonical\" href=\"https:\/\/welovecinema.be\/fr\/fin-de-la-quinzaine-des-realisateurs-avec-bouli-lanners-et-ses-geants\/\" \/>\n<meta property=\"og:locale\" content=\"fr_FR\" \/>\n<meta property=\"og:type\" content=\"article\" \/>\n<meta property=\"og:title\" content=\"Fin de la Quinzaine des R\u00e9alisateurs Avec Bouli Lanners et ses G\u00e9ants - We Love Cinema\" \/>\n<meta property=\"og:description\" content=\"La Quinzaine des R\u00e9alisateurs version bruxelloise \u00e0 l&rsquo;Arenberg, c&rsquo;est termin\u00e9. Pour la s\u00e9ance de cl\u00f4ture, les organisateurs avaient r\u00e9ussi un gros coup: programmer Les G\u00e9ants de Bouli Lanners en avant-premi\u00e8re belge, trois mois avant le Fiff namurois, presque quatre avant la sortie du film dans les salles belges. Pour ponctuer une journ\u00e9e bruxelloise excessivement charg\u00e9e &hellip;\" \/>\n<meta property=\"og:url\" content=\"https:\/\/welovecinema.be\/fr\/fin-de-la-quinzaine-des-realisateurs-avec-bouli-lanners-et-ses-geants\/\" \/>\n<meta property=\"og:site_name\" content=\"We Love Cinema\" \/>\n<meta property=\"article:publisher\" content=\"https:\/\/www.facebook.com\/welovecinema.be\" \/>\n<meta property=\"article:published_time\" content=\"2011-06-29T12:00:38+00:00\" \/>\n<meta property=\"article:modified_time\" content=\"2011-06-29T12:00:50+00:00\" \/>\n<meta property=\"og:image\" content=\"https:\/\/welovecinema.be\/wp-content\/uploads\/sites\/2\/2011\/06\/MG04852.jpg\" \/>\n\t<meta property=\"og:image:width\" content=\"1000\" \/>\n\t<meta property=\"og:image:height\" content=\"665\" \/>\n\t<meta property=\"og:image:type\" content=\"image\/jpeg\" \/>\n<meta name=\"author\" content=\"Philippe.Pierquin\" \/>\n<meta name=\"twitter:card\" content=\"summary_large_image\" \/>\n<meta name=\"twitter:label1\" content=\"\u00c9crit par\" \/>\n\t<meta name=\"twitter:data1\" content=\"Philippe.Pierquin\" \/>\n\t<meta name=\"twitter:label2\" content=\"Dur\u00e9e de lecture estim\u00e9e\" \/>\n\t<meta name=\"twitter:data2\" content=\"1 minute\" \/>\n<script type=\"application\/ld+json\" class=\"yoast-schema-graph\">{\"@context\":\"https:\/\/schema.org\",\"@graph\":[{\"@type\":\"Article\",\"@id\":\"https:\/\/welovecinema.be\/fr\/fin-de-la-quinzaine-des-realisateurs-avec-bouli-lanners-et-ses-geants\/#article\",\"isPartOf\":{\"@id\":\"https:\/\/welovecinema.be\/fr\/fin-de-la-quinzaine-des-realisateurs-avec-bouli-lanners-et-ses-geants\/\"},\"author\":{\"name\":\"Philippe.Pierquin\",\"@id\":\"https:\/\/welovecinema.be\/nl\/#\/schema\/person\/4b9b1d857f0943453a38a7c2859ef756\"},\"headline\":\"Fin de la Quinzaine des R\u00e9alisateurs Avec Bouli Lanners et ses G\u00e9ants\",\"datePublished\":\"2011-06-29T12:00:38+00:00\",\"dateModified\":\"2011-06-29T12:00:50+00:00\",\"mainEntityOfPage\":{\"@id\":\"https:\/\/welovecinema.be\/fr\/fin-de-la-quinzaine-des-realisateurs-avec-bouli-lanners-et-ses-geants\/\"},\"wordCount\":122,\"publisher\":{\"@id\":\"https:\/\/welovecinema.be\/nl\/#organization\"},\"articleSection\":[\"En bref\",\"News\"],\"inLanguage\":\"fr-FR\"},{\"@type\":\"WebPage\",\"@id\":\"https:\/\/welovecinema.be\/fr\/fin-de-la-quinzaine-des-realisateurs-avec-bouli-lanners-et-ses-geants\/\",\"url\":\"https:\/\/welovecinema.be\/fr\/fin-de-la-quinzaine-des-realisateurs-avec-bouli-lanners-et-ses-geants\/\",\"name\":\"Fin de la Quinzaine des R\u00e9alisateurs Avec Bouli Lanners et ses G\u00e9ants - We Love Cinema\",\"isPartOf\":{\"@id\":\"https:\/\/welovecinema.be\/nl\/#website\"},\"datePublished\":\"2011-06-29T12:00:38+00:00\",\"dateModified\":\"2011-06-29T12:00:50+00:00\",\"breadcrumb\":{\"@id\":\"https:\/\/welovecinema.be\/fr\/fin-de-la-quinzaine-des-realisateurs-avec-bouli-lanners-et-ses-geants\/#breadcrumb\"},\"inLanguage\":\"fr-FR\",\"potentialAction\":[{\"@type\":\"ReadAction\",\"target\":[\"https:\/\/welovecinema.be\/fr\/fin-de-la-quinzaine-des-realisateurs-avec-bouli-lanners-et-ses-geants\/\"]}]},{\"@type\":\"BreadcrumbList\",\"@id\":\"https:\/\/welovecinema.be\/fr\/fin-de-la-quinzaine-des-realisateurs-avec-bouli-lanners-et-ses-geants\/#breadcrumb\",\"itemListElement\":[{\"@type\":\"ListItem\",\"position\":1,\"name\":\"Accueil\",\"item\":\"https:\/\/welovecinema.be\/fr\/\"},{\"@type\":\"ListItem\",\"position\":2,\"name\":\"Fin de la Quinzaine des R\u00e9alisateurs Avec Bouli Lanners et ses G\u00e9ants\"}]},{\"@type\":\"WebSite\",\"@id\":\"https:\/\/welovecinema.be\/nl\/#website\",\"url\":\"https:\/\/welovecinema.be\/nl\/\",\"name\":\"We Love Cinema\",\"description\":\"Toute l\u2019information du cin\u00e9ma en Belgique\",\"publisher\":{\"@id\":\"https:\/\/welovecinema.be\/nl\/#organization\"},\"potentialAction\":[{\"@type\":\"SearchAction\",\"target\":{\"@type\":\"EntryPoint\",\"urlTemplate\":\"https:\/\/welovecinema.be\/nl\/?s={search_term_string}\"},\"query-input\":\"required name=search_term_string\"}],\"inLanguage\":\"fr-FR\"},{\"@type\":\"Organization\",\"@id\":\"https:\/\/welovecinema.be\/nl\/#organization\",\"name\":\"We Love Cinema\",\"url\":\"https:\/\/welovecinema.be\/nl\/\",\"logo\":{\"@type\":\"ImageObject\",\"inLanguage\":\"fr-FR\",\"@id\":\"https:\/\/welovecinema.be\/nl\/#\/schema\/logo\/image\/\",\"url\":\"https:\/\/welovecinema.be\/wp-content\/uploads\/sites\/2\/2023\/03\/Logo-We-Love-Cinema305x128.jpg\",\"contentUrl\":\"https:\/\/welovecinema.be\/wp-content\/uploads\/sites\/2\/2023\/03\/Logo-We-Love-Cinema305x128.jpg\",\"width\":305,\"height\":128,\"caption\":\"We Love Cinema\"},\"image\":{\"@id\":\"https:\/\/welovecinema.be\/nl\/#\/schema\/logo\/image\/\"},\"sameAs\":[\"https:\/\/www.facebook.com\/welovecinema.be\",\"https:\/\/www.youtube.com\/channel\/UCX5LYGVhnKvYauW4Nta4HJA\",\"https:\/\/www.instagram.com\/welovecinema.be\/\"]},{\"@type\":\"Person\",\"@id\":\"https:\/\/welovecinema.be\/nl\/#\/schema\/person\/4b9b1d857f0943453a38a7c2859ef756\",\"name\":\"Philippe.Pierquin\",\"url\":\"https:\/\/welovecinema.be\/fr\/author\/philippe-pierquin\/\"}]}<\/script>\n<!-- \/ Yoast SEO plugin. -->","yoast_head_json":{"title":"Fin de la Quinzaine des R\u00e9alisateurs Avec Bouli Lanners et ses G\u00e9ants - We Love Cinema","robots":{"index":"index","follow":"follow","max-snippet":"max-snippet:-1","max-image-preview":"max-image-preview:large","max-video-preview":"max-video-preview:-1"},"canonical":"https:\/\/welovecinema.be\/fr\/fin-de-la-quinzaine-des-realisateurs-avec-bouli-lanners-et-ses-geants\/","og_locale":"fr_FR","og_type":"article","og_title":"Fin de la Quinzaine des R\u00e9alisateurs Avec Bouli Lanners et ses G\u00e9ants - We Love Cinema","og_description":"La Quinzaine des R\u00e9alisateurs version bruxelloise \u00e0 l&rsquo;Arenberg, c&rsquo;est termin\u00e9. Pour la s\u00e9ance de cl\u00f4ture, les organisateurs avaient r\u00e9ussi un gros coup: programmer Les G\u00e9ants de Bouli Lanners en avant-premi\u00e8re belge, trois mois avant le Fiff namurois, presque quatre avant la sortie du film dans les salles belges. Pour ponctuer une journ\u00e9e bruxelloise excessivement charg\u00e9e &hellip;","og_url":"https:\/\/welovecinema.be\/fr\/fin-de-la-quinzaine-des-realisateurs-avec-bouli-lanners-et-ses-geants\/","og_site_name":"We Love Cinema","article_publisher":"https:\/\/www.facebook.com\/welovecinema.be","article_published_time":"2011-06-29T12:00:38+00:00","article_modified_time":"2011-06-29T12:00:50+00:00","og_image":[{"width":"1000","height":"665","url":"https:\/\/welovecinema.be\/wp-content\/uploads\/sites\/2\/2011\/06\/MG04852.jpg","type":"image\/jpeg"}],"author":"Philippe.Pierquin","twitter_card":"summary_large_image","twitter_misc":{"\u00c9crit par":"Philippe.Pierquin","Dur\u00e9e de lecture estim\u00e9e":"1 minute"},"schema":{"@context":"https:\/\/schema.org","@graph":[{"@type":"Article","@id":"https:\/\/welovecinema.be\/fr\/fin-de-la-quinzaine-des-realisateurs-avec-bouli-lanners-et-ses-geants\/#article","isPartOf":{"@id":"https:\/\/welovecinema.be\/fr\/fin-de-la-quinzaine-des-realisateurs-avec-bouli-lanners-et-ses-geants\/"},"author":{"name":"Philippe.Pierquin","@id":"https:\/\/welovecinema.be\/nl\/#\/schema\/person\/4b9b1d857f0943453a38a7c2859ef756"},"headline":"Fin de la Quinzaine des R\u00e9alisateurs Avec Bouli Lanners et ses G\u00e9ants","datePublished":"2011-06-29T12:00:38+00:00","dateModified":"2011-06-29T12:00:50+00:00","mainEntityOfPage":{"@id":"https:\/\/welovecinema.be\/fr\/fin-de-la-quinzaine-des-realisateurs-avec-bouli-lanners-et-ses-geants\/"},"wordCount":122,"publisher":{"@id":"https:\/\/welovecinema.be\/nl\/#organization"},"articleSection":["En bref","News"],"inLanguage":"fr-FR"},{"@type":"WebPage","@id":"https:\/\/welovecinema.be\/fr\/fin-de-la-quinzaine-des-realisateurs-avec-bouli-lanners-et-ses-geants\/","url":"https:\/\/welovecinema.be\/fr\/fin-de-la-quinzaine-des-realisateurs-avec-bouli-lanners-et-ses-geants\/","name":"Fin de la Quinzaine des R\u00e9alisateurs Avec Bouli Lanners et ses G\u00e9ants - We Love Cinema","isPartOf":{"@id":"https:\/\/welovecinema.be\/nl\/#website"},"datePublished":"2011-06-29T12:00:38+00:00","dateModified":"2011-06-29T12:00:50+00:00","breadcrumb":{"@id":"https:\/\/welovecinema.be\/fr\/fin-de-la-quinzaine-des-realisateurs-avec-bouli-lanners-et-ses-geants\/#breadcrumb"},"inLanguage":"fr-FR","potentialAction":[{"@type":"ReadAction","target":["https:\/\/welovecinema.be\/fr\/fin-de-la-quinzaine-des-realisateurs-avec-bouli-lanners-et-ses-geants\/"]}]},{"@type":"BreadcrumbList","@id":"https:\/\/welovecinema.be\/fr\/fin-de-la-quinzaine-des-realisateurs-avec-bouli-lanners-et-ses-geants\/#breadcrumb","itemListElement":[{"@type":"ListItem","position":1,"name":"Accueil","item":"https:\/\/welovecinema.be\/fr\/"},{"@type":"ListItem","position":2,"name":"Fin de la Quinzaine des R\u00e9alisateurs Avec Bouli Lanners et ses G\u00e9ants"}]},{"@type":"WebSite","@id":"https:\/\/welovecinema.be\/nl\/#website","url":"https:\/\/welovecinema.be\/nl\/","name":"We Love Cinema","description":"Toute l\u2019information du cin\u00e9ma en Belgique","publisher":{"@id":"https:\/\/welovecinema.be\/nl\/#organization"},"potentialAction":[{"@type":"SearchAction","target":{"@type":"EntryPoint","urlTemplate":"https:\/\/welovecinema.be\/nl\/?s={search_term_string}"},"query-input":"required name=search_term_string"}],"inLanguage":"fr-FR"},{"@type":"Organization","@id":"https:\/\/welovecinema.be\/nl\/#organization","name":"We Love Cinema","url":"https:\/\/welovecinema.be\/nl\/","logo":{"@type":"ImageObject","inLanguage":"fr-FR","@id":"https:\/\/welovecinema.be\/nl\/#\/schema\/logo\/image\/","url":"https:\/\/welovecinema.be\/wp-content\/uploads\/sites\/2\/2023\/03\/Logo-We-Love-Cinema305x128.jpg","contentUrl":"https:\/\/welovecinema.be\/wp-content\/uploads\/sites\/2\/2023\/03\/Logo-We-Love-Cinema305x128.jpg","width":305,"height":128,"caption":"We Love Cinema"},"image":{"@id":"https:\/\/welovecinema.be\/nl\/#\/schema\/logo\/image\/"},"sameAs":["https:\/\/www.facebook.com\/welovecinema.be","https:\/\/www.youtube.com\/channel\/UCX5LYGVhnKvYauW4Nta4HJA","https:\/\/www.instagram.com\/welovecinema.be\/"]},{"@type":"Person","@id":"https:\/\/welovecinema.be\/nl\/#\/schema\/person\/4b9b1d857f0943453a38a7c2859ef756","name":"Philippe.Pierquin","url":"https:\/\/welovecinema.be\/fr\/author\/philippe-pierquin\/"}]}},"_links":{"self":[{"href":"https:\/\/welovecinema.be\/fr\/wp-json\/wp\/v2\/posts\/4211","targetHints":{"allow":["GET"]}}],"collection":[{"href":"https:\/\/welovecinema.be\/fr\/wp-json\/wp\/v2\/posts"}],"about":[{"href":"https:\/\/welovecinema.be\/fr\/wp-json\/wp\/v2\/types\/post"}],"author":[{"embeddable":true,"href":"https:\/\/welovecinema.be\/fr\/wp-json\/wp\/v2\/users\/7"}],"replies":[{"embeddable":true,"href":"https:\/\/welovecinema.be\/fr\/wp-json\/wp\/v2\/comments?post=4211"}],"version-history":[{"count":0,"href":"https:\/\/welovecinema.be\/fr\/wp-json\/wp\/v2\/posts\/4211\/revisions"}],"wp:featuredmedia":[{"embeddable":true,"href":"https:\/\/welovecinema.be\/fr\/wp-json\/wp\/v2\/media\/4225"}],"wp:attachment":[{"href":"https:\/\/welovecinema.be\/fr\/wp-json\/wp\/v2\/media?parent=4211"}],"wp:term":[{"taxonomy":"category","embeddable":true,"href":"https:\/\/welovecinema.be\/fr\/wp-json\/wp\/v2\/categories?post=4211"},{"taxonomy":"post_tag","embeddable":true,"href":"https:\/\/welovecinema.be\/fr\/wp-json\/wp\/v2\/tags?post=4211"}],"curies":[{"name":"wp","href":"https:\/\/api.w.org\/{rel}","templated":true}]}}